{"id":202,"date":"2009-03-30T23:57:16","date_gmt":"2009-03-30T23:57:16","guid":{"rendered":"http:\/\/blogs.thesocialmedia.com\/leblogmoto\/2009\/03\/30\/la-mort-de-lawrence-hommage-a-maurice-jarre\/"},"modified":"2012-07-11T13:23:10","modified_gmt":"2012-07-11T13:23:10","slug":"la-mort-de-lawrence-hommage-a-maurice-jarre","status":"publish","type":"post","link":"https:\/\/blogs.thesocialmedia.com\/leblogmoto\/2009\/03\/30\/la-mort-de-lawrence-hommage-a-maurice-jarre\/","title":{"rendered":"La mort de Lawrence. Hommage \u00e0 Maurice Jarre."},"content":{"rendered":"<p> <object height=\"295\" width=\"480\"><param name=\"movie\" value=\"http:\/\/www.youtube.com\/v\/j0MsGn1KuT0&amp;hl=fr&amp;fs=1\" \/><param name=\"allowFullScreen\" value=\"true\" \/><param name=\"allowscriptaccess\" value=\"always\" \/><embed height=\"295\" src=\"http:\/\/www.youtube.com\/v\/j0MsGn1KuT0&amp;hl=fr&amp;fs=1\" type=\"application\/x-shockwave-flash\" width=\"480\" \/><\/object><\/p>\n<p>Il \u00e9tait, avec Georges Delerue, le compositeur fran\u00e7ais le plus c\u00e9l\u00e8bre de Hollywood, et vient de dispara\u00eetre le 29 mars \u00e0 l&#039;\u00e2ge de 84 ans, emport\u00e9 par un cancer \u00e0 Los Angeles, sa ville d&#039;adoption. Son travail, couronn\u00e9 \u00e0 trois reprises par des oscars, ne lui emp\u00eachait pas de se consid\u00e9rer comme un besogneux, loin de l&#039;image du g\u00e9nie. Il d\u00e9clarait au sujet du film de David Lean, qui nous int\u00e9resse directement ici: &quot;J&#039;avais six semaines pour composer deux heures de musique. Du coup, j&#039;ai travaill\u00e9 par tranches de cinq heures espac\u00e9es de vingt minutes de sommeil. J&#039;ai mis un an pour m&#039;en remettre !&quot; C&#039;est surtout pour nous l&#039;occasion de se replonger dans l&#039;ambiance du film, avec la vid\u00e9o de son concert \u00e0 la suite. Et cet extrait de la mort de Lawrence d&#039;Arabie, au d\u00e9but du film, avec dans le r\u00f4le titre Peter O&#039;Toole sur sa <a href=\"http:\/\/www.leblogmoto.com\/2008\/06\/brough-superior.html\">Brough Superior<\/a> SS1000, face \u00e0 des cyclistes qui ne tiennent malheureusement pas leur gauche sur une petite route de la campagne anglaise. Notez que dans la vie r\u00e9elle, la mort de T.E Lawrence, qui survint six jours apr\u00e8s son accident, conduisit son m\u00e9decin traitant, le neurochirurgien <a href=\"http:\/\/en.wikipedia.org\/wiki\/Hugh_Cairns_%28surgeon%29\">Hugh Cairns<\/a>, \u00e0 rechercher et \u00e9tudier les causes des d\u00e9c\u00e8s des motards.<\/p>\n<p> Il fut ainsi le premier dans le corps m\u00e9dical \u00e0 r\u00e9clamer le port du casque pour sauver des vies. Des conclusions qui apparaissent comme \u00e9videntes de nos jours (et encore pas pour tout le monde !), mais qui \u00e0 l&#039;\u00e9poque n&#039;allaient pas de soi pour le p\u00e9quin moyen. A voir en compl\u00e9ment de l&#039;article de Jacques, <a href=\"http:\/\/www.leblogmoto.com\/2008\/06\/la-dlinquence-d.html\">l\u00e0<\/a>.<\/p>\n<p> <object height=\"344\" width=\"425\"><param name=\"movie\" value=\"http:\/\/www.youtube.com\/v\/irPSvEkQl8Q&amp;hl=fr&amp;fs=1\" \/><param name=\"allowFullScreen\" value=\"true\" \/><param name=\"allowscriptaccess\" value=\"always\" \/><embed height=\"344\" src=\"http:\/\/www.youtube.com\/v\/irPSvEkQl8Q&amp;hl=fr&amp;fs=1\" type=\"application\/x-shockwave-flash\" width=\"425\" \/><\/object><\/p><\/p>\n","protected":false},"excerpt":{"rendered":"<p>Il \u00e9tait, avec Georges Delerue, le compositeur fran\u00e7ais le plus c\u00e9l\u00e8bre de Hollywood, et vient de dispara\u00eetre le 29 mars \u00e0 l&#039;\u00e2ge de 84 ans, emport\u00e9 par un cancer \u00e0 Los Angeles, sa ville d&#039;adoption. Son travail, couronn\u00e9 \u00e0 trois reprises par des oscars, ne lui emp\u00eachait pas de se consid\u00e9rer comme un besogneux, loin [&hellip;]<\/p>\n","protected":false},"author":324,"featured_media":0,"comment_status":"open","ping_status":"open","sticky":false,"template":"","format":"standard","meta":{"footnotes":""},"categories":[3,28,9,12],"tags":[],"class_list":["post-202","post","type-post","status-publish","format-standard","hentry","category-actualite","category-cinema","category-historique","category-videos"],"yoast_head":"<!-- This site is optimized with the Yoast SEO plugin v26.0 - https:\/\/yoast.com\/wordpress\/plugins\/seo\/ -->\n<title>La mort de Lawrence. Hommage \u00e0 Maurice Jarre. - leblogmoto.com<\/title>\n<meta name=\"robots\" content=\"index, follow, max-snippet:-1, max-image-preview:large, max-video-preview:-1\" \/>\n<link rel=\"canonical\" href=\"https:\/\/blogs.thesocialmedia.com\/leblogmoto\/2009\/03\/30\/la-mort-de-lawrence-hommage-a-maurice-jarre\/\" \/>\n<meta name=\"twitter:card\" content=\"summary_large_image\" \/>\n<meta name=\"twitter:title\" content=\"La mort de Lawrence. Hommage \u00e0 Maurice Jarre. - leblogmoto.com\" \/>\n<meta name=\"twitter:description\" content=\"Il \u00e9tait, avec Georges Delerue, le compositeur fran\u00e7ais le plus c\u00e9l\u00e8bre de Hollywood, et vient de dispara\u00eetre le 29 mars \u00e0 l&#039;\u00e2ge de 84 ans, emport\u00e9 par un cancer \u00e0 Los Angeles, sa ville d&#039;adoption. Son travail, couronn\u00e9 \u00e0 trois reprises par des oscars, ne lui emp\u00eachait pas de se consid\u00e9rer comme un besogneux, loin [&hellip;]\" \/>\n<meta name=\"twitter:label1\" content=\"\u00c9crit par\" \/>\n\t<meta name=\"twitter:data1\" content=\"benoit rieu\" \/>\n\t<meta name=\"twitter:label2\" content=\"Dur\u00e9e de lecture estim\u00e9e\" \/>\n\t<meta name=\"twitter:data2\" content=\"1 minute\" \/>\n<script type=\"application\/ld+json\" class=\"yoast-schema-graph\">{\"@context\":\"https:\/\/schema.org\",\"@graph\":[{\"@type\":\"WebPage\",\"@id\":\"https:\/\/blogs.thesocialmedia.com\/leblogmoto\/2009\/03\/30\/la-mort-de-lawrence-hommage-a-maurice-jarre\/\",\"url\":\"https:\/\/blogs.thesocialmedia.com\/leblogmoto\/2009\/03\/30\/la-mort-de-lawrence-hommage-a-maurice-jarre\/\",\"name\":\"La mort de Lawrence. Hommage \u00e0 Maurice Jarre. - leblogmoto.com\",\"isPartOf\":{\"@id\":\"https:\/\/blogs.thesocialmedia.com\/leblogmoto\/#website\"},\"datePublished\":\"2009-03-30T23:57:16+00:00\",\"dateModified\":\"2012-07-11T13:23:10+00:00\",\"author\":{\"@id\":\"https:\/\/blogs.thesocialmedia.com\/leblogmoto\/#\/schema\/person\/18bfe773e5725ed6d24f743da805362a\"},\"breadcrumb\":{\"@id\":\"https:\/\/blogs.thesocialmedia.com\/leblogmoto\/2009\/03\/30\/la-mort-de-lawrence-hommage-a-maurice-jarre\/#breadcrumb\"},\"inLanguage\":\"fr-FR\",\"potentialAction\":[{\"@type\":\"ReadAction\",\"target\":[\"https:\/\/blogs.thesocialmedia.com\/leblogmoto\/2009\/03\/30\/la-mort-de-lawrence-hommage-a-maurice-jarre\/\"]}]},{\"@type\":\"BreadcrumbList\",\"@id\":\"https:\/\/blogs.thesocialmedia.com\/leblogmoto\/2009\/03\/30\/la-mort-de-lawrence-hommage-a-maurice-jarre\/#breadcrumb\",\"itemListElement\":[{\"@type\":\"ListItem\",\"position\":1,\"name\":\"Accueil\",\"item\":\"https:\/\/blogs.thesocialmedia.com\/leblogmoto\/\"},{\"@type\":\"ListItem\",\"position\":2,\"name\":\"La mort de Lawrence. Hommage \u00e0 Maurice Jarre.\"}]},{\"@type\":\"WebSite\",\"@id\":\"https:\/\/blogs.thesocialmedia.com\/leblogmoto\/#website\",\"url\":\"https:\/\/blogs.thesocialmedia.com\/leblogmoto\/\",\"name\":\"leblogmoto\",\"description\":\"Toute l&#039;actualit\u00e9 des 2 roues\",\"potentialAction\":[{\"@type\":\"SearchAction\",\"target\":{\"@type\":\"EntryPoint\",\"urlTemplate\":\"https:\/\/blogs.thesocialmedia.com\/leblogmoto\/?s={search_term_string}\"},\"query-input\":{\"@type\":\"PropertyValueSpecification\",\"valueRequired\":true,\"valueName\":\"search_term_string\"}}],\"inLanguage\":\"fr-FR\"},{\"@type\":\"Person\",\"@id\":\"https:\/\/blogs.thesocialmedia.com\/leblogmoto\/#\/schema\/person\/18bfe773e5725ed6d24f743da805362a\",\"name\":\"benoit rieu\",\"image\":{\"@type\":\"ImageObject\",\"inLanguage\":\"fr-FR\",\"@id\":\"https:\/\/blogs.thesocialmedia.com\/leblogmoto\/#\/schema\/person\/image\/\",\"url\":\"https:\/\/secure.gravatar.com\/avatar\/?s=96&d=mm&r=g\",\"contentUrl\":\"https:\/\/secure.gravatar.com\/avatar\/?s=96&d=mm&r=g\",\"caption\":\"benoit rieu\"},\"url\":\"https:\/\/blogs.thesocialmedia.com\/leblogmoto\/author\/benoit-rieu\/\"}]}<\/script>\n<!-- \/ Yoast SEO plugin. -->","yoast_head_json":{"title":"La mort de Lawrence. Hommage \u00e0 Maurice Jarre. - leblogmoto.com","robots":{"index":"index","follow":"follow","max-snippet":"max-snippet:-1","max-image-preview":"max-image-preview:large","max-video-preview":"max-video-preview:-1"},"canonical":"https:\/\/blogs.thesocialmedia.com\/leblogmoto\/2009\/03\/30\/la-mort-de-lawrence-hommage-a-maurice-jarre\/","twitter_card":"summary_large_image","twitter_title":"La mort de Lawrence. Hommage \u00e0 Maurice Jarre. - leblogmoto.com","twitter_description":"Il \u00e9tait, avec Georges Delerue, le compositeur fran\u00e7ais le plus c\u00e9l\u00e8bre de Hollywood, et vient de dispara\u00eetre le 29 mars \u00e0 l&#039;\u00e2ge de 84 ans, emport\u00e9 par un cancer \u00e0 Los Angeles, sa ville d&#039;adoption. Son travail, couronn\u00e9 \u00e0 trois reprises par des oscars, ne lui emp\u00eachait pas de se consid\u00e9rer comme un besogneux, loin [&hellip;]","twitter_misc":{"\u00c9crit par":"benoit rieu","Dur\u00e9e de lecture estim\u00e9e":"1 minute"},"schema":{"@context":"https:\/\/schema.org","@graph":[{"@type":"WebPage","@id":"https:\/\/blogs.thesocialmedia.com\/leblogmoto\/2009\/03\/30\/la-mort-de-lawrence-hommage-a-maurice-jarre\/","url":"https:\/\/blogs.thesocialmedia.com\/leblogmoto\/2009\/03\/30\/la-mort-de-lawrence-hommage-a-maurice-jarre\/","name":"La mort de Lawrence. Hommage \u00e0 Maurice Jarre. - leblogmoto.com","isPartOf":{"@id":"https:\/\/blogs.thesocialmedia.com\/leblogmoto\/#website"},"datePublished":"2009-03-30T23:57:16+00:00","dateModified":"2012-07-11T13:23:10+00:00","author":{"@id":"https:\/\/blogs.thesocialmedia.com\/leblogmoto\/#\/schema\/person\/18bfe773e5725ed6d24f743da805362a"},"breadcrumb":{"@id":"https:\/\/blogs.thesocialmedia.com\/leblogmoto\/2009\/03\/30\/la-mort-de-lawrence-hommage-a-maurice-jarre\/#breadcrumb"},"inLanguage":"fr-FR","potentialAction":[{"@type":"ReadAction","target":["https:\/\/blogs.thesocialmedia.com\/leblogmoto\/2009\/03\/30\/la-mort-de-lawrence-hommage-a-maurice-jarre\/"]}]},{"@type":"BreadcrumbList","@id":"https:\/\/blogs.thesocialmedia.com\/leblogmoto\/2009\/03\/30\/la-mort-de-lawrence-hommage-a-maurice-jarre\/#breadcrumb","itemListElement":[{"@type":"ListItem","position":1,"name":"Accueil","item":"https:\/\/blogs.thesocialmedia.com\/leblogmoto\/"},{"@type":"ListItem","position":2,"name":"La mort de Lawrence. Hommage \u00e0 Maurice Jarre."}]},{"@type":"WebSite","@id":"https:\/\/blogs.thesocialmedia.com\/leblogmoto\/#website","url":"https:\/\/blogs.thesocialmedia.com\/leblogmoto\/","name":"leblogmoto","description":"Toute l&#039;actualit\u00e9 des 2 roues","potentialAction":[{"@type":"SearchAction","target":{"@type":"EntryPoint","urlTemplate":"https:\/\/blogs.thesocialmedia.com\/leblogmoto\/?s={search_term_string}"},"query-input":{"@type":"PropertyValueSpecification","valueRequired":true,"valueName":"search_term_string"}}],"inLanguage":"fr-FR"},{"@type":"Person","@id":"https:\/\/blogs.thesocialmedia.com\/leblogmoto\/#\/schema\/person\/18bfe773e5725ed6d24f743da805362a","name":"benoit rieu","image":{"@type":"ImageObject","inLanguage":"fr-FR","@id":"https:\/\/blogs.thesocialmedia.com\/leblogmoto\/#\/schema\/person\/image\/","url":"https:\/\/secure.gravatar.com\/avatar\/?s=96&d=mm&r=g","contentUrl":"https:\/\/secure.gravatar.com\/avatar\/?s=96&d=mm&r=g","caption":"benoit rieu"},"url":"https:\/\/blogs.thesocialmedia.com\/leblogmoto\/author\/benoit-rieu\/"}]}},"_links":{"self":[{"href":"https:\/\/blogs.thesocialmedia.com\/leblogmoto\/wp-json\/wp\/v2\/posts\/202","targetHints":{"allow":["GET"]}}],"collection":[{"href":"https:\/\/blogs.thesocialmedia.com\/leblogmoto\/wp-json\/wp\/v2\/posts"}],"about":[{"href":"https:\/\/blogs.thesocialmedia.com\/leblogmoto\/wp-json\/wp\/v2\/types\/post"}],"author":[{"embeddable":true,"href":"https:\/\/blogs.thesocialmedia.com\/leblogmoto\/wp-json\/wp\/v2\/users\/324"}],"replies":[{"embeddable":true,"href":"https:\/\/blogs.thesocialmedia.com\/leblogmoto\/wp-json\/wp\/v2\/comments?post=202"}],"version-history":[{"count":1,"href":"https:\/\/blogs.thesocialmedia.com\/leblogmoto\/wp-json\/wp\/v2\/posts\/202\/revisions"}],"predecessor-version":[{"id":5050,"href":"https:\/\/blogs.thesocialmedia.com\/leblogmoto\/wp-json\/wp\/v2\/posts\/202\/revisions\/5050"}],"wp:attachment":[{"href":"https:\/\/blogs.thesocialmedia.com\/leblogmoto\/wp-json\/wp\/v2\/media?parent=202"}],"wp:term":[{"taxonomy":"category","embeddable":true,"href":"https:\/\/blogs.thesocialmedia.com\/leblogmoto\/wp-json\/wp\/v2\/categories?post=202"},{"taxonomy":"post_tag","embeddable":true,"href":"https:\/\/blogs.thesocialmedia.com\/leblogmoto\/wp-json\/wp\/v2\/tags?post=202"}],"curies":[{"name":"wp","href":"https:\/\/api.w.org\/{rel}","templated":true}]}}