{"id":2021,"date":"2006-03-04T11:40:36","date_gmt":"2006-03-04T11:40:36","guid":{"rendered":"http:\/\/blogs.thesocialmedia.com\/leblogmoto\/2006\/03\/04\/sbk-troy-et-seb\/"},"modified":"2012-07-11T14:16:42","modified_gmt":"2012-07-11T14:16:42","slug":"sbk-troy-et-seb","status":"publish","type":"post","link":"https:\/\/blogs.thesocialmedia.com\/leblogmoto\/2006\/03\/04\/sbk-troy-et-seb\/","title":{"rendered":"SBK: Troy et Seb taillent Patron."},"content":{"rendered":"<p><a href=\"http:\/\/blogs.thesocialmedia.com\/leblogmoto\/files\/2012\/07\/060303_ducsbk.jpg\"><img loading=\"lazy\" decoding=\"async\" height=\"167\" alt=\"060303_ducsbk\" src=\"http:\/\/www.leblogmoto.com\/images\/060303_ducsbk.jpg\" width=\"250\"  \/><\/a>Les grilles pour les courses australiennes de demain sont constitu\u00e9es. En <strong>SuperSport<\/strong>, CHARPENTIER \u00e9crase une fois de plus la concurrence, avec un chrono en dessous des 1&rsquo;36. Il est le seul \u00e0 \u00eatre descendu sous cette barre. Dire que le fran\u00e7ais ma\u00eetrise son sujet rel\u00e8ve de l&rsquo;euph\u00e9misme. <\/p>\n<p>Les autres tricolores se sont parfaitement comport\u00e9s. Heureusement d&rsquo;ailleurs, car c&rsquo;est plut\u00f4t la soupe \u00e0 la grimace en <strong>SBK<\/strong> qui s&rsquo;annonce comme une lutte pour la supr\u00e9matie nationale. Les deux <a href=\"http:\/\/www.leblogmoto.com\/2005\/12\/la_guerre_des_t.html\">Troy<\/a> ont sign\u00e9 les meilleurs chronos. Mais le reste de la meute compte bien contrarier la parade des &quot;aussies&quot; demain, lors des deux courses pr\u00e9vues&#8230;&nbsp; &nbsp;&nbsp; <\/p>\n<p><a href=\"http:\/\/clabedan.typepad.com\/.shared\/image.html?\/photos\/uncategorized\/060303_yamss.jpg\"><strong><img loading=\"lazy\" decoding=\"async\" height=\"168\" alt=\"060303_yamss\" src=\"http:\/\/www.leblogmoto.com\/images\/060303_yamss.jpg\" width=\"250\"  \/><\/strong><\/a><strong>TIBERIO<\/strong> n&rsquo;a pas fait le voyage de PHILLIP ISLAND pour rien. Il signe un tr\u00e9s bon huiti\u00e8me temps devant la KAWA de <a href=\"http:\/\/www.leblogmoto.com\/2006\/01\/supersport_kawa.html\">Maxime BERGER<\/a>, meilleur repr\u00e9sentant des verts. Du travail s\u00e9rieux pour deux jeunes pilotes qui en sont \u00e0 leurs toutes premi\u00e8res courses en ce championnat du Monde. GOBERT place la YAM du <strong>GMT 94<\/strong> \u00e0 une belle septi\u00e8me place.<\/p>\n<\/p>\n<p>Pour le SBK, si BAYLISS et CORSER forment le bin\u00f4me de choc, HAGA, <a href=\"http:\/\/www.leblogmoto.com\/2006\/02\/sbk_de_vrais_ch.html\">TOSELAND<\/a> et la vaillante <strong>Foggy <\/strong>de MARTIN se joindront aux \u00e9bats. <a href=\"http:\/\/www.leblogmoto.com\/2006\/02\/sbk_de_vrais_ch.html\">BARROS<\/a> a marqu\u00e9 le pas avec un neuvi\u00e8me chrono. Pour les fran\u00e7ais, c&rsquo;est un peu la gal\u00e8re; <strong>LACONI<\/strong> est le moins bien plac\u00e9 des repr\u00e9sentants KAWA avec une triste quatorzi\u00e8me position. <strong>GIMBERT <\/strong>est 21\u00e8me, devanc\u00e9 par <strong>FORET<\/strong> 18\u00e8me.<\/p>\n<p>SOURCE: <a href=\"http:\/\/www.rubbermag.com\/\">www.rubbermag.com<\/a><\/p>\n","protected":false},"excerpt":{"rendered":"<p>Les grilles pour les courses australiennes de demain sont constitu\u00e9es. En SuperSport, CHARPENTIER \u00e9crase une fois de plus la concurrence, avec un chrono en dessous des 1&rsquo;36. Il est le seul \u00e0 \u00eatre descendu sous cette barre. Dire que le fran\u00e7ais ma\u00eetrise son sujet rel\u00e8ve de l&rsquo;euph\u00e9misme. Les autres tricolores se sont parfaitement comport\u00e9s. Heureusement [&hellip;]<\/p>\n","protected":false},"author":336,"featured_media":0,"comment_status":"open","ping_status":"open","sticky":false,"template":"","format":"standard","meta":{"footnotes":""},"categories":[32,46],"tags":[],"class_list":["post-2021","post","type-post","status-publish","format-standard","hentry","category-sport-moto","category-superbike"],"yoast_head":"<!-- This site is optimized with the Yoast SEO plugin v26.0 - https:\/\/yoast.com\/wordpress\/plugins\/seo\/ -->\n<title>SBK: Troy et Seb taillent Patron. - leblogmoto.com<\/title>\n<meta name=\"robots\" content=\"index, follow, max-snippet:-1, max-image-preview:large, max-video-preview:-1\" \/>\n<link rel=\"canonical\" href=\"https:\/\/blogs.thesocialmedia.com\/leblogmoto\/2006\/03\/04\/sbk-troy-et-seb\/\" \/>\n<meta name=\"twitter:card\" content=\"summary_large_image\" \/>\n<meta name=\"twitter:title\" content=\"SBK: Troy et Seb taillent Patron. - leblogmoto.com\" \/>\n<meta name=\"twitter:description\" content=\"Les grilles pour les courses australiennes de demain sont constitu\u00e9es. En SuperSport, CHARPENTIER \u00e9crase une fois de plus la concurrence, avec un chrono en dessous des 1&rsquo;36. Il est le seul \u00e0 \u00eatre descendu sous cette barre. Dire que le fran\u00e7ais ma\u00eetrise son sujet rel\u00e8ve de l&rsquo;euph\u00e9misme. Les autres tricolores se sont parfaitement comport\u00e9s. Heureusement [&hellip;]\" \/>\n<meta name=\"twitter:image\" content=\"http:\/\/www.leblogmoto.com\/images\/060303_ducsbk.jpg\" \/>\n<meta name=\"twitter:label1\" content=\"\u00c9crit par\" \/>\n\t<meta name=\"twitter:data1\" content=\"andre leconde\" \/>\n\t<meta name=\"twitter:label2\" content=\"Dur\u00e9e de lecture estim\u00e9e\" \/>\n\t<meta name=\"twitter:data2\" content=\"1 minute\" \/>\n<script type=\"application\/ld+json\" class=\"yoast-schema-graph\">{\"@context\":\"https:\/\/schema.org\",\"@graph\":[{\"@type\":\"WebPage\",\"@id\":\"https:\/\/blogs.thesocialmedia.com\/leblogmoto\/2006\/03\/04\/sbk-troy-et-seb\/\",\"url\":\"https:\/\/blogs.thesocialmedia.com\/leblogmoto\/2006\/03\/04\/sbk-troy-et-seb\/\",\"name\":\"SBK: Troy et Seb taillent Patron. - leblogmoto.com\",\"isPartOf\":{\"@id\":\"https:\/\/blogs.thesocialmedia.com\/leblogmoto\/#website\"},\"primaryImageOfPage\":{\"@id\":\"https:\/\/blogs.thesocialmedia.com\/leblogmoto\/2006\/03\/04\/sbk-troy-et-seb\/#primaryimage\"},\"image\":{\"@id\":\"https:\/\/blogs.thesocialmedia.com\/leblogmoto\/2006\/03\/04\/sbk-troy-et-seb\/#primaryimage\"},\"thumbnailUrl\":\"http:\/\/www.leblogmoto.com\/images\/060303_ducsbk.jpg\",\"datePublished\":\"2006-03-04T11:40:36+00:00\",\"dateModified\":\"2012-07-11T14:16:42+00:00\",\"author\":{\"@id\":\"https:\/\/blogs.thesocialmedia.com\/leblogmoto\/#\/schema\/person\/1a1dcfc7cec206573105eb4af91155c2\"},\"breadcrumb\":{\"@id\":\"https:\/\/blogs.thesocialmedia.com\/leblogmoto\/2006\/03\/04\/sbk-troy-et-seb\/#breadcrumb\"},\"inLanguage\":\"fr-FR\",\"potentialAction\":[{\"@type\":\"ReadAction\",\"target\":[\"https:\/\/blogs.thesocialmedia.com\/leblogmoto\/2006\/03\/04\/sbk-troy-et-seb\/\"]}]},{\"@type\":\"ImageObject\",\"inLanguage\":\"fr-FR\",\"@id\":\"https:\/\/blogs.thesocialmedia.com\/leblogmoto\/2006\/03\/04\/sbk-troy-et-seb\/#primaryimage\",\"url\":\"http:\/\/www.leblogmoto.com\/images\/060303_ducsbk.jpg\",\"contentUrl\":\"http:\/\/www.leblogmoto.com\/images\/060303_ducsbk.jpg\"},{\"@type\":\"BreadcrumbList\",\"@id\":\"https:\/\/blogs.thesocialmedia.com\/leblogmoto\/2006\/03\/04\/sbk-troy-et-seb\/#breadcrumb\",\"itemListElement\":[{\"@type\":\"ListItem\",\"position\":1,\"name\":\"Accueil\",\"item\":\"https:\/\/blogs.thesocialmedia.com\/leblogmoto\/\"},{\"@type\":\"ListItem\",\"position\":2,\"name\":\"SBK: Troy et Seb taillent Patron.\"}]},{\"@type\":\"WebSite\",\"@id\":\"https:\/\/blogs.thesocialmedia.com\/leblogmoto\/#website\",\"url\":\"https:\/\/blogs.thesocialmedia.com\/leblogmoto\/\",\"name\":\"leblogmoto\",\"description\":\"Toute l&#039;actualit\u00e9 des 2 roues\",\"potentialAction\":[{\"@type\":\"SearchAction\",\"target\":{\"@type\":\"EntryPoint\",\"urlTemplate\":\"https:\/\/blogs.thesocialmedia.com\/leblogmoto\/?s={search_term_string}\"},\"query-input\":{\"@type\":\"PropertyValueSpecification\",\"valueRequired\":true,\"valueName\":\"search_term_string\"}}],\"inLanguage\":\"fr-FR\"},{\"@type\":\"Person\",\"@id\":\"https:\/\/blogs.thesocialmedia.com\/leblogmoto\/#\/schema\/person\/1a1dcfc7cec206573105eb4af91155c2\",\"name\":\"andre leconde\",\"image\":{\"@type\":\"ImageObject\",\"inLanguage\":\"fr-FR\",\"@id\":\"https:\/\/blogs.thesocialmedia.com\/leblogmoto\/#\/schema\/person\/image\/\",\"url\":\"https:\/\/secure.gravatar.com\/avatar\/?s=96&d=mm&r=g\",\"contentUrl\":\"https:\/\/secure.gravatar.com\/avatar\/?s=96&d=mm&r=g\",\"caption\":\"andre leconde\"},\"url\":\"https:\/\/blogs.thesocialmedia.com\/leblogmoto\/author\/andre-leconde\/\"}]}<\/script>\n<!-- \/ Yoast SEO plugin. -->","yoast_head_json":{"title":"SBK: Troy et Seb taillent Patron. - leblogmoto.com","robots":{"index":"index","follow":"follow","max-snippet":"max-snippet:-1","max-image-preview":"max-image-preview:large","max-video-preview":"max-video-preview:-1"},"canonical":"https:\/\/blogs.thesocialmedia.com\/leblogmoto\/2006\/03\/04\/sbk-troy-et-seb\/","twitter_card":"summary_large_image","twitter_title":"SBK: Troy et Seb taillent Patron. - leblogmoto.com","twitter_description":"Les grilles pour les courses australiennes de demain sont constitu\u00e9es. En SuperSport, CHARPENTIER \u00e9crase une fois de plus la concurrence, avec un chrono en dessous des 1&rsquo;36. Il est le seul \u00e0 \u00eatre descendu sous cette barre. Dire que le fran\u00e7ais ma\u00eetrise son sujet rel\u00e8ve de l&rsquo;euph\u00e9misme. Les autres tricolores se sont parfaitement comport\u00e9s. Heureusement [&hellip;]","twitter_image":"http:\/\/www.leblogmoto.com\/images\/060303_ducsbk.jpg","twitter_misc":{"\u00c9crit par":"andre leconde","Dur\u00e9e de lecture estim\u00e9e":"1 minute"},"schema":{"@context":"https:\/\/schema.org","@graph":[{"@type":"WebPage","@id":"https:\/\/blogs.thesocialmedia.com\/leblogmoto\/2006\/03\/04\/sbk-troy-et-seb\/","url":"https:\/\/blogs.thesocialmedia.com\/leblogmoto\/2006\/03\/04\/sbk-troy-et-seb\/","name":"SBK: Troy et Seb taillent Patron. - leblogmoto.com","isPartOf":{"@id":"https:\/\/blogs.thesocialmedia.com\/leblogmoto\/#website"},"primaryImageOfPage":{"@id":"https:\/\/blogs.thesocialmedia.com\/leblogmoto\/2006\/03\/04\/sbk-troy-et-seb\/#primaryimage"},"image":{"@id":"https:\/\/blogs.thesocialmedia.com\/leblogmoto\/2006\/03\/04\/sbk-troy-et-seb\/#primaryimage"},"thumbnailUrl":"http:\/\/www.leblogmoto.com\/images\/060303_ducsbk.jpg","datePublished":"2006-03-04T11:40:36+00:00","dateModified":"2012-07-11T14:16:42+00:00","author":{"@id":"https:\/\/blogs.thesocialmedia.com\/leblogmoto\/#\/schema\/person\/1a1dcfc7cec206573105eb4af91155c2"},"breadcrumb":{"@id":"https:\/\/blogs.thesocialmedia.com\/leblogmoto\/2006\/03\/04\/sbk-troy-et-seb\/#breadcrumb"},"inLanguage":"fr-FR","potentialAction":[{"@type":"ReadAction","target":["https:\/\/blogs.thesocialmedia.com\/leblogmoto\/2006\/03\/04\/sbk-troy-et-seb\/"]}]},{"@type":"ImageObject","inLanguage":"fr-FR","@id":"https:\/\/blogs.thesocialmedia.com\/leblogmoto\/2006\/03\/04\/sbk-troy-et-seb\/#primaryimage","url":"http:\/\/www.leblogmoto.com\/images\/060303_ducsbk.jpg","contentUrl":"http:\/\/www.leblogmoto.com\/images\/060303_ducsbk.jpg"},{"@type":"BreadcrumbList","@id":"https:\/\/blogs.thesocialmedia.com\/leblogmoto\/2006\/03\/04\/sbk-troy-et-seb\/#breadcrumb","itemListElement":[{"@type":"ListItem","position":1,"name":"Accueil","item":"https:\/\/blogs.thesocialmedia.com\/leblogmoto\/"},{"@type":"ListItem","position":2,"name":"SBK: Troy et Seb taillent Patron."}]},{"@type":"WebSite","@id":"https:\/\/blogs.thesocialmedia.com\/leblogmoto\/#website","url":"https:\/\/blogs.thesocialmedia.com\/leblogmoto\/","name":"leblogmoto","description":"Toute l&#039;actualit\u00e9 des 2 roues","potentialAction":[{"@type":"SearchAction","target":{"@type":"EntryPoint","urlTemplate":"https:\/\/blogs.thesocialmedia.com\/leblogmoto\/?s={search_term_string}"},"query-input":{"@type":"PropertyValueSpecification","valueRequired":true,"valueName":"search_term_string"}}],"inLanguage":"fr-FR"},{"@type":"Person","@id":"https:\/\/blogs.thesocialmedia.com\/leblogmoto\/#\/schema\/person\/1a1dcfc7cec206573105eb4af91155c2","name":"andre leconde","image":{"@type":"ImageObject","inLanguage":"fr-FR","@id":"https:\/\/blogs.thesocialmedia.com\/leblogmoto\/#\/schema\/person\/image\/","url":"https:\/\/secure.gravatar.com\/avatar\/?s=96&d=mm&r=g","contentUrl":"https:\/\/secure.gravatar.com\/avatar\/?s=96&d=mm&r=g","caption":"andre leconde"},"url":"https:\/\/blogs.thesocialmedia.com\/leblogmoto\/author\/andre-leconde\/"}]}},"_links":{"self":[{"href":"https:\/\/blogs.thesocialmedia.com\/leblogmoto\/wp-json\/wp\/v2\/posts\/2021","targetHints":{"allow":["GET"]}}],"collection":[{"href":"https:\/\/blogs.thesocialmedia.com\/leblogmoto\/wp-json\/wp\/v2\/posts"}],"about":[{"href":"https:\/\/blogs.thesocialmedia.com\/leblogmoto\/wp-json\/wp\/v2\/types\/post"}],"author":[{"embeddable":true,"href":"https:\/\/blogs.thesocialmedia.com\/leblogmoto\/wp-json\/wp\/v2\/users\/336"}],"replies":[{"embeddable":true,"href":"https:\/\/blogs.thesocialmedia.com\/leblogmoto\/wp-json\/wp\/v2\/comments?post=2021"}],"version-history":[{"count":2,"href":"https:\/\/blogs.thesocialmedia.com\/leblogmoto\/wp-json\/wp\/v2\/posts\/2021\/revisions"}],"predecessor-version":[{"id":7108,"href":"https:\/\/blogs.thesocialmedia.com\/leblogmoto\/wp-json\/wp\/v2\/posts\/2021\/revisions\/7108"}],"wp:attachment":[{"href":"https:\/\/blogs.thesocialmedia.com\/leblogmoto\/wp-json\/wp\/v2\/media?parent=2021"}],"wp:term":[{"taxonomy":"category","embeddable":true,"href":"https:\/\/blogs.thesocialmedia.com\/leblogmoto\/wp-json\/wp\/v2\/categories?post=2021"},{"taxonomy":"post_tag","embeddable":true,"href":"https:\/\/blogs.thesocialmedia.com\/leblogmoto\/wp-json\/wp\/v2\/tags?post=2021"}],"curies":[{"name":"wp","href":"https:\/\/api.w.org\/{rel}","templated":true}]}}