{"id":2022,"date":"2006-03-03T20:00:52","date_gmt":"2006-03-03T20:00:52","guid":{"rendered":"http:\/\/blogs.thesocialmedia.com\/leblogmoto\/2006\/03\/03\/les-premires-jo\/"},"modified":"2012-07-11T14:16:41","modified_gmt":"2012-07-11T14:16:41","slug":"les-premires-jo","status":"publish","type":"post","link":"https:\/\/blogs.thesocialmedia.com\/leblogmoto\/2006\/03\/03\/les-premires-jo\/","title":{"rendered":"Les premi\u00e8res joutes."},"content":{"rendered":"<p><a href=\"http:\/\/blogs.thesocialmedia.com\/leblogmoto\/files\/2012\/07\/noticia182250.jpg\"><img loading=\"lazy\" decoding=\"async\" height=\"170\" alt=\"Noticia182250\" src=\"http:\/\/www.leblogmoto.com\/images\/noticia182250.jpg\" width=\"250\"  \/><\/a>Le plateau <strong>MOTOGP<\/strong> en sa totalit\u00e9 a rejoint le circuit de <strong>CATALUNYA<\/strong> pour des essais <a href=\"http:\/\/www.leblogmoto.com\/2006\/03\/irta_un_franais.html\">IRTA<\/a> de trois jours. <\/p>\n<p>Au dernier de ceux-ci, Dimanche, une comp\u00e9tition sera organis\u00e9e avec pour prix une <a href=\"http:\/\/www.leblogmoto.com\/2006\/02\/post_1.html\">BMW<\/a> offerte \u00e0 celui qui aura sign\u00e9 le meilleur chrono.<\/p>\n<p>Pour se mettre en jambe, <a href=\"http:\/\/www.leblogmoto.com\/2006\/02\/la_tte_de_lempl.html\">ROSSI <\/a>a rappel\u00e9 \u00e0 tout le monde qu&rsquo;il exer\u00e7ait toujours sur deux roues, alors que les deux surprises venaient de <strong>CHECA<\/strong> et d&rsquo;<strong>HOPKINS<\/strong>&#8230;<\/p>\n<p>Est-ce pour f\u00eater l&rsquo;arriv\u00e9 de son patron \u00e0 la t\u00eate de l&rsquo;IRTA que l&rsquo;Espagnol s&rsquo;est arrach\u00e9 pour signer le troisi\u00e8me chrono de ce premier jour avec sa <strong>YAM Dunlop<\/strong>? Un jour d\u00e9cid\u00e9ment faste pour Herv\u00e9 <strong>PONCHARAL<\/strong> qui ne r\u00e9colte que des bonnes nouvelles, que ce soit en coulisse ou en piste.<\/p>\n<p><a href=\"http:\/\/clabedan.typepad.com\/.shared\/image.html?\/photos\/uncategorized\/preraceprep.jpg\"><img loading=\"lazy\" decoding=\"async\" height=\"165\" alt=\"Preraceprep\" src=\"http:\/\/www.leblogmoto.com\/images\/preraceprep.jpg\" width=\"250\"  \/><\/a>Pendant longtemps, la lutte symbolique pour la plus haute place du classement s&rsquo;est circonscrite entre <strong>EDWARDS<\/strong> et la SUZ d&rsquo;<strong>HOPKINS<\/strong>. Une GSV-R qui ne cesse de donner satisfaction depuis sa sortie, son osmose avec les <strong>Bridgestone<\/strong> semblant lui donner des ailes. Elle finira la journ\u00e9e quatri\u00e8me devant HAYDEN, NAKANO et CAPIROSSI.<\/p>\n<p>Tout comme Valentino, <strong>DE PUNIET<\/strong> s&rsquo;est flanqu\u00e9 par terre sans gravit\u00e9 pour signer le treizi\u00e8me temps derri\u00e8re <strong>ROBERTS<\/strong> et <strong>PEDROSA<\/strong>.<\/p>\n<p><a href=\"http:\/\/blogs.thesocialmedia.com\/leblogmoto\/files\/2012\/07\/25619_news.jpg\"><img loading=\"lazy\" decoding=\"async\" height=\"198\" alt=\"25619_news\" src=\"http:\/\/www.leblogmoto.com\/images\/25619_news.jpg\" width=\"250\"  \/><\/a>Auparavant, en d\u00e9but de semaine, les <strong>125<\/strong> et <strong>250<\/strong> s&rsquo;\u00e9taient \u00e9gay\u00e9es sur ce tarmac ib\u00e9rique. L&rsquo;\u00e9v\u00e9nement majeur en aura \u00e9t\u00e9 la chute du champion du monde <a href=\"http:\/\/www.leblogmoto.com\/2006\/02\/la_tte_de_lempl.html\">L\u00dcTHI<\/a> qui s&rsquo;est class\u00e9 la clavicule. Voil\u00e0 d\u00e9j\u00e0 une mauvaise nouvelle pour le suisse qui arrivera en convalescence pour la premi\u00e8re \u00e9preuve du championnat. <\/p>\n<p>Les essais MOTOGP vont donc se poursuivre ce week-end, un week-end que l&rsquo;on annonce pluvieux&#8230;<\/p>\n<p>SOURCE: <a href=\"http:\/\/www.motogp.com\">www.motogp.com<\/a> <\/p>\n","protected":false},"excerpt":{"rendered":"<p>Le plateau MOTOGP en sa totalit\u00e9 a rejoint le circuit de CATALUNYA pour des essais IRTA de trois jours. Au dernier de ceux-ci, Dimanche, une comp\u00e9tition sera organis\u00e9e avec pour prix une BMW offerte \u00e0 celui qui aura sign\u00e9 le meilleur chrono. Pour se mettre en jambe, ROSSI a rappel\u00e9 \u00e0 tout le monde qu&rsquo;il [&hellip;]<\/p>\n","protected":false},"author":336,"featured_media":0,"comment_status":"open","ping_status":"open","sticky":false,"template":"","format":"standard","meta":{"footnotes":""},"categories":[22,32],"tags":[],"class_list":["post-2022","post","type-post","status-publish","format-standard","hentry","category-motogp","category-sport-moto"],"yoast_head":"<!-- This site is optimized with the Yoast SEO plugin v26.0 - https:\/\/yoast.com\/wordpress\/plugins\/seo\/ -->\n<title>Les premi\u00e8res joutes. - leblogmoto.com<\/title>\n<meta name=\"robots\" content=\"index, follow, max-snippet:-1, max-image-preview:large, max-video-preview:-1\" \/>\n<link rel=\"canonical\" href=\"https:\/\/blogs.thesocialmedia.com\/leblogmoto\/2006\/03\/03\/les-premires-jo\/\" \/>\n<meta name=\"twitter:card\" content=\"summary_large_image\" \/>\n<meta name=\"twitter:title\" content=\"Les premi\u00e8res joutes. - leblogmoto.com\" \/>\n<meta name=\"twitter:description\" content=\"Le plateau MOTOGP en sa totalit\u00e9 a rejoint le circuit de CATALUNYA pour des essais IRTA de trois jours. Au dernier de ceux-ci, Dimanche, une comp\u00e9tition sera organis\u00e9e avec pour prix une BMW offerte \u00e0 celui qui aura sign\u00e9 le meilleur chrono. Pour se mettre en jambe, ROSSI a rappel\u00e9 \u00e0 tout le monde qu&rsquo;il [&hellip;]\" \/>\n<meta name=\"twitter:image\" content=\"http:\/\/www.leblogmoto.com\/images\/noticia182250.jpg\" \/>\n<meta name=\"twitter:label1\" content=\"\u00c9crit par\" \/>\n\t<meta name=\"twitter:data1\" content=\"andre leconde\" \/>\n\t<meta name=\"twitter:label2\" content=\"Dur\u00e9e de lecture estim\u00e9e\" \/>\n\t<meta name=\"twitter:data2\" content=\"1 minute\" \/>\n<script type=\"application\/ld+json\" class=\"yoast-schema-graph\">{\"@context\":\"https:\/\/schema.org\",\"@graph\":[{\"@type\":\"WebPage\",\"@id\":\"https:\/\/blogs.thesocialmedia.com\/leblogmoto\/2006\/03\/03\/les-premires-jo\/\",\"url\":\"https:\/\/blogs.thesocialmedia.com\/leblogmoto\/2006\/03\/03\/les-premires-jo\/\",\"name\":\"Les premi\u00e8res joutes. - leblogmoto.com\",\"isPartOf\":{\"@id\":\"https:\/\/blogs.thesocialmedia.com\/leblogmoto\/#website\"},\"primaryImageOfPage\":{\"@id\":\"https:\/\/blogs.thesocialmedia.com\/leblogmoto\/2006\/03\/03\/les-premires-jo\/#primaryimage\"},\"image\":{\"@id\":\"https:\/\/blogs.thesocialmedia.com\/leblogmoto\/2006\/03\/03\/les-premires-jo\/#primaryimage\"},\"thumbnailUrl\":\"http:\/\/www.leblogmoto.com\/images\/noticia182250.jpg\",\"datePublished\":\"2006-03-03T20:00:52+00:00\",\"dateModified\":\"2012-07-11T14:16:41+00:00\",\"author\":{\"@id\":\"https:\/\/blogs.thesocialmedia.com\/leblogmoto\/#\/schema\/person\/1a1dcfc7cec206573105eb4af91155c2\"},\"breadcrumb\":{\"@id\":\"https:\/\/blogs.thesocialmedia.com\/leblogmoto\/2006\/03\/03\/les-premires-jo\/#breadcrumb\"},\"inLanguage\":\"fr-FR\",\"potentialAction\":[{\"@type\":\"ReadAction\",\"target\":[\"https:\/\/blogs.thesocialmedia.com\/leblogmoto\/2006\/03\/03\/les-premires-jo\/\"]}]},{\"@type\":\"ImageObject\",\"inLanguage\":\"fr-FR\",\"@id\":\"https:\/\/blogs.thesocialmedia.com\/leblogmoto\/2006\/03\/03\/les-premires-jo\/#primaryimage\",\"url\":\"http:\/\/www.leblogmoto.com\/images\/noticia182250.jpg\",\"contentUrl\":\"http:\/\/www.leblogmoto.com\/images\/noticia182250.jpg\"},{\"@type\":\"BreadcrumbList\",\"@id\":\"https:\/\/blogs.thesocialmedia.com\/leblogmoto\/2006\/03\/03\/les-premires-jo\/#breadcrumb\",\"itemListElement\":[{\"@type\":\"ListItem\",\"position\":1,\"name\":\"Accueil\",\"item\":\"https:\/\/blogs.thesocialmedia.com\/leblogmoto\/\"},{\"@type\":\"ListItem\",\"position\":2,\"name\":\"Les premi\u00e8res joutes.\"}]},{\"@type\":\"WebSite\",\"@id\":\"https:\/\/blogs.thesocialmedia.com\/leblogmoto\/#website\",\"url\":\"https:\/\/blogs.thesocialmedia.com\/leblogmoto\/\",\"name\":\"leblogmoto\",\"description\":\"Toute l&#039;actualit\u00e9 des 2 roues\",\"potentialAction\":[{\"@type\":\"SearchAction\",\"target\":{\"@type\":\"EntryPoint\",\"urlTemplate\":\"https:\/\/blogs.thesocialmedia.com\/leblogmoto\/?s={search_term_string}\"},\"query-input\":{\"@type\":\"PropertyValueSpecification\",\"valueRequired\":true,\"valueName\":\"search_term_string\"}}],\"inLanguage\":\"fr-FR\"},{\"@type\":\"Person\",\"@id\":\"https:\/\/blogs.thesocialmedia.com\/leblogmoto\/#\/schema\/person\/1a1dcfc7cec206573105eb4af91155c2\",\"name\":\"andre leconde\",\"image\":{\"@type\":\"ImageObject\",\"inLanguage\":\"fr-FR\",\"@id\":\"https:\/\/blogs.thesocialmedia.com\/leblogmoto\/#\/schema\/person\/image\/\",\"url\":\"https:\/\/secure.gravatar.com\/avatar\/?s=96&d=mm&r=g\",\"contentUrl\":\"https:\/\/secure.gravatar.com\/avatar\/?s=96&d=mm&r=g\",\"caption\":\"andre leconde\"},\"url\":\"https:\/\/blogs.thesocialmedia.com\/leblogmoto\/author\/andre-leconde\/\"}]}<\/script>\n<!-- \/ Yoast SEO plugin. -->","yoast_head_json":{"title":"Les premi\u00e8res joutes. - leblogmoto.com","robots":{"index":"index","follow":"follow","max-snippet":"max-snippet:-1","max-image-preview":"max-image-preview:large","max-video-preview":"max-video-preview:-1"},"canonical":"https:\/\/blogs.thesocialmedia.com\/leblogmoto\/2006\/03\/03\/les-premires-jo\/","twitter_card":"summary_large_image","twitter_title":"Les premi\u00e8res joutes. - leblogmoto.com","twitter_description":"Le plateau MOTOGP en sa totalit\u00e9 a rejoint le circuit de CATALUNYA pour des essais IRTA de trois jours. Au dernier de ceux-ci, Dimanche, une comp\u00e9tition sera organis\u00e9e avec pour prix une BMW offerte \u00e0 celui qui aura sign\u00e9 le meilleur chrono. Pour se mettre en jambe, ROSSI a rappel\u00e9 \u00e0 tout le monde qu&rsquo;il [&hellip;]","twitter_image":"http:\/\/www.leblogmoto.com\/images\/noticia182250.jpg","twitter_misc":{"\u00c9crit par":"andre leconde","Dur\u00e9e de lecture estim\u00e9e":"1 minute"},"schema":{"@context":"https:\/\/schema.org","@graph":[{"@type":"WebPage","@id":"https:\/\/blogs.thesocialmedia.com\/leblogmoto\/2006\/03\/03\/les-premires-jo\/","url":"https:\/\/blogs.thesocialmedia.com\/leblogmoto\/2006\/03\/03\/les-premires-jo\/","name":"Les premi\u00e8res joutes. - leblogmoto.com","isPartOf":{"@id":"https:\/\/blogs.thesocialmedia.com\/leblogmoto\/#website"},"primaryImageOfPage":{"@id":"https:\/\/blogs.thesocialmedia.com\/leblogmoto\/2006\/03\/03\/les-premires-jo\/#primaryimage"},"image":{"@id":"https:\/\/blogs.thesocialmedia.com\/leblogmoto\/2006\/03\/03\/les-premires-jo\/#primaryimage"},"thumbnailUrl":"http:\/\/www.leblogmoto.com\/images\/noticia182250.jpg","datePublished":"2006-03-03T20:00:52+00:00","dateModified":"2012-07-11T14:16:41+00:00","author":{"@id":"https:\/\/blogs.thesocialmedia.com\/leblogmoto\/#\/schema\/person\/1a1dcfc7cec206573105eb4af91155c2"},"breadcrumb":{"@id":"https:\/\/blogs.thesocialmedia.com\/leblogmoto\/2006\/03\/03\/les-premires-jo\/#breadcrumb"},"inLanguage":"fr-FR","potentialAction":[{"@type":"ReadAction","target":["https:\/\/blogs.thesocialmedia.com\/leblogmoto\/2006\/03\/03\/les-premires-jo\/"]}]},{"@type":"ImageObject","inLanguage":"fr-FR","@id":"https:\/\/blogs.thesocialmedia.com\/leblogmoto\/2006\/03\/03\/les-premires-jo\/#primaryimage","url":"http:\/\/www.leblogmoto.com\/images\/noticia182250.jpg","contentUrl":"http:\/\/www.leblogmoto.com\/images\/noticia182250.jpg"},{"@type":"BreadcrumbList","@id":"https:\/\/blogs.thesocialmedia.com\/leblogmoto\/2006\/03\/03\/les-premires-jo\/#breadcrumb","itemListElement":[{"@type":"ListItem","position":1,"name":"Accueil","item":"https:\/\/blogs.thesocialmedia.com\/leblogmoto\/"},{"@type":"ListItem","position":2,"name":"Les premi\u00e8res joutes."}]},{"@type":"WebSite","@id":"https:\/\/blogs.thesocialmedia.com\/leblogmoto\/#website","url":"https:\/\/blogs.thesocialmedia.com\/leblogmoto\/","name":"leblogmoto","description":"Toute l&#039;actualit\u00e9 des 2 roues","potentialAction":[{"@type":"SearchAction","target":{"@type":"EntryPoint","urlTemplate":"https:\/\/blogs.thesocialmedia.com\/leblogmoto\/?s={search_term_string}"},"query-input":{"@type":"PropertyValueSpecification","valueRequired":true,"valueName":"search_term_string"}}],"inLanguage":"fr-FR"},{"@type":"Person","@id":"https:\/\/blogs.thesocialmedia.com\/leblogmoto\/#\/schema\/person\/1a1dcfc7cec206573105eb4af91155c2","name":"andre leconde","image":{"@type":"ImageObject","inLanguage":"fr-FR","@id":"https:\/\/blogs.thesocialmedia.com\/leblogmoto\/#\/schema\/person\/image\/","url":"https:\/\/secure.gravatar.com\/avatar\/?s=96&d=mm&r=g","contentUrl":"https:\/\/secure.gravatar.com\/avatar\/?s=96&d=mm&r=g","caption":"andre leconde"},"url":"https:\/\/blogs.thesocialmedia.com\/leblogmoto\/author\/andre-leconde\/"}]}},"_links":{"self":[{"href":"https:\/\/blogs.thesocialmedia.com\/leblogmoto\/wp-json\/wp\/v2\/posts\/2022","targetHints":{"allow":["GET"]}}],"collection":[{"href":"https:\/\/blogs.thesocialmedia.com\/leblogmoto\/wp-json\/wp\/v2\/posts"}],"about":[{"href":"https:\/\/blogs.thesocialmedia.com\/leblogmoto\/wp-json\/wp\/v2\/types\/post"}],"author":[{"embeddable":true,"href":"https:\/\/blogs.thesocialmedia.com\/leblogmoto\/wp-json\/wp\/v2\/users\/336"}],"replies":[{"embeddable":true,"href":"https:\/\/blogs.thesocialmedia.com\/leblogmoto\/wp-json\/wp\/v2\/comments?post=2022"}],"version-history":[{"count":2,"href":"https:\/\/blogs.thesocialmedia.com\/leblogmoto\/wp-json\/wp\/v2\/posts\/2022\/revisions"}],"predecessor-version":[{"id":7106,"href":"https:\/\/blogs.thesocialmedia.com\/leblogmoto\/wp-json\/wp\/v2\/posts\/2022\/revisions\/7106"}],"wp:attachment":[{"href":"https:\/\/blogs.thesocialmedia.com\/leblogmoto\/wp-json\/wp\/v2\/media?parent=2022"}],"wp:term":[{"taxonomy":"category","embeddable":true,"href":"https:\/\/blogs.thesocialmedia.com\/leblogmoto\/wp-json\/wp\/v2\/categories?post=2022"},{"taxonomy":"post_tag","embeddable":true,"href":"https:\/\/blogs.thesocialmedia.com\/leblogmoto\/wp-json\/wp\/v2\/tags?post=2022"}],"curies":[{"name":"wp","href":"https:\/\/api.w.org\/{rel}","templated":true}]}}