{"id":2028,"date":"2006-03-01T12:18:39","date_gmt":"2006-03-01T12:18:39","guid":{"rendered":"http:\/\/blogs.thesocialmedia.com\/leblogmoto\/2006\/03\/01\/labs-sur-les-sp\/"},"modified":"2012-07-11T13:21:34","modified_gmt":"2012-07-11T13:21:34","slug":"labs-sur-les-sp","status":"publish","type":"post","link":"https:\/\/blogs.thesocialmedia.com\/leblogmoto\/2006\/03\/01\/labs-sur-les-sp\/","title":{"rendered":"L&rsquo;ABS sur les sportives ?"},"content":{"rendered":"<p>Le billet d&rsquo;Andr\u00e9 sur la future <a href=\"http:\/\/www.leblogmoto.com\/2006\/02\/gsx_1400_r_lhay.html\">Hayabusa<\/a> me donne l&rsquo;occasion d&rsquo;\u00e9voquer une \u00e9volution technologique majeure touchant \u00e0 la s\u00e9curit\u00e9 des deux-roues : l&rsquo;ABS.<\/p>\n<p><a href=\"http:\/\/clabedan.typepad.com\/.shared\/image.html?\/photos\/uncategorized\/abs.jpg\"><img loading=\"lazy\" decoding=\"async\" alt=\"Abs\" src=\"http:\/\/www.leblogmoto.com\/images\/abs.jpg\" width=\"249\" height=\"187\"  style=\"margin: 0px 5px 5px 0px;float: left\" \/><\/a>D\u00e9sormais pr\u00e9sent sur <a href=\"http:\/\/www.leblogmoto.com\/2005\/11\/yamaha_tmax_abs.html\">de<\/a> <a href=\"http:\/\/www.leblogmoto.com\/2005\/09\/aprilia_1ooo_et.html\">nombreux<\/a> <a href=\"http:\/\/www.leblogmoto.com\/2005\/10\/mondial_2005_ya_4.html\">mod\u00e8les<\/a>, cet assistant hydraulico-\u00e9lectronique n&rsquo;est toujours pas disponible sur les machines hypersport. Question de poids ? Il est clair que dans la course aux grammes superflus que les constructeurs se livrent, le surpoids d\u00fb \u00e0 la pr\u00e9sence de l&rsquo;ABS, s&rsquo;il n&rsquo;est sans doute pas d\u00e9frisant, n&rsquo;en reste pas moins malvenu. Question de marketing ? Tr\u00e8s probablement &#8230; : l&rsquo;ABS n&rsquo;\u00e9tant pas pr\u00e9sent (parce qu&rsquo;interdit) en comp\u00e9tition, la client\u00e8le de ce genre de machines n&rsquo;imagine m\u00eame pas le voir appara\u00eetre sur des engins cens\u00e9s d\u00e9river directement des Superbike (ou, m\u00eame si la filiation est moins \u00e9vidente, des motoGP).<br \/>&quot;Quoi ! Un ABS ! Mais un vrai pilote n&rsquo;en a pas besoin ! Et puis moi, m\u00f4ssieu, je freine plus court sans qu&rsquo;avec !&quot;<br \/>Je suis pourtant convaincu que l&rsquo;\u00e9crasante majorit\u00e9 des motards aurait tout \u00e0 y gagner, y compris les Doohan du dimanche, et je pense que l&rsquo;on verra des ABS fleurir m\u00eame sur les R1 et autres GSXR 1000, \u00e0 relativement court terme. <\/p>\n","protected":false},"excerpt":{"rendered":"<p>Le billet d&rsquo;Andr\u00e9 sur la future Hayabusa me donne l&rsquo;occasion d&rsquo;\u00e9voquer une \u00e9volution technologique majeure touchant \u00e0 la s\u00e9curit\u00e9 des deux-roues : l&rsquo;ABS. D\u00e9sormais pr\u00e9sent sur de nombreux mod\u00e8les, cet assistant hydraulico-\u00e9lectronique n&rsquo;est toujours pas disponible sur les machines hypersport. Question de poids ? Il est clair que dans la course aux grammes superflus que [&hellip;]<\/p>\n","protected":false},"author":332,"featured_media":0,"comment_status":"open","ping_status":"open","sticky":false,"template":"","format":"standard","meta":{"footnotes":""},"categories":[27],"tags":[],"class_list":["post-2028","post","type-post","status-publish","format-standard","hentry","category-securite"],"yoast_head":"<!-- This site is optimized with the Yoast SEO plugin v26.0 - https:\/\/yoast.com\/wordpress\/plugins\/seo\/ -->\n<title>L&#039;ABS sur les sportives ? - leblogmoto.com<\/title>\n<meta name=\"robots\" content=\"index, follow, max-snippet:-1, max-image-preview:large, max-video-preview:-1\" \/>\n<link rel=\"canonical\" href=\"https:\/\/blogs.thesocialmedia.com\/leblogmoto\/2006\/03\/01\/labs-sur-les-sp\/\" \/>\n<meta name=\"twitter:card\" content=\"summary_large_image\" \/>\n<meta name=\"twitter:title\" content=\"L&#039;ABS sur les sportives ? - leblogmoto.com\" \/>\n<meta name=\"twitter:description\" content=\"Le billet d&rsquo;Andr\u00e9 sur la future Hayabusa me donne l&rsquo;occasion d&rsquo;\u00e9voquer une \u00e9volution technologique majeure touchant \u00e0 la s\u00e9curit\u00e9 des deux-roues : l&rsquo;ABS. D\u00e9sormais pr\u00e9sent sur de nombreux mod\u00e8les, cet assistant hydraulico-\u00e9lectronique n&rsquo;est toujours pas disponible sur les machines hypersport. Question de poids ? Il est clair que dans la course aux grammes superflus que [&hellip;]\" \/>\n<meta name=\"twitter:image\" content=\"http:\/\/www.leblogmoto.com\/images\/abs.jpg\" \/>\n<meta name=\"twitter:label1\" content=\"\u00c9crit par\" \/>\n\t<meta name=\"twitter:data1\" content=\"eric cabrol\" \/>\n\t<meta name=\"twitter:label2\" content=\"Dur\u00e9e de lecture estim\u00e9e\" \/>\n\t<meta name=\"twitter:data2\" content=\"1 minute\" \/>\n<script type=\"application\/ld+json\" class=\"yoast-schema-graph\">{\"@context\":\"https:\/\/schema.org\",\"@graph\":[{\"@type\":\"WebPage\",\"@id\":\"https:\/\/blogs.thesocialmedia.com\/leblogmoto\/2006\/03\/01\/labs-sur-les-sp\/\",\"url\":\"https:\/\/blogs.thesocialmedia.com\/leblogmoto\/2006\/03\/01\/labs-sur-les-sp\/\",\"name\":\"L'ABS sur les sportives ? - leblogmoto.com\",\"isPartOf\":{\"@id\":\"https:\/\/blogs.thesocialmedia.com\/leblogmoto\/#website\"},\"primaryImageOfPage\":{\"@id\":\"https:\/\/blogs.thesocialmedia.com\/leblogmoto\/2006\/03\/01\/labs-sur-les-sp\/#primaryimage\"},\"image\":{\"@id\":\"https:\/\/blogs.thesocialmedia.com\/leblogmoto\/2006\/03\/01\/labs-sur-les-sp\/#primaryimage\"},\"thumbnailUrl\":\"http:\/\/www.leblogmoto.com\/images\/abs.jpg\",\"datePublished\":\"2006-03-01T12:18:39+00:00\",\"dateModified\":\"2012-07-11T13:21:34+00:00\",\"author\":{\"@id\":\"https:\/\/blogs.thesocialmedia.com\/leblogmoto\/#\/schema\/person\/2d0df6c5d59ff2f74f5d0b431cdcd17d\"},\"breadcrumb\":{\"@id\":\"https:\/\/blogs.thesocialmedia.com\/leblogmoto\/2006\/03\/01\/labs-sur-les-sp\/#breadcrumb\"},\"inLanguage\":\"fr-FR\",\"potentialAction\":[{\"@type\":\"ReadAction\",\"target\":[\"https:\/\/blogs.thesocialmedia.com\/leblogmoto\/2006\/03\/01\/labs-sur-les-sp\/\"]}]},{\"@type\":\"ImageObject\",\"inLanguage\":\"fr-FR\",\"@id\":\"https:\/\/blogs.thesocialmedia.com\/leblogmoto\/2006\/03\/01\/labs-sur-les-sp\/#primaryimage\",\"url\":\"http:\/\/www.leblogmoto.com\/images\/abs.jpg\",\"contentUrl\":\"http:\/\/www.leblogmoto.com\/images\/abs.jpg\"},{\"@type\":\"BreadcrumbList\",\"@id\":\"https:\/\/blogs.thesocialmedia.com\/leblogmoto\/2006\/03\/01\/labs-sur-les-sp\/#breadcrumb\",\"itemListElement\":[{\"@type\":\"ListItem\",\"position\":1,\"name\":\"Accueil\",\"item\":\"https:\/\/blogs.thesocialmedia.com\/leblogmoto\/\"},{\"@type\":\"ListItem\",\"position\":2,\"name\":\"L&rsquo;ABS sur les sportives ?\"}]},{\"@type\":\"WebSite\",\"@id\":\"https:\/\/blogs.thesocialmedia.com\/leblogmoto\/#website\",\"url\":\"https:\/\/blogs.thesocialmedia.com\/leblogmoto\/\",\"name\":\"leblogmoto\",\"description\":\"Toute l&#039;actualit\u00e9 des 2 roues\",\"potentialAction\":[{\"@type\":\"SearchAction\",\"target\":{\"@type\":\"EntryPoint\",\"urlTemplate\":\"https:\/\/blogs.thesocialmedia.com\/leblogmoto\/?s={search_term_string}\"},\"query-input\":{\"@type\":\"PropertyValueSpecification\",\"valueRequired\":true,\"valueName\":\"search_term_string\"}}],\"inLanguage\":\"fr-FR\"},{\"@type\":\"Person\",\"@id\":\"https:\/\/blogs.thesocialmedia.com\/leblogmoto\/#\/schema\/person\/2d0df6c5d59ff2f74f5d0b431cdcd17d\",\"name\":\"eric cabrol\",\"image\":{\"@type\":\"ImageObject\",\"inLanguage\":\"fr-FR\",\"@id\":\"https:\/\/blogs.thesocialmedia.com\/leblogmoto\/#\/schema\/person\/image\/\",\"url\":\"https:\/\/secure.gravatar.com\/avatar\/?s=96&d=mm&r=g\",\"contentUrl\":\"https:\/\/secure.gravatar.com\/avatar\/?s=96&d=mm&r=g\",\"caption\":\"eric cabrol\"},\"url\":\"https:\/\/blogs.thesocialmedia.com\/leblogmoto\/author\/eric-cabrol\/\"}]}<\/script>\n<!-- \/ Yoast SEO plugin. -->","yoast_head_json":{"title":"L'ABS sur les sportives ? - leblogmoto.com","robots":{"index":"index","follow":"follow","max-snippet":"max-snippet:-1","max-image-preview":"max-image-preview:large","max-video-preview":"max-video-preview:-1"},"canonical":"https:\/\/blogs.thesocialmedia.com\/leblogmoto\/2006\/03\/01\/labs-sur-les-sp\/","twitter_card":"summary_large_image","twitter_title":"L'ABS sur les sportives ? - leblogmoto.com","twitter_description":"Le billet d&rsquo;Andr\u00e9 sur la future Hayabusa me donne l&rsquo;occasion d&rsquo;\u00e9voquer une \u00e9volution technologique majeure touchant \u00e0 la s\u00e9curit\u00e9 des deux-roues : l&rsquo;ABS. D\u00e9sormais pr\u00e9sent sur de nombreux mod\u00e8les, cet assistant hydraulico-\u00e9lectronique n&rsquo;est toujours pas disponible sur les machines hypersport. Question de poids ? Il est clair que dans la course aux grammes superflus que [&hellip;]","twitter_image":"http:\/\/www.leblogmoto.com\/images\/abs.jpg","twitter_misc":{"\u00c9crit par":"eric cabrol","Dur\u00e9e de lecture estim\u00e9e":"1 minute"},"schema":{"@context":"https:\/\/schema.org","@graph":[{"@type":"WebPage","@id":"https:\/\/blogs.thesocialmedia.com\/leblogmoto\/2006\/03\/01\/labs-sur-les-sp\/","url":"https:\/\/blogs.thesocialmedia.com\/leblogmoto\/2006\/03\/01\/labs-sur-les-sp\/","name":"L'ABS sur les sportives ? - leblogmoto.com","isPartOf":{"@id":"https:\/\/blogs.thesocialmedia.com\/leblogmoto\/#website"},"primaryImageOfPage":{"@id":"https:\/\/blogs.thesocialmedia.com\/leblogmoto\/2006\/03\/01\/labs-sur-les-sp\/#primaryimage"},"image":{"@id":"https:\/\/blogs.thesocialmedia.com\/leblogmoto\/2006\/03\/01\/labs-sur-les-sp\/#primaryimage"},"thumbnailUrl":"http:\/\/www.leblogmoto.com\/images\/abs.jpg","datePublished":"2006-03-01T12:18:39+00:00","dateModified":"2012-07-11T13:21:34+00:00","author":{"@id":"https:\/\/blogs.thesocialmedia.com\/leblogmoto\/#\/schema\/person\/2d0df6c5d59ff2f74f5d0b431cdcd17d"},"breadcrumb":{"@id":"https:\/\/blogs.thesocialmedia.com\/leblogmoto\/2006\/03\/01\/labs-sur-les-sp\/#breadcrumb"},"inLanguage":"fr-FR","potentialAction":[{"@type":"ReadAction","target":["https:\/\/blogs.thesocialmedia.com\/leblogmoto\/2006\/03\/01\/labs-sur-les-sp\/"]}]},{"@type":"ImageObject","inLanguage":"fr-FR","@id":"https:\/\/blogs.thesocialmedia.com\/leblogmoto\/2006\/03\/01\/labs-sur-les-sp\/#primaryimage","url":"http:\/\/www.leblogmoto.com\/images\/abs.jpg","contentUrl":"http:\/\/www.leblogmoto.com\/images\/abs.jpg"},{"@type":"BreadcrumbList","@id":"https:\/\/blogs.thesocialmedia.com\/leblogmoto\/2006\/03\/01\/labs-sur-les-sp\/#breadcrumb","itemListElement":[{"@type":"ListItem","position":1,"name":"Accueil","item":"https:\/\/blogs.thesocialmedia.com\/leblogmoto\/"},{"@type":"ListItem","position":2,"name":"L&rsquo;ABS sur les sportives ?"}]},{"@type":"WebSite","@id":"https:\/\/blogs.thesocialmedia.com\/leblogmoto\/#website","url":"https:\/\/blogs.thesocialmedia.com\/leblogmoto\/","name":"leblogmoto","description":"Toute l&#039;actualit\u00e9 des 2 roues","potentialAction":[{"@type":"SearchAction","target":{"@type":"EntryPoint","urlTemplate":"https:\/\/blogs.thesocialmedia.com\/leblogmoto\/?s={search_term_string}"},"query-input":{"@type":"PropertyValueSpecification","valueRequired":true,"valueName":"search_term_string"}}],"inLanguage":"fr-FR"},{"@type":"Person","@id":"https:\/\/blogs.thesocialmedia.com\/leblogmoto\/#\/schema\/person\/2d0df6c5d59ff2f74f5d0b431cdcd17d","name":"eric cabrol","image":{"@type":"ImageObject","inLanguage":"fr-FR","@id":"https:\/\/blogs.thesocialmedia.com\/leblogmoto\/#\/schema\/person\/image\/","url":"https:\/\/secure.gravatar.com\/avatar\/?s=96&d=mm&r=g","contentUrl":"https:\/\/secure.gravatar.com\/avatar\/?s=96&d=mm&r=g","caption":"eric cabrol"},"url":"https:\/\/blogs.thesocialmedia.com\/leblogmoto\/author\/eric-cabrol\/"}]}},"_links":{"self":[{"href":"https:\/\/blogs.thesocialmedia.com\/leblogmoto\/wp-json\/wp\/v2\/posts\/2028","targetHints":{"allow":["GET"]}}],"collection":[{"href":"https:\/\/blogs.thesocialmedia.com\/leblogmoto\/wp-json\/wp\/v2\/posts"}],"about":[{"href":"https:\/\/blogs.thesocialmedia.com\/leblogmoto\/wp-json\/wp\/v2\/types\/post"}],"author":[{"embeddable":true,"href":"https:\/\/blogs.thesocialmedia.com\/leblogmoto\/wp-json\/wp\/v2\/users\/332"}],"replies":[{"embeddable":true,"href":"https:\/\/blogs.thesocialmedia.com\/leblogmoto\/wp-json\/wp\/v2\/comments?post=2028"}],"version-history":[{"count":1,"href":"https:\/\/blogs.thesocialmedia.com\/leblogmoto\/wp-json\/wp\/v2\/posts\/2028\/revisions"}],"predecessor-version":[{"id":3148,"href":"https:\/\/blogs.thesocialmedia.com\/leblogmoto\/wp-json\/wp\/v2\/posts\/2028\/revisions\/3148"}],"wp:attachment":[{"href":"https:\/\/blogs.thesocialmedia.com\/leblogmoto\/wp-json\/wp\/v2\/media?parent=2028"}],"wp:term":[{"taxonomy":"category","embeddable":true,"href":"https:\/\/blogs.thesocialmedia.com\/leblogmoto\/wp-json\/wp\/v2\/categories?post=2028"},{"taxonomy":"post_tag","embeddable":true,"href":"https:\/\/blogs.thesocialmedia.com\/leblogmoto\/wp-json\/wp\/v2\/tags?post=2028"}],"curies":[{"name":"wp","href":"https:\/\/api.w.org\/{rel}","templated":true}]}}