{"id":2029,"date":"2006-02-28T20:24:00","date_gmt":"2006-02-28T20:24:00","guid":{"rendered":"http:\/\/blogs.thesocialmedia.com\/leblogmoto\/2006\/02\/28\/les-nouvelles-l\/"},"modified":"2012-07-11T14:16:30","modified_gmt":"2012-07-11T14:16:30","slug":"les-nouvelles-l","status":"publish","type":"post","link":"https:\/\/blogs.thesocialmedia.com\/leblogmoto\/2006\/02\/28\/les-nouvelles-l\/","title":{"rendered":"Les nouvelles livr\u00e9es."},"content":{"rendered":"<p><a href=\"http:\/\/blogs.thesocialmedia.com\/leblogmoto\/files\/2012\/07\/405690_57067.jpg\"><img loading=\"lazy\" decoding=\"async\" height=\"187\" alt=\"405690_57067\" src=\"http:\/\/www.leblogmoto.com\/images\/405690_57067.jpg\" width=\"250\"  \/><\/a> Le circuit de <strong>CATALUNYA<\/strong> rassemble cette semaine l&rsquo;ensemble du chapiteau de ce que l&rsquo;on appelait en d&rsquo;autres temps le &quot;Continental Circus&quot;. <strong>125 <\/strong>et <strong>250<\/strong> vont occuper l&rsquo;attention d&rsquo;un public nombreux qui va pouvoir entrer gratuitement sur le circuit, avant qu&rsquo;en fin de semaine, les <strong>MOTOGP<\/strong> prennent le relai pour une petite comp\u00e9tition de la meilleure pole Dimanche. Son vainqueur repartira avec une belle <a href=\"http:\/\/www.leblogmoto.com\/2006\/02\/post_1.html\">BMW<\/a>&#8230; \u00e0 quatre roues.<\/p>\n<p>C&rsquo;est l&rsquo;occasion pour les \u00e9curies non seulement de fourbir leurs armes mais aussi de pr\u00e9senter leurs nouvelles peintures de guerre. En premier lieu, <a href=\"http:\/\/www.leblogmoto.com\/2006\/02\/gsx_1400_r_lhay.html\">SUZUKI<\/a>, qui f\u00eate ainsi ses noces avec son nouveau sponsor titre&#8230;<\/p>\n<p><a href=\"http:\/\/clabedan.typepad.com\/.shared\/image.html?\/photos\/uncategorized\/camelyamaha14.jpg\"><img loading=\"lazy\" decoding=\"async\" height=\"158\" alt=\"Camelyamaha14\" src=\"http:\/\/www.leblogmoto.com\/images\/camelyamaha14.jpg\" width=\"250\"  \/><\/a>Pour l&rsquo;\u00e9quipe phare <a href=\"http:\/\/www.leblogmoto.com\/2006\/01\/polmiques_sans_.html\">YAMAHA<\/a>, rien de tr\u00e8s exceptionnel \u00e0 l&rsquo;oeil, mais une pr\u00e9sentation en grandes pompes \u00e0 MILAN. Seule note d&rsquo;originalit\u00e9, le n\u00b05 de <strong>Colin EDWARDS<\/strong>, en style n\u00e9o-r\u00e9tro, celui qu&rsquo;il avait arbor\u00e9 lors de sa derni\u00e8re course \u00e0 <a href=\"http:\/\/www.leblogmoto.com\/2005\/07\/motogp__hayden_.html\">LAGUNA SECA<\/a>, o\u00f9 il y avait inscrit son meilleur r\u00e9sultal dans la discipline. Superstitieux l&rsquo;am\u00e9ricain ?<\/p>\n<p>Derni\u00e8re pr\u00e9sentation de cette semaine, la <strong>HONDA<\/strong> de <a href=\"http:\/\/clabedan.typepad.com\/.shared\/image.html?\/photos\/uncategorized\/405608_79091.jpg\"><img loading=\"lazy\" decoding=\"async\" height=\"187\" alt=\"405608_79091\" src=\"http:\/\/www.leblogmoto.com\/images\/405608_79091.jpg\" width=\"250\"  \/><\/a> <strong>TAMADA<\/strong>. Une r\u00e9v\u00e9lation effectu\u00e9e encore en ITALIE, sur le circuit d&rsquo;ADRIA pr\u00e8s de VERONE.<\/p>\n<p>Maintenant, toutes ces machines ont rejoint l&rsquo;Espagne. Pour y r\u00e9v\u00e9ler si ces plumages vont se conjuguer avec leur ramage. R\u00e9ponse ce week-end.<\/p>\n<p>SOURCE: <a href=\"http:\/\/www.motogp.com\">www.motogp.com<\/a> <\/p>\n<p>&nbsp; <\/p>\n","protected":false},"excerpt":{"rendered":"<p>Le circuit de CATALUNYA rassemble cette semaine l&rsquo;ensemble du chapiteau de ce que l&rsquo;on appelait en d&rsquo;autres temps le &quot;Continental Circus&quot;. 125 et 250 vont occuper l&rsquo;attention d&rsquo;un public nombreux qui va pouvoir entrer gratuitement sur le circuit, avant qu&rsquo;en fin de semaine, les MOTOGP prennent le relai pour une petite comp\u00e9tition de la meilleure [&hellip;]<\/p>\n","protected":false},"author":336,"featured_media":0,"comment_status":"open","ping_status":"open","sticky":false,"template":"","format":"standard","meta":{"footnotes":""},"categories":[22],"tags":[],"class_list":["post-2029","post","type-post","status-publish","format-standard","hentry","category-motogp"],"yoast_head":"<!-- This site is optimized with the Yoast SEO plugin v26.0 - https:\/\/yoast.com\/wordpress\/plugins\/seo\/ -->\n<title>Les nouvelles livr\u00e9es. - leblogmoto.com<\/title>\n<meta name=\"robots\" content=\"index, follow, max-snippet:-1, max-image-preview:large, max-video-preview:-1\" \/>\n<link rel=\"canonical\" href=\"https:\/\/blogs.thesocialmedia.com\/leblogmoto\/2006\/02\/28\/les-nouvelles-l\/\" \/>\n<meta name=\"twitter:card\" content=\"summary_large_image\" \/>\n<meta name=\"twitter:title\" content=\"Les nouvelles livr\u00e9es. - leblogmoto.com\" \/>\n<meta name=\"twitter:description\" content=\"Le circuit de CATALUNYA rassemble cette semaine l&rsquo;ensemble du chapiteau de ce que l&rsquo;on appelait en d&rsquo;autres temps le &quot;Continental Circus&quot;. 125 et 250 vont occuper l&rsquo;attention d&rsquo;un public nombreux qui va pouvoir entrer gratuitement sur le circuit, avant qu&rsquo;en fin de semaine, les MOTOGP prennent le relai pour une petite comp\u00e9tition de la meilleure [&hellip;]\" \/>\n<meta name=\"twitter:image\" content=\"http:\/\/www.leblogmoto.com\/images\/405690_57067.jpg\" \/>\n<meta name=\"twitter:label1\" content=\"\u00c9crit par\" \/>\n\t<meta name=\"twitter:data1\" content=\"andre leconde\" \/>\n\t<meta name=\"twitter:label2\" content=\"Dur\u00e9e de lecture estim\u00e9e\" \/>\n\t<meta name=\"twitter:data2\" content=\"1 minute\" \/>\n<script type=\"application\/ld+json\" class=\"yoast-schema-graph\">{\"@context\":\"https:\/\/schema.org\",\"@graph\":[{\"@type\":\"WebPage\",\"@id\":\"https:\/\/blogs.thesocialmedia.com\/leblogmoto\/2006\/02\/28\/les-nouvelles-l\/\",\"url\":\"https:\/\/blogs.thesocialmedia.com\/leblogmoto\/2006\/02\/28\/les-nouvelles-l\/\",\"name\":\"Les nouvelles livr\u00e9es. - leblogmoto.com\",\"isPartOf\":{\"@id\":\"https:\/\/blogs.thesocialmedia.com\/leblogmoto\/#website\"},\"primaryImageOfPage\":{\"@id\":\"https:\/\/blogs.thesocialmedia.com\/leblogmoto\/2006\/02\/28\/les-nouvelles-l\/#primaryimage\"},\"image\":{\"@id\":\"https:\/\/blogs.thesocialmedia.com\/leblogmoto\/2006\/02\/28\/les-nouvelles-l\/#primaryimage\"},\"thumbnailUrl\":\"http:\/\/www.leblogmoto.com\/images\/405690_57067.jpg\",\"datePublished\":\"2006-02-28T20:24:00+00:00\",\"dateModified\":\"2012-07-11T14:16:30+00:00\",\"author\":{\"@id\":\"https:\/\/blogs.thesocialmedia.com\/leblogmoto\/#\/schema\/person\/1a1dcfc7cec206573105eb4af91155c2\"},\"breadcrumb\":{\"@id\":\"https:\/\/blogs.thesocialmedia.com\/leblogmoto\/2006\/02\/28\/les-nouvelles-l\/#breadcrumb\"},\"inLanguage\":\"fr-FR\",\"potentialAction\":[{\"@type\":\"ReadAction\",\"target\":[\"https:\/\/blogs.thesocialmedia.com\/leblogmoto\/2006\/02\/28\/les-nouvelles-l\/\"]}]},{\"@type\":\"ImageObject\",\"inLanguage\":\"fr-FR\",\"@id\":\"https:\/\/blogs.thesocialmedia.com\/leblogmoto\/2006\/02\/28\/les-nouvelles-l\/#primaryimage\",\"url\":\"http:\/\/www.leblogmoto.com\/images\/405690_57067.jpg\",\"contentUrl\":\"http:\/\/www.leblogmoto.com\/images\/405690_57067.jpg\"},{\"@type\":\"BreadcrumbList\",\"@id\":\"https:\/\/blogs.thesocialmedia.com\/leblogmoto\/2006\/02\/28\/les-nouvelles-l\/#breadcrumb\",\"itemListElement\":[{\"@type\":\"ListItem\",\"position\":1,\"name\":\"Accueil\",\"item\":\"https:\/\/blogs.thesocialmedia.com\/leblogmoto\/\"},{\"@type\":\"ListItem\",\"position\":2,\"name\":\"Les nouvelles livr\u00e9es.\"}]},{\"@type\":\"WebSite\",\"@id\":\"https:\/\/blogs.thesocialmedia.com\/leblogmoto\/#website\",\"url\":\"https:\/\/blogs.thesocialmedia.com\/leblogmoto\/\",\"name\":\"leblogmoto\",\"description\":\"Toute l&#039;actualit\u00e9 des 2 roues\",\"potentialAction\":[{\"@type\":\"SearchAction\",\"target\":{\"@type\":\"EntryPoint\",\"urlTemplate\":\"https:\/\/blogs.thesocialmedia.com\/leblogmoto\/?s={search_term_string}\"},\"query-input\":{\"@type\":\"PropertyValueSpecification\",\"valueRequired\":true,\"valueName\":\"search_term_string\"}}],\"inLanguage\":\"fr-FR\"},{\"@type\":\"Person\",\"@id\":\"https:\/\/blogs.thesocialmedia.com\/leblogmoto\/#\/schema\/person\/1a1dcfc7cec206573105eb4af91155c2\",\"name\":\"andre leconde\",\"image\":{\"@type\":\"ImageObject\",\"inLanguage\":\"fr-FR\",\"@id\":\"https:\/\/blogs.thesocialmedia.com\/leblogmoto\/#\/schema\/person\/image\/\",\"url\":\"https:\/\/secure.gravatar.com\/avatar\/?s=96&d=mm&r=g\",\"contentUrl\":\"https:\/\/secure.gravatar.com\/avatar\/?s=96&d=mm&r=g\",\"caption\":\"andre leconde\"},\"url\":\"https:\/\/blogs.thesocialmedia.com\/leblogmoto\/author\/andre-leconde\/\"}]}<\/script>\n<!-- \/ Yoast SEO plugin. -->","yoast_head_json":{"title":"Les nouvelles livr\u00e9es. - leblogmoto.com","robots":{"index":"index","follow":"follow","max-snippet":"max-snippet:-1","max-image-preview":"max-image-preview:large","max-video-preview":"max-video-preview:-1"},"canonical":"https:\/\/blogs.thesocialmedia.com\/leblogmoto\/2006\/02\/28\/les-nouvelles-l\/","twitter_card":"summary_large_image","twitter_title":"Les nouvelles livr\u00e9es. - leblogmoto.com","twitter_description":"Le circuit de CATALUNYA rassemble cette semaine l&rsquo;ensemble du chapiteau de ce que l&rsquo;on appelait en d&rsquo;autres temps le &quot;Continental Circus&quot;. 125 et 250 vont occuper l&rsquo;attention d&rsquo;un public nombreux qui va pouvoir entrer gratuitement sur le circuit, avant qu&rsquo;en fin de semaine, les MOTOGP prennent le relai pour une petite comp\u00e9tition de la meilleure [&hellip;]","twitter_image":"http:\/\/www.leblogmoto.com\/images\/405690_57067.jpg","twitter_misc":{"\u00c9crit par":"andre leconde","Dur\u00e9e de lecture estim\u00e9e":"1 minute"},"schema":{"@context":"https:\/\/schema.org","@graph":[{"@type":"WebPage","@id":"https:\/\/blogs.thesocialmedia.com\/leblogmoto\/2006\/02\/28\/les-nouvelles-l\/","url":"https:\/\/blogs.thesocialmedia.com\/leblogmoto\/2006\/02\/28\/les-nouvelles-l\/","name":"Les nouvelles livr\u00e9es. - leblogmoto.com","isPartOf":{"@id":"https:\/\/blogs.thesocialmedia.com\/leblogmoto\/#website"},"primaryImageOfPage":{"@id":"https:\/\/blogs.thesocialmedia.com\/leblogmoto\/2006\/02\/28\/les-nouvelles-l\/#primaryimage"},"image":{"@id":"https:\/\/blogs.thesocialmedia.com\/leblogmoto\/2006\/02\/28\/les-nouvelles-l\/#primaryimage"},"thumbnailUrl":"http:\/\/www.leblogmoto.com\/images\/405690_57067.jpg","datePublished":"2006-02-28T20:24:00+00:00","dateModified":"2012-07-11T14:16:30+00:00","author":{"@id":"https:\/\/blogs.thesocialmedia.com\/leblogmoto\/#\/schema\/person\/1a1dcfc7cec206573105eb4af91155c2"},"breadcrumb":{"@id":"https:\/\/blogs.thesocialmedia.com\/leblogmoto\/2006\/02\/28\/les-nouvelles-l\/#breadcrumb"},"inLanguage":"fr-FR","potentialAction":[{"@type":"ReadAction","target":["https:\/\/blogs.thesocialmedia.com\/leblogmoto\/2006\/02\/28\/les-nouvelles-l\/"]}]},{"@type":"ImageObject","inLanguage":"fr-FR","@id":"https:\/\/blogs.thesocialmedia.com\/leblogmoto\/2006\/02\/28\/les-nouvelles-l\/#primaryimage","url":"http:\/\/www.leblogmoto.com\/images\/405690_57067.jpg","contentUrl":"http:\/\/www.leblogmoto.com\/images\/405690_57067.jpg"},{"@type":"BreadcrumbList","@id":"https:\/\/blogs.thesocialmedia.com\/leblogmoto\/2006\/02\/28\/les-nouvelles-l\/#breadcrumb","itemListElement":[{"@type":"ListItem","position":1,"name":"Accueil","item":"https:\/\/blogs.thesocialmedia.com\/leblogmoto\/"},{"@type":"ListItem","position":2,"name":"Les nouvelles livr\u00e9es."}]},{"@type":"WebSite","@id":"https:\/\/blogs.thesocialmedia.com\/leblogmoto\/#website","url":"https:\/\/blogs.thesocialmedia.com\/leblogmoto\/","name":"leblogmoto","description":"Toute l&#039;actualit\u00e9 des 2 roues","potentialAction":[{"@type":"SearchAction","target":{"@type":"EntryPoint","urlTemplate":"https:\/\/blogs.thesocialmedia.com\/leblogmoto\/?s={search_term_string}"},"query-input":{"@type":"PropertyValueSpecification","valueRequired":true,"valueName":"search_term_string"}}],"inLanguage":"fr-FR"},{"@type":"Person","@id":"https:\/\/blogs.thesocialmedia.com\/leblogmoto\/#\/schema\/person\/1a1dcfc7cec206573105eb4af91155c2","name":"andre leconde","image":{"@type":"ImageObject","inLanguage":"fr-FR","@id":"https:\/\/blogs.thesocialmedia.com\/leblogmoto\/#\/schema\/person\/image\/","url":"https:\/\/secure.gravatar.com\/avatar\/?s=96&d=mm&r=g","contentUrl":"https:\/\/secure.gravatar.com\/avatar\/?s=96&d=mm&r=g","caption":"andre leconde"},"url":"https:\/\/blogs.thesocialmedia.com\/leblogmoto\/author\/andre-leconde\/"}]}},"_links":{"self":[{"href":"https:\/\/blogs.thesocialmedia.com\/leblogmoto\/wp-json\/wp\/v2\/posts\/2029","targetHints":{"allow":["GET"]}}],"collection":[{"href":"https:\/\/blogs.thesocialmedia.com\/leblogmoto\/wp-json\/wp\/v2\/posts"}],"about":[{"href":"https:\/\/blogs.thesocialmedia.com\/leblogmoto\/wp-json\/wp\/v2\/types\/post"}],"author":[{"embeddable":true,"href":"https:\/\/blogs.thesocialmedia.com\/leblogmoto\/wp-json\/wp\/v2\/users\/336"}],"replies":[{"embeddable":true,"href":"https:\/\/blogs.thesocialmedia.com\/leblogmoto\/wp-json\/wp\/v2\/comments?post=2029"}],"version-history":[{"count":2,"href":"https:\/\/blogs.thesocialmedia.com\/leblogmoto\/wp-json\/wp\/v2\/posts\/2029\/revisions"}],"predecessor-version":[{"id":7092,"href":"https:\/\/blogs.thesocialmedia.com\/leblogmoto\/wp-json\/wp\/v2\/posts\/2029\/revisions\/7092"}],"wp:attachment":[{"href":"https:\/\/blogs.thesocialmedia.com\/leblogmoto\/wp-json\/wp\/v2\/media?parent=2029"}],"wp:term":[{"taxonomy":"category","embeddable":true,"href":"https:\/\/blogs.thesocialmedia.com\/leblogmoto\/wp-json\/wp\/v2\/categories?post=2029"},{"taxonomy":"post_tag","embeddable":true,"href":"https:\/\/blogs.thesocialmedia.com\/leblogmoto\/wp-json\/wp\/v2\/tags?post=2029"}],"curies":[{"name":"wp","href":"https:\/\/api.w.org\/{rel}","templated":true}]}}