{"id":203,"date":"2009-03-30T22:39:59","date_gmt":"2009-03-30T22:39:59","guid":{"rendered":"http:\/\/blogs.thesocialmedia.com\/leblogmoto\/2009\/03\/30\/mz-renait-de-ses-cendres\/"},"modified":"2012-07-11T17:15:55","modified_gmt":"2012-07-11T17:15:55","slug":"mz-renait-de-ses-cendres","status":"publish","type":"post","link":"https:\/\/blogs.thesocialmedia.com\/leblogmoto\/2009\/03\/30\/mz-renait-de-ses-cendres\/","title":{"rendered":"MZ rena\u00eet de ses cendres."},"content":{"rendered":"<p><a href=\"http:\/\/blogs.thesocialmedia.com\/leblogmoto\/files\/2012\/07\/6a00d83451b18369e201156e8e283f970c-popup.png\"><img decoding=\"async\" alt=\"MZ-RT-125\" class=\"at-xid-6a00d83451b18369e201156e8e283f970c \" src=\"http:\/\/blogs.thesocialmedia.com\/leblogmoto\/files\/2012\/07\/6a00d83451b18369e201156e8e283f970c-500wi.jpg\" style=\"width: 470px\" \/><\/a> <\/p>\n<p>Je r\u00e9pondais encore r\u00e9cemment \u00e0 une question de l&#039;un d&#039;entre-vous au sujet de MZ, dans les commentaires de <a href=\"http:\/\/www.leblogmoto.com\/2008\/06\/le-constructeur.html\">cet article<\/a>, et pour tout vous avouer je ne m&#039;attendais pas \u00e0 un tel retournement de situation. MZ avait, pensait-on, d\u00e9finitivement mis la cl\u00e9 sous la porte en d\u00e9cembre dernier, depuis que les investisseurs malaisiens lui avaient retir\u00e9 leur soutien financier. Et l&#039;ancienne usine est-allemande, lieu historique de cet entreprise plus que centenaire, \u00e9tait transform\u00e9e en bo\u00eete de nuit. L&#039;entreprise rachet\u00e9e par les investisseurs de Hong Leong vient d&#039;\u00eatre revendue par ceux-ci \u00e0 Martin Wimmer, homme d&#039;affaire allemand, et ancien pilote de grands prix en 250. Pour le coup l&#039;entreprise change de nom, et de Motoradwerk und Zweiradwerk devient MWZ pour MotorenWerk Zschopau Gmbh, un clin d&#039;oeil \u00e0 sa d\u00e9nomination d&#039;origine. La soci\u00e9t\u00e9 retourne donc dans le giron germanique, l&#039;honneur est sauf, mais plus que tout, c&#039;est la satisfaction de voir sauvegard\u00e9 un savoir-faire reconnu en moteurs de petites cylindr\u00e9es. Leur 125 quatre temps (ici un <a href=\"http:\/\/www.muz.de\/\">MZ<\/a> RT) est en effet consid\u00e9r\u00e9 par certains comme le plus fiable sur le march\u00e9.&#160;<\/p>\n<\/p>\n<p>Cette pr\u00e9cision sur le cubage a son importance, puisque dans le transfert de propri\u00e9t\u00e9, les droits sur les moteurs de 1000cc n&#039;ont, <em>\u00e0 ce jour<\/em>, pas \u00e9t\u00e9 c\u00e9d\u00e9s. C&#039;est vrai que \u00e7a n&#039;a pas l&#039;air comme \u00e7a, mais le premier avril (et ce n&#039;est pas une farce), on se r\u00e9veillera avec un constructeur europ\u00e9en &quot;de plus&quot;.<\/p>\n","protected":false},"excerpt":{"rendered":"<p>Je r\u00e9pondais encore r\u00e9cemment \u00e0 une question de l&#039;un d&#039;entre-vous au sujet de MZ, dans les commentaires de cet article, et pour tout vous avouer je ne m&#039;attendais pas \u00e0 un tel retournement de situation. MZ avait, pensait-on, d\u00e9finitivement mis la cl\u00e9 sous la porte en d\u00e9cembre dernier, depuis que les investisseurs malaisiens lui avaient [&hellip;]<\/p>\n","protected":false},"author":324,"featured_media":13101,"comment_status":"open","ping_status":"open","sticky":false,"template":"","format":"standard","meta":{"footnotes":""},"categories":[49,75],"tags":[],"class_list":["post-203","post","type-post","status-publish","format-standard","has-post-thumbnail","hentry","category-actualites-entreprise","category-mz"],"yoast_head":"<!-- This site is optimized with the Yoast SEO plugin v26.0 - https:\/\/yoast.com\/wordpress\/plugins\/seo\/ -->\n<title>MZ rena\u00eet de ses cendres. - leblogmoto.com<\/title>\n<meta name=\"robots\" content=\"index, follow, max-snippet:-1, max-image-preview:large, max-video-preview:-1\" \/>\n<link rel=\"canonical\" href=\"https:\/\/blogs.thesocialmedia.com\/leblogmoto\/2009\/03\/30\/mz-renait-de-ses-cendres\/\" \/>\n<meta name=\"twitter:card\" content=\"summary_large_image\" \/>\n<meta name=\"twitter:title\" content=\"MZ rena\u00eet de ses cendres. - leblogmoto.com\" \/>\n<meta name=\"twitter:description\" content=\"Je r\u00e9pondais encore r\u00e9cemment \u00e0 une question de l&#039;un d&#039;entre-vous au sujet de MZ, dans les commentaires de cet article, et pour tout vous avouer je ne m&#039;attendais pas \u00e0 un tel retournement de situation. MZ avait, pensait-on, d\u00e9finitivement mis la cl\u00e9 sous la porte en d\u00e9cembre dernier, depuis que les investisseurs malaisiens lui avaient [&hellip;]\" \/>\n<meta name=\"twitter:image\" content=\"https:\/\/blogs.thesocialmedia.com\/leblogmoto\/files\/2012\/07\/6a00d83451b18369e201156e8e283f970c-500wi.jpg\" \/>\n<meta name=\"twitter:label1\" content=\"\u00c9crit par\" \/>\n\t<meta name=\"twitter:data1\" content=\"benoit rieu\" \/>\n\t<meta name=\"twitter:label2\" content=\"Dur\u00e9e de lecture estim\u00e9e\" \/>\n\t<meta name=\"twitter:data2\" content=\"1 minute\" \/>\n<script type=\"application\/ld+json\" class=\"yoast-schema-graph\">{\"@context\":\"https:\/\/schema.org\",\"@graph\":[{\"@type\":\"WebPage\",\"@id\":\"https:\/\/blogs.thesocialmedia.com\/leblogmoto\/2009\/03\/30\/mz-renait-de-ses-cendres\/\",\"url\":\"https:\/\/blogs.thesocialmedia.com\/leblogmoto\/2009\/03\/30\/mz-renait-de-ses-cendres\/\",\"name\":\"MZ rena\u00eet de ses cendres. - leblogmoto.com\",\"isPartOf\":{\"@id\":\"https:\/\/blogs.thesocialmedia.com\/leblogmoto\/#website\"},\"primaryImageOfPage\":{\"@id\":\"https:\/\/blogs.thesocialmedia.com\/leblogmoto\/2009\/03\/30\/mz-renait-de-ses-cendres\/#primaryimage\"},\"image\":{\"@id\":\"https:\/\/blogs.thesocialmedia.com\/leblogmoto\/2009\/03\/30\/mz-renait-de-ses-cendres\/#primaryimage\"},\"thumbnailUrl\":\"https:\/\/blogs.thesocialmedia.com\/leblogmoto\/files\/2012\/07\/6a00d83451b18369e201156e8e283f970c-500wi.jpg\",\"datePublished\":\"2009-03-30T22:39:59+00:00\",\"dateModified\":\"2012-07-11T17:15:55+00:00\",\"author\":{\"@id\":\"https:\/\/blogs.thesocialmedia.com\/leblogmoto\/#\/schema\/person\/18bfe773e5725ed6d24f743da805362a\"},\"breadcrumb\":{\"@id\":\"https:\/\/blogs.thesocialmedia.com\/leblogmoto\/2009\/03\/30\/mz-renait-de-ses-cendres\/#breadcrumb\"},\"inLanguage\":\"fr-FR\",\"potentialAction\":[{\"@type\":\"ReadAction\",\"target\":[\"https:\/\/blogs.thesocialmedia.com\/leblogmoto\/2009\/03\/30\/mz-renait-de-ses-cendres\/\"]}]},{\"@type\":\"ImageObject\",\"inLanguage\":\"fr-FR\",\"@id\":\"https:\/\/blogs.thesocialmedia.com\/leblogmoto\/2009\/03\/30\/mz-renait-de-ses-cendres\/#primaryimage\",\"url\":\"https:\/\/blogs.thesocialmedia.com\/leblogmoto\/files\/2012\/07\/6a00d83451b18369e201156e8e283f970c-500wi.jpg\",\"contentUrl\":\"https:\/\/blogs.thesocialmedia.com\/leblogmoto\/files\/2012\/07\/6a00d83451b18369e201156e8e283f970c-500wi.jpg\",\"width\":\"500\",\"height\":\"388\"},{\"@type\":\"BreadcrumbList\",\"@id\":\"https:\/\/blogs.thesocialmedia.com\/leblogmoto\/2009\/03\/30\/mz-renait-de-ses-cendres\/#breadcrumb\",\"itemListElement\":[{\"@type\":\"ListItem\",\"position\":1,\"name\":\"Accueil\",\"item\":\"https:\/\/blogs.thesocialmedia.com\/leblogmoto\/\"},{\"@type\":\"ListItem\",\"position\":2,\"name\":\"MZ rena\u00eet de ses cendres.\"}]},{\"@type\":\"WebSite\",\"@id\":\"https:\/\/blogs.thesocialmedia.com\/leblogmoto\/#website\",\"url\":\"https:\/\/blogs.thesocialmedia.com\/leblogmoto\/\",\"name\":\"leblogmoto\",\"description\":\"Toute l&#039;actualit\u00e9 des 2 roues\",\"potentialAction\":[{\"@type\":\"SearchAction\",\"target\":{\"@type\":\"EntryPoint\",\"urlTemplate\":\"https:\/\/blogs.thesocialmedia.com\/leblogmoto\/?s={search_term_string}\"},\"query-input\":{\"@type\":\"PropertyValueSpecification\",\"valueRequired\":true,\"valueName\":\"search_term_string\"}}],\"inLanguage\":\"fr-FR\"},{\"@type\":\"Person\",\"@id\":\"https:\/\/blogs.thesocialmedia.com\/leblogmoto\/#\/schema\/person\/18bfe773e5725ed6d24f743da805362a\",\"name\":\"benoit rieu\",\"image\":{\"@type\":\"ImageObject\",\"inLanguage\":\"fr-FR\",\"@id\":\"https:\/\/blogs.thesocialmedia.com\/leblogmoto\/#\/schema\/person\/image\/\",\"url\":\"https:\/\/secure.gravatar.com\/avatar\/?s=96&d=mm&r=g\",\"contentUrl\":\"https:\/\/secure.gravatar.com\/avatar\/?s=96&d=mm&r=g\",\"caption\":\"benoit rieu\"},\"url\":\"https:\/\/blogs.thesocialmedia.com\/leblogmoto\/author\/benoit-rieu\/\"}]}<\/script>\n<!-- \/ Yoast SEO plugin. -->","yoast_head_json":{"title":"MZ rena\u00eet de ses cendres. - leblogmoto.com","robots":{"index":"index","follow":"follow","max-snippet":"max-snippet:-1","max-image-preview":"max-image-preview:large","max-video-preview":"max-video-preview:-1"},"canonical":"https:\/\/blogs.thesocialmedia.com\/leblogmoto\/2009\/03\/30\/mz-renait-de-ses-cendres\/","twitter_card":"summary_large_image","twitter_title":"MZ rena\u00eet de ses cendres. - leblogmoto.com","twitter_description":"Je r\u00e9pondais encore r\u00e9cemment \u00e0 une question de l&#039;un d&#039;entre-vous au sujet de MZ, dans les commentaires de cet article, et pour tout vous avouer je ne m&#039;attendais pas \u00e0 un tel retournement de situation. MZ avait, pensait-on, d\u00e9finitivement mis la cl\u00e9 sous la porte en d\u00e9cembre dernier, depuis que les investisseurs malaisiens lui avaient [&hellip;]","twitter_image":"https:\/\/blogs.thesocialmedia.com\/leblogmoto\/files\/2012\/07\/6a00d83451b18369e201156e8e283f970c-500wi.jpg","twitter_misc":{"\u00c9crit par":"benoit rieu","Dur\u00e9e de lecture estim\u00e9e":"1 minute"},"schema":{"@context":"https:\/\/schema.org","@graph":[{"@type":"WebPage","@id":"https:\/\/blogs.thesocialmedia.com\/leblogmoto\/2009\/03\/30\/mz-renait-de-ses-cendres\/","url":"https:\/\/blogs.thesocialmedia.com\/leblogmoto\/2009\/03\/30\/mz-renait-de-ses-cendres\/","name":"MZ rena\u00eet de ses cendres. - leblogmoto.com","isPartOf":{"@id":"https:\/\/blogs.thesocialmedia.com\/leblogmoto\/#website"},"primaryImageOfPage":{"@id":"https:\/\/blogs.thesocialmedia.com\/leblogmoto\/2009\/03\/30\/mz-renait-de-ses-cendres\/#primaryimage"},"image":{"@id":"https:\/\/blogs.thesocialmedia.com\/leblogmoto\/2009\/03\/30\/mz-renait-de-ses-cendres\/#primaryimage"},"thumbnailUrl":"https:\/\/blogs.thesocialmedia.com\/leblogmoto\/files\/2012\/07\/6a00d83451b18369e201156e8e283f970c-500wi.jpg","datePublished":"2009-03-30T22:39:59+00:00","dateModified":"2012-07-11T17:15:55+00:00","author":{"@id":"https:\/\/blogs.thesocialmedia.com\/leblogmoto\/#\/schema\/person\/18bfe773e5725ed6d24f743da805362a"},"breadcrumb":{"@id":"https:\/\/blogs.thesocialmedia.com\/leblogmoto\/2009\/03\/30\/mz-renait-de-ses-cendres\/#breadcrumb"},"inLanguage":"fr-FR","potentialAction":[{"@type":"ReadAction","target":["https:\/\/blogs.thesocialmedia.com\/leblogmoto\/2009\/03\/30\/mz-renait-de-ses-cendres\/"]}]},{"@type":"ImageObject","inLanguage":"fr-FR","@id":"https:\/\/blogs.thesocialmedia.com\/leblogmoto\/2009\/03\/30\/mz-renait-de-ses-cendres\/#primaryimage","url":"https:\/\/blogs.thesocialmedia.com\/leblogmoto\/files\/2012\/07\/6a00d83451b18369e201156e8e283f970c-500wi.jpg","contentUrl":"https:\/\/blogs.thesocialmedia.com\/leblogmoto\/files\/2012\/07\/6a00d83451b18369e201156e8e283f970c-500wi.jpg","width":"500","height":"388"},{"@type":"BreadcrumbList","@id":"https:\/\/blogs.thesocialmedia.com\/leblogmoto\/2009\/03\/30\/mz-renait-de-ses-cendres\/#breadcrumb","itemListElement":[{"@type":"ListItem","position":1,"name":"Accueil","item":"https:\/\/blogs.thesocialmedia.com\/leblogmoto\/"},{"@type":"ListItem","position":2,"name":"MZ rena\u00eet de ses cendres."}]},{"@type":"WebSite","@id":"https:\/\/blogs.thesocialmedia.com\/leblogmoto\/#website","url":"https:\/\/blogs.thesocialmedia.com\/leblogmoto\/","name":"leblogmoto","description":"Toute l&#039;actualit\u00e9 des 2 roues","potentialAction":[{"@type":"SearchAction","target":{"@type":"EntryPoint","urlTemplate":"https:\/\/blogs.thesocialmedia.com\/leblogmoto\/?s={search_term_string}"},"query-input":{"@type":"PropertyValueSpecification","valueRequired":true,"valueName":"search_term_string"}}],"inLanguage":"fr-FR"},{"@type":"Person","@id":"https:\/\/blogs.thesocialmedia.com\/leblogmoto\/#\/schema\/person\/18bfe773e5725ed6d24f743da805362a","name":"benoit rieu","image":{"@type":"ImageObject","inLanguage":"fr-FR","@id":"https:\/\/blogs.thesocialmedia.com\/leblogmoto\/#\/schema\/person\/image\/","url":"https:\/\/secure.gravatar.com\/avatar\/?s=96&d=mm&r=g","contentUrl":"https:\/\/secure.gravatar.com\/avatar\/?s=96&d=mm&r=g","caption":"benoit rieu"},"url":"https:\/\/blogs.thesocialmedia.com\/leblogmoto\/author\/benoit-rieu\/"}]}},"_links":{"self":[{"href":"https:\/\/blogs.thesocialmedia.com\/leblogmoto\/wp-json\/wp\/v2\/posts\/203","targetHints":{"allow":["GET"]}}],"collection":[{"href":"https:\/\/blogs.thesocialmedia.com\/leblogmoto\/wp-json\/wp\/v2\/posts"}],"about":[{"href":"https:\/\/blogs.thesocialmedia.com\/leblogmoto\/wp-json\/wp\/v2\/types\/post"}],"author":[{"embeddable":true,"href":"https:\/\/blogs.thesocialmedia.com\/leblogmoto\/wp-json\/wp\/v2\/users\/324"}],"replies":[{"embeddable":true,"href":"https:\/\/blogs.thesocialmedia.com\/leblogmoto\/wp-json\/wp\/v2\/comments?post=203"}],"version-history":[{"count":2,"href":"https:\/\/blogs.thesocialmedia.com\/leblogmoto\/wp-json\/wp\/v2\/posts\/203\/revisions"}],"predecessor-version":[{"id":13103,"href":"https:\/\/blogs.thesocialmedia.com\/leblogmoto\/wp-json\/wp\/v2\/posts\/203\/revisions\/13103"}],"wp:featuredmedia":[{"embeddable":true,"href":"https:\/\/blogs.thesocialmedia.com\/leblogmoto\/wp-json\/wp\/v2\/media\/13101"}],"wp:attachment":[{"href":"https:\/\/blogs.thesocialmedia.com\/leblogmoto\/wp-json\/wp\/v2\/media?parent=203"}],"wp:term":[{"taxonomy":"category","embeddable":true,"href":"https:\/\/blogs.thesocialmedia.com\/leblogmoto\/wp-json\/wp\/v2\/categories?post=203"},{"taxonomy":"post_tag","embeddable":true,"href":"https:\/\/blogs.thesocialmedia.com\/leblogmoto\/wp-json\/wp\/v2\/tags?post=203"}],"curies":[{"name":"wp","href":"https:\/\/api.w.org\/{rel}","templated":true}]}}