{"id":2031,"date":"2006-02-28T16:26:00","date_gmt":"2006-02-28T16:26:00","guid":{"rendered":"http:\/\/blogs.thesocialmedia.com\/leblogmoto\/2006\/02\/28\/la-hp2-aussi-en\/"},"modified":"2012-07-11T14:16:27","modified_gmt":"2012-07-11T14:16:27","slug":"la-hp2-aussi-en","status":"publish","type":"post","link":"https:\/\/blogs.thesocialmedia.com\/leblogmoto\/2006\/02\/28\/la-hp2-aussi-en\/","title":{"rendered":"BMW HP2: aussi pour le Supermotard."},"content":{"rendered":"<p><a href=\"http:\/\/blogs.thesocialmedia.com\/leblogmoto\/files\/2012\/07\/images_38.jpg\"><\/a><\/p>\n<p><a href=\"http:\/\/www.leblogmoto.com\/2006\/01\/post_4.html\"><img loading=\"lazy\" decoding=\"async\" height=\"187\" alt=\"Hp2_supermoto\" src=\"http:\/\/www.leblogmoto.com\/images\/hp2_supermoto.jpg\" width=\"250\"  \/><\/a>Le <a href=\"http:\/\/www.leblogmoto.com\/2006\/01\/post_4.html\">concept HP2 de BMW<\/a> conna\u00eet un certain succ\u00e8s d&rsquo;estime parmi le milieu enduriste. Le ph\u00e9nom\u00e8ne est tel, qu&rsquo;il a \u00e9t\u00e9 essay\u00e9 tr\u00e8s officiellemment par les gens de la Police Nationale lors de <a href=\"http:\/\/www.leblogmoto.com\/2006\/02\/enduropale_timo.html\">l&rsquo;Enduropale,<\/a> de quoi r\u00e9affirmer une pr\u00e9sence au sein d&rsquo;une Administration port\u00e9e vers une <a href=\"http:\/\/www.leblogmoto.com\/2006\/01\/bmw_exicone_de_.html\">infid\u00e9lit\u00e9 nippone<\/a>.<\/p>\n<p>La HP2 ne pouvait en rester l\u00e0, et voil\u00e0 que <a href=\"http:\/\/www.leblogmoto.com\/2006\/02\/post_1.html\">BMW<\/a> la lance dans l&rsquo;univers du <strong>Supermotard<\/strong>. L&rsquo;id\u00e9e avait d\u00e9j\u00e0 fait son chemin, comme le d\u00e9montre cette \u00e9bauche du pr\u00e9parateur <strong>AC SCHNITZER<\/strong>. Maintenant, voici la version de l&rsquo;usine&#8230;&nbsp; &nbsp;&nbsp; &nbsp;&nbsp; <\/p>\n<p><a href=\"http:\/\/clabedan.typepad.com\/.shared\/image.html?\/photos\/uncategorized\/bmw_hp2_sm_01.jpg\"><img loading=\"lazy\" decoding=\"async\" height=\"146\" alt=\"Bmw_hp2_sm_01\" src=\"http:\/\/www.leblogmoto.com\/images\/bmw_hp2_sm_01.jpg\" width=\"250\"  \/><\/a>Le <a href=\"http:\/\/www.leblogmoto.com\/2005\/11\/bmw_r_1200_s.html\">1200<\/a> de la GS ira donc go\u00fbter de la cat\u00e9gorie avec un environnement remani\u00e9 au niveau du freinage et des gommes.<\/p>\n<p>Pour ces derni\u00e8res, <strong>cinq<\/strong> choix sont au catalogue: Continental Road Attack, Bridgestone BT020, Metzeler Roadtec Z6 et Pirelli Scorpion Sync ou Diabolo Strada.<\/p>\n<p>L&rsquo;ensemble est vendu en <strong>kit<\/strong> sur une base d&rsquo;Enduro. Ou <strong>complet<\/strong>, au tarif de <strong>16 900<\/strong> euros. Ce n&rsquo;est pas donn\u00e9, mais \u00e7a, au regard de la base, on s&rsquo;en serait dout\u00e9.&nbsp; <\/p>\n<p>SOURCE: <a href=\"http:\/\/www.motoblog.it\">www.motoblog.it<\/a> <\/p>\n","protected":false},"excerpt":{"rendered":"<p>Le concept HP2 de BMW conna\u00eet un certain succ\u00e8s d&rsquo;estime parmi le milieu enduriste. Le ph\u00e9nom\u00e8ne est tel, qu&rsquo;il a \u00e9t\u00e9 essay\u00e9 tr\u00e8s officiellemment par les gens de la Police Nationale lors de l&rsquo;Enduropale, de quoi r\u00e9affirmer une pr\u00e9sence au sein d&rsquo;une Administration port\u00e9e vers une infid\u00e9lit\u00e9 nippone. La HP2 ne pouvait en rester l\u00e0, [&hellip;]<\/p>\n","protected":false},"author":336,"featured_media":0,"comment_status":"open","ping_status":"open","sticky":false,"template":"","format":"standard","meta":{"footnotes":""},"categories":[7],"tags":[],"class_list":["post-2031","post","type-post","status-publish","format-standard","hentry","category-bmw"],"yoast_head":"<!-- This site is optimized with the Yoast SEO plugin v26.0 - https:\/\/yoast.com\/wordpress\/plugins\/seo\/ -->\n<title>BMW HP2: aussi pour le Supermotard. - leblogmoto.com<\/title>\n<meta name=\"robots\" content=\"index, follow, max-snippet:-1, max-image-preview:large, max-video-preview:-1\" \/>\n<link rel=\"canonical\" href=\"https:\/\/blogs.thesocialmedia.com\/leblogmoto\/2006\/02\/28\/la-hp2-aussi-en\/\" \/>\n<meta name=\"twitter:card\" content=\"summary_large_image\" \/>\n<meta name=\"twitter:title\" content=\"BMW HP2: aussi pour le Supermotard. - leblogmoto.com\" \/>\n<meta name=\"twitter:description\" content=\"Le concept HP2 de BMW conna\u00eet un certain succ\u00e8s d&rsquo;estime parmi le milieu enduriste. Le ph\u00e9nom\u00e8ne est tel, qu&rsquo;il a \u00e9t\u00e9 essay\u00e9 tr\u00e8s officiellemment par les gens de la Police Nationale lors de l&rsquo;Enduropale, de quoi r\u00e9affirmer une pr\u00e9sence au sein d&rsquo;une Administration port\u00e9e vers une infid\u00e9lit\u00e9 nippone. La HP2 ne pouvait en rester l\u00e0, [&hellip;]\" \/>\n<meta name=\"twitter:image\" content=\"http:\/\/www.leblogmoto.com\/images\/hp2_supermoto.jpg\" \/>\n<meta name=\"twitter:label1\" content=\"\u00c9crit par\" \/>\n\t<meta name=\"twitter:data1\" content=\"andre leconde\" \/>\n\t<meta name=\"twitter:label2\" content=\"Dur\u00e9e de lecture estim\u00e9e\" \/>\n\t<meta name=\"twitter:data2\" content=\"1 minute\" \/>\n<script type=\"application\/ld+json\" class=\"yoast-schema-graph\">{\"@context\":\"https:\/\/schema.org\",\"@graph\":[{\"@type\":\"WebPage\",\"@id\":\"https:\/\/blogs.thesocialmedia.com\/leblogmoto\/2006\/02\/28\/la-hp2-aussi-en\/\",\"url\":\"https:\/\/blogs.thesocialmedia.com\/leblogmoto\/2006\/02\/28\/la-hp2-aussi-en\/\",\"name\":\"BMW HP2: aussi pour le Supermotard. - leblogmoto.com\",\"isPartOf\":{\"@id\":\"https:\/\/blogs.thesocialmedia.com\/leblogmoto\/#website\"},\"primaryImageOfPage\":{\"@id\":\"https:\/\/blogs.thesocialmedia.com\/leblogmoto\/2006\/02\/28\/la-hp2-aussi-en\/#primaryimage\"},\"image\":{\"@id\":\"https:\/\/blogs.thesocialmedia.com\/leblogmoto\/2006\/02\/28\/la-hp2-aussi-en\/#primaryimage\"},\"thumbnailUrl\":\"http:\/\/www.leblogmoto.com\/images\/hp2_supermoto.jpg\",\"datePublished\":\"2006-02-28T16:26:00+00:00\",\"dateModified\":\"2012-07-11T14:16:27+00:00\",\"author\":{\"@id\":\"https:\/\/blogs.thesocialmedia.com\/leblogmoto\/#\/schema\/person\/1a1dcfc7cec206573105eb4af91155c2\"},\"breadcrumb\":{\"@id\":\"https:\/\/blogs.thesocialmedia.com\/leblogmoto\/2006\/02\/28\/la-hp2-aussi-en\/#breadcrumb\"},\"inLanguage\":\"fr-FR\",\"potentialAction\":[{\"@type\":\"ReadAction\",\"target\":[\"https:\/\/blogs.thesocialmedia.com\/leblogmoto\/2006\/02\/28\/la-hp2-aussi-en\/\"]}]},{\"@type\":\"ImageObject\",\"inLanguage\":\"fr-FR\",\"@id\":\"https:\/\/blogs.thesocialmedia.com\/leblogmoto\/2006\/02\/28\/la-hp2-aussi-en\/#primaryimage\",\"url\":\"http:\/\/www.leblogmoto.com\/images\/hp2_supermoto.jpg\",\"contentUrl\":\"http:\/\/www.leblogmoto.com\/images\/hp2_supermoto.jpg\"},{\"@type\":\"BreadcrumbList\",\"@id\":\"https:\/\/blogs.thesocialmedia.com\/leblogmoto\/2006\/02\/28\/la-hp2-aussi-en\/#breadcrumb\",\"itemListElement\":[{\"@type\":\"ListItem\",\"position\":1,\"name\":\"Accueil\",\"item\":\"https:\/\/blogs.thesocialmedia.com\/leblogmoto\/\"},{\"@type\":\"ListItem\",\"position\":2,\"name\":\"BMW HP2: aussi pour le Supermotard.\"}]},{\"@type\":\"WebSite\",\"@id\":\"https:\/\/blogs.thesocialmedia.com\/leblogmoto\/#website\",\"url\":\"https:\/\/blogs.thesocialmedia.com\/leblogmoto\/\",\"name\":\"leblogmoto\",\"description\":\"Toute l&#039;actualit\u00e9 des 2 roues\",\"potentialAction\":[{\"@type\":\"SearchAction\",\"target\":{\"@type\":\"EntryPoint\",\"urlTemplate\":\"https:\/\/blogs.thesocialmedia.com\/leblogmoto\/?s={search_term_string}\"},\"query-input\":{\"@type\":\"PropertyValueSpecification\",\"valueRequired\":true,\"valueName\":\"search_term_string\"}}],\"inLanguage\":\"fr-FR\"},{\"@type\":\"Person\",\"@id\":\"https:\/\/blogs.thesocialmedia.com\/leblogmoto\/#\/schema\/person\/1a1dcfc7cec206573105eb4af91155c2\",\"name\":\"andre leconde\",\"image\":{\"@type\":\"ImageObject\",\"inLanguage\":\"fr-FR\",\"@id\":\"https:\/\/blogs.thesocialmedia.com\/leblogmoto\/#\/schema\/person\/image\/\",\"url\":\"https:\/\/secure.gravatar.com\/avatar\/?s=96&d=mm&r=g\",\"contentUrl\":\"https:\/\/secure.gravatar.com\/avatar\/?s=96&d=mm&r=g\",\"caption\":\"andre leconde\"},\"url\":\"https:\/\/blogs.thesocialmedia.com\/leblogmoto\/author\/andre-leconde\/\"}]}<\/script>\n<!-- \/ Yoast SEO plugin. -->","yoast_head_json":{"title":"BMW HP2: aussi pour le Supermotard. - leblogmoto.com","robots":{"index":"index","follow":"follow","max-snippet":"max-snippet:-1","max-image-preview":"max-image-preview:large","max-video-preview":"max-video-preview:-1"},"canonical":"https:\/\/blogs.thesocialmedia.com\/leblogmoto\/2006\/02\/28\/la-hp2-aussi-en\/","twitter_card":"summary_large_image","twitter_title":"BMW HP2: aussi pour le Supermotard. - leblogmoto.com","twitter_description":"Le concept HP2 de BMW conna\u00eet un certain succ\u00e8s d&rsquo;estime parmi le milieu enduriste. Le ph\u00e9nom\u00e8ne est tel, qu&rsquo;il a \u00e9t\u00e9 essay\u00e9 tr\u00e8s officiellemment par les gens de la Police Nationale lors de l&rsquo;Enduropale, de quoi r\u00e9affirmer une pr\u00e9sence au sein d&rsquo;une Administration port\u00e9e vers une infid\u00e9lit\u00e9 nippone. La HP2 ne pouvait en rester l\u00e0, [&hellip;]","twitter_image":"http:\/\/www.leblogmoto.com\/images\/hp2_supermoto.jpg","twitter_misc":{"\u00c9crit par":"andre leconde","Dur\u00e9e de lecture estim\u00e9e":"1 minute"},"schema":{"@context":"https:\/\/schema.org","@graph":[{"@type":"WebPage","@id":"https:\/\/blogs.thesocialmedia.com\/leblogmoto\/2006\/02\/28\/la-hp2-aussi-en\/","url":"https:\/\/blogs.thesocialmedia.com\/leblogmoto\/2006\/02\/28\/la-hp2-aussi-en\/","name":"BMW HP2: aussi pour le Supermotard. - leblogmoto.com","isPartOf":{"@id":"https:\/\/blogs.thesocialmedia.com\/leblogmoto\/#website"},"primaryImageOfPage":{"@id":"https:\/\/blogs.thesocialmedia.com\/leblogmoto\/2006\/02\/28\/la-hp2-aussi-en\/#primaryimage"},"image":{"@id":"https:\/\/blogs.thesocialmedia.com\/leblogmoto\/2006\/02\/28\/la-hp2-aussi-en\/#primaryimage"},"thumbnailUrl":"http:\/\/www.leblogmoto.com\/images\/hp2_supermoto.jpg","datePublished":"2006-02-28T16:26:00+00:00","dateModified":"2012-07-11T14:16:27+00:00","author":{"@id":"https:\/\/blogs.thesocialmedia.com\/leblogmoto\/#\/schema\/person\/1a1dcfc7cec206573105eb4af91155c2"},"breadcrumb":{"@id":"https:\/\/blogs.thesocialmedia.com\/leblogmoto\/2006\/02\/28\/la-hp2-aussi-en\/#breadcrumb"},"inLanguage":"fr-FR","potentialAction":[{"@type":"ReadAction","target":["https:\/\/blogs.thesocialmedia.com\/leblogmoto\/2006\/02\/28\/la-hp2-aussi-en\/"]}]},{"@type":"ImageObject","inLanguage":"fr-FR","@id":"https:\/\/blogs.thesocialmedia.com\/leblogmoto\/2006\/02\/28\/la-hp2-aussi-en\/#primaryimage","url":"http:\/\/www.leblogmoto.com\/images\/hp2_supermoto.jpg","contentUrl":"http:\/\/www.leblogmoto.com\/images\/hp2_supermoto.jpg"},{"@type":"BreadcrumbList","@id":"https:\/\/blogs.thesocialmedia.com\/leblogmoto\/2006\/02\/28\/la-hp2-aussi-en\/#breadcrumb","itemListElement":[{"@type":"ListItem","position":1,"name":"Accueil","item":"https:\/\/blogs.thesocialmedia.com\/leblogmoto\/"},{"@type":"ListItem","position":2,"name":"BMW HP2: aussi pour le Supermotard."}]},{"@type":"WebSite","@id":"https:\/\/blogs.thesocialmedia.com\/leblogmoto\/#website","url":"https:\/\/blogs.thesocialmedia.com\/leblogmoto\/","name":"leblogmoto","description":"Toute l&#039;actualit\u00e9 des 2 roues","potentialAction":[{"@type":"SearchAction","target":{"@type":"EntryPoint","urlTemplate":"https:\/\/blogs.thesocialmedia.com\/leblogmoto\/?s={search_term_string}"},"query-input":{"@type":"PropertyValueSpecification","valueRequired":true,"valueName":"search_term_string"}}],"inLanguage":"fr-FR"},{"@type":"Person","@id":"https:\/\/blogs.thesocialmedia.com\/leblogmoto\/#\/schema\/person\/1a1dcfc7cec206573105eb4af91155c2","name":"andre leconde","image":{"@type":"ImageObject","inLanguage":"fr-FR","@id":"https:\/\/blogs.thesocialmedia.com\/leblogmoto\/#\/schema\/person\/image\/","url":"https:\/\/secure.gravatar.com\/avatar\/?s=96&d=mm&r=g","contentUrl":"https:\/\/secure.gravatar.com\/avatar\/?s=96&d=mm&r=g","caption":"andre leconde"},"url":"https:\/\/blogs.thesocialmedia.com\/leblogmoto\/author\/andre-leconde\/"}]}},"_links":{"self":[{"href":"https:\/\/blogs.thesocialmedia.com\/leblogmoto\/wp-json\/wp\/v2\/posts\/2031","targetHints":{"allow":["GET"]}}],"collection":[{"href":"https:\/\/blogs.thesocialmedia.com\/leblogmoto\/wp-json\/wp\/v2\/posts"}],"about":[{"href":"https:\/\/blogs.thesocialmedia.com\/leblogmoto\/wp-json\/wp\/v2\/types\/post"}],"author":[{"embeddable":true,"href":"https:\/\/blogs.thesocialmedia.com\/leblogmoto\/wp-json\/wp\/v2\/users\/336"}],"replies":[{"embeddable":true,"href":"https:\/\/blogs.thesocialmedia.com\/leblogmoto\/wp-json\/wp\/v2\/comments?post=2031"}],"version-history":[{"count":2,"href":"https:\/\/blogs.thesocialmedia.com\/leblogmoto\/wp-json\/wp\/v2\/posts\/2031\/revisions"}],"predecessor-version":[{"id":7088,"href":"https:\/\/blogs.thesocialmedia.com\/leblogmoto\/wp-json\/wp\/v2\/posts\/2031\/revisions\/7088"}],"wp:attachment":[{"href":"https:\/\/blogs.thesocialmedia.com\/leblogmoto\/wp-json\/wp\/v2\/media?parent=2031"}],"wp:term":[{"taxonomy":"category","embeddable":true,"href":"https:\/\/blogs.thesocialmedia.com\/leblogmoto\/wp-json\/wp\/v2\/categories?post=2031"},{"taxonomy":"post_tag","embeddable":true,"href":"https:\/\/blogs.thesocialmedia.com\/leblogmoto\/wp-json\/wp\/v2\/tags?post=2031"}],"curies":[{"name":"wp","href":"https:\/\/api.w.org\/{rel}","templated":true}]}}