{"id":2034,"date":"2006-02-25T14:24:00","date_gmt":"2006-02-25T14:24:00","guid":{"rendered":"http:\/\/blogs.thesocialmedia.com\/leblogmoto\/2006\/02\/25\/sbk-de-vrais-ch\/"},"modified":"2012-07-11T14:16:24","modified_gmt":"2012-07-11T14:16:24","slug":"sbk-de-vrais-ch","status":"publish","type":"post","link":"https:\/\/blogs.thesocialmedia.com\/leblogmoto\/2006\/02\/25\/sbk-de-vrais-ch\/","title":{"rendered":"SBK: De vrais chiffonniers !"},"content":{"rendered":"<p><a href=\"http:\/\/blogs.thesocialmedia.com\/leblogmoto\/files\/2012\/07\/060223_sbk.jpg\"><img loading=\"lazy\" decoding=\"async\" height=\"169\" alt=\"060223_sbk\" src=\"http:\/\/www.leblogmoto.com\/images\/060223_sbk.jpg\" width=\"250\"  \/><\/a>Si la <a href=\"http:\/\/www.leblogmoto.com\/2006\/02\/supersport_char_1.html\">course de SuperSport<\/a> a \u00e9t\u00e9 limpide, les deux premi\u00e8res manches de SBK ont \u00e9t\u00e9 pour le moins hautes en couleur. Des chutes, des sorties, des passe d&rsquo;armes car\u00e9nage contre car\u00e9nage, il fallait en avoir de solidement accroch\u00e9es pour se d\u00e9battre au milieu de cette meute de mort de faim.<\/p>\n<p>Deux vainqueurs ont arrach\u00e9, c&rsquo;est le mot, les victoires;&nbsp; \u00e0 <strong>TOSELAND<\/strong> la premi\u00e8re manche, \u00e0 <strong>CORSER<\/strong> la seconde. Reste que <a href=\"http:\/\/www.leblogmoto.com\/2006\/02\/sbk_situation_d.html\">le plateau<\/a> est \u00e9quilibr\u00e9 et si le spectacle se renouvelle \u00e0 chaque \u00e9preuve, il y a fort \u00e0 parier que la discipline n&rsquo;engendre pas la m\u00e9lancolie cette ann\u00e9e. Il faudrait juste que les fran\u00e7ais sortent un peu des profondeurs du classement, et ce serait parfait&#8230;&nbsp; &nbsp; <\/p>\n<p><a href=\"http:\/\/clabedan.typepad.com\/.shared\/image.html?\/photos\/uncategorized\/060223_tenkate.jpg\"><img loading=\"lazy\" decoding=\"async\" height=\"372\" alt=\"060223_tenkate\" src=\"http:\/\/www.leblogmoto.com\/images\/060223_tenkate.jpg\" width=\"250\"  \/><\/a>La premi\u00e8re course a donc \u00e9t\u00e9 enlev\u00e9e par un teigneux <strong>TOSELAND<\/strong> qui a remont\u00e9 un groupe de t\u00eate de furieux, men\u00e9 par deux chauds-bouillants <strong>HAGA<\/strong> et <strong>KAGAYAMA<\/strong>. L&rsquo;anglais a ensuite jou\u00e9 du car\u00e9nage pour s&rsquo;ouvrir in-extremis la voie de la victoire, dans le dernier tour. Un dernier tour fatal aux deux japonais qui, \u00e0 force de repousser les limites, ont fini par s&rsquo;accrocher pour le compte. Il \u00e9tait temps pour l&rsquo;anglais que la course se termine, un <strong>BAYLISS<\/strong> motiv\u00e9 comme jamais \u00e9tant revenu dans sa selle et franchissant la ligne avec seulement 0.1 sec de retard&#8230; <strong>PITT<\/strong> compl\u00e9te ce premier podium. <strong>CORSER<\/strong> quatri\u00e8me. <\/p>\n<p><a href=\"http:\/\/www.leblogmoto.com\/2006\/02\/psg1_kawa_la_no.html\">LACONI<\/a> finit anonymement treizi\u00e8me devant <strong>GIMBERT<\/strong>, <strong>FORET<\/strong> a abandonn\u00e9 sur probl\u00e8me technique alors que <strong>LANZI<\/strong> est violemment tomb\u00e9, mais sans gravit\u00e9 pour lui. <a href=\"http:\/\/www.leblogmoto.com\/2005\/12\/barros_en_super.html\">BARROS<\/a> qui d\u00e9couvre l&rsquo;ambiance accroche la sixi\u00e8me place devant <strong>ROLFO<\/strong>.<\/p>\n<p>Pour la seconde manche, la premi\u00e8re partie de course est un peu plus calme avec un <strong>CORSER<\/strong> qui, progressivement <a href=\"http:\/\/clabedan.typepad.com\/.shared\/image.html?\/photos\/uncategorized\/telo301ne.jpg\"><img loading=\"lazy\" decoding=\"async\" height=\"336\" alt=\"Telo301ne\" src=\"http:\/\/www.leblogmoto.com\/images\/telo301ne.jpg\" width=\"250\"  \/><\/a> r\u00e8gle le compte d&rsquo;un <strong>HAGA<\/strong> fid\u00e8le \u00e0 sa r\u00e9putation de pilote intraitable en course. <strong>CHILI<\/strong> chute, <strong>LACONI<\/strong> tombe, et tout semble se d\u00e9rouler sereinement pour <strong>CORSER<\/strong> lorsque dans le dernier tiers de la course, <strong>BAYLISS<\/strong> d\u00e9clenche les hostilit\u00e9s. Il remonte comme une fus\u00e9e sur son compatriote et rival en tra\u00eenant, mais \u00e0 distance, <strong>TOSELAND<\/strong>. <a href=\"http:\/\/www.leblogmoto.com\/2005\/12\/la_guerre_des_t.html\">La guerre des Troy<\/a> a lieu dans les trois derniers tours, qui tourne \u00e0 la faveur du champion en titre apr\u00e8s une ultime offensive, mais brouillonne, de <strong>BAYLISS<\/strong>. Les car\u00e9nages se sont frott\u00e9s, rugueux les &quot;aussies&quot;&#8230;<\/p>\n<p><strong>HAGA<\/strong> accroche la derni\u00e8re marche du podium que <strong>TOSELAND <\/strong>loupe d&rsquo;un petit milli\u00e8me&#8230; <strong>BARROS <\/strong>septi\u00e8me, <strong>GIMBERT<\/strong> quinzi\u00e8me.<\/p>\n<p>Avec 40 points, <strong>BAYLISS <\/strong>prend la t\u00eate du championnat, deux points devant <strong>CORSER<\/strong> et <strong>TOSELAND<\/strong>, <strong>PITT <\/strong>quatri\u00e8me avec 27 unit\u00e9s. Vivement les prochaines courses !&nbsp; <\/p>\n<p>SOURCE: <a href=\"http:\/\/www.eurosport.fr\/\">www.eurosport.fr<\/a> <\/p>\n","protected":false},"excerpt":{"rendered":"<p>Si la course de SuperSport a \u00e9t\u00e9 limpide, les deux premi\u00e8res manches de SBK ont \u00e9t\u00e9 pour le moins hautes en couleur. Des chutes, des sorties, des passe d&rsquo;armes car\u00e9nage contre car\u00e9nage, il fallait en avoir de solidement accroch\u00e9es pour se d\u00e9battre au milieu de cette meute de mort de faim. Deux vainqueurs ont arrach\u00e9, [&hellip;]<\/p>\n","protected":false},"author":336,"featured_media":0,"comment_status":"open","ping_status":"open","sticky":false,"template":"","format":"standard","meta":{"footnotes":""},"categories":[3,32,46],"tags":[],"class_list":["post-2034","post","type-post","status-publish","format-standard","hentry","category-actualite","category-sport-moto","category-superbike"],"yoast_head":"<!-- This site is optimized with the Yoast SEO plugin v26.0 - https:\/\/yoast.com\/wordpress\/plugins\/seo\/ -->\n<title>SBK: De vrais chiffonniers ! - leblogmoto.com<\/title>\n<meta name=\"robots\" content=\"index, follow, max-snippet:-1, max-image-preview:large, max-video-preview:-1\" \/>\n<link rel=\"canonical\" href=\"https:\/\/blogs.thesocialmedia.com\/leblogmoto\/2006\/02\/25\/sbk-de-vrais-ch\/\" \/>\n<meta name=\"twitter:card\" content=\"summary_large_image\" \/>\n<meta name=\"twitter:title\" content=\"SBK: De vrais chiffonniers ! - leblogmoto.com\" \/>\n<meta name=\"twitter:description\" content=\"Si la course de SuperSport a \u00e9t\u00e9 limpide, les deux premi\u00e8res manches de SBK ont \u00e9t\u00e9 pour le moins hautes en couleur. Des chutes, des sorties, des passe d&rsquo;armes car\u00e9nage contre car\u00e9nage, il fallait en avoir de solidement accroch\u00e9es pour se d\u00e9battre au milieu de cette meute de mort de faim. Deux vainqueurs ont arrach\u00e9, [&hellip;]\" \/>\n<meta name=\"twitter:image\" content=\"http:\/\/www.leblogmoto.com\/images\/060223_sbk.jpg\" \/>\n<meta name=\"twitter:label1\" content=\"\u00c9crit par\" \/>\n\t<meta name=\"twitter:data1\" content=\"andre leconde\" \/>\n\t<meta name=\"twitter:label2\" content=\"Dur\u00e9e de lecture estim\u00e9e\" \/>\n\t<meta name=\"twitter:data2\" content=\"2 minutes\" \/>\n<script type=\"application\/ld+json\" class=\"yoast-schema-graph\">{\"@context\":\"https:\/\/schema.org\",\"@graph\":[{\"@type\":\"WebPage\",\"@id\":\"https:\/\/blogs.thesocialmedia.com\/leblogmoto\/2006\/02\/25\/sbk-de-vrais-ch\/\",\"url\":\"https:\/\/blogs.thesocialmedia.com\/leblogmoto\/2006\/02\/25\/sbk-de-vrais-ch\/\",\"name\":\"SBK: De vrais chiffonniers ! - leblogmoto.com\",\"isPartOf\":{\"@id\":\"https:\/\/blogs.thesocialmedia.com\/leblogmoto\/#website\"},\"primaryImageOfPage\":{\"@id\":\"https:\/\/blogs.thesocialmedia.com\/leblogmoto\/2006\/02\/25\/sbk-de-vrais-ch\/#primaryimage\"},\"image\":{\"@id\":\"https:\/\/blogs.thesocialmedia.com\/leblogmoto\/2006\/02\/25\/sbk-de-vrais-ch\/#primaryimage\"},\"thumbnailUrl\":\"http:\/\/www.leblogmoto.com\/images\/060223_sbk.jpg\",\"datePublished\":\"2006-02-25T14:24:00+00:00\",\"dateModified\":\"2012-07-11T14:16:24+00:00\",\"author\":{\"@id\":\"https:\/\/blogs.thesocialmedia.com\/leblogmoto\/#\/schema\/person\/1a1dcfc7cec206573105eb4af91155c2\"},\"breadcrumb\":{\"@id\":\"https:\/\/blogs.thesocialmedia.com\/leblogmoto\/2006\/02\/25\/sbk-de-vrais-ch\/#breadcrumb\"},\"inLanguage\":\"fr-FR\",\"potentialAction\":[{\"@type\":\"ReadAction\",\"target\":[\"https:\/\/blogs.thesocialmedia.com\/leblogmoto\/2006\/02\/25\/sbk-de-vrais-ch\/\"]}]},{\"@type\":\"ImageObject\",\"inLanguage\":\"fr-FR\",\"@id\":\"https:\/\/blogs.thesocialmedia.com\/leblogmoto\/2006\/02\/25\/sbk-de-vrais-ch\/#primaryimage\",\"url\":\"http:\/\/www.leblogmoto.com\/images\/060223_sbk.jpg\",\"contentUrl\":\"http:\/\/www.leblogmoto.com\/images\/060223_sbk.jpg\"},{\"@type\":\"BreadcrumbList\",\"@id\":\"https:\/\/blogs.thesocialmedia.com\/leblogmoto\/2006\/02\/25\/sbk-de-vrais-ch\/#breadcrumb\",\"itemListElement\":[{\"@type\":\"ListItem\",\"position\":1,\"name\":\"Accueil\",\"item\":\"https:\/\/blogs.thesocialmedia.com\/leblogmoto\/\"},{\"@type\":\"ListItem\",\"position\":2,\"name\":\"SBK: De vrais chiffonniers !\"}]},{\"@type\":\"WebSite\",\"@id\":\"https:\/\/blogs.thesocialmedia.com\/leblogmoto\/#website\",\"url\":\"https:\/\/blogs.thesocialmedia.com\/leblogmoto\/\",\"name\":\"leblogmoto\",\"description\":\"Toute l&#039;actualit\u00e9 des 2 roues\",\"potentialAction\":[{\"@type\":\"SearchAction\",\"target\":{\"@type\":\"EntryPoint\",\"urlTemplate\":\"https:\/\/blogs.thesocialmedia.com\/leblogmoto\/?s={search_term_string}\"},\"query-input\":{\"@type\":\"PropertyValueSpecification\",\"valueRequired\":true,\"valueName\":\"search_term_string\"}}],\"inLanguage\":\"fr-FR\"},{\"@type\":\"Person\",\"@id\":\"https:\/\/blogs.thesocialmedia.com\/leblogmoto\/#\/schema\/person\/1a1dcfc7cec206573105eb4af91155c2\",\"name\":\"andre leconde\",\"image\":{\"@type\":\"ImageObject\",\"inLanguage\":\"fr-FR\",\"@id\":\"https:\/\/blogs.thesocialmedia.com\/leblogmoto\/#\/schema\/person\/image\/\",\"url\":\"https:\/\/secure.gravatar.com\/avatar\/?s=96&d=mm&r=g\",\"contentUrl\":\"https:\/\/secure.gravatar.com\/avatar\/?s=96&d=mm&r=g\",\"caption\":\"andre leconde\"},\"url\":\"https:\/\/blogs.thesocialmedia.com\/leblogmoto\/author\/andre-leconde\/\"}]}<\/script>\n<!-- \/ Yoast SEO plugin. -->","yoast_head_json":{"title":"SBK: De vrais chiffonniers ! - leblogmoto.com","robots":{"index":"index","follow":"follow","max-snippet":"max-snippet:-1","max-image-preview":"max-image-preview:large","max-video-preview":"max-video-preview:-1"},"canonical":"https:\/\/blogs.thesocialmedia.com\/leblogmoto\/2006\/02\/25\/sbk-de-vrais-ch\/","twitter_card":"summary_large_image","twitter_title":"SBK: De vrais chiffonniers ! - leblogmoto.com","twitter_description":"Si la course de SuperSport a \u00e9t\u00e9 limpide, les deux premi\u00e8res manches de SBK ont \u00e9t\u00e9 pour le moins hautes en couleur. Des chutes, des sorties, des passe d&rsquo;armes car\u00e9nage contre car\u00e9nage, il fallait en avoir de solidement accroch\u00e9es pour se d\u00e9battre au milieu de cette meute de mort de faim. Deux vainqueurs ont arrach\u00e9, [&hellip;]","twitter_image":"http:\/\/www.leblogmoto.com\/images\/060223_sbk.jpg","twitter_misc":{"\u00c9crit par":"andre leconde","Dur\u00e9e de lecture estim\u00e9e":"2 minutes"},"schema":{"@context":"https:\/\/schema.org","@graph":[{"@type":"WebPage","@id":"https:\/\/blogs.thesocialmedia.com\/leblogmoto\/2006\/02\/25\/sbk-de-vrais-ch\/","url":"https:\/\/blogs.thesocialmedia.com\/leblogmoto\/2006\/02\/25\/sbk-de-vrais-ch\/","name":"SBK: De vrais chiffonniers ! - leblogmoto.com","isPartOf":{"@id":"https:\/\/blogs.thesocialmedia.com\/leblogmoto\/#website"},"primaryImageOfPage":{"@id":"https:\/\/blogs.thesocialmedia.com\/leblogmoto\/2006\/02\/25\/sbk-de-vrais-ch\/#primaryimage"},"image":{"@id":"https:\/\/blogs.thesocialmedia.com\/leblogmoto\/2006\/02\/25\/sbk-de-vrais-ch\/#primaryimage"},"thumbnailUrl":"http:\/\/www.leblogmoto.com\/images\/060223_sbk.jpg","datePublished":"2006-02-25T14:24:00+00:00","dateModified":"2012-07-11T14:16:24+00:00","author":{"@id":"https:\/\/blogs.thesocialmedia.com\/leblogmoto\/#\/schema\/person\/1a1dcfc7cec206573105eb4af91155c2"},"breadcrumb":{"@id":"https:\/\/blogs.thesocialmedia.com\/leblogmoto\/2006\/02\/25\/sbk-de-vrais-ch\/#breadcrumb"},"inLanguage":"fr-FR","potentialAction":[{"@type":"ReadAction","target":["https:\/\/blogs.thesocialmedia.com\/leblogmoto\/2006\/02\/25\/sbk-de-vrais-ch\/"]}]},{"@type":"ImageObject","inLanguage":"fr-FR","@id":"https:\/\/blogs.thesocialmedia.com\/leblogmoto\/2006\/02\/25\/sbk-de-vrais-ch\/#primaryimage","url":"http:\/\/www.leblogmoto.com\/images\/060223_sbk.jpg","contentUrl":"http:\/\/www.leblogmoto.com\/images\/060223_sbk.jpg"},{"@type":"BreadcrumbList","@id":"https:\/\/blogs.thesocialmedia.com\/leblogmoto\/2006\/02\/25\/sbk-de-vrais-ch\/#breadcrumb","itemListElement":[{"@type":"ListItem","position":1,"name":"Accueil","item":"https:\/\/blogs.thesocialmedia.com\/leblogmoto\/"},{"@type":"ListItem","position":2,"name":"SBK: De vrais chiffonniers !"}]},{"@type":"WebSite","@id":"https:\/\/blogs.thesocialmedia.com\/leblogmoto\/#website","url":"https:\/\/blogs.thesocialmedia.com\/leblogmoto\/","name":"leblogmoto","description":"Toute l&#039;actualit\u00e9 des 2 roues","potentialAction":[{"@type":"SearchAction","target":{"@type":"EntryPoint","urlTemplate":"https:\/\/blogs.thesocialmedia.com\/leblogmoto\/?s={search_term_string}"},"query-input":{"@type":"PropertyValueSpecification","valueRequired":true,"valueName":"search_term_string"}}],"inLanguage":"fr-FR"},{"@type":"Person","@id":"https:\/\/blogs.thesocialmedia.com\/leblogmoto\/#\/schema\/person\/1a1dcfc7cec206573105eb4af91155c2","name":"andre leconde","image":{"@type":"ImageObject","inLanguage":"fr-FR","@id":"https:\/\/blogs.thesocialmedia.com\/leblogmoto\/#\/schema\/person\/image\/","url":"https:\/\/secure.gravatar.com\/avatar\/?s=96&d=mm&r=g","contentUrl":"https:\/\/secure.gravatar.com\/avatar\/?s=96&d=mm&r=g","caption":"andre leconde"},"url":"https:\/\/blogs.thesocialmedia.com\/leblogmoto\/author\/andre-leconde\/"}]}},"_links":{"self":[{"href":"https:\/\/blogs.thesocialmedia.com\/leblogmoto\/wp-json\/wp\/v2\/posts\/2034","targetHints":{"allow":["GET"]}}],"collection":[{"href":"https:\/\/blogs.thesocialmedia.com\/leblogmoto\/wp-json\/wp\/v2\/posts"}],"about":[{"href":"https:\/\/blogs.thesocialmedia.com\/leblogmoto\/wp-json\/wp\/v2\/types\/post"}],"author":[{"embeddable":true,"href":"https:\/\/blogs.thesocialmedia.com\/leblogmoto\/wp-json\/wp\/v2\/users\/336"}],"replies":[{"embeddable":true,"href":"https:\/\/blogs.thesocialmedia.com\/leblogmoto\/wp-json\/wp\/v2\/comments?post=2034"}],"version-history":[{"count":2,"href":"https:\/\/blogs.thesocialmedia.com\/leblogmoto\/wp-json\/wp\/v2\/posts\/2034\/revisions"}],"predecessor-version":[{"id":7082,"href":"https:\/\/blogs.thesocialmedia.com\/leblogmoto\/wp-json\/wp\/v2\/posts\/2034\/revisions\/7082"}],"wp:attachment":[{"href":"https:\/\/blogs.thesocialmedia.com\/leblogmoto\/wp-json\/wp\/v2\/media?parent=2034"}],"wp:term":[{"taxonomy":"category","embeddable":true,"href":"https:\/\/blogs.thesocialmedia.com\/leblogmoto\/wp-json\/wp\/v2\/categories?post=2034"},{"taxonomy":"post_tag","embeddable":true,"href":"https:\/\/blogs.thesocialmedia.com\/leblogmoto\/wp-json\/wp\/v2\/tags?post=2034"}],"curies":[{"name":"wp","href":"https:\/\/api.w.org\/{rel}","templated":true}]}}