{"id":2035,"date":"2006-02-25T13:12:12","date_gmt":"2006-02-25T13:12:12","guid":{"rendered":"http:\/\/blogs.thesocialmedia.com\/leblogmoto\/2006\/02\/25\/supersport-char-1\/"},"modified":"2012-07-11T14:16:22","modified_gmt":"2012-07-11T14:16:22","slug":"supersport-char-1","status":"publish","type":"post","link":"https:\/\/blogs.thesocialmedia.com\/leblogmoto\/2006\/02\/25\/supersport-char-1\/","title":{"rendered":"SuperSport: CHARPENTIER, tranquille."},"content":{"rendered":"<p><a href=\"http:\/\/blogs.thesocialmedia.com\/leblogmoto\/files\/2012\/07\/charpentier_assen_st4pz.jpg\"><strong><img loading=\"lazy\" decoding=\"async\" height=\"166\" alt=\"Charpentier_assen_st4pz\" src=\"http:\/\/www.leblogmoto.com\/images\/charpentier_assen_st4pz.jpg\" width=\"250\"  \/><\/strong><\/a><strong>S\u00e9bastien CHARPENTIER<\/strong> n&rsquo;a pas fait de d\u00e9tails en remportant la premi\u00e8re course de la saison SuperSport 2006.&nbsp; <\/p>\n<p>Apr\u00e8s avoir enlev\u00e9 une probante <a href=\"http:\/\/www.leblogmoto.com\/2006\/02\/supersport_char.html\">pole<\/a>, il n&rsquo;a laiss\u00e9 poindre aucun espoir \u00e0 ses advresaires en s&rsquo;\u00e9chappant en t\u00eate et franchir, seul, la ligne d&rsquo;arriv\u00e9e avec presque six secondes sur la YAMAHA de <strong>CURTAIN<\/strong>. Ce dernier a tenu en respect <a href=\"http:\/\/www.leblogmoto.com\/2006\/02\/supersport_sofu.html\">SOFUOGLU<\/a> dans le m\u00eame \u00e9cart. Le turc compl\u00e8te ainsi le podium, concluant un meeting plus que satisfaisant pour lui.<\/p>\n<p>D&rsquo;ores et d\u00e9j\u00e0, l&rsquo;ascendant psychologique est pris sur le <a href=\"http:\/\/www.leblogmoto.com\/2006\/02\/supersport_les_.html\">reste du plateau<\/a>. D&rsquo;autant plus que <a href=\"http:\/\/www.leblogmoto.com\/2006\/02\/supersport_sofu.html\">FUJIWARA<\/a> n&rsquo;a pas termin\u00e9.&nbsp;  <\/p>\n<p>Pour ce qui est du reste de la colonie fran\u00e7aise, la YAMAHA du <strong>GMT 94<\/strong> pilot\u00e9e par GOBERT finit douzi\u00e8me alors qu&rsquo;<strong>ENJOLRAS<\/strong> termine 23\u00e8me et bon dernier. <strong>BERGER<\/strong> et <strong>LEBLANC<\/strong> n&rsquo;ont pas fini. <\/p>\n<p>Une moto au point, un team redoutable, un \u00e9quipier r\u00e9v\u00e9l\u00e9 qui s&rsquo;affirme solide et pr\u00eat \u00e0 scorer \u00e0 la place des adversaires, tout se pr\u00e9sente d\u00e9j\u00e0 pour le mieux pour notre Seb&#8230;<\/p><\/p>\n","protected":false},"excerpt":{"rendered":"<p>S\u00e9bastien CHARPENTIER n&rsquo;a pas fait de d\u00e9tails en remportant la premi\u00e8re course de la saison SuperSport 2006.&nbsp; Apr\u00e8s avoir enlev\u00e9 une probante pole, il n&rsquo;a laiss\u00e9 poindre aucun espoir \u00e0 ses advresaires en s&rsquo;\u00e9chappant en t\u00eate et franchir, seul, la ligne d&rsquo;arriv\u00e9e avec presque six secondes sur la YAMAHA de CURTAIN. Ce dernier a tenu [&hellip;]<\/p>\n","protected":false},"author":336,"featured_media":0,"comment_status":"open","ping_status":"open","sticky":false,"template":"","format":"standard","meta":{"footnotes":""},"categories":[32,46],"tags":[],"class_list":["post-2035","post","type-post","status-publish","format-standard","hentry","category-sport-moto","category-superbike"],"yoast_head":"<!-- This site is optimized with the Yoast SEO plugin v26.0 - https:\/\/yoast.com\/wordpress\/plugins\/seo\/ -->\n<title>SuperSport: CHARPENTIER, tranquille. - leblogmoto.com<\/title>\n<meta name=\"robots\" content=\"index, follow, max-snippet:-1, max-image-preview:large, max-video-preview:-1\" \/>\n<link rel=\"canonical\" href=\"https:\/\/blogs.thesocialmedia.com\/leblogmoto\/2006\/02\/25\/supersport-char-1\/\" \/>\n<meta name=\"twitter:card\" content=\"summary_large_image\" \/>\n<meta name=\"twitter:title\" content=\"SuperSport: CHARPENTIER, tranquille. - leblogmoto.com\" \/>\n<meta name=\"twitter:description\" content=\"S\u00e9bastien CHARPENTIER n&rsquo;a pas fait de d\u00e9tails en remportant la premi\u00e8re course de la saison SuperSport 2006.&nbsp; Apr\u00e8s avoir enlev\u00e9 une probante pole, il n&rsquo;a laiss\u00e9 poindre aucun espoir \u00e0 ses advresaires en s&rsquo;\u00e9chappant en t\u00eate et franchir, seul, la ligne d&rsquo;arriv\u00e9e avec presque six secondes sur la YAMAHA de CURTAIN. Ce dernier a tenu [&hellip;]\" \/>\n<meta name=\"twitter:image\" content=\"http:\/\/www.leblogmoto.com\/images\/charpentier_assen_st4pz.jpg\" \/>\n<meta name=\"twitter:label1\" content=\"\u00c9crit par\" \/>\n\t<meta name=\"twitter:data1\" content=\"andre leconde\" \/>\n\t<meta name=\"twitter:label2\" content=\"Dur\u00e9e de lecture estim\u00e9e\" \/>\n\t<meta name=\"twitter:data2\" content=\"1 minute\" \/>\n<script type=\"application\/ld+json\" class=\"yoast-schema-graph\">{\"@context\":\"https:\/\/schema.org\",\"@graph\":[{\"@type\":\"WebPage\",\"@id\":\"https:\/\/blogs.thesocialmedia.com\/leblogmoto\/2006\/02\/25\/supersport-char-1\/\",\"url\":\"https:\/\/blogs.thesocialmedia.com\/leblogmoto\/2006\/02\/25\/supersport-char-1\/\",\"name\":\"SuperSport: CHARPENTIER, tranquille. - leblogmoto.com\",\"isPartOf\":{\"@id\":\"https:\/\/blogs.thesocialmedia.com\/leblogmoto\/#website\"},\"primaryImageOfPage\":{\"@id\":\"https:\/\/blogs.thesocialmedia.com\/leblogmoto\/2006\/02\/25\/supersport-char-1\/#primaryimage\"},\"image\":{\"@id\":\"https:\/\/blogs.thesocialmedia.com\/leblogmoto\/2006\/02\/25\/supersport-char-1\/#primaryimage\"},\"thumbnailUrl\":\"http:\/\/www.leblogmoto.com\/images\/charpentier_assen_st4pz.jpg\",\"datePublished\":\"2006-02-25T13:12:12+00:00\",\"dateModified\":\"2012-07-11T14:16:22+00:00\",\"author\":{\"@id\":\"https:\/\/blogs.thesocialmedia.com\/leblogmoto\/#\/schema\/person\/1a1dcfc7cec206573105eb4af91155c2\"},\"breadcrumb\":{\"@id\":\"https:\/\/blogs.thesocialmedia.com\/leblogmoto\/2006\/02\/25\/supersport-char-1\/#breadcrumb\"},\"inLanguage\":\"fr-FR\",\"potentialAction\":[{\"@type\":\"ReadAction\",\"target\":[\"https:\/\/blogs.thesocialmedia.com\/leblogmoto\/2006\/02\/25\/supersport-char-1\/\"]}]},{\"@type\":\"ImageObject\",\"inLanguage\":\"fr-FR\",\"@id\":\"https:\/\/blogs.thesocialmedia.com\/leblogmoto\/2006\/02\/25\/supersport-char-1\/#primaryimage\",\"url\":\"http:\/\/www.leblogmoto.com\/images\/charpentier_assen_st4pz.jpg\",\"contentUrl\":\"http:\/\/www.leblogmoto.com\/images\/charpentier_assen_st4pz.jpg\"},{\"@type\":\"BreadcrumbList\",\"@id\":\"https:\/\/blogs.thesocialmedia.com\/leblogmoto\/2006\/02\/25\/supersport-char-1\/#breadcrumb\",\"itemListElement\":[{\"@type\":\"ListItem\",\"position\":1,\"name\":\"Accueil\",\"item\":\"https:\/\/blogs.thesocialmedia.com\/leblogmoto\/\"},{\"@type\":\"ListItem\",\"position\":2,\"name\":\"SuperSport: CHARPENTIER, tranquille.\"}]},{\"@type\":\"WebSite\",\"@id\":\"https:\/\/blogs.thesocialmedia.com\/leblogmoto\/#website\",\"url\":\"https:\/\/blogs.thesocialmedia.com\/leblogmoto\/\",\"name\":\"leblogmoto\",\"description\":\"Toute l&#039;actualit\u00e9 des 2 roues\",\"potentialAction\":[{\"@type\":\"SearchAction\",\"target\":{\"@type\":\"EntryPoint\",\"urlTemplate\":\"https:\/\/blogs.thesocialmedia.com\/leblogmoto\/?s={search_term_string}\"},\"query-input\":{\"@type\":\"PropertyValueSpecification\",\"valueRequired\":true,\"valueName\":\"search_term_string\"}}],\"inLanguage\":\"fr-FR\"},{\"@type\":\"Person\",\"@id\":\"https:\/\/blogs.thesocialmedia.com\/leblogmoto\/#\/schema\/person\/1a1dcfc7cec206573105eb4af91155c2\",\"name\":\"andre leconde\",\"image\":{\"@type\":\"ImageObject\",\"inLanguage\":\"fr-FR\",\"@id\":\"https:\/\/blogs.thesocialmedia.com\/leblogmoto\/#\/schema\/person\/image\/\",\"url\":\"https:\/\/secure.gravatar.com\/avatar\/?s=96&d=mm&r=g\",\"contentUrl\":\"https:\/\/secure.gravatar.com\/avatar\/?s=96&d=mm&r=g\",\"caption\":\"andre leconde\"},\"url\":\"https:\/\/blogs.thesocialmedia.com\/leblogmoto\/author\/andre-leconde\/\"}]}<\/script>\n<!-- \/ Yoast SEO plugin. -->","yoast_head_json":{"title":"SuperSport: CHARPENTIER, tranquille. - leblogmoto.com","robots":{"index":"index","follow":"follow","max-snippet":"max-snippet:-1","max-image-preview":"max-image-preview:large","max-video-preview":"max-video-preview:-1"},"canonical":"https:\/\/blogs.thesocialmedia.com\/leblogmoto\/2006\/02\/25\/supersport-char-1\/","twitter_card":"summary_large_image","twitter_title":"SuperSport: CHARPENTIER, tranquille. - leblogmoto.com","twitter_description":"S\u00e9bastien CHARPENTIER n&rsquo;a pas fait de d\u00e9tails en remportant la premi\u00e8re course de la saison SuperSport 2006.&nbsp; Apr\u00e8s avoir enlev\u00e9 une probante pole, il n&rsquo;a laiss\u00e9 poindre aucun espoir \u00e0 ses advresaires en s&rsquo;\u00e9chappant en t\u00eate et franchir, seul, la ligne d&rsquo;arriv\u00e9e avec presque six secondes sur la YAMAHA de CURTAIN. Ce dernier a tenu [&hellip;]","twitter_image":"http:\/\/www.leblogmoto.com\/images\/charpentier_assen_st4pz.jpg","twitter_misc":{"\u00c9crit par":"andre leconde","Dur\u00e9e de lecture estim\u00e9e":"1 minute"},"schema":{"@context":"https:\/\/schema.org","@graph":[{"@type":"WebPage","@id":"https:\/\/blogs.thesocialmedia.com\/leblogmoto\/2006\/02\/25\/supersport-char-1\/","url":"https:\/\/blogs.thesocialmedia.com\/leblogmoto\/2006\/02\/25\/supersport-char-1\/","name":"SuperSport: CHARPENTIER, tranquille. - leblogmoto.com","isPartOf":{"@id":"https:\/\/blogs.thesocialmedia.com\/leblogmoto\/#website"},"primaryImageOfPage":{"@id":"https:\/\/blogs.thesocialmedia.com\/leblogmoto\/2006\/02\/25\/supersport-char-1\/#primaryimage"},"image":{"@id":"https:\/\/blogs.thesocialmedia.com\/leblogmoto\/2006\/02\/25\/supersport-char-1\/#primaryimage"},"thumbnailUrl":"http:\/\/www.leblogmoto.com\/images\/charpentier_assen_st4pz.jpg","datePublished":"2006-02-25T13:12:12+00:00","dateModified":"2012-07-11T14:16:22+00:00","author":{"@id":"https:\/\/blogs.thesocialmedia.com\/leblogmoto\/#\/schema\/person\/1a1dcfc7cec206573105eb4af91155c2"},"breadcrumb":{"@id":"https:\/\/blogs.thesocialmedia.com\/leblogmoto\/2006\/02\/25\/supersport-char-1\/#breadcrumb"},"inLanguage":"fr-FR","potentialAction":[{"@type":"ReadAction","target":["https:\/\/blogs.thesocialmedia.com\/leblogmoto\/2006\/02\/25\/supersport-char-1\/"]}]},{"@type":"ImageObject","inLanguage":"fr-FR","@id":"https:\/\/blogs.thesocialmedia.com\/leblogmoto\/2006\/02\/25\/supersport-char-1\/#primaryimage","url":"http:\/\/www.leblogmoto.com\/images\/charpentier_assen_st4pz.jpg","contentUrl":"http:\/\/www.leblogmoto.com\/images\/charpentier_assen_st4pz.jpg"},{"@type":"BreadcrumbList","@id":"https:\/\/blogs.thesocialmedia.com\/leblogmoto\/2006\/02\/25\/supersport-char-1\/#breadcrumb","itemListElement":[{"@type":"ListItem","position":1,"name":"Accueil","item":"https:\/\/blogs.thesocialmedia.com\/leblogmoto\/"},{"@type":"ListItem","position":2,"name":"SuperSport: CHARPENTIER, tranquille."}]},{"@type":"WebSite","@id":"https:\/\/blogs.thesocialmedia.com\/leblogmoto\/#website","url":"https:\/\/blogs.thesocialmedia.com\/leblogmoto\/","name":"leblogmoto","description":"Toute l&#039;actualit\u00e9 des 2 roues","potentialAction":[{"@type":"SearchAction","target":{"@type":"EntryPoint","urlTemplate":"https:\/\/blogs.thesocialmedia.com\/leblogmoto\/?s={search_term_string}"},"query-input":{"@type":"PropertyValueSpecification","valueRequired":true,"valueName":"search_term_string"}}],"inLanguage":"fr-FR"},{"@type":"Person","@id":"https:\/\/blogs.thesocialmedia.com\/leblogmoto\/#\/schema\/person\/1a1dcfc7cec206573105eb4af91155c2","name":"andre leconde","image":{"@type":"ImageObject","inLanguage":"fr-FR","@id":"https:\/\/blogs.thesocialmedia.com\/leblogmoto\/#\/schema\/person\/image\/","url":"https:\/\/secure.gravatar.com\/avatar\/?s=96&d=mm&r=g","contentUrl":"https:\/\/secure.gravatar.com\/avatar\/?s=96&d=mm&r=g","caption":"andre leconde"},"url":"https:\/\/blogs.thesocialmedia.com\/leblogmoto\/author\/andre-leconde\/"}]}},"_links":{"self":[{"href":"https:\/\/blogs.thesocialmedia.com\/leblogmoto\/wp-json\/wp\/v2\/posts\/2035","targetHints":{"allow":["GET"]}}],"collection":[{"href":"https:\/\/blogs.thesocialmedia.com\/leblogmoto\/wp-json\/wp\/v2\/posts"}],"about":[{"href":"https:\/\/blogs.thesocialmedia.com\/leblogmoto\/wp-json\/wp\/v2\/types\/post"}],"author":[{"embeddable":true,"href":"https:\/\/blogs.thesocialmedia.com\/leblogmoto\/wp-json\/wp\/v2\/users\/336"}],"replies":[{"embeddable":true,"href":"https:\/\/blogs.thesocialmedia.com\/leblogmoto\/wp-json\/wp\/v2\/comments?post=2035"}],"version-history":[{"count":2,"href":"https:\/\/blogs.thesocialmedia.com\/leblogmoto\/wp-json\/wp\/v2\/posts\/2035\/revisions"}],"predecessor-version":[{"id":7080,"href":"https:\/\/blogs.thesocialmedia.com\/leblogmoto\/wp-json\/wp\/v2\/posts\/2035\/revisions\/7080"}],"wp:attachment":[{"href":"https:\/\/blogs.thesocialmedia.com\/leblogmoto\/wp-json\/wp\/v2\/media?parent=2035"}],"wp:term":[{"taxonomy":"category","embeddable":true,"href":"https:\/\/blogs.thesocialmedia.com\/leblogmoto\/wp-json\/wp\/v2\/categories?post=2035"},{"taxonomy":"post_tag","embeddable":true,"href":"https:\/\/blogs.thesocialmedia.com\/leblogmoto\/wp-json\/wp\/v2\/tags?post=2035"}],"curies":[{"name":"wp","href":"https:\/\/api.w.org\/{rel}","templated":true}]}}