{"id":2036,"date":"2006-02-24T16:14:41","date_gmt":"2006-02-24T16:14:41","guid":{"rendered":"http:\/\/blogs.thesocialmedia.com\/leblogmoto\/2006\/02\/24\/sbk-ducati-comm\/"},"modified":"2012-07-11T14:16:20","modified_gmt":"2012-07-11T14:16:20","slug":"sbk-ducati-comm","status":"publish","type":"post","link":"https:\/\/blogs.thesocialmedia.com\/leblogmoto\/2006\/02\/24\/sbk-ducati-comm\/","title":{"rendered":"SBK: DUCATI, comme avant."},"content":{"rendered":"<p><a href=\"http:\/\/blogs.thesocialmedia.com\/leblogmoto\/files\/2012\/07\/1268.jpg\"><img loading=\"lazy\" decoding=\"async\" height=\"277\" alt=\"1268\" src=\"http:\/\/www.leblogmoto.com\/images\/1268.jpg\" width=\"250\"  \/><\/a>Les deux <strong>DUCATI<\/strong> officielles s&rsquo;\u00e9lanceront des deux premi\u00e8res positions, demain, pour la premi\u00e8re course du <a href=\"http:\/\/www.leblogmoto.com\/2006\/02\/sbk_situation_d.html\">championnat SBK<\/a> au QATAR.<\/p>\n<p><strong>BAYLISS<\/strong> n&rsquo;a pas laiss\u00e9 le doute plan\u00e9 quant \u00e0 son ambition de titre cette ann\u00e9e, en signant, avec la mani\u00e8re, une pole qu&rsquo;il a \u00e9t\u00e9 le seul \u00e0 porter en dessous de la barre des deux minutes. <\/p>\n<p>Son \u00e9quipier <strong>LANZI<\/strong> n&rsquo;est pas si loin tandis que c&rsquo;est <strong>PITT<\/strong> et sa YAMAHA qui s&rsquo;invite en troisi\u00e8me position, devant <strong>TOSELAND<\/strong>. <\/p>\n<p>Quant \u00e0 <strong>CORSER<\/strong>, champion en tritre sur une GSX\/R si souveraine l&rsquo;an pass\u00e9, il n&rsquo;est que cinqui\u00e8me&#8230; <\/p>\n<p>&nbsp; &nbsp;&nbsp; <\/p>\n<p><a href=\"http:\/\/clabedan.typepad.com\/.shared\/image.html?\/photos\/uncategorized\/corser01p.jpg\"><img loading=\"lazy\" decoding=\"async\" height=\"361\" alt=\"Corser01p\" src=\"http:\/\/www.leblogmoto.com\/images\/corser01p.jpg\" width=\"250\"  \/><\/a>Le soleil revenu a fait fondre les <a href=\"http:\/\/www.leblogmoto.com\/2006\/02\/sbk_losail_cest.html\">espoirs<\/a> de nos fran\u00e7ais. <strong>LACONI<\/strong>, n&rsquo;a pu accrocher la s\u00e9ance de Superpole et \u00e9choue 17 \u00e8me, soit la plus mauvaise place des KAWASAKI, men\u00e9es par WALKER (douzi\u00e8me). <strong>GIMBERT<\/strong> sombre au dix huiti\u00e8me rang, <strong>FORET<\/strong> apprend, 25 \u00e8me.<\/p>\n<p>Les <a href=\"http:\/\/www.leblogmoto.com\/2006\/01\/superbike_terre.html\">anciens du MotoGp<\/a> ont pu mesurer de la comp\u00e9titivit\u00e9 de la discipline; <a href=\"http:\/\/www.leblogmoto.com\/2005\/12\/barros_en_super.html\">BARROS<\/a> est dixi\u00e8me, <strong>ROLFO<\/strong> onzi\u00e8me, <strong>XAUS<\/strong> 21 \u00e8me, <strong>BATTAINI<\/strong> 27 \u00e8me et dernier.<\/p>\n<p><em><u>CHRONOS<\/u><\/em>:<\/p>\n<p><strong>BAYLISS<\/strong> 1&rsquo;59 696, <strong>LANZI<\/strong> 2&rsquo;00 028, <strong>PITT<\/strong> 2&rsquo;00 110, <strong>TOSELAND<\/strong> 2&rsquo;00 112, <strong>CORSER<\/strong> 2&rsquo;00 206, <strong>HAGA<\/strong> 2&rsquo;00 613.<\/p>\n","protected":false},"excerpt":{"rendered":"<p>Les deux DUCATI officielles s&rsquo;\u00e9lanceront des deux premi\u00e8res positions, demain, pour la premi\u00e8re course du championnat SBK au QATAR. BAYLISS n&rsquo;a pas laiss\u00e9 le doute plan\u00e9 quant \u00e0 son ambition de titre cette ann\u00e9e, en signant, avec la mani\u00e8re, une pole qu&rsquo;il a \u00e9t\u00e9 le seul \u00e0 porter en dessous de la barre des deux [&hellip;]<\/p>\n","protected":false},"author":336,"featured_media":0,"comment_status":"open","ping_status":"open","sticky":false,"template":"","format":"standard","meta":{"footnotes":""},"categories":[32,46],"tags":[],"class_list":["post-2036","post","type-post","status-publish","format-standard","hentry","category-sport-moto","category-superbike"],"yoast_head":"<!-- This site is optimized with the Yoast SEO plugin v26.0 - https:\/\/yoast.com\/wordpress\/plugins\/seo\/ -->\n<title>SBK: DUCATI, comme avant. - leblogmoto.com<\/title>\n<meta name=\"robots\" content=\"index, follow, max-snippet:-1, max-image-preview:large, max-video-preview:-1\" \/>\n<link rel=\"canonical\" href=\"https:\/\/blogs.thesocialmedia.com\/leblogmoto\/2006\/02\/24\/sbk-ducati-comm\/\" \/>\n<meta name=\"twitter:card\" content=\"summary_large_image\" \/>\n<meta name=\"twitter:title\" content=\"SBK: DUCATI, comme avant. - leblogmoto.com\" \/>\n<meta name=\"twitter:description\" content=\"Les deux DUCATI officielles s&rsquo;\u00e9lanceront des deux premi\u00e8res positions, demain, pour la premi\u00e8re course du championnat SBK au QATAR. BAYLISS n&rsquo;a pas laiss\u00e9 le doute plan\u00e9 quant \u00e0 son ambition de titre cette ann\u00e9e, en signant, avec la mani\u00e8re, une pole qu&rsquo;il a \u00e9t\u00e9 le seul \u00e0 porter en dessous de la barre des deux [&hellip;]\" \/>\n<meta name=\"twitter:image\" content=\"http:\/\/www.leblogmoto.com\/images\/1268.jpg\" \/>\n<meta name=\"twitter:label1\" content=\"\u00c9crit par\" \/>\n\t<meta name=\"twitter:data1\" content=\"andre leconde\" \/>\n\t<meta name=\"twitter:label2\" content=\"Dur\u00e9e de lecture estim\u00e9e\" \/>\n\t<meta name=\"twitter:data2\" content=\"1 minute\" \/>\n<script type=\"application\/ld+json\" class=\"yoast-schema-graph\">{\"@context\":\"https:\/\/schema.org\",\"@graph\":[{\"@type\":\"WebPage\",\"@id\":\"https:\/\/blogs.thesocialmedia.com\/leblogmoto\/2006\/02\/24\/sbk-ducati-comm\/\",\"url\":\"https:\/\/blogs.thesocialmedia.com\/leblogmoto\/2006\/02\/24\/sbk-ducati-comm\/\",\"name\":\"SBK: DUCATI, comme avant. - leblogmoto.com\",\"isPartOf\":{\"@id\":\"https:\/\/blogs.thesocialmedia.com\/leblogmoto\/#website\"},\"primaryImageOfPage\":{\"@id\":\"https:\/\/blogs.thesocialmedia.com\/leblogmoto\/2006\/02\/24\/sbk-ducati-comm\/#primaryimage\"},\"image\":{\"@id\":\"https:\/\/blogs.thesocialmedia.com\/leblogmoto\/2006\/02\/24\/sbk-ducati-comm\/#primaryimage\"},\"thumbnailUrl\":\"http:\/\/www.leblogmoto.com\/images\/1268.jpg\",\"datePublished\":\"2006-02-24T16:14:41+00:00\",\"dateModified\":\"2012-07-11T14:16:20+00:00\",\"author\":{\"@id\":\"https:\/\/blogs.thesocialmedia.com\/leblogmoto\/#\/schema\/person\/1a1dcfc7cec206573105eb4af91155c2\"},\"breadcrumb\":{\"@id\":\"https:\/\/blogs.thesocialmedia.com\/leblogmoto\/2006\/02\/24\/sbk-ducati-comm\/#breadcrumb\"},\"inLanguage\":\"fr-FR\",\"potentialAction\":[{\"@type\":\"ReadAction\",\"target\":[\"https:\/\/blogs.thesocialmedia.com\/leblogmoto\/2006\/02\/24\/sbk-ducati-comm\/\"]}]},{\"@type\":\"ImageObject\",\"inLanguage\":\"fr-FR\",\"@id\":\"https:\/\/blogs.thesocialmedia.com\/leblogmoto\/2006\/02\/24\/sbk-ducati-comm\/#primaryimage\",\"url\":\"http:\/\/www.leblogmoto.com\/images\/1268.jpg\",\"contentUrl\":\"http:\/\/www.leblogmoto.com\/images\/1268.jpg\"},{\"@type\":\"BreadcrumbList\",\"@id\":\"https:\/\/blogs.thesocialmedia.com\/leblogmoto\/2006\/02\/24\/sbk-ducati-comm\/#breadcrumb\",\"itemListElement\":[{\"@type\":\"ListItem\",\"position\":1,\"name\":\"Accueil\",\"item\":\"https:\/\/blogs.thesocialmedia.com\/leblogmoto\/\"},{\"@type\":\"ListItem\",\"position\":2,\"name\":\"SBK: DUCATI, comme avant.\"}]},{\"@type\":\"WebSite\",\"@id\":\"https:\/\/blogs.thesocialmedia.com\/leblogmoto\/#website\",\"url\":\"https:\/\/blogs.thesocialmedia.com\/leblogmoto\/\",\"name\":\"leblogmoto\",\"description\":\"Toute l&#039;actualit\u00e9 des 2 roues\",\"potentialAction\":[{\"@type\":\"SearchAction\",\"target\":{\"@type\":\"EntryPoint\",\"urlTemplate\":\"https:\/\/blogs.thesocialmedia.com\/leblogmoto\/?s={search_term_string}\"},\"query-input\":{\"@type\":\"PropertyValueSpecification\",\"valueRequired\":true,\"valueName\":\"search_term_string\"}}],\"inLanguage\":\"fr-FR\"},{\"@type\":\"Person\",\"@id\":\"https:\/\/blogs.thesocialmedia.com\/leblogmoto\/#\/schema\/person\/1a1dcfc7cec206573105eb4af91155c2\",\"name\":\"andre leconde\",\"image\":{\"@type\":\"ImageObject\",\"inLanguage\":\"fr-FR\",\"@id\":\"https:\/\/blogs.thesocialmedia.com\/leblogmoto\/#\/schema\/person\/image\/\",\"url\":\"https:\/\/secure.gravatar.com\/avatar\/?s=96&d=mm&r=g\",\"contentUrl\":\"https:\/\/secure.gravatar.com\/avatar\/?s=96&d=mm&r=g\",\"caption\":\"andre leconde\"},\"url\":\"https:\/\/blogs.thesocialmedia.com\/leblogmoto\/author\/andre-leconde\/\"}]}<\/script>\n<!-- \/ Yoast SEO plugin. -->","yoast_head_json":{"title":"SBK: DUCATI, comme avant. - leblogmoto.com","robots":{"index":"index","follow":"follow","max-snippet":"max-snippet:-1","max-image-preview":"max-image-preview:large","max-video-preview":"max-video-preview:-1"},"canonical":"https:\/\/blogs.thesocialmedia.com\/leblogmoto\/2006\/02\/24\/sbk-ducati-comm\/","twitter_card":"summary_large_image","twitter_title":"SBK: DUCATI, comme avant. - leblogmoto.com","twitter_description":"Les deux DUCATI officielles s&rsquo;\u00e9lanceront des deux premi\u00e8res positions, demain, pour la premi\u00e8re course du championnat SBK au QATAR. BAYLISS n&rsquo;a pas laiss\u00e9 le doute plan\u00e9 quant \u00e0 son ambition de titre cette ann\u00e9e, en signant, avec la mani\u00e8re, une pole qu&rsquo;il a \u00e9t\u00e9 le seul \u00e0 porter en dessous de la barre des deux [&hellip;]","twitter_image":"http:\/\/www.leblogmoto.com\/images\/1268.jpg","twitter_misc":{"\u00c9crit par":"andre leconde","Dur\u00e9e de lecture estim\u00e9e":"1 minute"},"schema":{"@context":"https:\/\/schema.org","@graph":[{"@type":"WebPage","@id":"https:\/\/blogs.thesocialmedia.com\/leblogmoto\/2006\/02\/24\/sbk-ducati-comm\/","url":"https:\/\/blogs.thesocialmedia.com\/leblogmoto\/2006\/02\/24\/sbk-ducati-comm\/","name":"SBK: DUCATI, comme avant. - leblogmoto.com","isPartOf":{"@id":"https:\/\/blogs.thesocialmedia.com\/leblogmoto\/#website"},"primaryImageOfPage":{"@id":"https:\/\/blogs.thesocialmedia.com\/leblogmoto\/2006\/02\/24\/sbk-ducati-comm\/#primaryimage"},"image":{"@id":"https:\/\/blogs.thesocialmedia.com\/leblogmoto\/2006\/02\/24\/sbk-ducati-comm\/#primaryimage"},"thumbnailUrl":"http:\/\/www.leblogmoto.com\/images\/1268.jpg","datePublished":"2006-02-24T16:14:41+00:00","dateModified":"2012-07-11T14:16:20+00:00","author":{"@id":"https:\/\/blogs.thesocialmedia.com\/leblogmoto\/#\/schema\/person\/1a1dcfc7cec206573105eb4af91155c2"},"breadcrumb":{"@id":"https:\/\/blogs.thesocialmedia.com\/leblogmoto\/2006\/02\/24\/sbk-ducati-comm\/#breadcrumb"},"inLanguage":"fr-FR","potentialAction":[{"@type":"ReadAction","target":["https:\/\/blogs.thesocialmedia.com\/leblogmoto\/2006\/02\/24\/sbk-ducati-comm\/"]}]},{"@type":"ImageObject","inLanguage":"fr-FR","@id":"https:\/\/blogs.thesocialmedia.com\/leblogmoto\/2006\/02\/24\/sbk-ducati-comm\/#primaryimage","url":"http:\/\/www.leblogmoto.com\/images\/1268.jpg","contentUrl":"http:\/\/www.leblogmoto.com\/images\/1268.jpg"},{"@type":"BreadcrumbList","@id":"https:\/\/blogs.thesocialmedia.com\/leblogmoto\/2006\/02\/24\/sbk-ducati-comm\/#breadcrumb","itemListElement":[{"@type":"ListItem","position":1,"name":"Accueil","item":"https:\/\/blogs.thesocialmedia.com\/leblogmoto\/"},{"@type":"ListItem","position":2,"name":"SBK: DUCATI, comme avant."}]},{"@type":"WebSite","@id":"https:\/\/blogs.thesocialmedia.com\/leblogmoto\/#website","url":"https:\/\/blogs.thesocialmedia.com\/leblogmoto\/","name":"leblogmoto","description":"Toute l&#039;actualit\u00e9 des 2 roues","potentialAction":[{"@type":"SearchAction","target":{"@type":"EntryPoint","urlTemplate":"https:\/\/blogs.thesocialmedia.com\/leblogmoto\/?s={search_term_string}"},"query-input":{"@type":"PropertyValueSpecification","valueRequired":true,"valueName":"search_term_string"}}],"inLanguage":"fr-FR"},{"@type":"Person","@id":"https:\/\/blogs.thesocialmedia.com\/leblogmoto\/#\/schema\/person\/1a1dcfc7cec206573105eb4af91155c2","name":"andre leconde","image":{"@type":"ImageObject","inLanguage":"fr-FR","@id":"https:\/\/blogs.thesocialmedia.com\/leblogmoto\/#\/schema\/person\/image\/","url":"https:\/\/secure.gravatar.com\/avatar\/?s=96&d=mm&r=g","contentUrl":"https:\/\/secure.gravatar.com\/avatar\/?s=96&d=mm&r=g","caption":"andre leconde"},"url":"https:\/\/blogs.thesocialmedia.com\/leblogmoto\/author\/andre-leconde\/"}]}},"_links":{"self":[{"href":"https:\/\/blogs.thesocialmedia.com\/leblogmoto\/wp-json\/wp\/v2\/posts\/2036","targetHints":{"allow":["GET"]}}],"collection":[{"href":"https:\/\/blogs.thesocialmedia.com\/leblogmoto\/wp-json\/wp\/v2\/posts"}],"about":[{"href":"https:\/\/blogs.thesocialmedia.com\/leblogmoto\/wp-json\/wp\/v2\/types\/post"}],"author":[{"embeddable":true,"href":"https:\/\/blogs.thesocialmedia.com\/leblogmoto\/wp-json\/wp\/v2\/users\/336"}],"replies":[{"embeddable":true,"href":"https:\/\/blogs.thesocialmedia.com\/leblogmoto\/wp-json\/wp\/v2\/comments?post=2036"}],"version-history":[{"count":2,"href":"https:\/\/blogs.thesocialmedia.com\/leblogmoto\/wp-json\/wp\/v2\/posts\/2036\/revisions"}],"predecessor-version":[{"id":7078,"href":"https:\/\/blogs.thesocialmedia.com\/leblogmoto\/wp-json\/wp\/v2\/posts\/2036\/revisions\/7078"}],"wp:attachment":[{"href":"https:\/\/blogs.thesocialmedia.com\/leblogmoto\/wp-json\/wp\/v2\/media?parent=2036"}],"wp:term":[{"taxonomy":"category","embeddable":true,"href":"https:\/\/blogs.thesocialmedia.com\/leblogmoto\/wp-json\/wp\/v2\/categories?post=2036"},{"taxonomy":"post_tag","embeddable":true,"href":"https:\/\/blogs.thesocialmedia.com\/leblogmoto\/wp-json\/wp\/v2\/tags?post=2036"}],"curies":[{"name":"wp","href":"https:\/\/api.w.org\/{rel}","templated":true}]}}