{"id":2037,"date":"2006-02-24T15:50:00","date_gmt":"2006-02-24T15:50:00","guid":{"rendered":"http:\/\/blogs.thesocialmedia.com\/leblogmoto\/2006\/02\/24\/supersport-char-3\/"},"modified":"2012-07-11T14:16:19","modified_gmt":"2012-07-11T14:16:19","slug":"supersport-char-3","status":"publish","type":"post","link":"https:\/\/blogs.thesocialmedia.com\/leblogmoto\/2006\/02\/24\/supersport-char-3\/","title":{"rendered":"SuperSport: CHARPENTIER, premi\u00e8re pole."},"content":{"rendered":"<p><a href=\"http:\/\/blogs.thesocialmedia.com\/leblogmoto\/files\/2012\/07\/ssp1.jpg\"><img loading=\"lazy\" decoding=\"async\" height=\"165\" alt=\"Ssp1\" src=\"http:\/\/www.leblogmoto.com\/images\/ssp1.jpg\" width=\"250\"  \/><\/a>Ca n&rsquo;a pas tra\u00een\u00e9, le champion du monde en titre a mis les choses au point avec ses adversaires. C&rsquo;est bien lui le ma\u00eetre d&rsquo;une <a href=\"http:\/\/www.leblogmoto.com\/2006\/02\/supersport_les_.html\">meute<\/a> qu&rsquo;il a tout simplement rejet\u00e9 \u00e0 plus d&rsquo;une seconde apr\u00e8s la qualif effectu\u00e9e sur le sec.<\/p>\n<p>Son dauphin est son \u00e9quipier <a href=\"http:\/\/www.leblogmoto.com\/2006\/02\/supersport_sofu.html\">SOFUOGLU<\/a> qu&rsquo;il va vraiment falloir prendre au s\u00e9rieux cette saison. Un doubl\u00e9, dans l&rsquo;absolu, pour l&rsquo;\u00e9curie TEN KATE qui ne l\u00e2che pas son emprise sur la discipline&#8230;&nbsp; <\/p>\n<p><a href=\"http:\/\/clabedan.typepad.com\/.shared\/image.html?\/photos\/uncategorized\/sebastien20charpentier2022d_jpg.jpg\"><img loading=\"lazy\" decoding=\"async\" height=\"375\" alt=\"Sebastien20charpentier2022d_jpg\" src=\"http:\/\/www.leblogmoto.com\/images\/sebastien20charpentier2022d_jpg.jpg\" width=\"250\"  \/><\/a>Le reste de la colonie fran\u00e7aise peut se satisfaire de l&rsquo;excellente huiti\u00e8me position de <a href=\"http:\/\/www.leblogauto.com\/2006\/01\/dpart_du_monte_.html\">Maxime BERGER<\/a> qui a fait plus que se r\u00e9v\u00e9ler sur une KAWASAKI qu&rsquo;il d\u00e9couvre. <strong>LEBLANC<\/strong> et <strong>ENJOLRAS<\/strong>, quant \u00e0 eux, fermeront quasiment la marche, en 24 \u00e8me et 31 \u00e8me position. La YAM GMT 94 est 17 \u00e8me.<\/p>\n<p>Demain, samedi, S\u00e9bastien CHARPENTIER aura \u00e0 ses basques les YAMAHA de CURTAIN et PARKES ainsi que la HONDA de FUJIWARA. On observera aussi la course de son compagnon turc, d&rsquo;ores et d\u00e9j\u00e0 r\u00e9v\u00e9lation de cette entame de saison.&nbsp; &nbsp;<\/p>\n<p><em><u>CHRONOS<\/u><\/em>:<\/p>\n<p><strong>CHARPENTIER<\/strong> 2&rsquo;03 093, <strong>SOFUOGLU<\/strong> 2&rsquo;04 089, <strong>CURTAIN <\/strong>2&rsquo;04 741, <strong>FUJIWARA<\/strong> 2&rsquo;04 756, <strong>PARKES<\/strong> 2&rsquo;05 082, &#8230; <strong>BERGER<\/strong> 2&rsquo;05 994 (huiti\u00e8me). <\/p>\n","protected":false},"excerpt":{"rendered":"<p>Ca n&rsquo;a pas tra\u00een\u00e9, le champion du monde en titre a mis les choses au point avec ses adversaires. C&rsquo;est bien lui le ma\u00eetre d&rsquo;une meute qu&rsquo;il a tout simplement rejet\u00e9 \u00e0 plus d&rsquo;une seconde apr\u00e8s la qualif effectu\u00e9e sur le sec. Son dauphin est son \u00e9quipier SOFUOGLU qu&rsquo;il va vraiment falloir prendre au s\u00e9rieux [&hellip;]<\/p>\n","protected":false},"author":336,"featured_media":0,"comment_status":"open","ping_status":"open","sticky":false,"template":"","format":"standard","meta":{"footnotes":""},"categories":[32,46],"tags":[],"class_list":["post-2037","post","type-post","status-publish","format-standard","hentry","category-sport-moto","category-superbike"],"yoast_head":"<!-- This site is optimized with the Yoast SEO plugin v26.0 - https:\/\/yoast.com\/wordpress\/plugins\/seo\/ -->\n<title>SuperSport: CHARPENTIER, premi\u00e8re pole. - leblogmoto.com<\/title>\n<meta name=\"robots\" content=\"index, follow, max-snippet:-1, max-image-preview:large, max-video-preview:-1\" \/>\n<link rel=\"canonical\" href=\"https:\/\/blogs.thesocialmedia.com\/leblogmoto\/2006\/02\/24\/supersport-char-3\/\" \/>\n<meta name=\"twitter:card\" content=\"summary_large_image\" \/>\n<meta name=\"twitter:title\" content=\"SuperSport: CHARPENTIER, premi\u00e8re pole. - leblogmoto.com\" \/>\n<meta name=\"twitter:description\" content=\"Ca n&rsquo;a pas tra\u00een\u00e9, le champion du monde en titre a mis les choses au point avec ses adversaires. C&rsquo;est bien lui le ma\u00eetre d&rsquo;une meute qu&rsquo;il a tout simplement rejet\u00e9 \u00e0 plus d&rsquo;une seconde apr\u00e8s la qualif effectu\u00e9e sur le sec. Son dauphin est son \u00e9quipier SOFUOGLU qu&rsquo;il va vraiment falloir prendre au s\u00e9rieux [&hellip;]\" \/>\n<meta name=\"twitter:image\" content=\"http:\/\/www.leblogmoto.com\/images\/ssp1.jpg\" \/>\n<meta name=\"twitter:label1\" content=\"\u00c9crit par\" \/>\n\t<meta name=\"twitter:data1\" content=\"andre leconde\" \/>\n\t<meta name=\"twitter:label2\" content=\"Dur\u00e9e de lecture estim\u00e9e\" \/>\n\t<meta name=\"twitter:data2\" content=\"1 minute\" \/>\n<script type=\"application\/ld+json\" class=\"yoast-schema-graph\">{\"@context\":\"https:\/\/schema.org\",\"@graph\":[{\"@type\":\"WebPage\",\"@id\":\"https:\/\/blogs.thesocialmedia.com\/leblogmoto\/2006\/02\/24\/supersport-char-3\/\",\"url\":\"https:\/\/blogs.thesocialmedia.com\/leblogmoto\/2006\/02\/24\/supersport-char-3\/\",\"name\":\"SuperSport: CHARPENTIER, premi\u00e8re pole. - leblogmoto.com\",\"isPartOf\":{\"@id\":\"https:\/\/blogs.thesocialmedia.com\/leblogmoto\/#website\"},\"primaryImageOfPage\":{\"@id\":\"https:\/\/blogs.thesocialmedia.com\/leblogmoto\/2006\/02\/24\/supersport-char-3\/#primaryimage\"},\"image\":{\"@id\":\"https:\/\/blogs.thesocialmedia.com\/leblogmoto\/2006\/02\/24\/supersport-char-3\/#primaryimage\"},\"thumbnailUrl\":\"http:\/\/www.leblogmoto.com\/images\/ssp1.jpg\",\"datePublished\":\"2006-02-24T15:50:00+00:00\",\"dateModified\":\"2012-07-11T14:16:19+00:00\",\"author\":{\"@id\":\"https:\/\/blogs.thesocialmedia.com\/leblogmoto\/#\/schema\/person\/1a1dcfc7cec206573105eb4af91155c2\"},\"breadcrumb\":{\"@id\":\"https:\/\/blogs.thesocialmedia.com\/leblogmoto\/2006\/02\/24\/supersport-char-3\/#breadcrumb\"},\"inLanguage\":\"fr-FR\",\"potentialAction\":[{\"@type\":\"ReadAction\",\"target\":[\"https:\/\/blogs.thesocialmedia.com\/leblogmoto\/2006\/02\/24\/supersport-char-3\/\"]}]},{\"@type\":\"ImageObject\",\"inLanguage\":\"fr-FR\",\"@id\":\"https:\/\/blogs.thesocialmedia.com\/leblogmoto\/2006\/02\/24\/supersport-char-3\/#primaryimage\",\"url\":\"http:\/\/www.leblogmoto.com\/images\/ssp1.jpg\",\"contentUrl\":\"http:\/\/www.leblogmoto.com\/images\/ssp1.jpg\"},{\"@type\":\"BreadcrumbList\",\"@id\":\"https:\/\/blogs.thesocialmedia.com\/leblogmoto\/2006\/02\/24\/supersport-char-3\/#breadcrumb\",\"itemListElement\":[{\"@type\":\"ListItem\",\"position\":1,\"name\":\"Accueil\",\"item\":\"https:\/\/blogs.thesocialmedia.com\/leblogmoto\/\"},{\"@type\":\"ListItem\",\"position\":2,\"name\":\"SuperSport: CHARPENTIER, premi\u00e8re pole.\"}]},{\"@type\":\"WebSite\",\"@id\":\"https:\/\/blogs.thesocialmedia.com\/leblogmoto\/#website\",\"url\":\"https:\/\/blogs.thesocialmedia.com\/leblogmoto\/\",\"name\":\"leblogmoto\",\"description\":\"Toute l&#039;actualit\u00e9 des 2 roues\",\"potentialAction\":[{\"@type\":\"SearchAction\",\"target\":{\"@type\":\"EntryPoint\",\"urlTemplate\":\"https:\/\/blogs.thesocialmedia.com\/leblogmoto\/?s={search_term_string}\"},\"query-input\":{\"@type\":\"PropertyValueSpecification\",\"valueRequired\":true,\"valueName\":\"search_term_string\"}}],\"inLanguage\":\"fr-FR\"},{\"@type\":\"Person\",\"@id\":\"https:\/\/blogs.thesocialmedia.com\/leblogmoto\/#\/schema\/person\/1a1dcfc7cec206573105eb4af91155c2\",\"name\":\"andre leconde\",\"image\":{\"@type\":\"ImageObject\",\"inLanguage\":\"fr-FR\",\"@id\":\"https:\/\/blogs.thesocialmedia.com\/leblogmoto\/#\/schema\/person\/image\/\",\"url\":\"https:\/\/secure.gravatar.com\/avatar\/?s=96&d=mm&r=g\",\"contentUrl\":\"https:\/\/secure.gravatar.com\/avatar\/?s=96&d=mm&r=g\",\"caption\":\"andre leconde\"},\"url\":\"https:\/\/blogs.thesocialmedia.com\/leblogmoto\/author\/andre-leconde\/\"}]}<\/script>\n<!-- \/ Yoast SEO plugin. -->","yoast_head_json":{"title":"SuperSport: CHARPENTIER, premi\u00e8re pole. - leblogmoto.com","robots":{"index":"index","follow":"follow","max-snippet":"max-snippet:-1","max-image-preview":"max-image-preview:large","max-video-preview":"max-video-preview:-1"},"canonical":"https:\/\/blogs.thesocialmedia.com\/leblogmoto\/2006\/02\/24\/supersport-char-3\/","twitter_card":"summary_large_image","twitter_title":"SuperSport: CHARPENTIER, premi\u00e8re pole. - leblogmoto.com","twitter_description":"Ca n&rsquo;a pas tra\u00een\u00e9, le champion du monde en titre a mis les choses au point avec ses adversaires. C&rsquo;est bien lui le ma\u00eetre d&rsquo;une meute qu&rsquo;il a tout simplement rejet\u00e9 \u00e0 plus d&rsquo;une seconde apr\u00e8s la qualif effectu\u00e9e sur le sec. Son dauphin est son \u00e9quipier SOFUOGLU qu&rsquo;il va vraiment falloir prendre au s\u00e9rieux [&hellip;]","twitter_image":"http:\/\/www.leblogmoto.com\/images\/ssp1.jpg","twitter_misc":{"\u00c9crit par":"andre leconde","Dur\u00e9e de lecture estim\u00e9e":"1 minute"},"schema":{"@context":"https:\/\/schema.org","@graph":[{"@type":"WebPage","@id":"https:\/\/blogs.thesocialmedia.com\/leblogmoto\/2006\/02\/24\/supersport-char-3\/","url":"https:\/\/blogs.thesocialmedia.com\/leblogmoto\/2006\/02\/24\/supersport-char-3\/","name":"SuperSport: CHARPENTIER, premi\u00e8re pole. - leblogmoto.com","isPartOf":{"@id":"https:\/\/blogs.thesocialmedia.com\/leblogmoto\/#website"},"primaryImageOfPage":{"@id":"https:\/\/blogs.thesocialmedia.com\/leblogmoto\/2006\/02\/24\/supersport-char-3\/#primaryimage"},"image":{"@id":"https:\/\/blogs.thesocialmedia.com\/leblogmoto\/2006\/02\/24\/supersport-char-3\/#primaryimage"},"thumbnailUrl":"http:\/\/www.leblogmoto.com\/images\/ssp1.jpg","datePublished":"2006-02-24T15:50:00+00:00","dateModified":"2012-07-11T14:16:19+00:00","author":{"@id":"https:\/\/blogs.thesocialmedia.com\/leblogmoto\/#\/schema\/person\/1a1dcfc7cec206573105eb4af91155c2"},"breadcrumb":{"@id":"https:\/\/blogs.thesocialmedia.com\/leblogmoto\/2006\/02\/24\/supersport-char-3\/#breadcrumb"},"inLanguage":"fr-FR","potentialAction":[{"@type":"ReadAction","target":["https:\/\/blogs.thesocialmedia.com\/leblogmoto\/2006\/02\/24\/supersport-char-3\/"]}]},{"@type":"ImageObject","inLanguage":"fr-FR","@id":"https:\/\/blogs.thesocialmedia.com\/leblogmoto\/2006\/02\/24\/supersport-char-3\/#primaryimage","url":"http:\/\/www.leblogmoto.com\/images\/ssp1.jpg","contentUrl":"http:\/\/www.leblogmoto.com\/images\/ssp1.jpg"},{"@type":"BreadcrumbList","@id":"https:\/\/blogs.thesocialmedia.com\/leblogmoto\/2006\/02\/24\/supersport-char-3\/#breadcrumb","itemListElement":[{"@type":"ListItem","position":1,"name":"Accueil","item":"https:\/\/blogs.thesocialmedia.com\/leblogmoto\/"},{"@type":"ListItem","position":2,"name":"SuperSport: CHARPENTIER, premi\u00e8re pole."}]},{"@type":"WebSite","@id":"https:\/\/blogs.thesocialmedia.com\/leblogmoto\/#website","url":"https:\/\/blogs.thesocialmedia.com\/leblogmoto\/","name":"leblogmoto","description":"Toute l&#039;actualit\u00e9 des 2 roues","potentialAction":[{"@type":"SearchAction","target":{"@type":"EntryPoint","urlTemplate":"https:\/\/blogs.thesocialmedia.com\/leblogmoto\/?s={search_term_string}"},"query-input":{"@type":"PropertyValueSpecification","valueRequired":true,"valueName":"search_term_string"}}],"inLanguage":"fr-FR"},{"@type":"Person","@id":"https:\/\/blogs.thesocialmedia.com\/leblogmoto\/#\/schema\/person\/1a1dcfc7cec206573105eb4af91155c2","name":"andre leconde","image":{"@type":"ImageObject","inLanguage":"fr-FR","@id":"https:\/\/blogs.thesocialmedia.com\/leblogmoto\/#\/schema\/person\/image\/","url":"https:\/\/secure.gravatar.com\/avatar\/?s=96&d=mm&r=g","contentUrl":"https:\/\/secure.gravatar.com\/avatar\/?s=96&d=mm&r=g","caption":"andre leconde"},"url":"https:\/\/blogs.thesocialmedia.com\/leblogmoto\/author\/andre-leconde\/"}]}},"_links":{"self":[{"href":"https:\/\/blogs.thesocialmedia.com\/leblogmoto\/wp-json\/wp\/v2\/posts\/2037","targetHints":{"allow":["GET"]}}],"collection":[{"href":"https:\/\/blogs.thesocialmedia.com\/leblogmoto\/wp-json\/wp\/v2\/posts"}],"about":[{"href":"https:\/\/blogs.thesocialmedia.com\/leblogmoto\/wp-json\/wp\/v2\/types\/post"}],"author":[{"embeddable":true,"href":"https:\/\/blogs.thesocialmedia.com\/leblogmoto\/wp-json\/wp\/v2\/users\/336"}],"replies":[{"embeddable":true,"href":"https:\/\/blogs.thesocialmedia.com\/leblogmoto\/wp-json\/wp\/v2\/comments?post=2037"}],"version-history":[{"count":2,"href":"https:\/\/blogs.thesocialmedia.com\/leblogmoto\/wp-json\/wp\/v2\/posts\/2037\/revisions"}],"predecessor-version":[{"id":7076,"href":"https:\/\/blogs.thesocialmedia.com\/leblogmoto\/wp-json\/wp\/v2\/posts\/2037\/revisions\/7076"}],"wp:attachment":[{"href":"https:\/\/blogs.thesocialmedia.com\/leblogmoto\/wp-json\/wp\/v2\/media?parent=2037"}],"wp:term":[{"taxonomy":"category","embeddable":true,"href":"https:\/\/blogs.thesocialmedia.com\/leblogmoto\/wp-json\/wp\/v2\/categories?post=2037"},{"taxonomy":"post_tag","embeddable":true,"href":"https:\/\/blogs.thesocialmedia.com\/leblogmoto\/wp-json\/wp\/v2\/tags?post=2037"}],"curies":[{"name":"wp","href":"https:\/\/api.w.org\/{rel}","templated":true}]}}