{"id":2039,"date":"2006-02-24T11:16:57","date_gmt":"2006-02-24T11:16:57","guid":{"rendered":"http:\/\/blogs.thesocialmedia.com\/leblogmoto\/2006\/02\/24\/mc-williams-a-d\/"},"modified":"2012-07-11T14:16:15","modified_gmt":"2012-07-11T14:16:15","slug":"mc-williams-a-d","status":"publish","type":"post","link":"https:\/\/blogs.thesocialmedia.com\/leblogmoto\/2006\/02\/24\/mc-williams-a-d\/","title":{"rendered":"Mc WILLIAMS a d\u00e9cid\u00e9 de \u00ab\u00a0Bueller\u00a0\u00bb."},"content":{"rendered":"<p><a href=\"http:\/\/blogs.thesocialmedia.com\/leblogmoto\/files\/2012\/07\/230206buee.jpg\"><strong><img loading=\"lazy\" decoding=\"async\" height=\"166\" alt=\"230206buee\" src=\"http:\/\/www.leblogmoto.com\/images\/230206buee.jpg\" width=\"250\"  \/><\/strong><\/a><strong>Jeremy Mc WILLIAMS<\/strong>, inoxydable irlandais qui est \u00e0 la vitesse moto ce que le Pape est \u00e0 la chr\u00e9tient\u00e9, a d\u00e9velopp\u00e9 ses axes d&rsquo;effort pour la saison qui s&rsquo;annonce.<\/p>\n<p>Tout le monde le voyait signer chez WCM pour une saison en MotoGp. C&rsquo;\u00e9tait mal conna\u00eetre le personnage pour qui les paillettes du <a href=\"http:\/\/www.leblogmoto.com\/2005\/11\/que_couve_la_po.html\">Temple<\/a> n&rsquo;ont jamais eu d&rsquo;effet sur son humeur.<\/p>\n<p>Plut\u00f4t que de jouer les faire-valoir, McWILLIAMS a d\u00e9cid\u00e9 de relever un autre challenge plus en phase avec son go\u00fbt de la baston; conqu\u00e9rir les States sur une <a href=\"http:\/\/www.leblogmoto.com\/2005\/10\/mondial_2005_bu.html\">Buell <\/a>de l&rsquo;importateur britannique&#8230;&nbsp; &nbsp;&nbsp; &nbsp;&nbsp; &nbsp;<\/p>\n<p><a href=\"http:\/\/clabedan.typepad.com\/.shared\/image.html?\/photos\/uncategorized\/230206abuee.jpg\"><img loading=\"lazy\" decoding=\"async\" height=\"166\" alt=\"230206abuee\" src=\"http:\/\/www.leblogmoto.com\/images\/230206abuee.jpg\" width=\"250\"  \/><\/a> Voil\u00e0 une pointure pour la <a href=\"http:\/\/www.leblogmoto.com\/2006\/01\/buell_firebolt_.html\">FIREBOLT XB-RR<\/a> qui s&rsquo;alignera en <strong>AMA Superbike<\/strong>, cat\u00e9gorie Formula Xtreme. L&rsquo;irlandais retrouvera pour l&rsquo;occasion HODGSON, champion du monde SBK 2003, tout en continuant la voie du Superbike qu&rsquo;il avait emprunt\u00e9 la saison derni\u00e8re en disputant le hupp\u00e9 championnat britannique de la cat\u00e9gorie sur une HONDA.<\/p>\n<p>Le n\u00b0<strong>99<\/strong> n&rsquo;a donc pas fini de terroriser les circuits. Quant \u00e0 BUELL, c&rsquo;est une recrue de poids dans ses rangs.<\/p>\n<p>&nbsp; <\/p>\n","protected":false},"excerpt":{"rendered":"<p>Jeremy Mc WILLIAMS, inoxydable irlandais qui est \u00e0 la vitesse moto ce que le Pape est \u00e0 la chr\u00e9tient\u00e9, a d\u00e9velopp\u00e9 ses axes d&rsquo;effort pour la saison qui s&rsquo;annonce. Tout le monde le voyait signer chez WCM pour une saison en MotoGp. C&rsquo;\u00e9tait mal conna\u00eetre le personnage pour qui les paillettes du Temple n&rsquo;ont jamais [&hellip;]<\/p>\n","protected":false},"author":336,"featured_media":0,"comment_status":"open","ping_status":"open","sticky":false,"template":"","format":"standard","meta":{"footnotes":""},"categories":[47,32],"tags":[],"class_list":["post-2039","post","type-post","status-publish","format-standard","hentry","category-buell","category-sport-moto"],"yoast_head":"<!-- This site is optimized with the Yoast SEO plugin v26.0 - https:\/\/yoast.com\/wordpress\/plugins\/seo\/ -->\n<title>Mc WILLIAMS a d\u00e9cid\u00e9 de &quot;Bueller&quot;. - leblogmoto.com<\/title>\n<meta name=\"robots\" content=\"index, follow, max-snippet:-1, max-image-preview:large, max-video-preview:-1\" \/>\n<link rel=\"canonical\" href=\"https:\/\/blogs.thesocialmedia.com\/leblogmoto\/2006\/02\/24\/mc-williams-a-d\/\" \/>\n<meta name=\"twitter:card\" content=\"summary_large_image\" \/>\n<meta name=\"twitter:title\" content=\"Mc WILLIAMS a d\u00e9cid\u00e9 de &quot;Bueller&quot;. - leblogmoto.com\" \/>\n<meta name=\"twitter:description\" content=\"Jeremy Mc WILLIAMS, inoxydable irlandais qui est \u00e0 la vitesse moto ce que le Pape est \u00e0 la chr\u00e9tient\u00e9, a d\u00e9velopp\u00e9 ses axes d&rsquo;effort pour la saison qui s&rsquo;annonce. Tout le monde le voyait signer chez WCM pour une saison en MotoGp. C&rsquo;\u00e9tait mal conna\u00eetre le personnage pour qui les paillettes du Temple n&rsquo;ont jamais [&hellip;]\" \/>\n<meta name=\"twitter:image\" content=\"http:\/\/www.leblogmoto.com\/images\/230206buee.jpg\" \/>\n<meta name=\"twitter:label1\" content=\"\u00c9crit par\" \/>\n\t<meta name=\"twitter:data1\" content=\"andre leconde\" \/>\n\t<meta name=\"twitter:label2\" content=\"Dur\u00e9e de lecture estim\u00e9e\" \/>\n\t<meta name=\"twitter:data2\" content=\"1 minute\" \/>\n<script type=\"application\/ld+json\" class=\"yoast-schema-graph\">{\"@context\":\"https:\/\/schema.org\",\"@graph\":[{\"@type\":\"WebPage\",\"@id\":\"https:\/\/blogs.thesocialmedia.com\/leblogmoto\/2006\/02\/24\/mc-williams-a-d\/\",\"url\":\"https:\/\/blogs.thesocialmedia.com\/leblogmoto\/2006\/02\/24\/mc-williams-a-d\/\",\"name\":\"Mc WILLIAMS a d\u00e9cid\u00e9 de \\\"Bueller\\\". - leblogmoto.com\",\"isPartOf\":{\"@id\":\"https:\/\/blogs.thesocialmedia.com\/leblogmoto\/#website\"},\"primaryImageOfPage\":{\"@id\":\"https:\/\/blogs.thesocialmedia.com\/leblogmoto\/2006\/02\/24\/mc-williams-a-d\/#primaryimage\"},\"image\":{\"@id\":\"https:\/\/blogs.thesocialmedia.com\/leblogmoto\/2006\/02\/24\/mc-williams-a-d\/#primaryimage\"},\"thumbnailUrl\":\"http:\/\/www.leblogmoto.com\/images\/230206buee.jpg\",\"datePublished\":\"2006-02-24T11:16:57+00:00\",\"dateModified\":\"2012-07-11T14:16:15+00:00\",\"author\":{\"@id\":\"https:\/\/blogs.thesocialmedia.com\/leblogmoto\/#\/schema\/person\/1a1dcfc7cec206573105eb4af91155c2\"},\"breadcrumb\":{\"@id\":\"https:\/\/blogs.thesocialmedia.com\/leblogmoto\/2006\/02\/24\/mc-williams-a-d\/#breadcrumb\"},\"inLanguage\":\"fr-FR\",\"potentialAction\":[{\"@type\":\"ReadAction\",\"target\":[\"https:\/\/blogs.thesocialmedia.com\/leblogmoto\/2006\/02\/24\/mc-williams-a-d\/\"]}]},{\"@type\":\"ImageObject\",\"inLanguage\":\"fr-FR\",\"@id\":\"https:\/\/blogs.thesocialmedia.com\/leblogmoto\/2006\/02\/24\/mc-williams-a-d\/#primaryimage\",\"url\":\"http:\/\/www.leblogmoto.com\/images\/230206buee.jpg\",\"contentUrl\":\"http:\/\/www.leblogmoto.com\/images\/230206buee.jpg\"},{\"@type\":\"BreadcrumbList\",\"@id\":\"https:\/\/blogs.thesocialmedia.com\/leblogmoto\/2006\/02\/24\/mc-williams-a-d\/#breadcrumb\",\"itemListElement\":[{\"@type\":\"ListItem\",\"position\":1,\"name\":\"Accueil\",\"item\":\"https:\/\/blogs.thesocialmedia.com\/leblogmoto\/\"},{\"@type\":\"ListItem\",\"position\":2,\"name\":\"Mc WILLIAMS a d\u00e9cid\u00e9 de \u00ab\u00a0Bueller\u00a0\u00bb.\"}]},{\"@type\":\"WebSite\",\"@id\":\"https:\/\/blogs.thesocialmedia.com\/leblogmoto\/#website\",\"url\":\"https:\/\/blogs.thesocialmedia.com\/leblogmoto\/\",\"name\":\"leblogmoto\",\"description\":\"Toute l&#039;actualit\u00e9 des 2 roues\",\"potentialAction\":[{\"@type\":\"SearchAction\",\"target\":{\"@type\":\"EntryPoint\",\"urlTemplate\":\"https:\/\/blogs.thesocialmedia.com\/leblogmoto\/?s={search_term_string}\"},\"query-input\":{\"@type\":\"PropertyValueSpecification\",\"valueRequired\":true,\"valueName\":\"search_term_string\"}}],\"inLanguage\":\"fr-FR\"},{\"@type\":\"Person\",\"@id\":\"https:\/\/blogs.thesocialmedia.com\/leblogmoto\/#\/schema\/person\/1a1dcfc7cec206573105eb4af91155c2\",\"name\":\"andre leconde\",\"image\":{\"@type\":\"ImageObject\",\"inLanguage\":\"fr-FR\",\"@id\":\"https:\/\/blogs.thesocialmedia.com\/leblogmoto\/#\/schema\/person\/image\/\",\"url\":\"https:\/\/secure.gravatar.com\/avatar\/?s=96&d=mm&r=g\",\"contentUrl\":\"https:\/\/secure.gravatar.com\/avatar\/?s=96&d=mm&r=g\",\"caption\":\"andre leconde\"},\"url\":\"https:\/\/blogs.thesocialmedia.com\/leblogmoto\/author\/andre-leconde\/\"}]}<\/script>\n<!-- \/ Yoast SEO plugin. -->","yoast_head_json":{"title":"Mc WILLIAMS a d\u00e9cid\u00e9 de \"Bueller\". - leblogmoto.com","robots":{"index":"index","follow":"follow","max-snippet":"max-snippet:-1","max-image-preview":"max-image-preview:large","max-video-preview":"max-video-preview:-1"},"canonical":"https:\/\/blogs.thesocialmedia.com\/leblogmoto\/2006\/02\/24\/mc-williams-a-d\/","twitter_card":"summary_large_image","twitter_title":"Mc WILLIAMS a d\u00e9cid\u00e9 de \"Bueller\". - leblogmoto.com","twitter_description":"Jeremy Mc WILLIAMS, inoxydable irlandais qui est \u00e0 la vitesse moto ce que le Pape est \u00e0 la chr\u00e9tient\u00e9, a d\u00e9velopp\u00e9 ses axes d&rsquo;effort pour la saison qui s&rsquo;annonce. Tout le monde le voyait signer chez WCM pour une saison en MotoGp. C&rsquo;\u00e9tait mal conna\u00eetre le personnage pour qui les paillettes du Temple n&rsquo;ont jamais [&hellip;]","twitter_image":"http:\/\/www.leblogmoto.com\/images\/230206buee.jpg","twitter_misc":{"\u00c9crit par":"andre leconde","Dur\u00e9e de lecture estim\u00e9e":"1 minute"},"schema":{"@context":"https:\/\/schema.org","@graph":[{"@type":"WebPage","@id":"https:\/\/blogs.thesocialmedia.com\/leblogmoto\/2006\/02\/24\/mc-williams-a-d\/","url":"https:\/\/blogs.thesocialmedia.com\/leblogmoto\/2006\/02\/24\/mc-williams-a-d\/","name":"Mc WILLIAMS a d\u00e9cid\u00e9 de \"Bueller\". - leblogmoto.com","isPartOf":{"@id":"https:\/\/blogs.thesocialmedia.com\/leblogmoto\/#website"},"primaryImageOfPage":{"@id":"https:\/\/blogs.thesocialmedia.com\/leblogmoto\/2006\/02\/24\/mc-williams-a-d\/#primaryimage"},"image":{"@id":"https:\/\/blogs.thesocialmedia.com\/leblogmoto\/2006\/02\/24\/mc-williams-a-d\/#primaryimage"},"thumbnailUrl":"http:\/\/www.leblogmoto.com\/images\/230206buee.jpg","datePublished":"2006-02-24T11:16:57+00:00","dateModified":"2012-07-11T14:16:15+00:00","author":{"@id":"https:\/\/blogs.thesocialmedia.com\/leblogmoto\/#\/schema\/person\/1a1dcfc7cec206573105eb4af91155c2"},"breadcrumb":{"@id":"https:\/\/blogs.thesocialmedia.com\/leblogmoto\/2006\/02\/24\/mc-williams-a-d\/#breadcrumb"},"inLanguage":"fr-FR","potentialAction":[{"@type":"ReadAction","target":["https:\/\/blogs.thesocialmedia.com\/leblogmoto\/2006\/02\/24\/mc-williams-a-d\/"]}]},{"@type":"ImageObject","inLanguage":"fr-FR","@id":"https:\/\/blogs.thesocialmedia.com\/leblogmoto\/2006\/02\/24\/mc-williams-a-d\/#primaryimage","url":"http:\/\/www.leblogmoto.com\/images\/230206buee.jpg","contentUrl":"http:\/\/www.leblogmoto.com\/images\/230206buee.jpg"},{"@type":"BreadcrumbList","@id":"https:\/\/blogs.thesocialmedia.com\/leblogmoto\/2006\/02\/24\/mc-williams-a-d\/#breadcrumb","itemListElement":[{"@type":"ListItem","position":1,"name":"Accueil","item":"https:\/\/blogs.thesocialmedia.com\/leblogmoto\/"},{"@type":"ListItem","position":2,"name":"Mc WILLIAMS a d\u00e9cid\u00e9 de \u00ab\u00a0Bueller\u00a0\u00bb."}]},{"@type":"WebSite","@id":"https:\/\/blogs.thesocialmedia.com\/leblogmoto\/#website","url":"https:\/\/blogs.thesocialmedia.com\/leblogmoto\/","name":"leblogmoto","description":"Toute l&#039;actualit\u00e9 des 2 roues","potentialAction":[{"@type":"SearchAction","target":{"@type":"EntryPoint","urlTemplate":"https:\/\/blogs.thesocialmedia.com\/leblogmoto\/?s={search_term_string}"},"query-input":{"@type":"PropertyValueSpecification","valueRequired":true,"valueName":"search_term_string"}}],"inLanguage":"fr-FR"},{"@type":"Person","@id":"https:\/\/blogs.thesocialmedia.com\/leblogmoto\/#\/schema\/person\/1a1dcfc7cec206573105eb4af91155c2","name":"andre leconde","image":{"@type":"ImageObject","inLanguage":"fr-FR","@id":"https:\/\/blogs.thesocialmedia.com\/leblogmoto\/#\/schema\/person\/image\/","url":"https:\/\/secure.gravatar.com\/avatar\/?s=96&d=mm&r=g","contentUrl":"https:\/\/secure.gravatar.com\/avatar\/?s=96&d=mm&r=g","caption":"andre leconde"},"url":"https:\/\/blogs.thesocialmedia.com\/leblogmoto\/author\/andre-leconde\/"}]}},"_links":{"self":[{"href":"https:\/\/blogs.thesocialmedia.com\/leblogmoto\/wp-json\/wp\/v2\/posts\/2039","targetHints":{"allow":["GET"]}}],"collection":[{"href":"https:\/\/blogs.thesocialmedia.com\/leblogmoto\/wp-json\/wp\/v2\/posts"}],"about":[{"href":"https:\/\/blogs.thesocialmedia.com\/leblogmoto\/wp-json\/wp\/v2\/types\/post"}],"author":[{"embeddable":true,"href":"https:\/\/blogs.thesocialmedia.com\/leblogmoto\/wp-json\/wp\/v2\/users\/336"}],"replies":[{"embeddable":true,"href":"https:\/\/blogs.thesocialmedia.com\/leblogmoto\/wp-json\/wp\/v2\/comments?post=2039"}],"version-history":[{"count":2,"href":"https:\/\/blogs.thesocialmedia.com\/leblogmoto\/wp-json\/wp\/v2\/posts\/2039\/revisions"}],"predecessor-version":[{"id":7072,"href":"https:\/\/blogs.thesocialmedia.com\/leblogmoto\/wp-json\/wp\/v2\/posts\/2039\/revisions\/7072"}],"wp:attachment":[{"href":"https:\/\/blogs.thesocialmedia.com\/leblogmoto\/wp-json\/wp\/v2\/media?parent=2039"}],"wp:term":[{"taxonomy":"category","embeddable":true,"href":"https:\/\/blogs.thesocialmedia.com\/leblogmoto\/wp-json\/wp\/v2\/categories?post=2039"},{"taxonomy":"post_tag","embeddable":true,"href":"https:\/\/blogs.thesocialmedia.com\/leblogmoto\/wp-json\/wp\/v2\/tags?post=2039"}],"curies":[{"name":"wp","href":"https:\/\/api.w.org\/{rel}","templated":true}]}}