{"id":2040,"date":"2006-02-23T19:59:31","date_gmt":"2006-02-23T19:59:31","guid":{"rendered":"http:\/\/blogs.thesocialmedia.com\/leblogmoto\/2006\/02\/23\/sbk-2008-le-ret\/"},"modified":"2012-07-11T14:16:13","modified_gmt":"2012-07-11T14:16:13","slug":"sbk-2008-le-ret","status":"publish","type":"post","link":"https:\/\/blogs.thesocialmedia.com\/leblogmoto\/2006\/02\/23\/sbk-2008-le-ret\/","title":{"rendered":"SBK 2008: Le retour annonc\u00e9 d&rsquo;APRILIA"},"content":{"rendered":"<p><a href=\"http:\/\/blogs.thesocialmedia.com\/leblogmoto\/files\/2012\/07\/aprilia_logopg.jpg\"><img loading=\"lazy\" decoding=\"async\" height=\"254\" alt=\"Aprilia_logopg\" src=\"http:\/\/www.leblogmoto.com\/images\/aprilia_logopg.jpg\" width=\"250\"  \/><\/a>Si tant est qu&rsquo;il existait des interrogations quant \u00e0 la sant\u00e9 du WSBK, oblig\u00e9 d&rsquo;\u00e9voluer dans l&rsquo;ombre du MotoGp jusqu&rsquo;\u00e0 en \u00eatre consid\u00e9r\u00e9 comme le <a href=\"http:\/\/www.leblogmoto.com\/2006\/01\/superbike_terre.html\">d\u00e9versoir<\/a>, voici une nouvelle qui mettra tous les sceptiques dans l&#8217;embarras. C&rsquo;est tout ce qu&rsquo;il y a de plus officiel, <a href=\"http:\/\/www.leblogmoto.com\/2005\/11\/aprilia_rsv_100_1.html\">APRILIA<\/a> reviendra dans la discipline en <strong>2008<\/strong>.<\/p>\n<p>On se souvient d&rsquo;une premi\u00e8re exp\u00e9rience mi-figue mi-raisin en 2000 avec le bin\u00f4me pourtant hupp\u00e9 <strong>CORSER-LACONI<\/strong> sur une trois cylindres r\u00e9pondant au nom de code <strong>Cube<\/strong>. Une \u00e9poque o\u00f9 APRILIA cherchait avant tout \u00e0 sauver son existence m\u00eame. Beaucoup de choses ont chang\u00e9 depuis&#8230;<\/p>\n<p><a href=\"http:\/\/clabedan.typepad.com\/.shared\/image.html?\/photos\/uncategorized\/mex140.jpg\"><img loading=\"lazy\" decoding=\"async\" height=\"188\" alt=\"Mex140\" src=\"http:\/\/www.leblogmoto.com\/images\/mex140.jpg\" width=\"250\"  \/><\/a>APRILIA n&rsquo;est plus une marque aux abois. Le redressement a \u00e9t\u00e9 spectaculaire, au point que le blason peut regarder l&rsquo;avenir avec confiance. <strong>18<\/strong> mod\u00e8les, pas moins arriveront jusqu&rsquo;en 2008 et la gamme du constructeur poursuit son <a href=\"http:\/\/www.leblogmoto.com\/2005\/09\/aprilia_1ooo_et.html\">offensive<\/a> dans le domaine &quot;off-road&quot;.<\/p>\n<p>L&rsquo;APRILIA Superbike sera un <strong>quatre cylindres<\/strong>. La discipline est celle qui colle le mieux \u00e0 l&rsquo;image du tourisme sportif et cr\u00e9e un lien v\u00e9ritablement physique entre le produit de la concession et celle qui est align\u00e9e en course. <\/p>\n<p>Une bonne nouvelle pour cette comp\u00e9tition, qui asseoira la position des marques d\u00e9j\u00e0 engag\u00e9es et fera r\u00e9fl\u00e9chir certainement les autres. Le SBK parent pauvre ? Allons donc !<\/p>\n<p>SOURCE: <a href=\"http:\/\/www.motomag.com\">www.motomag.com<\/a>&nbsp; &nbsp;<\/p>\n","protected":false},"excerpt":{"rendered":"<p>Si tant est qu&rsquo;il existait des interrogations quant \u00e0 la sant\u00e9 du WSBK, oblig\u00e9 d&rsquo;\u00e9voluer dans l&rsquo;ombre du MotoGp jusqu&rsquo;\u00e0 en \u00eatre consid\u00e9r\u00e9 comme le d\u00e9versoir, voici une nouvelle qui mettra tous les sceptiques dans l&#8217;embarras. C&rsquo;est tout ce qu&rsquo;il y a de plus officiel, APRILIA reviendra dans la discipline en 2008. On se souvient [&hellip;]<\/p>\n","protected":false},"author":336,"featured_media":0,"comment_status":"open","ping_status":"open","sticky":false,"template":"","format":"standard","meta":{"footnotes":""},"categories":[32,46],"tags":[],"class_list":["post-2040","post","type-post","status-publish","format-standard","hentry","category-sport-moto","category-superbike"],"yoast_head":"<!-- This site is optimized with the Yoast SEO plugin v26.0 - https:\/\/yoast.com\/wordpress\/plugins\/seo\/ -->\n<title>SBK 2008: Le retour annonc\u00e9 d&#039;APRILIA - leblogmoto.com<\/title>\n<meta name=\"robots\" content=\"index, follow, max-snippet:-1, max-image-preview:large, max-video-preview:-1\" \/>\n<link rel=\"canonical\" href=\"https:\/\/blogs.thesocialmedia.com\/leblogmoto\/2006\/02\/23\/sbk-2008-le-ret\/\" \/>\n<meta name=\"twitter:card\" content=\"summary_large_image\" \/>\n<meta name=\"twitter:title\" content=\"SBK 2008: Le retour annonc\u00e9 d&#039;APRILIA - leblogmoto.com\" \/>\n<meta name=\"twitter:description\" content=\"Si tant est qu&rsquo;il existait des interrogations quant \u00e0 la sant\u00e9 du WSBK, oblig\u00e9 d&rsquo;\u00e9voluer dans l&rsquo;ombre du MotoGp jusqu&rsquo;\u00e0 en \u00eatre consid\u00e9r\u00e9 comme le d\u00e9versoir, voici une nouvelle qui mettra tous les sceptiques dans l&#8217;embarras. C&rsquo;est tout ce qu&rsquo;il y a de plus officiel, APRILIA reviendra dans la discipline en 2008. On se souvient [&hellip;]\" \/>\n<meta name=\"twitter:image\" content=\"http:\/\/www.leblogmoto.com\/images\/aprilia_logopg.jpg\" \/>\n<meta name=\"twitter:label1\" content=\"\u00c9crit par\" \/>\n\t<meta name=\"twitter:data1\" content=\"andre leconde\" \/>\n\t<meta name=\"twitter:label2\" content=\"Dur\u00e9e de lecture estim\u00e9e\" \/>\n\t<meta name=\"twitter:data2\" content=\"1 minute\" \/>\n<script type=\"application\/ld+json\" class=\"yoast-schema-graph\">{\"@context\":\"https:\/\/schema.org\",\"@graph\":[{\"@type\":\"WebPage\",\"@id\":\"https:\/\/blogs.thesocialmedia.com\/leblogmoto\/2006\/02\/23\/sbk-2008-le-ret\/\",\"url\":\"https:\/\/blogs.thesocialmedia.com\/leblogmoto\/2006\/02\/23\/sbk-2008-le-ret\/\",\"name\":\"SBK 2008: Le retour annonc\u00e9 d'APRILIA - leblogmoto.com\",\"isPartOf\":{\"@id\":\"https:\/\/blogs.thesocialmedia.com\/leblogmoto\/#website\"},\"primaryImageOfPage\":{\"@id\":\"https:\/\/blogs.thesocialmedia.com\/leblogmoto\/2006\/02\/23\/sbk-2008-le-ret\/#primaryimage\"},\"image\":{\"@id\":\"https:\/\/blogs.thesocialmedia.com\/leblogmoto\/2006\/02\/23\/sbk-2008-le-ret\/#primaryimage\"},\"thumbnailUrl\":\"http:\/\/www.leblogmoto.com\/images\/aprilia_logopg.jpg\",\"datePublished\":\"2006-02-23T19:59:31+00:00\",\"dateModified\":\"2012-07-11T14:16:13+00:00\",\"author\":{\"@id\":\"https:\/\/blogs.thesocialmedia.com\/leblogmoto\/#\/schema\/person\/1a1dcfc7cec206573105eb4af91155c2\"},\"breadcrumb\":{\"@id\":\"https:\/\/blogs.thesocialmedia.com\/leblogmoto\/2006\/02\/23\/sbk-2008-le-ret\/#breadcrumb\"},\"inLanguage\":\"fr-FR\",\"potentialAction\":[{\"@type\":\"ReadAction\",\"target\":[\"https:\/\/blogs.thesocialmedia.com\/leblogmoto\/2006\/02\/23\/sbk-2008-le-ret\/\"]}]},{\"@type\":\"ImageObject\",\"inLanguage\":\"fr-FR\",\"@id\":\"https:\/\/blogs.thesocialmedia.com\/leblogmoto\/2006\/02\/23\/sbk-2008-le-ret\/#primaryimage\",\"url\":\"http:\/\/www.leblogmoto.com\/images\/aprilia_logopg.jpg\",\"contentUrl\":\"http:\/\/www.leblogmoto.com\/images\/aprilia_logopg.jpg\"},{\"@type\":\"BreadcrumbList\",\"@id\":\"https:\/\/blogs.thesocialmedia.com\/leblogmoto\/2006\/02\/23\/sbk-2008-le-ret\/#breadcrumb\",\"itemListElement\":[{\"@type\":\"ListItem\",\"position\":1,\"name\":\"Accueil\",\"item\":\"https:\/\/blogs.thesocialmedia.com\/leblogmoto\/\"},{\"@type\":\"ListItem\",\"position\":2,\"name\":\"SBK 2008: Le retour annonc\u00e9 d&rsquo;APRILIA\"}]},{\"@type\":\"WebSite\",\"@id\":\"https:\/\/blogs.thesocialmedia.com\/leblogmoto\/#website\",\"url\":\"https:\/\/blogs.thesocialmedia.com\/leblogmoto\/\",\"name\":\"leblogmoto\",\"description\":\"Toute l&#039;actualit\u00e9 des 2 roues\",\"potentialAction\":[{\"@type\":\"SearchAction\",\"target\":{\"@type\":\"EntryPoint\",\"urlTemplate\":\"https:\/\/blogs.thesocialmedia.com\/leblogmoto\/?s={search_term_string}\"},\"query-input\":{\"@type\":\"PropertyValueSpecification\",\"valueRequired\":true,\"valueName\":\"search_term_string\"}}],\"inLanguage\":\"fr-FR\"},{\"@type\":\"Person\",\"@id\":\"https:\/\/blogs.thesocialmedia.com\/leblogmoto\/#\/schema\/person\/1a1dcfc7cec206573105eb4af91155c2\",\"name\":\"andre leconde\",\"image\":{\"@type\":\"ImageObject\",\"inLanguage\":\"fr-FR\",\"@id\":\"https:\/\/blogs.thesocialmedia.com\/leblogmoto\/#\/schema\/person\/image\/\",\"url\":\"https:\/\/secure.gravatar.com\/avatar\/?s=96&d=mm&r=g\",\"contentUrl\":\"https:\/\/secure.gravatar.com\/avatar\/?s=96&d=mm&r=g\",\"caption\":\"andre leconde\"},\"url\":\"https:\/\/blogs.thesocialmedia.com\/leblogmoto\/author\/andre-leconde\/\"}]}<\/script>\n<!-- \/ Yoast SEO plugin. -->","yoast_head_json":{"title":"SBK 2008: Le retour annonc\u00e9 d'APRILIA - leblogmoto.com","robots":{"index":"index","follow":"follow","max-snippet":"max-snippet:-1","max-image-preview":"max-image-preview:large","max-video-preview":"max-video-preview:-1"},"canonical":"https:\/\/blogs.thesocialmedia.com\/leblogmoto\/2006\/02\/23\/sbk-2008-le-ret\/","twitter_card":"summary_large_image","twitter_title":"SBK 2008: Le retour annonc\u00e9 d'APRILIA - leblogmoto.com","twitter_description":"Si tant est qu&rsquo;il existait des interrogations quant \u00e0 la sant\u00e9 du WSBK, oblig\u00e9 d&rsquo;\u00e9voluer dans l&rsquo;ombre du MotoGp jusqu&rsquo;\u00e0 en \u00eatre consid\u00e9r\u00e9 comme le d\u00e9versoir, voici une nouvelle qui mettra tous les sceptiques dans l&#8217;embarras. C&rsquo;est tout ce qu&rsquo;il y a de plus officiel, APRILIA reviendra dans la discipline en 2008. On se souvient [&hellip;]","twitter_image":"http:\/\/www.leblogmoto.com\/images\/aprilia_logopg.jpg","twitter_misc":{"\u00c9crit par":"andre leconde","Dur\u00e9e de lecture estim\u00e9e":"1 minute"},"schema":{"@context":"https:\/\/schema.org","@graph":[{"@type":"WebPage","@id":"https:\/\/blogs.thesocialmedia.com\/leblogmoto\/2006\/02\/23\/sbk-2008-le-ret\/","url":"https:\/\/blogs.thesocialmedia.com\/leblogmoto\/2006\/02\/23\/sbk-2008-le-ret\/","name":"SBK 2008: Le retour annonc\u00e9 d'APRILIA - leblogmoto.com","isPartOf":{"@id":"https:\/\/blogs.thesocialmedia.com\/leblogmoto\/#website"},"primaryImageOfPage":{"@id":"https:\/\/blogs.thesocialmedia.com\/leblogmoto\/2006\/02\/23\/sbk-2008-le-ret\/#primaryimage"},"image":{"@id":"https:\/\/blogs.thesocialmedia.com\/leblogmoto\/2006\/02\/23\/sbk-2008-le-ret\/#primaryimage"},"thumbnailUrl":"http:\/\/www.leblogmoto.com\/images\/aprilia_logopg.jpg","datePublished":"2006-02-23T19:59:31+00:00","dateModified":"2012-07-11T14:16:13+00:00","author":{"@id":"https:\/\/blogs.thesocialmedia.com\/leblogmoto\/#\/schema\/person\/1a1dcfc7cec206573105eb4af91155c2"},"breadcrumb":{"@id":"https:\/\/blogs.thesocialmedia.com\/leblogmoto\/2006\/02\/23\/sbk-2008-le-ret\/#breadcrumb"},"inLanguage":"fr-FR","potentialAction":[{"@type":"ReadAction","target":["https:\/\/blogs.thesocialmedia.com\/leblogmoto\/2006\/02\/23\/sbk-2008-le-ret\/"]}]},{"@type":"ImageObject","inLanguage":"fr-FR","@id":"https:\/\/blogs.thesocialmedia.com\/leblogmoto\/2006\/02\/23\/sbk-2008-le-ret\/#primaryimage","url":"http:\/\/www.leblogmoto.com\/images\/aprilia_logopg.jpg","contentUrl":"http:\/\/www.leblogmoto.com\/images\/aprilia_logopg.jpg"},{"@type":"BreadcrumbList","@id":"https:\/\/blogs.thesocialmedia.com\/leblogmoto\/2006\/02\/23\/sbk-2008-le-ret\/#breadcrumb","itemListElement":[{"@type":"ListItem","position":1,"name":"Accueil","item":"https:\/\/blogs.thesocialmedia.com\/leblogmoto\/"},{"@type":"ListItem","position":2,"name":"SBK 2008: Le retour annonc\u00e9 d&rsquo;APRILIA"}]},{"@type":"WebSite","@id":"https:\/\/blogs.thesocialmedia.com\/leblogmoto\/#website","url":"https:\/\/blogs.thesocialmedia.com\/leblogmoto\/","name":"leblogmoto","description":"Toute l&#039;actualit\u00e9 des 2 roues","potentialAction":[{"@type":"SearchAction","target":{"@type":"EntryPoint","urlTemplate":"https:\/\/blogs.thesocialmedia.com\/leblogmoto\/?s={search_term_string}"},"query-input":{"@type":"PropertyValueSpecification","valueRequired":true,"valueName":"search_term_string"}}],"inLanguage":"fr-FR"},{"@type":"Person","@id":"https:\/\/blogs.thesocialmedia.com\/leblogmoto\/#\/schema\/person\/1a1dcfc7cec206573105eb4af91155c2","name":"andre leconde","image":{"@type":"ImageObject","inLanguage":"fr-FR","@id":"https:\/\/blogs.thesocialmedia.com\/leblogmoto\/#\/schema\/person\/image\/","url":"https:\/\/secure.gravatar.com\/avatar\/?s=96&d=mm&r=g","contentUrl":"https:\/\/secure.gravatar.com\/avatar\/?s=96&d=mm&r=g","caption":"andre leconde"},"url":"https:\/\/blogs.thesocialmedia.com\/leblogmoto\/author\/andre-leconde\/"}]}},"_links":{"self":[{"href":"https:\/\/blogs.thesocialmedia.com\/leblogmoto\/wp-json\/wp\/v2\/posts\/2040","targetHints":{"allow":["GET"]}}],"collection":[{"href":"https:\/\/blogs.thesocialmedia.com\/leblogmoto\/wp-json\/wp\/v2\/posts"}],"about":[{"href":"https:\/\/blogs.thesocialmedia.com\/leblogmoto\/wp-json\/wp\/v2\/types\/post"}],"author":[{"embeddable":true,"href":"https:\/\/blogs.thesocialmedia.com\/leblogmoto\/wp-json\/wp\/v2\/users\/336"}],"replies":[{"embeddable":true,"href":"https:\/\/blogs.thesocialmedia.com\/leblogmoto\/wp-json\/wp\/v2\/comments?post=2040"}],"version-history":[{"count":2,"href":"https:\/\/blogs.thesocialmedia.com\/leblogmoto\/wp-json\/wp\/v2\/posts\/2040\/revisions"}],"predecessor-version":[{"id":7070,"href":"https:\/\/blogs.thesocialmedia.com\/leblogmoto\/wp-json\/wp\/v2\/posts\/2040\/revisions\/7070"}],"wp:attachment":[{"href":"https:\/\/blogs.thesocialmedia.com\/leblogmoto\/wp-json\/wp\/v2\/media?parent=2040"}],"wp:term":[{"taxonomy":"category","embeddable":true,"href":"https:\/\/blogs.thesocialmedia.com\/leblogmoto\/wp-json\/wp\/v2\/categories?post=2040"},{"taxonomy":"post_tag","embeddable":true,"href":"https:\/\/blogs.thesocialmedia.com\/leblogmoto\/wp-json\/wp\/v2\/tags?post=2040"}],"curies":[{"name":"wp","href":"https:\/\/api.w.org\/{rel}","templated":true}]}}