{"id":2041,"date":"2006-02-23T16:05:00","date_gmt":"2006-02-23T16:05:00","guid":{"rendered":"http:\/\/blogs.thesocialmedia.com\/leblogmoto\/2006\/02\/23\/sbk-losail-cest\/"},"modified":"2012-07-11T14:16:12","modified_gmt":"2012-07-11T14:16:12","slug":"sbk-losail-cest","status":"publish","type":"post","link":"https:\/\/blogs.thesocialmedia.com\/leblogmoto\/2006\/02\/23\/sbk-losail-cest\/","title":{"rendered":"SBK LOSAIL: C&rsquo;est bien parti !"},"content":{"rendered":"<p><a href=\"http:\/\/blogs.thesocialmedia.com\/leblogmoto\/files\/2012\/07\/02_b.jpg\"><\/a><a href=\"http:\/\/clabedan.typepad.com\/.shared\/image.html?\/photos\/uncategorized\/gimbert4.jpg\"><img loading=\"lazy\" decoding=\"async\" height=\"194\" alt=\"Gimbert4\" src=\"http:\/\/www.leblogmoto.com\/images\/gimbert4.jpg\" width=\"250\"  \/><\/a>Ca y est, <a href=\"http:\/\/www.leblogmoto.com\/2006\/02\/sbk_situation_d.html\">les fauves<\/a> sont l\u00e2ch\u00e9s. Le championnat du monde SBK est parti sur les chapeaux de roue, et pour ce qui est des tous premiers chronos, le moins que l&rsquo;on puisse dire, c&rsquo;est que nos fran\u00e7ais tiennent le haut du pavet.<\/p>\n<p>C&rsquo;est ainsi que lors de la premi\u00e8re s\u00e9ance, effectu\u00e9e sous une incroyable pluie, c&rsquo;est <strong>GIMBERT<\/strong> qui donnait la mesure devant un BAYLISS mort de faim et un <strong>LACONI<\/strong> sorti de sa r\u00e9serve hivernale. A la s\u00e9ance suivante, ex\u00e9cut\u00e9e sur une piste s\u00e9chante, <a href=\"http:\/\/www.leblogmoto.com\/2005\/12\/la_guerre_des_t.html\">BAYLISS<\/a> s&#8217;emparait du sceptre, juste devant LACONI, <a href=\"http:\/\/www.leblogmoto.com\/2005\/10\/superbike_troy_.html\">CORSER<\/a>, WALKER, GIMBERT et BARROS. Certes, les conditions \u00e9taient un peu sp\u00e9ciales, mais voil\u00e0 les choses bien lanc\u00e9es&#8230;&nbsp; &nbsp;&nbsp; &nbsp; <\/p>\n<p><a href=\"http:\/\/clabedan.typepad.com\/.shared\/image.html?\/photos\/uncategorized\/02_b_1.jpg\"><img loading=\"lazy\" decoding=\"async\" height=\"187\" alt=\"02_b_1\" src=\"http:\/\/www.leblogmoto.com\/images\/02_b_1.jpg\" width=\"250\"  \/><\/a>Les cinq marques dans les six premiers, on en esp\u00e9rait pas tant en ce premier jour. Demain, la hi\u00e9rarchie risque d&rsquo;\u00e9voluer avec le retour probable du sec. On surveillera notamment l&rsquo;\u00e9volution d&rsquo;un TOSELAND p\u00e2le 18\u00e8me aujourd&rsquo;hui. Quant \u00e0 <a href=\"http:\/\/www.leblogmoto.com\/2005\/12\/foret_simplante.html\">FORET<\/a>, dans ces conditions pi\u00e8geuses, il a roul\u00e9 \u00e0 sa main; avant dernier temps. <\/p>\n<p>Enfin, le plateau s&rsquo;est enrichi de deux nouvelles recrues. D&rsquo;une petite fille pr\u00e9nomm\u00e9e Chantal, dont le p\u00e8re l\u00e9gendaire Pier Francesco <strong>CHILI<\/strong> a sign\u00e9 le 11\u00b0temps, et d&rsquo;un petit bonhomme, Ryan, fils de <strong>MUGGERIDGE<\/strong>, qui, sans doute superstitieux, s&rsquo;est inscrit au 13\u00e8me rang.&nbsp; &nbsp;<\/p>\n<p>SOURCE: <a href=\"http:\/\/www.motorstv.com\/\">www.motorstv.com<\/a> <\/p>\n","protected":false},"excerpt":{"rendered":"<p>Ca y est, les fauves sont l\u00e2ch\u00e9s. Le championnat du monde SBK est parti sur les chapeaux de roue, et pour ce qui est des tous premiers chronos, le moins que l&rsquo;on puisse dire, c&rsquo;est que nos fran\u00e7ais tiennent le haut du pavet. C&rsquo;est ainsi que lors de la premi\u00e8re s\u00e9ance, effectu\u00e9e sous une incroyable [&hellip;]<\/p>\n","protected":false},"author":336,"featured_media":0,"comment_status":"open","ping_status":"open","sticky":false,"template":"","format":"standard","meta":{"footnotes":""},"categories":[46],"tags":[],"class_list":["post-2041","post","type-post","status-publish","format-standard","hentry","category-superbike"],"yoast_head":"<!-- This site is optimized with the Yoast SEO plugin v26.0 - https:\/\/yoast.com\/wordpress\/plugins\/seo\/ -->\n<title>SBK LOSAIL: C&#039;est bien parti ! - leblogmoto.com<\/title>\n<meta name=\"robots\" content=\"index, follow, max-snippet:-1, max-image-preview:large, max-video-preview:-1\" \/>\n<link rel=\"canonical\" href=\"https:\/\/blogs.thesocialmedia.com\/leblogmoto\/2006\/02\/23\/sbk-losail-cest\/\" \/>\n<meta name=\"twitter:card\" content=\"summary_large_image\" \/>\n<meta name=\"twitter:title\" content=\"SBK LOSAIL: C&#039;est bien parti ! - leblogmoto.com\" \/>\n<meta name=\"twitter:description\" content=\"Ca y est, les fauves sont l\u00e2ch\u00e9s. Le championnat du monde SBK est parti sur les chapeaux de roue, et pour ce qui est des tous premiers chronos, le moins que l&rsquo;on puisse dire, c&rsquo;est que nos fran\u00e7ais tiennent le haut du pavet. C&rsquo;est ainsi que lors de la premi\u00e8re s\u00e9ance, effectu\u00e9e sous une incroyable [&hellip;]\" \/>\n<meta name=\"twitter:image\" content=\"http:\/\/www.leblogmoto.com\/images\/gimbert4.jpg\" \/>\n<meta name=\"twitter:label1\" content=\"\u00c9crit par\" \/>\n\t<meta name=\"twitter:data1\" content=\"andre leconde\" \/>\n\t<meta name=\"twitter:label2\" content=\"Dur\u00e9e de lecture estim\u00e9e\" \/>\n\t<meta name=\"twitter:data2\" content=\"1 minute\" \/>\n<script type=\"application\/ld+json\" class=\"yoast-schema-graph\">{\"@context\":\"https:\/\/schema.org\",\"@graph\":[{\"@type\":\"WebPage\",\"@id\":\"https:\/\/blogs.thesocialmedia.com\/leblogmoto\/2006\/02\/23\/sbk-losail-cest\/\",\"url\":\"https:\/\/blogs.thesocialmedia.com\/leblogmoto\/2006\/02\/23\/sbk-losail-cest\/\",\"name\":\"SBK LOSAIL: C'est bien parti ! - leblogmoto.com\",\"isPartOf\":{\"@id\":\"https:\/\/blogs.thesocialmedia.com\/leblogmoto\/#website\"},\"primaryImageOfPage\":{\"@id\":\"https:\/\/blogs.thesocialmedia.com\/leblogmoto\/2006\/02\/23\/sbk-losail-cest\/#primaryimage\"},\"image\":{\"@id\":\"https:\/\/blogs.thesocialmedia.com\/leblogmoto\/2006\/02\/23\/sbk-losail-cest\/#primaryimage\"},\"thumbnailUrl\":\"http:\/\/www.leblogmoto.com\/images\/gimbert4.jpg\",\"datePublished\":\"2006-02-23T16:05:00+00:00\",\"dateModified\":\"2012-07-11T14:16:12+00:00\",\"author\":{\"@id\":\"https:\/\/blogs.thesocialmedia.com\/leblogmoto\/#\/schema\/person\/1a1dcfc7cec206573105eb4af91155c2\"},\"breadcrumb\":{\"@id\":\"https:\/\/blogs.thesocialmedia.com\/leblogmoto\/2006\/02\/23\/sbk-losail-cest\/#breadcrumb\"},\"inLanguage\":\"fr-FR\",\"potentialAction\":[{\"@type\":\"ReadAction\",\"target\":[\"https:\/\/blogs.thesocialmedia.com\/leblogmoto\/2006\/02\/23\/sbk-losail-cest\/\"]}]},{\"@type\":\"ImageObject\",\"inLanguage\":\"fr-FR\",\"@id\":\"https:\/\/blogs.thesocialmedia.com\/leblogmoto\/2006\/02\/23\/sbk-losail-cest\/#primaryimage\",\"url\":\"http:\/\/www.leblogmoto.com\/images\/gimbert4.jpg\",\"contentUrl\":\"http:\/\/www.leblogmoto.com\/images\/gimbert4.jpg\"},{\"@type\":\"BreadcrumbList\",\"@id\":\"https:\/\/blogs.thesocialmedia.com\/leblogmoto\/2006\/02\/23\/sbk-losail-cest\/#breadcrumb\",\"itemListElement\":[{\"@type\":\"ListItem\",\"position\":1,\"name\":\"Accueil\",\"item\":\"https:\/\/blogs.thesocialmedia.com\/leblogmoto\/\"},{\"@type\":\"ListItem\",\"position\":2,\"name\":\"SBK LOSAIL: C&rsquo;est bien parti !\"}]},{\"@type\":\"WebSite\",\"@id\":\"https:\/\/blogs.thesocialmedia.com\/leblogmoto\/#website\",\"url\":\"https:\/\/blogs.thesocialmedia.com\/leblogmoto\/\",\"name\":\"leblogmoto\",\"description\":\"Toute l&#039;actualit\u00e9 des 2 roues\",\"potentialAction\":[{\"@type\":\"SearchAction\",\"target\":{\"@type\":\"EntryPoint\",\"urlTemplate\":\"https:\/\/blogs.thesocialmedia.com\/leblogmoto\/?s={search_term_string}\"},\"query-input\":{\"@type\":\"PropertyValueSpecification\",\"valueRequired\":true,\"valueName\":\"search_term_string\"}}],\"inLanguage\":\"fr-FR\"},{\"@type\":\"Person\",\"@id\":\"https:\/\/blogs.thesocialmedia.com\/leblogmoto\/#\/schema\/person\/1a1dcfc7cec206573105eb4af91155c2\",\"name\":\"andre leconde\",\"image\":{\"@type\":\"ImageObject\",\"inLanguage\":\"fr-FR\",\"@id\":\"https:\/\/blogs.thesocialmedia.com\/leblogmoto\/#\/schema\/person\/image\/\",\"url\":\"https:\/\/secure.gravatar.com\/avatar\/?s=96&d=mm&r=g\",\"contentUrl\":\"https:\/\/secure.gravatar.com\/avatar\/?s=96&d=mm&r=g\",\"caption\":\"andre leconde\"},\"url\":\"https:\/\/blogs.thesocialmedia.com\/leblogmoto\/author\/andre-leconde\/\"}]}<\/script>\n<!-- \/ Yoast SEO plugin. -->","yoast_head_json":{"title":"SBK LOSAIL: C'est bien parti ! - leblogmoto.com","robots":{"index":"index","follow":"follow","max-snippet":"max-snippet:-1","max-image-preview":"max-image-preview:large","max-video-preview":"max-video-preview:-1"},"canonical":"https:\/\/blogs.thesocialmedia.com\/leblogmoto\/2006\/02\/23\/sbk-losail-cest\/","twitter_card":"summary_large_image","twitter_title":"SBK LOSAIL: C'est bien parti ! - leblogmoto.com","twitter_description":"Ca y est, les fauves sont l\u00e2ch\u00e9s. Le championnat du monde SBK est parti sur les chapeaux de roue, et pour ce qui est des tous premiers chronos, le moins que l&rsquo;on puisse dire, c&rsquo;est que nos fran\u00e7ais tiennent le haut du pavet. C&rsquo;est ainsi que lors de la premi\u00e8re s\u00e9ance, effectu\u00e9e sous une incroyable [&hellip;]","twitter_image":"http:\/\/www.leblogmoto.com\/images\/gimbert4.jpg","twitter_misc":{"\u00c9crit par":"andre leconde","Dur\u00e9e de lecture estim\u00e9e":"1 minute"},"schema":{"@context":"https:\/\/schema.org","@graph":[{"@type":"WebPage","@id":"https:\/\/blogs.thesocialmedia.com\/leblogmoto\/2006\/02\/23\/sbk-losail-cest\/","url":"https:\/\/blogs.thesocialmedia.com\/leblogmoto\/2006\/02\/23\/sbk-losail-cest\/","name":"SBK LOSAIL: C'est bien parti ! - leblogmoto.com","isPartOf":{"@id":"https:\/\/blogs.thesocialmedia.com\/leblogmoto\/#website"},"primaryImageOfPage":{"@id":"https:\/\/blogs.thesocialmedia.com\/leblogmoto\/2006\/02\/23\/sbk-losail-cest\/#primaryimage"},"image":{"@id":"https:\/\/blogs.thesocialmedia.com\/leblogmoto\/2006\/02\/23\/sbk-losail-cest\/#primaryimage"},"thumbnailUrl":"http:\/\/www.leblogmoto.com\/images\/gimbert4.jpg","datePublished":"2006-02-23T16:05:00+00:00","dateModified":"2012-07-11T14:16:12+00:00","author":{"@id":"https:\/\/blogs.thesocialmedia.com\/leblogmoto\/#\/schema\/person\/1a1dcfc7cec206573105eb4af91155c2"},"breadcrumb":{"@id":"https:\/\/blogs.thesocialmedia.com\/leblogmoto\/2006\/02\/23\/sbk-losail-cest\/#breadcrumb"},"inLanguage":"fr-FR","potentialAction":[{"@type":"ReadAction","target":["https:\/\/blogs.thesocialmedia.com\/leblogmoto\/2006\/02\/23\/sbk-losail-cest\/"]}]},{"@type":"ImageObject","inLanguage":"fr-FR","@id":"https:\/\/blogs.thesocialmedia.com\/leblogmoto\/2006\/02\/23\/sbk-losail-cest\/#primaryimage","url":"http:\/\/www.leblogmoto.com\/images\/gimbert4.jpg","contentUrl":"http:\/\/www.leblogmoto.com\/images\/gimbert4.jpg"},{"@type":"BreadcrumbList","@id":"https:\/\/blogs.thesocialmedia.com\/leblogmoto\/2006\/02\/23\/sbk-losail-cest\/#breadcrumb","itemListElement":[{"@type":"ListItem","position":1,"name":"Accueil","item":"https:\/\/blogs.thesocialmedia.com\/leblogmoto\/"},{"@type":"ListItem","position":2,"name":"SBK LOSAIL: C&rsquo;est bien parti !"}]},{"@type":"WebSite","@id":"https:\/\/blogs.thesocialmedia.com\/leblogmoto\/#website","url":"https:\/\/blogs.thesocialmedia.com\/leblogmoto\/","name":"leblogmoto","description":"Toute l&#039;actualit\u00e9 des 2 roues","potentialAction":[{"@type":"SearchAction","target":{"@type":"EntryPoint","urlTemplate":"https:\/\/blogs.thesocialmedia.com\/leblogmoto\/?s={search_term_string}"},"query-input":{"@type":"PropertyValueSpecification","valueRequired":true,"valueName":"search_term_string"}}],"inLanguage":"fr-FR"},{"@type":"Person","@id":"https:\/\/blogs.thesocialmedia.com\/leblogmoto\/#\/schema\/person\/1a1dcfc7cec206573105eb4af91155c2","name":"andre leconde","image":{"@type":"ImageObject","inLanguage":"fr-FR","@id":"https:\/\/blogs.thesocialmedia.com\/leblogmoto\/#\/schema\/person\/image\/","url":"https:\/\/secure.gravatar.com\/avatar\/?s=96&d=mm&r=g","contentUrl":"https:\/\/secure.gravatar.com\/avatar\/?s=96&d=mm&r=g","caption":"andre leconde"},"url":"https:\/\/blogs.thesocialmedia.com\/leblogmoto\/author\/andre-leconde\/"}]}},"_links":{"self":[{"href":"https:\/\/blogs.thesocialmedia.com\/leblogmoto\/wp-json\/wp\/v2\/posts\/2041","targetHints":{"allow":["GET"]}}],"collection":[{"href":"https:\/\/blogs.thesocialmedia.com\/leblogmoto\/wp-json\/wp\/v2\/posts"}],"about":[{"href":"https:\/\/blogs.thesocialmedia.com\/leblogmoto\/wp-json\/wp\/v2\/types\/post"}],"author":[{"embeddable":true,"href":"https:\/\/blogs.thesocialmedia.com\/leblogmoto\/wp-json\/wp\/v2\/users\/336"}],"replies":[{"embeddable":true,"href":"https:\/\/blogs.thesocialmedia.com\/leblogmoto\/wp-json\/wp\/v2\/comments?post=2041"}],"version-history":[{"count":2,"href":"https:\/\/blogs.thesocialmedia.com\/leblogmoto\/wp-json\/wp\/v2\/posts\/2041\/revisions"}],"predecessor-version":[{"id":7068,"href":"https:\/\/blogs.thesocialmedia.com\/leblogmoto\/wp-json\/wp\/v2\/posts\/2041\/revisions\/7068"}],"wp:attachment":[{"href":"https:\/\/blogs.thesocialmedia.com\/leblogmoto\/wp-json\/wp\/v2\/media?parent=2041"}],"wp:term":[{"taxonomy":"category","embeddable":true,"href":"https:\/\/blogs.thesocialmedia.com\/leblogmoto\/wp-json\/wp\/v2\/categories?post=2041"},{"taxonomy":"post_tag","embeddable":true,"href":"https:\/\/blogs.thesocialmedia.com\/leblogmoto\/wp-json\/wp\/v2\/tags?post=2041"}],"curies":[{"name":"wp","href":"https:\/\/api.w.org\/{rel}","templated":true}]}}