{"id":2043,"date":"2006-02-23T03:49:26","date_gmt":"2006-02-23T03:49:26","guid":{"rendered":"http:\/\/blogs.thesocialmedia.com\/leblogmoto\/2006\/02\/23\/forza-agusta\/"},"modified":"2012-07-11T14:16:08","modified_gmt":"2012-07-11T14:16:08","slug":"forza-agusta","status":"publish","type":"post","link":"https:\/\/blogs.thesocialmedia.com\/leblogmoto\/2006\/02\/23\/forza-agusta\/","title":{"rendered":"Forza Agusta !"},"content":{"rendered":"<p><a href=\"http:\/\/blogs.thesocialmedia.com\/leblogmoto\/files\/2012\/07\/lionel_bergeron_mvagusta.jpg\"><img loading=\"lazy\" decoding=\"async\" height=\"187\" alt=\"Lionel_bergeron_mvagusta\" src=\"http:\/\/www.leblogmoto.com\/images\/lionel_bergeron_mvagusta.jpg\" width=\"250\"  \/><\/a>Allez&#8230; Encore un p&rsquo;tit chou\u00efa de r\u00e8glages&#8230; Il faut tout juste tourner un p&rsquo;tit peu la BTR un poil \u00e0 gauche&#8230; L\u00e0. A peine. Ok, l\u00e0 c&rsquo;est d&rsquo;aplomb ! C&rsquo;est good ! Touche plus \u00e0 rien, mon gars&#8230; Dans le team TGS,&nbsp; on a (enfin !) fini de gonfler les 1000 cm3 d&rsquo;une <a href=\"http:\/\/www.leblogmoto.com\/mv_agusta\/index.html\">MV Agusta<\/a> F4 d&rsquo;un bel amour-passion pour la noble m\u00e9canique. Avant de d\u00e9cr\u00e9ter l&rsquo;\u00e9tat d&rsquo;urgence. <\/p>\n<p>Et \u00e0 Chalon-sur-Sa\u00f4ne, dans une Sa\u00f4ne-et-Loire engonc\u00e9e dans l&rsquo;hiver, on joue maintenant les chronos. Qu&rsquo;on soit pilote ou m\u00e9cano, ou plus humblement fan, dont la moyenne d&rsquo;\u00e2ge aguiche la trentaine&#8230; <\/p>\n<p>Certes, les perspectives d&rsquo;un prochain 19 mars sont encore bien lointaines. Mais terriblement proches&#8230; Affreusement, m\u00eame&#8230; Surtout que ce jour-l\u00e0 au Mans, on ouvrira le <a href=\"http:\/\/www.gmtopen.com\/\">Championnat de France Open de vitesse<\/a>, mill\u00e9sim\u00e9 2006. Mais bon. Impudence rime bien avec confiance&#8230; D&rsquo;autant qu&rsquo;un engin pareil, dans son rouge flamboyant agripp\u00e9 \u00e0 180 cv, \u00e7a peut facilement tutoyer les 300 km\/h quand \u00e7a part \u00e0 l&rsquo;assaut d&rsquo;un circuit.<\/p>\n<p>Une MV Agusta en compet&rsquo; ? C&rsquo;est bien la premi\u00e8re fois&#8230; D&rsquo;habitude, ce genre de <a href=\"http:\/\/www.leblogauto.com\/ferrari\">Ferrari<\/a> \u00e0 deux roues s&rsquo;encanaille plut\u00f4t avec des passionn\u00e9s qui font bon go\u00fbt de son prestige. Alors, la r\u00eaver dans un calendrier d&rsquo;\u00e9preuves, pr\u00e9tendante \u00e0 un joli titre de \u00ab Miss France \u00bb, il fallait oser&#8230;<\/p>\n<p>Port\u00e9e par un carr\u00e9 d&rsquo;ind\u00e9fectibles potes (une dizaine, autant d&rsquo;acteurs de l&rsquo;ombre), TGS, l&rsquo;\u00e9curie bourguignonne encore toute jeunette, a eu l&rsquo;audace d&rsquo;y croire ; pour ne jamais renoncer au plein investissement. Investissement en patience et en temps (il faut parfois consentir l&rsquo;incontournable sacrifice&#8230;) pour d\u00e9j\u00e0 engranger dans le bas de laine les quelque 20 000 euros qu&rsquo;ont exig\u00e9 l&rsquo;acquisition et la pr\u00e9paration de l&rsquo;engin dans son carmin diabolique. <\/p>\n<p>A Lionel Bergeron (26 ans, n\u00eemois de coeur), combinaison grise et casque bleu vont aujourd&rsquo;hui comme un gant. Il n&rsquo;a pas la grosse t\u00eate ! Mais quand il s&rsquo;entraine sur ses terres, \u00e0 N\u00eemes Led\u00e9non ou \u00e0 Al\u00e8s, il sait crier \u00ab Gard ! \u00bb<\/p>\n","protected":false},"excerpt":{"rendered":"<p>Allez&#8230; Encore un p&rsquo;tit chou\u00efa de r\u00e8glages&#8230; Il faut tout juste tourner un p&rsquo;tit peu la BTR un poil \u00e0 gauche&#8230; L\u00e0. A peine. Ok, l\u00e0 c&rsquo;est d&rsquo;aplomb ! C&rsquo;est good ! Touche plus \u00e0 rien, mon gars&#8230; Dans le team TGS,&nbsp; on a (enfin !) fini de gonfler les 1000 cm3 d&rsquo;une MV Agusta [&hellip;]<\/p>\n","protected":false},"author":337,"featured_media":0,"comment_status":"open","ping_status":"open","sticky":false,"template":"","format":"standard","meta":{"footnotes":""},"categories":[50,32],"tags":[],"class_list":["post-2043","post","type-post","status-publish","format-standard","hentry","category-mv-agusta","category-sport-moto"],"yoast_head":"<!-- This site is optimized with the Yoast SEO plugin v26.0 - https:\/\/yoast.com\/wordpress\/plugins\/seo\/ -->\n<title>Forza Agusta ! - leblogmoto.com<\/title>\n<meta name=\"robots\" content=\"index, follow, max-snippet:-1, max-image-preview:large, max-video-preview:-1\" \/>\n<link rel=\"canonical\" href=\"https:\/\/blogs.thesocialmedia.com\/leblogmoto\/2006\/02\/23\/forza-agusta\/\" \/>\n<meta name=\"twitter:card\" content=\"summary_large_image\" \/>\n<meta name=\"twitter:title\" content=\"Forza Agusta ! - leblogmoto.com\" \/>\n<meta name=\"twitter:description\" content=\"Allez&#8230; Encore un p&rsquo;tit chou\u00efa de r\u00e8glages&#8230; Il faut tout juste tourner un p&rsquo;tit peu la BTR un poil \u00e0 gauche&#8230; L\u00e0. A peine. Ok, l\u00e0 c&rsquo;est d&rsquo;aplomb ! C&rsquo;est good ! Touche plus \u00e0 rien, mon gars&#8230; Dans le team TGS,&nbsp; on a (enfin !) fini de gonfler les 1000 cm3 d&rsquo;une MV Agusta [&hellip;]\" \/>\n<meta name=\"twitter:image\" content=\"http:\/\/www.leblogmoto.com\/images\/lionel_bergeron_mvagusta.jpg\" \/>\n<meta name=\"twitter:label1\" content=\"\u00c9crit par\" \/>\n\t<meta name=\"twitter:data1\" content=\"alain baudin\" \/>\n\t<meta name=\"twitter:label2\" content=\"Dur\u00e9e de lecture estim\u00e9e\" \/>\n\t<meta name=\"twitter:data2\" content=\"2 minutes\" \/>\n<script type=\"application\/ld+json\" class=\"yoast-schema-graph\">{\"@context\":\"https:\/\/schema.org\",\"@graph\":[{\"@type\":\"WebPage\",\"@id\":\"https:\/\/blogs.thesocialmedia.com\/leblogmoto\/2006\/02\/23\/forza-agusta\/\",\"url\":\"https:\/\/blogs.thesocialmedia.com\/leblogmoto\/2006\/02\/23\/forza-agusta\/\",\"name\":\"Forza Agusta ! - leblogmoto.com\",\"isPartOf\":{\"@id\":\"https:\/\/blogs.thesocialmedia.com\/leblogmoto\/#website\"},\"primaryImageOfPage\":{\"@id\":\"https:\/\/blogs.thesocialmedia.com\/leblogmoto\/2006\/02\/23\/forza-agusta\/#primaryimage\"},\"image\":{\"@id\":\"https:\/\/blogs.thesocialmedia.com\/leblogmoto\/2006\/02\/23\/forza-agusta\/#primaryimage\"},\"thumbnailUrl\":\"http:\/\/www.leblogmoto.com\/images\/lionel_bergeron_mvagusta.jpg\",\"datePublished\":\"2006-02-23T03:49:26+00:00\",\"dateModified\":\"2012-07-11T14:16:08+00:00\",\"author\":{\"@id\":\"https:\/\/blogs.thesocialmedia.com\/leblogmoto\/#\/schema\/person\/84de5f06ec6567e94da6746a27893ecd\"},\"breadcrumb\":{\"@id\":\"https:\/\/blogs.thesocialmedia.com\/leblogmoto\/2006\/02\/23\/forza-agusta\/#breadcrumb\"},\"inLanguage\":\"fr-FR\",\"potentialAction\":[{\"@type\":\"ReadAction\",\"target\":[\"https:\/\/blogs.thesocialmedia.com\/leblogmoto\/2006\/02\/23\/forza-agusta\/\"]}]},{\"@type\":\"ImageObject\",\"inLanguage\":\"fr-FR\",\"@id\":\"https:\/\/blogs.thesocialmedia.com\/leblogmoto\/2006\/02\/23\/forza-agusta\/#primaryimage\",\"url\":\"http:\/\/www.leblogmoto.com\/images\/lionel_bergeron_mvagusta.jpg\",\"contentUrl\":\"http:\/\/www.leblogmoto.com\/images\/lionel_bergeron_mvagusta.jpg\"},{\"@type\":\"BreadcrumbList\",\"@id\":\"https:\/\/blogs.thesocialmedia.com\/leblogmoto\/2006\/02\/23\/forza-agusta\/#breadcrumb\",\"itemListElement\":[{\"@type\":\"ListItem\",\"position\":1,\"name\":\"Accueil\",\"item\":\"https:\/\/blogs.thesocialmedia.com\/leblogmoto\/\"},{\"@type\":\"ListItem\",\"position\":2,\"name\":\"Forza Agusta !\"}]},{\"@type\":\"WebSite\",\"@id\":\"https:\/\/blogs.thesocialmedia.com\/leblogmoto\/#website\",\"url\":\"https:\/\/blogs.thesocialmedia.com\/leblogmoto\/\",\"name\":\"leblogmoto\",\"description\":\"Toute l&#039;actualit\u00e9 des 2 roues\",\"potentialAction\":[{\"@type\":\"SearchAction\",\"target\":{\"@type\":\"EntryPoint\",\"urlTemplate\":\"https:\/\/blogs.thesocialmedia.com\/leblogmoto\/?s={search_term_string}\"},\"query-input\":{\"@type\":\"PropertyValueSpecification\",\"valueRequired\":true,\"valueName\":\"search_term_string\"}}],\"inLanguage\":\"fr-FR\"},{\"@type\":\"Person\",\"@id\":\"https:\/\/blogs.thesocialmedia.com\/leblogmoto\/#\/schema\/person\/84de5f06ec6567e94da6746a27893ecd\",\"name\":\"alain baudin\",\"image\":{\"@type\":\"ImageObject\",\"inLanguage\":\"fr-FR\",\"@id\":\"https:\/\/blogs.thesocialmedia.com\/leblogmoto\/#\/schema\/person\/image\/\",\"url\":\"https:\/\/secure.gravatar.com\/avatar\/?s=96&d=mm&r=g\",\"contentUrl\":\"https:\/\/secure.gravatar.com\/avatar\/?s=96&d=mm&r=g\",\"caption\":\"alain baudin\"},\"url\":\"https:\/\/blogs.thesocialmedia.com\/leblogmoto\/author\/alain-baudin\/\"}]}<\/script>\n<!-- \/ Yoast SEO plugin. -->","yoast_head_json":{"title":"Forza Agusta ! - leblogmoto.com","robots":{"index":"index","follow":"follow","max-snippet":"max-snippet:-1","max-image-preview":"max-image-preview:large","max-video-preview":"max-video-preview:-1"},"canonical":"https:\/\/blogs.thesocialmedia.com\/leblogmoto\/2006\/02\/23\/forza-agusta\/","twitter_card":"summary_large_image","twitter_title":"Forza Agusta ! - leblogmoto.com","twitter_description":"Allez&#8230; Encore un p&rsquo;tit chou\u00efa de r\u00e8glages&#8230; Il faut tout juste tourner un p&rsquo;tit peu la BTR un poil \u00e0 gauche&#8230; L\u00e0. A peine. Ok, l\u00e0 c&rsquo;est d&rsquo;aplomb ! C&rsquo;est good ! Touche plus \u00e0 rien, mon gars&#8230; Dans le team TGS,&nbsp; on a (enfin !) fini de gonfler les 1000 cm3 d&rsquo;une MV Agusta [&hellip;]","twitter_image":"http:\/\/www.leblogmoto.com\/images\/lionel_bergeron_mvagusta.jpg","twitter_misc":{"\u00c9crit par":"alain baudin","Dur\u00e9e de lecture estim\u00e9e":"2 minutes"},"schema":{"@context":"https:\/\/schema.org","@graph":[{"@type":"WebPage","@id":"https:\/\/blogs.thesocialmedia.com\/leblogmoto\/2006\/02\/23\/forza-agusta\/","url":"https:\/\/blogs.thesocialmedia.com\/leblogmoto\/2006\/02\/23\/forza-agusta\/","name":"Forza Agusta ! - leblogmoto.com","isPartOf":{"@id":"https:\/\/blogs.thesocialmedia.com\/leblogmoto\/#website"},"primaryImageOfPage":{"@id":"https:\/\/blogs.thesocialmedia.com\/leblogmoto\/2006\/02\/23\/forza-agusta\/#primaryimage"},"image":{"@id":"https:\/\/blogs.thesocialmedia.com\/leblogmoto\/2006\/02\/23\/forza-agusta\/#primaryimage"},"thumbnailUrl":"http:\/\/www.leblogmoto.com\/images\/lionel_bergeron_mvagusta.jpg","datePublished":"2006-02-23T03:49:26+00:00","dateModified":"2012-07-11T14:16:08+00:00","author":{"@id":"https:\/\/blogs.thesocialmedia.com\/leblogmoto\/#\/schema\/person\/84de5f06ec6567e94da6746a27893ecd"},"breadcrumb":{"@id":"https:\/\/blogs.thesocialmedia.com\/leblogmoto\/2006\/02\/23\/forza-agusta\/#breadcrumb"},"inLanguage":"fr-FR","potentialAction":[{"@type":"ReadAction","target":["https:\/\/blogs.thesocialmedia.com\/leblogmoto\/2006\/02\/23\/forza-agusta\/"]}]},{"@type":"ImageObject","inLanguage":"fr-FR","@id":"https:\/\/blogs.thesocialmedia.com\/leblogmoto\/2006\/02\/23\/forza-agusta\/#primaryimage","url":"http:\/\/www.leblogmoto.com\/images\/lionel_bergeron_mvagusta.jpg","contentUrl":"http:\/\/www.leblogmoto.com\/images\/lionel_bergeron_mvagusta.jpg"},{"@type":"BreadcrumbList","@id":"https:\/\/blogs.thesocialmedia.com\/leblogmoto\/2006\/02\/23\/forza-agusta\/#breadcrumb","itemListElement":[{"@type":"ListItem","position":1,"name":"Accueil","item":"https:\/\/blogs.thesocialmedia.com\/leblogmoto\/"},{"@type":"ListItem","position":2,"name":"Forza Agusta !"}]},{"@type":"WebSite","@id":"https:\/\/blogs.thesocialmedia.com\/leblogmoto\/#website","url":"https:\/\/blogs.thesocialmedia.com\/leblogmoto\/","name":"leblogmoto","description":"Toute l&#039;actualit\u00e9 des 2 roues","potentialAction":[{"@type":"SearchAction","target":{"@type":"EntryPoint","urlTemplate":"https:\/\/blogs.thesocialmedia.com\/leblogmoto\/?s={search_term_string}"},"query-input":{"@type":"PropertyValueSpecification","valueRequired":true,"valueName":"search_term_string"}}],"inLanguage":"fr-FR"},{"@type":"Person","@id":"https:\/\/blogs.thesocialmedia.com\/leblogmoto\/#\/schema\/person\/84de5f06ec6567e94da6746a27893ecd","name":"alain baudin","image":{"@type":"ImageObject","inLanguage":"fr-FR","@id":"https:\/\/blogs.thesocialmedia.com\/leblogmoto\/#\/schema\/person\/image\/","url":"https:\/\/secure.gravatar.com\/avatar\/?s=96&d=mm&r=g","contentUrl":"https:\/\/secure.gravatar.com\/avatar\/?s=96&d=mm&r=g","caption":"alain baudin"},"url":"https:\/\/blogs.thesocialmedia.com\/leblogmoto\/author\/alain-baudin\/"}]}},"_links":{"self":[{"href":"https:\/\/blogs.thesocialmedia.com\/leblogmoto\/wp-json\/wp\/v2\/posts\/2043","targetHints":{"allow":["GET"]}}],"collection":[{"href":"https:\/\/blogs.thesocialmedia.com\/leblogmoto\/wp-json\/wp\/v2\/posts"}],"about":[{"href":"https:\/\/blogs.thesocialmedia.com\/leblogmoto\/wp-json\/wp\/v2\/types\/post"}],"author":[{"embeddable":true,"href":"https:\/\/blogs.thesocialmedia.com\/leblogmoto\/wp-json\/wp\/v2\/users\/337"}],"replies":[{"embeddable":true,"href":"https:\/\/blogs.thesocialmedia.com\/leblogmoto\/wp-json\/wp\/v2\/comments?post=2043"}],"version-history":[{"count":2,"href":"https:\/\/blogs.thesocialmedia.com\/leblogmoto\/wp-json\/wp\/v2\/posts\/2043\/revisions"}],"predecessor-version":[{"id":7064,"href":"https:\/\/blogs.thesocialmedia.com\/leblogmoto\/wp-json\/wp\/v2\/posts\/2043\/revisions\/7064"}],"wp:attachment":[{"href":"https:\/\/blogs.thesocialmedia.com\/leblogmoto\/wp-json\/wp\/v2\/media?parent=2043"}],"wp:term":[{"taxonomy":"category","embeddable":true,"href":"https:\/\/blogs.thesocialmedia.com\/leblogmoto\/wp-json\/wp\/v2\/categories?post=2043"},{"taxonomy":"post_tag","embeddable":true,"href":"https:\/\/blogs.thesocialmedia.com\/leblogmoto\/wp-json\/wp\/v2\/tags?post=2043"}],"curies":[{"name":"wp","href":"https:\/\/api.w.org\/{rel}","templated":true}]}}