{"id":2044,"date":"2006-02-22T22:40:00","date_gmt":"2006-02-22T22:40:00","guid":{"rendered":"http:\/\/blogs.thesocialmedia.com\/leblogmoto\/2006\/02\/22\/en-juillet-pens\/"},"modified":"2012-07-11T14:16:05","modified_gmt":"2012-07-11T14:16:05","slug":"en-juillet-pens","status":"publish","type":"post","link":"https:\/\/blogs.thesocialmedia.com\/leblogmoto\/2006\/02\/22\/en-juillet-pens\/","title":{"rendered":"En Juillet, pensez BMW."},"content":{"rendered":"<p><a href=\"http:\/\/blogs.thesocialmedia.com\/leblogmoto\/files\/2012\/07\/220206abmw_mb.jpg\"><img loading=\"lazy\" decoding=\"async\" height=\"165\" alt=\"220206abmw_mb\" src=\"http:\/\/www.leblogmoto.com\/images\/220206abmw_mb.jpg\" width=\"250\"  \/><\/a>Du <strong>7 au 9 juillet<\/strong> prochains, <a href=\"http:\/\/www.leblogmoto.com\/2006\/02\/post_1.html\">BMW Motorrad<\/a> fera sa c\u00e9l\u00e9bration, comme il est maintenant de coutume chaque ann\u00e9e. <\/p>\n<p>La f\u00eate sera organis\u00e9e sur le site olympique de <strong>Garmisch-Partenkirchen<\/strong>, \u00e0 mi-chemin entre l&rsquo;AUTRICHE et l&rsquo;ALLEMAGNE.<\/p>\n<p>L&rsquo;an pass\u00e9, pas moins de<strong> 30 000<\/strong> motards avaient profit\u00e9 de l&rsquo;aubaine. Il faut dire qu&rsquo;au vu du programme annonc\u00e9, le d\u00e9tour s&rsquo;impose, la manifestation d\u00e9passant largement le cadre d&rsquo;une statique promotion des <a href=\"http:\/\/www.leblogmoto.com\/2006\/01\/post_4.html\">produits<\/a> du blason&#8230; <\/p>\n<\/p>\n<p><a href=\"http:\/\/clabedan.typepad.com\/.shared\/image.html?\/photos\/uncategorized\/220206bmw_mb.jpg\"><img loading=\"lazy\" decoding=\"async\" height=\"165\" alt=\"220206bmw_mb\" src=\"http:\/\/www.leblogmoto.com\/images\/220206bmw_mb.jpg\" width=\"250\"  \/><\/a>Durant la p\u00e9riode, BMW investit totalement les lieux et pr\u00e9sente, de jour comme de nuit, tout ce qu&rsquo;il faut \u00e0 son motard pour qu&rsquo;il ne puisse pas, une seule minute, s&rsquo;ennuyer.<\/p>\n<p>Nonobstant les incontournables <a href=\"http:\/\/www.leblogmoto.com\/2005\/10\/nouvelle_bmw_f_.html\">essais<\/a> des mod\u00e9les dans les virolos alpestres au cirque enivrant, il y aura du stunt, de l&rsquo;enduro, un &quot;rally-classic&quot;, des bapt\u00eames de parapente, des pr\u00e9sentations d&rsquo;accessoires et d&rsquo;\u00e9quipements. Ca c&rsquo;est pour le jour.<\/p>\n<p><a href=\"http:\/\/clabedan.typepad.com\/.shared\/image.html?\/photos\/uncategorized\/060222bikermeet1.jpg\"><img loading=\"lazy\" decoding=\"async\" height=\"166\" alt=\"060222bikermeet1\" src=\"http:\/\/www.leblogmoto.com\/images\/060222bikermeet1.jpg\" width=\"250\"  \/><\/a>La nuit, cin\u00e9ma, concerts, suivis d&rsquo;une &quot;Bikers&rsquo; Party&quot; dont des t\u00e9moignages concordants ont permis de s&rsquo;interroger sur le fait de savoir si, finalement, l&rsquo;Oktoberfest ne relevait pas de la boum de damoiseaux \u00e9tourdis au champomy&#8230; Mais qui a dit que les BMWistes \u00e9taient des gens aust\u00e8res ?&nbsp; &nbsp;&nbsp; &nbsp; <\/p>\n","protected":false},"excerpt":{"rendered":"<p>Du 7 au 9 juillet prochains, BMW Motorrad fera sa c\u00e9l\u00e9bration, comme il est maintenant de coutume chaque ann\u00e9e. La f\u00eate sera organis\u00e9e sur le site olympique de Garmisch-Partenkirchen, \u00e0 mi-chemin entre l&rsquo;AUTRICHE et l&rsquo;ALLEMAGNE. L&rsquo;an pass\u00e9, pas moins de 30 000 motards avaient profit\u00e9 de l&rsquo;aubaine. Il faut dire qu&rsquo;au vu du programme annonc\u00e9, [&hellip;]<\/p>\n","protected":false},"author":336,"featured_media":0,"comment_status":"open","ping_status":"open","sticky":false,"template":"","format":"standard","meta":{"footnotes":""},"categories":[7],"tags":[],"class_list":["post-2044","post","type-post","status-publish","format-standard","hentry","category-bmw"],"yoast_head":"<!-- This site is optimized with the Yoast SEO plugin v26.0 - https:\/\/yoast.com\/wordpress\/plugins\/seo\/ -->\n<title>En Juillet, pensez BMW. - leblogmoto.com<\/title>\n<meta name=\"robots\" content=\"index, follow, max-snippet:-1, max-image-preview:large, max-video-preview:-1\" \/>\n<link rel=\"canonical\" href=\"https:\/\/blogs.thesocialmedia.com\/leblogmoto\/2006\/02\/22\/en-juillet-pens\/\" \/>\n<meta name=\"twitter:card\" content=\"summary_large_image\" \/>\n<meta name=\"twitter:title\" content=\"En Juillet, pensez BMW. - leblogmoto.com\" \/>\n<meta name=\"twitter:description\" content=\"Du 7 au 9 juillet prochains, BMW Motorrad fera sa c\u00e9l\u00e9bration, comme il est maintenant de coutume chaque ann\u00e9e. La f\u00eate sera organis\u00e9e sur le site olympique de Garmisch-Partenkirchen, \u00e0 mi-chemin entre l&rsquo;AUTRICHE et l&rsquo;ALLEMAGNE. L&rsquo;an pass\u00e9, pas moins de 30 000 motards avaient profit\u00e9 de l&rsquo;aubaine. Il faut dire qu&rsquo;au vu du programme annonc\u00e9, [&hellip;]\" \/>\n<meta name=\"twitter:image\" content=\"http:\/\/www.leblogmoto.com\/images\/220206abmw_mb.jpg\" \/>\n<meta name=\"twitter:label1\" content=\"\u00c9crit par\" \/>\n\t<meta name=\"twitter:data1\" content=\"andre leconde\" \/>\n\t<meta name=\"twitter:label2\" content=\"Dur\u00e9e de lecture estim\u00e9e\" \/>\n\t<meta name=\"twitter:data2\" content=\"1 minute\" \/>\n<script type=\"application\/ld+json\" class=\"yoast-schema-graph\">{\"@context\":\"https:\/\/schema.org\",\"@graph\":[{\"@type\":\"WebPage\",\"@id\":\"https:\/\/blogs.thesocialmedia.com\/leblogmoto\/2006\/02\/22\/en-juillet-pens\/\",\"url\":\"https:\/\/blogs.thesocialmedia.com\/leblogmoto\/2006\/02\/22\/en-juillet-pens\/\",\"name\":\"En Juillet, pensez BMW. - leblogmoto.com\",\"isPartOf\":{\"@id\":\"https:\/\/blogs.thesocialmedia.com\/leblogmoto\/#website\"},\"primaryImageOfPage\":{\"@id\":\"https:\/\/blogs.thesocialmedia.com\/leblogmoto\/2006\/02\/22\/en-juillet-pens\/#primaryimage\"},\"image\":{\"@id\":\"https:\/\/blogs.thesocialmedia.com\/leblogmoto\/2006\/02\/22\/en-juillet-pens\/#primaryimage\"},\"thumbnailUrl\":\"http:\/\/www.leblogmoto.com\/images\/220206abmw_mb.jpg\",\"datePublished\":\"2006-02-22T22:40:00+00:00\",\"dateModified\":\"2012-07-11T14:16:05+00:00\",\"author\":{\"@id\":\"https:\/\/blogs.thesocialmedia.com\/leblogmoto\/#\/schema\/person\/1a1dcfc7cec206573105eb4af91155c2\"},\"breadcrumb\":{\"@id\":\"https:\/\/blogs.thesocialmedia.com\/leblogmoto\/2006\/02\/22\/en-juillet-pens\/#breadcrumb\"},\"inLanguage\":\"fr-FR\",\"potentialAction\":[{\"@type\":\"ReadAction\",\"target\":[\"https:\/\/blogs.thesocialmedia.com\/leblogmoto\/2006\/02\/22\/en-juillet-pens\/\"]}]},{\"@type\":\"ImageObject\",\"inLanguage\":\"fr-FR\",\"@id\":\"https:\/\/blogs.thesocialmedia.com\/leblogmoto\/2006\/02\/22\/en-juillet-pens\/#primaryimage\",\"url\":\"http:\/\/www.leblogmoto.com\/images\/220206abmw_mb.jpg\",\"contentUrl\":\"http:\/\/www.leblogmoto.com\/images\/220206abmw_mb.jpg\"},{\"@type\":\"BreadcrumbList\",\"@id\":\"https:\/\/blogs.thesocialmedia.com\/leblogmoto\/2006\/02\/22\/en-juillet-pens\/#breadcrumb\",\"itemListElement\":[{\"@type\":\"ListItem\",\"position\":1,\"name\":\"Accueil\",\"item\":\"https:\/\/blogs.thesocialmedia.com\/leblogmoto\/\"},{\"@type\":\"ListItem\",\"position\":2,\"name\":\"En Juillet, pensez BMW.\"}]},{\"@type\":\"WebSite\",\"@id\":\"https:\/\/blogs.thesocialmedia.com\/leblogmoto\/#website\",\"url\":\"https:\/\/blogs.thesocialmedia.com\/leblogmoto\/\",\"name\":\"leblogmoto\",\"description\":\"Toute l&#039;actualit\u00e9 des 2 roues\",\"potentialAction\":[{\"@type\":\"SearchAction\",\"target\":{\"@type\":\"EntryPoint\",\"urlTemplate\":\"https:\/\/blogs.thesocialmedia.com\/leblogmoto\/?s={search_term_string}\"},\"query-input\":{\"@type\":\"PropertyValueSpecification\",\"valueRequired\":true,\"valueName\":\"search_term_string\"}}],\"inLanguage\":\"fr-FR\"},{\"@type\":\"Person\",\"@id\":\"https:\/\/blogs.thesocialmedia.com\/leblogmoto\/#\/schema\/person\/1a1dcfc7cec206573105eb4af91155c2\",\"name\":\"andre leconde\",\"image\":{\"@type\":\"ImageObject\",\"inLanguage\":\"fr-FR\",\"@id\":\"https:\/\/blogs.thesocialmedia.com\/leblogmoto\/#\/schema\/person\/image\/\",\"url\":\"https:\/\/secure.gravatar.com\/avatar\/?s=96&d=mm&r=g\",\"contentUrl\":\"https:\/\/secure.gravatar.com\/avatar\/?s=96&d=mm&r=g\",\"caption\":\"andre leconde\"},\"url\":\"https:\/\/blogs.thesocialmedia.com\/leblogmoto\/author\/andre-leconde\/\"}]}<\/script>\n<!-- \/ Yoast SEO plugin. -->","yoast_head_json":{"title":"En Juillet, pensez BMW. - leblogmoto.com","robots":{"index":"index","follow":"follow","max-snippet":"max-snippet:-1","max-image-preview":"max-image-preview:large","max-video-preview":"max-video-preview:-1"},"canonical":"https:\/\/blogs.thesocialmedia.com\/leblogmoto\/2006\/02\/22\/en-juillet-pens\/","twitter_card":"summary_large_image","twitter_title":"En Juillet, pensez BMW. - leblogmoto.com","twitter_description":"Du 7 au 9 juillet prochains, BMW Motorrad fera sa c\u00e9l\u00e9bration, comme il est maintenant de coutume chaque ann\u00e9e. La f\u00eate sera organis\u00e9e sur le site olympique de Garmisch-Partenkirchen, \u00e0 mi-chemin entre l&rsquo;AUTRICHE et l&rsquo;ALLEMAGNE. L&rsquo;an pass\u00e9, pas moins de 30 000 motards avaient profit\u00e9 de l&rsquo;aubaine. Il faut dire qu&rsquo;au vu du programme annonc\u00e9, [&hellip;]","twitter_image":"http:\/\/www.leblogmoto.com\/images\/220206abmw_mb.jpg","twitter_misc":{"\u00c9crit par":"andre leconde","Dur\u00e9e de lecture estim\u00e9e":"1 minute"},"schema":{"@context":"https:\/\/schema.org","@graph":[{"@type":"WebPage","@id":"https:\/\/blogs.thesocialmedia.com\/leblogmoto\/2006\/02\/22\/en-juillet-pens\/","url":"https:\/\/blogs.thesocialmedia.com\/leblogmoto\/2006\/02\/22\/en-juillet-pens\/","name":"En Juillet, pensez BMW. - leblogmoto.com","isPartOf":{"@id":"https:\/\/blogs.thesocialmedia.com\/leblogmoto\/#website"},"primaryImageOfPage":{"@id":"https:\/\/blogs.thesocialmedia.com\/leblogmoto\/2006\/02\/22\/en-juillet-pens\/#primaryimage"},"image":{"@id":"https:\/\/blogs.thesocialmedia.com\/leblogmoto\/2006\/02\/22\/en-juillet-pens\/#primaryimage"},"thumbnailUrl":"http:\/\/www.leblogmoto.com\/images\/220206abmw_mb.jpg","datePublished":"2006-02-22T22:40:00+00:00","dateModified":"2012-07-11T14:16:05+00:00","author":{"@id":"https:\/\/blogs.thesocialmedia.com\/leblogmoto\/#\/schema\/person\/1a1dcfc7cec206573105eb4af91155c2"},"breadcrumb":{"@id":"https:\/\/blogs.thesocialmedia.com\/leblogmoto\/2006\/02\/22\/en-juillet-pens\/#breadcrumb"},"inLanguage":"fr-FR","potentialAction":[{"@type":"ReadAction","target":["https:\/\/blogs.thesocialmedia.com\/leblogmoto\/2006\/02\/22\/en-juillet-pens\/"]}]},{"@type":"ImageObject","inLanguage":"fr-FR","@id":"https:\/\/blogs.thesocialmedia.com\/leblogmoto\/2006\/02\/22\/en-juillet-pens\/#primaryimage","url":"http:\/\/www.leblogmoto.com\/images\/220206abmw_mb.jpg","contentUrl":"http:\/\/www.leblogmoto.com\/images\/220206abmw_mb.jpg"},{"@type":"BreadcrumbList","@id":"https:\/\/blogs.thesocialmedia.com\/leblogmoto\/2006\/02\/22\/en-juillet-pens\/#breadcrumb","itemListElement":[{"@type":"ListItem","position":1,"name":"Accueil","item":"https:\/\/blogs.thesocialmedia.com\/leblogmoto\/"},{"@type":"ListItem","position":2,"name":"En Juillet, pensez BMW."}]},{"@type":"WebSite","@id":"https:\/\/blogs.thesocialmedia.com\/leblogmoto\/#website","url":"https:\/\/blogs.thesocialmedia.com\/leblogmoto\/","name":"leblogmoto","description":"Toute l&#039;actualit\u00e9 des 2 roues","potentialAction":[{"@type":"SearchAction","target":{"@type":"EntryPoint","urlTemplate":"https:\/\/blogs.thesocialmedia.com\/leblogmoto\/?s={search_term_string}"},"query-input":{"@type":"PropertyValueSpecification","valueRequired":true,"valueName":"search_term_string"}}],"inLanguage":"fr-FR"},{"@type":"Person","@id":"https:\/\/blogs.thesocialmedia.com\/leblogmoto\/#\/schema\/person\/1a1dcfc7cec206573105eb4af91155c2","name":"andre leconde","image":{"@type":"ImageObject","inLanguage":"fr-FR","@id":"https:\/\/blogs.thesocialmedia.com\/leblogmoto\/#\/schema\/person\/image\/","url":"https:\/\/secure.gravatar.com\/avatar\/?s=96&d=mm&r=g","contentUrl":"https:\/\/secure.gravatar.com\/avatar\/?s=96&d=mm&r=g","caption":"andre leconde"},"url":"https:\/\/blogs.thesocialmedia.com\/leblogmoto\/author\/andre-leconde\/"}]}},"_links":{"self":[{"href":"https:\/\/blogs.thesocialmedia.com\/leblogmoto\/wp-json\/wp\/v2\/posts\/2044","targetHints":{"allow":["GET"]}}],"collection":[{"href":"https:\/\/blogs.thesocialmedia.com\/leblogmoto\/wp-json\/wp\/v2\/posts"}],"about":[{"href":"https:\/\/blogs.thesocialmedia.com\/leblogmoto\/wp-json\/wp\/v2\/types\/post"}],"author":[{"embeddable":true,"href":"https:\/\/blogs.thesocialmedia.com\/leblogmoto\/wp-json\/wp\/v2\/users\/336"}],"replies":[{"embeddable":true,"href":"https:\/\/blogs.thesocialmedia.com\/leblogmoto\/wp-json\/wp\/v2\/comments?post=2044"}],"version-history":[{"count":2,"href":"https:\/\/blogs.thesocialmedia.com\/leblogmoto\/wp-json\/wp\/v2\/posts\/2044\/revisions"}],"predecessor-version":[{"id":7062,"href":"https:\/\/blogs.thesocialmedia.com\/leblogmoto\/wp-json\/wp\/v2\/posts\/2044\/revisions\/7062"}],"wp:attachment":[{"href":"https:\/\/blogs.thesocialmedia.com\/leblogmoto\/wp-json\/wp\/v2\/media?parent=2044"}],"wp:term":[{"taxonomy":"category","embeddable":true,"href":"https:\/\/blogs.thesocialmedia.com\/leblogmoto\/wp-json\/wp\/v2\/categories?post=2044"},{"taxonomy":"post_tag","embeddable":true,"href":"https:\/\/blogs.thesocialmedia.com\/leblogmoto\/wp-json\/wp\/v2\/tags?post=2044"}],"curies":[{"name":"wp","href":"https:\/\/api.w.org\/{rel}","templated":true}]}}