{"id":2045,"date":"2006-02-22T16:10:22","date_gmt":"2006-02-22T16:10:22","guid":{"rendered":"http:\/\/blogs.thesocialmedia.com\/leblogmoto\/2006\/02\/22\/shark-rsf2i-pri\/"},"modified":"2012-07-11T14:16:03","modified_gmt":"2012-07-11T14:16:03","slug":"shark-rsf2i-pri","status":"publish","type":"post","link":"https:\/\/blogs.thesocialmedia.com\/leblogmoto\/2006\/02\/22\/shark-rsf2i-pri\/","title":{"rendered":"Shark RSF-2i Prisma"},"content":{"rendered":"<p><a href=\"http:\/\/blogs.thesocialmedia.com\/leblogmoto\/files\/2012\/07\/shark_rsf2i.jpg\"><img loading=\"lazy\" decoding=\"async\" alt=\"Shark_rsf2i\" src=\"http:\/\/www.leblogmoto.com\/images\/shark_rsf2i.jpg\" width=\"250\" height=\"287\"  style=\"margin: 0px 5px 5px 0px;float: left\" \/><\/a>Les avis de conso-motards \u00e9tant plut\u00f4t rares sur le blog, j&rsquo;en profite pour vous faire part de mes impressions sur le Shark RSF 2i Prisma apr\u00e8s deux semaines d&rsquo;utilisation. <\/p>\n<p>Il s&rsquo;agit d&rsquo;un casque en fibre, pesant 1450g. Les mousses sont enti\u00e8rement amovibles. <\/p>\n<p>La jugulaire n&rsquo;a h\u00e9las pas adopt\u00e9 le syst\u00e8me dit &quot;double D&quot; qui doit je crois devenir la norme d&rsquo;ici peu, et elle semble se desserrer (trop) rapidement.<\/p>\n<p>A\u00e9rations au niveau de la mentonni\u00e8re, du sommet du cr\u00e2ne, et \u00e0 l&rsquo;arri\u00e8re du casque, obturables \u00e0 l&rsquo;aide de petites molettes plut\u00f4t bien con\u00e7ues. <\/p>\n<p> Visi\u00e8re \u00e0 d\u00e9clipsage &quot;facile&quot;, par une simple (mais g\u00e9n\u00e9reuse) pression du doigt. Elle est trait\u00e9e antibu\u00e9e d&rsquo;origine. La vapeur d&rsquo;eau, au lieu de former un \u00e9cran presque opaque, se condense cependant par endroits en un film assez \u00e9pais qui d\u00e9forme la vision (et de mani\u00e8re in\u00e9gale puisque la moiti\u00e9 droite de ma visi\u00e8re y est plus sujette que l&rsquo;autre). A noter un autre d\u00e9faut de la visi\u00e8re concernant son manque de rigidit\u00e9, qui fait que l&rsquo;on ne peut la fermer correctement en appuyant sur l&rsquo;ergot pr\u00e9vu \u00e0 cet effet, la visi\u00e8re se pla\u00e7ant &quot;en biais&quot;. Il faut appuyer au centre de la visi\u00e8re pour pouvoir la baisser, et n&rsquo;utiliser l&rsquo;ergot que pour la relever. <br \/>En revanche un bon point pour le dernier cran avant la fermeture compl\u00e8te, qui se verrouille bien et permet de rouler avec un filet d&rsquo;air suffisant pour le d\u00e9sembuage, mais pas trop inconfortable malgr\u00e9 les temp\u00e9ratures actuelles &#8230;<br \/>Question confort c&rsquo;est, du moins pour mon cr\u00e2ne, tout \u00e0 fait correct. L&rsquo;insonorisation est \u00e9galement acceptable, \u00e0 l&rsquo;exception d&rsquo;un sifflement que je n&rsquo;ai pas encore r\u00e9ussi \u00e0 localiser.<br \/>Ce n&rsquo;est donc pas le score parfait pour ce Shark, mais les prestations sont honn\u00eates surtout compte tenu du prix auquel je l&rsquo;ai achet\u00e9 (170 euros en n\u00e9gociant un peu) en profitant des promos de la concession West-Bike situ\u00e9e dans les Yvelines, qui solde son stock avant son prochain d\u00e9m\u00e9nagement. Les motards des alentours ont tout int\u00e9r\u00eat \u00e0 en profiter puisque ces bonnes affaires se terminent je crois en fin de semaine &#8230;<\/p>\n","protected":false},"excerpt":{"rendered":"<p>Les avis de conso-motards \u00e9tant plut\u00f4t rares sur le blog, j&rsquo;en profite pour vous faire part de mes impressions sur le Shark RSF 2i Prisma apr\u00e8s deux semaines d&rsquo;utilisation. Il s&rsquo;agit d&rsquo;un casque en fibre, pesant 1450g. Les mousses sont enti\u00e8rement amovibles. La jugulaire n&rsquo;a h\u00e9las pas adopt\u00e9 le syst\u00e8me dit &quot;double D&quot; qui doit [&hellip;]<\/p>\n","protected":false},"author":332,"featured_media":0,"comment_status":"open","ping_status":"open","sticky":false,"template":"","format":"standard","meta":{"footnotes":""},"categories":[17],"tags":[],"class_list":["post-2045","post","type-post","status-publish","format-standard","hentry","category-divers"],"yoast_head":"<!-- This site is optimized with the Yoast SEO plugin v26.0 - https:\/\/yoast.com\/wordpress\/plugins\/seo\/ -->\n<title>Shark RSF-2i Prisma - leblogmoto.com<\/title>\n<meta name=\"robots\" content=\"index, follow, max-snippet:-1, max-image-preview:large, max-video-preview:-1\" \/>\n<link rel=\"canonical\" href=\"https:\/\/blogs.thesocialmedia.com\/leblogmoto\/2006\/02\/22\/shark-rsf2i-pri\/\" \/>\n<meta name=\"twitter:card\" content=\"summary_large_image\" \/>\n<meta name=\"twitter:title\" content=\"Shark RSF-2i Prisma - leblogmoto.com\" \/>\n<meta name=\"twitter:description\" content=\"Les avis de conso-motards \u00e9tant plut\u00f4t rares sur le blog, j&rsquo;en profite pour vous faire part de mes impressions sur le Shark RSF 2i Prisma apr\u00e8s deux semaines d&rsquo;utilisation. Il s&rsquo;agit d&rsquo;un casque en fibre, pesant 1450g. Les mousses sont enti\u00e8rement amovibles. La jugulaire n&rsquo;a h\u00e9las pas adopt\u00e9 le syst\u00e8me dit &quot;double D&quot; qui doit [&hellip;]\" \/>\n<meta name=\"twitter:image\" content=\"http:\/\/www.leblogmoto.com\/images\/shark_rsf2i.jpg\" \/>\n<meta name=\"twitter:label1\" content=\"\u00c9crit par\" \/>\n\t<meta name=\"twitter:data1\" content=\"eric cabrol\" \/>\n\t<meta name=\"twitter:label2\" content=\"Dur\u00e9e de lecture estim\u00e9e\" \/>\n\t<meta name=\"twitter:data2\" content=\"2 minutes\" \/>\n<script type=\"application\/ld+json\" class=\"yoast-schema-graph\">{\"@context\":\"https:\/\/schema.org\",\"@graph\":[{\"@type\":\"WebPage\",\"@id\":\"https:\/\/blogs.thesocialmedia.com\/leblogmoto\/2006\/02\/22\/shark-rsf2i-pri\/\",\"url\":\"https:\/\/blogs.thesocialmedia.com\/leblogmoto\/2006\/02\/22\/shark-rsf2i-pri\/\",\"name\":\"Shark RSF-2i Prisma - leblogmoto.com\",\"isPartOf\":{\"@id\":\"https:\/\/blogs.thesocialmedia.com\/leblogmoto\/#website\"},\"primaryImageOfPage\":{\"@id\":\"https:\/\/blogs.thesocialmedia.com\/leblogmoto\/2006\/02\/22\/shark-rsf2i-pri\/#primaryimage\"},\"image\":{\"@id\":\"https:\/\/blogs.thesocialmedia.com\/leblogmoto\/2006\/02\/22\/shark-rsf2i-pri\/#primaryimage\"},\"thumbnailUrl\":\"http:\/\/www.leblogmoto.com\/images\/shark_rsf2i.jpg\",\"datePublished\":\"2006-02-22T16:10:22+00:00\",\"dateModified\":\"2012-07-11T14:16:03+00:00\",\"author\":{\"@id\":\"https:\/\/blogs.thesocialmedia.com\/leblogmoto\/#\/schema\/person\/2d0df6c5d59ff2f74f5d0b431cdcd17d\"},\"breadcrumb\":{\"@id\":\"https:\/\/blogs.thesocialmedia.com\/leblogmoto\/2006\/02\/22\/shark-rsf2i-pri\/#breadcrumb\"},\"inLanguage\":\"fr-FR\",\"potentialAction\":[{\"@type\":\"ReadAction\",\"target\":[\"https:\/\/blogs.thesocialmedia.com\/leblogmoto\/2006\/02\/22\/shark-rsf2i-pri\/\"]}]},{\"@type\":\"ImageObject\",\"inLanguage\":\"fr-FR\",\"@id\":\"https:\/\/blogs.thesocialmedia.com\/leblogmoto\/2006\/02\/22\/shark-rsf2i-pri\/#primaryimage\",\"url\":\"http:\/\/www.leblogmoto.com\/images\/shark_rsf2i.jpg\",\"contentUrl\":\"http:\/\/www.leblogmoto.com\/images\/shark_rsf2i.jpg\"},{\"@type\":\"BreadcrumbList\",\"@id\":\"https:\/\/blogs.thesocialmedia.com\/leblogmoto\/2006\/02\/22\/shark-rsf2i-pri\/#breadcrumb\",\"itemListElement\":[{\"@type\":\"ListItem\",\"position\":1,\"name\":\"Accueil\",\"item\":\"https:\/\/blogs.thesocialmedia.com\/leblogmoto\/\"},{\"@type\":\"ListItem\",\"position\":2,\"name\":\"Shark RSF-2i Prisma\"}]},{\"@type\":\"WebSite\",\"@id\":\"https:\/\/blogs.thesocialmedia.com\/leblogmoto\/#website\",\"url\":\"https:\/\/blogs.thesocialmedia.com\/leblogmoto\/\",\"name\":\"leblogmoto\",\"description\":\"Toute l&#039;actualit\u00e9 des 2 roues\",\"potentialAction\":[{\"@type\":\"SearchAction\",\"target\":{\"@type\":\"EntryPoint\",\"urlTemplate\":\"https:\/\/blogs.thesocialmedia.com\/leblogmoto\/?s={search_term_string}\"},\"query-input\":{\"@type\":\"PropertyValueSpecification\",\"valueRequired\":true,\"valueName\":\"search_term_string\"}}],\"inLanguage\":\"fr-FR\"},{\"@type\":\"Person\",\"@id\":\"https:\/\/blogs.thesocialmedia.com\/leblogmoto\/#\/schema\/person\/2d0df6c5d59ff2f74f5d0b431cdcd17d\",\"name\":\"eric cabrol\",\"image\":{\"@type\":\"ImageObject\",\"inLanguage\":\"fr-FR\",\"@id\":\"https:\/\/blogs.thesocialmedia.com\/leblogmoto\/#\/schema\/person\/image\/\",\"url\":\"https:\/\/secure.gravatar.com\/avatar\/?s=96&d=mm&r=g\",\"contentUrl\":\"https:\/\/secure.gravatar.com\/avatar\/?s=96&d=mm&r=g\",\"caption\":\"eric cabrol\"},\"url\":\"https:\/\/blogs.thesocialmedia.com\/leblogmoto\/author\/eric-cabrol\/\"}]}<\/script>\n<!-- \/ Yoast SEO plugin. -->","yoast_head_json":{"title":"Shark RSF-2i Prisma - leblogmoto.com","robots":{"index":"index","follow":"follow","max-snippet":"max-snippet:-1","max-image-preview":"max-image-preview:large","max-video-preview":"max-video-preview:-1"},"canonical":"https:\/\/blogs.thesocialmedia.com\/leblogmoto\/2006\/02\/22\/shark-rsf2i-pri\/","twitter_card":"summary_large_image","twitter_title":"Shark RSF-2i Prisma - leblogmoto.com","twitter_description":"Les avis de conso-motards \u00e9tant plut\u00f4t rares sur le blog, j&rsquo;en profite pour vous faire part de mes impressions sur le Shark RSF 2i Prisma apr\u00e8s deux semaines d&rsquo;utilisation. Il s&rsquo;agit d&rsquo;un casque en fibre, pesant 1450g. Les mousses sont enti\u00e8rement amovibles. La jugulaire n&rsquo;a h\u00e9las pas adopt\u00e9 le syst\u00e8me dit &quot;double D&quot; qui doit [&hellip;]","twitter_image":"http:\/\/www.leblogmoto.com\/images\/shark_rsf2i.jpg","twitter_misc":{"\u00c9crit par":"eric cabrol","Dur\u00e9e de lecture estim\u00e9e":"2 minutes"},"schema":{"@context":"https:\/\/schema.org","@graph":[{"@type":"WebPage","@id":"https:\/\/blogs.thesocialmedia.com\/leblogmoto\/2006\/02\/22\/shark-rsf2i-pri\/","url":"https:\/\/blogs.thesocialmedia.com\/leblogmoto\/2006\/02\/22\/shark-rsf2i-pri\/","name":"Shark RSF-2i Prisma - leblogmoto.com","isPartOf":{"@id":"https:\/\/blogs.thesocialmedia.com\/leblogmoto\/#website"},"primaryImageOfPage":{"@id":"https:\/\/blogs.thesocialmedia.com\/leblogmoto\/2006\/02\/22\/shark-rsf2i-pri\/#primaryimage"},"image":{"@id":"https:\/\/blogs.thesocialmedia.com\/leblogmoto\/2006\/02\/22\/shark-rsf2i-pri\/#primaryimage"},"thumbnailUrl":"http:\/\/www.leblogmoto.com\/images\/shark_rsf2i.jpg","datePublished":"2006-02-22T16:10:22+00:00","dateModified":"2012-07-11T14:16:03+00:00","author":{"@id":"https:\/\/blogs.thesocialmedia.com\/leblogmoto\/#\/schema\/person\/2d0df6c5d59ff2f74f5d0b431cdcd17d"},"breadcrumb":{"@id":"https:\/\/blogs.thesocialmedia.com\/leblogmoto\/2006\/02\/22\/shark-rsf2i-pri\/#breadcrumb"},"inLanguage":"fr-FR","potentialAction":[{"@type":"ReadAction","target":["https:\/\/blogs.thesocialmedia.com\/leblogmoto\/2006\/02\/22\/shark-rsf2i-pri\/"]}]},{"@type":"ImageObject","inLanguage":"fr-FR","@id":"https:\/\/blogs.thesocialmedia.com\/leblogmoto\/2006\/02\/22\/shark-rsf2i-pri\/#primaryimage","url":"http:\/\/www.leblogmoto.com\/images\/shark_rsf2i.jpg","contentUrl":"http:\/\/www.leblogmoto.com\/images\/shark_rsf2i.jpg"},{"@type":"BreadcrumbList","@id":"https:\/\/blogs.thesocialmedia.com\/leblogmoto\/2006\/02\/22\/shark-rsf2i-pri\/#breadcrumb","itemListElement":[{"@type":"ListItem","position":1,"name":"Accueil","item":"https:\/\/blogs.thesocialmedia.com\/leblogmoto\/"},{"@type":"ListItem","position":2,"name":"Shark RSF-2i Prisma"}]},{"@type":"WebSite","@id":"https:\/\/blogs.thesocialmedia.com\/leblogmoto\/#website","url":"https:\/\/blogs.thesocialmedia.com\/leblogmoto\/","name":"leblogmoto","description":"Toute l&#039;actualit\u00e9 des 2 roues","potentialAction":[{"@type":"SearchAction","target":{"@type":"EntryPoint","urlTemplate":"https:\/\/blogs.thesocialmedia.com\/leblogmoto\/?s={search_term_string}"},"query-input":{"@type":"PropertyValueSpecification","valueRequired":true,"valueName":"search_term_string"}}],"inLanguage":"fr-FR"},{"@type":"Person","@id":"https:\/\/blogs.thesocialmedia.com\/leblogmoto\/#\/schema\/person\/2d0df6c5d59ff2f74f5d0b431cdcd17d","name":"eric cabrol","image":{"@type":"ImageObject","inLanguage":"fr-FR","@id":"https:\/\/blogs.thesocialmedia.com\/leblogmoto\/#\/schema\/person\/image\/","url":"https:\/\/secure.gravatar.com\/avatar\/?s=96&d=mm&r=g","contentUrl":"https:\/\/secure.gravatar.com\/avatar\/?s=96&d=mm&r=g","caption":"eric cabrol"},"url":"https:\/\/blogs.thesocialmedia.com\/leblogmoto\/author\/eric-cabrol\/"}]}},"_links":{"self":[{"href":"https:\/\/blogs.thesocialmedia.com\/leblogmoto\/wp-json\/wp\/v2\/posts\/2045","targetHints":{"allow":["GET"]}}],"collection":[{"href":"https:\/\/blogs.thesocialmedia.com\/leblogmoto\/wp-json\/wp\/v2\/posts"}],"about":[{"href":"https:\/\/blogs.thesocialmedia.com\/leblogmoto\/wp-json\/wp\/v2\/types\/post"}],"author":[{"embeddable":true,"href":"https:\/\/blogs.thesocialmedia.com\/leblogmoto\/wp-json\/wp\/v2\/users\/332"}],"replies":[{"embeddable":true,"href":"https:\/\/blogs.thesocialmedia.com\/leblogmoto\/wp-json\/wp\/v2\/comments?post=2045"}],"version-history":[{"count":2,"href":"https:\/\/blogs.thesocialmedia.com\/leblogmoto\/wp-json\/wp\/v2\/posts\/2045\/revisions"}],"predecessor-version":[{"id":7060,"href":"https:\/\/blogs.thesocialmedia.com\/leblogmoto\/wp-json\/wp\/v2\/posts\/2045\/revisions\/7060"}],"wp:attachment":[{"href":"https:\/\/blogs.thesocialmedia.com\/leblogmoto\/wp-json\/wp\/v2\/media?parent=2045"}],"wp:term":[{"taxonomy":"category","embeddable":true,"href":"https:\/\/blogs.thesocialmedia.com\/leblogmoto\/wp-json\/wp\/v2\/categories?post=2045"},{"taxonomy":"post_tag","embeddable":true,"href":"https:\/\/blogs.thesocialmedia.com\/leblogmoto\/wp-json\/wp\/v2\/tags?post=2045"}],"curies":[{"name":"wp","href":"https:\/\/api.w.org\/{rel}","templated":true}]}}