{"id":2046,"date":"2006-02-21T23:40:00","date_gmt":"2006-02-21T23:40:00","guid":{"rendered":"http:\/\/blogs.thesocialmedia.com\/leblogmoto\/2006\/02\/21\/des-soldes-fair\/"},"modified":"2012-07-11T14:16:02","modified_gmt":"2012-07-11T14:16:02","slug":"des-soldes-fair","status":"publish","type":"post","link":"https:\/\/blogs.thesocialmedia.com\/leblogmoto\/2006\/02\/21\/des-soldes-fair\/","title":{"rendered":"Des soldes \u00e0 faire r\u00e9fl\u00e9chir."},"content":{"rendered":"<p><a href=\"http:\/\/blogs.thesocialmedia.com\/leblogmoto\/files\/2012\/07\/comet650r.jpg\"><img loading=\"lazy\" decoding=\"async\" height=\"196\" alt=\"Comet650r\" src=\"http:\/\/www.leblogmoto.com\/images\/comet650r.jpg\" width=\"250\"  \/><\/a>Il y a ceci de paradoxal dans le landernau moto, c&rsquo;est qu&rsquo;il est d&rsquo;un esprit \u00e0 la fois particuli\u00e8rement iconoclaste et ouvert tout en connaissant des zones o\u00f9 il a du mal \u00e0 se d\u00e9barrasser de la gangue des <a href=\"http:\/\/www.leblogmoto.com\/2005\/12\/lhomo_motardicu.html\">pr\u00e9jug\u00e9s<\/a>.<\/p>\n<p>Tenez, par exemple, l&rsquo;affichage du blason du fier destrier. Y&rsquo;a pas \u00e0 dire, en pincer pour la derni\u00e8re nippone ou fondre pour une europ\u00e9enne, \u00e7a se respecte, \u00e7a se discute. Mais adopter une <strong>marque cor\u00e9enne<\/strong>, parvenue et sans pass\u00e9, c&rsquo;est passer pour un consommateur de bas \u00e9tage \u00e0 peine digne d&rsquo;un salut.<\/p>\n<p>Pourtant, il est des choses qui changent et des circonstances qui font r\u00e9fl\u00e9chir. Tenez, par exemple, les derniers tarifs de la <strong>HYOSUNG Comet<\/strong>&#8230; <\/p>\n<p><a href=\"http:\/\/clabedan.typepad.com\/.shared\/image.html?\/photos\/uncategorized\/hyosung20comet2065020yellow202620blue.jpg\"><img loading=\"lazy\" decoding=\"async\" height=\"187\" alt=\"Hyosung20comet2065020yellow202620blue\" src=\"http:\/\/www.leblogmoto.com\/images\/hyosung20comet2065020yellow202620blue.jpg\" width=\"250\"  \/><\/a>Certes, je vois d\u00e9j\u00e0 la foule s&rsquo;agiter. HYOSUNG, c&rsquo;est un r\u00e9seau \u00e9triqu\u00e9, une finition \u00e0 l&#8217;emporte pi\u00e8ce, un catalogue technique d\u00e9pass\u00e9. C&rsquo;est s\u00fbr qu&rsquo;\u00e0 c\u00f4t\u00e9 de la derni\u00e8re <a href=\"http:\/\/www.leblogmoto.com\/2005\/09\/kawasaki_er6f.html\">KAWA ER6<\/a>, la <strong>Comet<\/strong> peut aller se faire voir chez Halley.<\/p>\n<p>Oui mais voil\u00e0. D&rsquo;abord, niveau esth\u00e9tique, \u00e0 force de recherche d&rsquo;ersatz, on finit par lui trouver un soup\u00e7on de charme. Et puis, le bouilleur c&rsquo;est du <strong>SUZUKI<\/strong> \u00e9prouv\u00e9. Quant au prix, les derniers tarifs font qu&rsquo;elle devient soudainement tr\u00e8s belle.<\/p>\n<p>En ce moment, ce sont les soldes, et c&rsquo;est <strong>1 000<\/strong> euros de moins sur toute la gamme. Ca nous fait le 600 \u00e0 <strong>4 695 euros<\/strong>. Je conna\u00ees des <a href=\"http:\/\/www.leblogmoto.com\/2005\/10\/mondial_2005_hy.html\">125 plus on\u00e9reux<\/a>, mais certainement pas des 600 neufs sur cette base. <\/p>\n<p>Il n&rsquo;est pas question de faire de la pub, mais c&rsquo;est bon \u00e0 savoir, d\u00e8s fois que l&rsquo;ancien motard devenu p\u00e8re de famille voudrait s&rsquo;y remettre sans forc\u00e9ment priver son adorable tribu. A ce prix, c&rsquo;est donn\u00e9 non ?<\/p>\n<p>SOURCE: <a href=\"http:\/\/www.simamoto.fr\">www.simamoto.fr<\/a>&nbsp; &nbsp; <\/p>\n","protected":false},"excerpt":{"rendered":"<p>Il y a ceci de paradoxal dans le landernau moto, c&rsquo;est qu&rsquo;il est d&rsquo;un esprit \u00e0 la fois particuli\u00e8rement iconoclaste et ouvert tout en connaissant des zones o\u00f9 il a du mal \u00e0 se d\u00e9barrasser de la gangue des pr\u00e9jug\u00e9s. Tenez, par exemple, l&rsquo;affichage du blason du fier destrier. Y&rsquo;a pas \u00e0 dire, en pincer [&hellip;]<\/p>\n","protected":false},"author":336,"featured_media":0,"comment_status":"open","ping_status":"open","sticky":false,"template":"","format":"standard","meta":{"footnotes":""},"categories":[49,87],"tags":[],"class_list":["post-2046","post","type-post","status-publish","format-standard","hentry","category-actualites-entreprise","category-hyosung"],"yoast_head":"<!-- This site is optimized with the Yoast SEO plugin v26.0 - https:\/\/yoast.com\/wordpress\/plugins\/seo\/ -->\n<title>Des soldes \u00e0 faire r\u00e9fl\u00e9chir. - leblogmoto.com<\/title>\n<meta name=\"robots\" content=\"index, follow, max-snippet:-1, max-image-preview:large, max-video-preview:-1\" \/>\n<link rel=\"canonical\" href=\"https:\/\/blogs.thesocialmedia.com\/leblogmoto\/2006\/02\/21\/des-soldes-fair\/\" \/>\n<meta name=\"twitter:card\" content=\"summary_large_image\" \/>\n<meta name=\"twitter:title\" content=\"Des soldes \u00e0 faire r\u00e9fl\u00e9chir. - leblogmoto.com\" \/>\n<meta name=\"twitter:description\" content=\"Il y a ceci de paradoxal dans le landernau moto, c&rsquo;est qu&rsquo;il est d&rsquo;un esprit \u00e0 la fois particuli\u00e8rement iconoclaste et ouvert tout en connaissant des zones o\u00f9 il a du mal \u00e0 se d\u00e9barrasser de la gangue des pr\u00e9jug\u00e9s. Tenez, par exemple, l&rsquo;affichage du blason du fier destrier. Y&rsquo;a pas \u00e0 dire, en pincer [&hellip;]\" \/>\n<meta name=\"twitter:image\" content=\"http:\/\/www.leblogmoto.com\/images\/comet650r.jpg\" \/>\n<meta name=\"twitter:label1\" content=\"\u00c9crit par\" \/>\n\t<meta name=\"twitter:data1\" content=\"andre leconde\" \/>\n\t<meta name=\"twitter:label2\" content=\"Dur\u00e9e de lecture estim\u00e9e\" \/>\n\t<meta name=\"twitter:data2\" content=\"1 minute\" \/>\n<script type=\"application\/ld+json\" class=\"yoast-schema-graph\">{\"@context\":\"https:\/\/schema.org\",\"@graph\":[{\"@type\":\"WebPage\",\"@id\":\"https:\/\/blogs.thesocialmedia.com\/leblogmoto\/2006\/02\/21\/des-soldes-fair\/\",\"url\":\"https:\/\/blogs.thesocialmedia.com\/leblogmoto\/2006\/02\/21\/des-soldes-fair\/\",\"name\":\"Des soldes \u00e0 faire r\u00e9fl\u00e9chir. - leblogmoto.com\",\"isPartOf\":{\"@id\":\"https:\/\/blogs.thesocialmedia.com\/leblogmoto\/#website\"},\"primaryImageOfPage\":{\"@id\":\"https:\/\/blogs.thesocialmedia.com\/leblogmoto\/2006\/02\/21\/des-soldes-fair\/#primaryimage\"},\"image\":{\"@id\":\"https:\/\/blogs.thesocialmedia.com\/leblogmoto\/2006\/02\/21\/des-soldes-fair\/#primaryimage\"},\"thumbnailUrl\":\"http:\/\/www.leblogmoto.com\/images\/comet650r.jpg\",\"datePublished\":\"2006-02-21T23:40:00+00:00\",\"dateModified\":\"2012-07-11T14:16:02+00:00\",\"author\":{\"@id\":\"https:\/\/blogs.thesocialmedia.com\/leblogmoto\/#\/schema\/person\/1a1dcfc7cec206573105eb4af91155c2\"},\"breadcrumb\":{\"@id\":\"https:\/\/blogs.thesocialmedia.com\/leblogmoto\/2006\/02\/21\/des-soldes-fair\/#breadcrumb\"},\"inLanguage\":\"fr-FR\",\"potentialAction\":[{\"@type\":\"ReadAction\",\"target\":[\"https:\/\/blogs.thesocialmedia.com\/leblogmoto\/2006\/02\/21\/des-soldes-fair\/\"]}]},{\"@type\":\"ImageObject\",\"inLanguage\":\"fr-FR\",\"@id\":\"https:\/\/blogs.thesocialmedia.com\/leblogmoto\/2006\/02\/21\/des-soldes-fair\/#primaryimage\",\"url\":\"http:\/\/www.leblogmoto.com\/images\/comet650r.jpg\",\"contentUrl\":\"http:\/\/www.leblogmoto.com\/images\/comet650r.jpg\"},{\"@type\":\"BreadcrumbList\",\"@id\":\"https:\/\/blogs.thesocialmedia.com\/leblogmoto\/2006\/02\/21\/des-soldes-fair\/#breadcrumb\",\"itemListElement\":[{\"@type\":\"ListItem\",\"position\":1,\"name\":\"Accueil\",\"item\":\"https:\/\/blogs.thesocialmedia.com\/leblogmoto\/\"},{\"@type\":\"ListItem\",\"position\":2,\"name\":\"Des soldes \u00e0 faire r\u00e9fl\u00e9chir.\"}]},{\"@type\":\"WebSite\",\"@id\":\"https:\/\/blogs.thesocialmedia.com\/leblogmoto\/#website\",\"url\":\"https:\/\/blogs.thesocialmedia.com\/leblogmoto\/\",\"name\":\"leblogmoto\",\"description\":\"Toute l&#039;actualit\u00e9 des 2 roues\",\"potentialAction\":[{\"@type\":\"SearchAction\",\"target\":{\"@type\":\"EntryPoint\",\"urlTemplate\":\"https:\/\/blogs.thesocialmedia.com\/leblogmoto\/?s={search_term_string}\"},\"query-input\":{\"@type\":\"PropertyValueSpecification\",\"valueRequired\":true,\"valueName\":\"search_term_string\"}}],\"inLanguage\":\"fr-FR\"},{\"@type\":\"Person\",\"@id\":\"https:\/\/blogs.thesocialmedia.com\/leblogmoto\/#\/schema\/person\/1a1dcfc7cec206573105eb4af91155c2\",\"name\":\"andre leconde\",\"image\":{\"@type\":\"ImageObject\",\"inLanguage\":\"fr-FR\",\"@id\":\"https:\/\/blogs.thesocialmedia.com\/leblogmoto\/#\/schema\/person\/image\/\",\"url\":\"https:\/\/secure.gravatar.com\/avatar\/?s=96&d=mm&r=g\",\"contentUrl\":\"https:\/\/secure.gravatar.com\/avatar\/?s=96&d=mm&r=g\",\"caption\":\"andre leconde\"},\"url\":\"https:\/\/blogs.thesocialmedia.com\/leblogmoto\/author\/andre-leconde\/\"}]}<\/script>\n<!-- \/ Yoast SEO plugin. -->","yoast_head_json":{"title":"Des soldes \u00e0 faire r\u00e9fl\u00e9chir. - leblogmoto.com","robots":{"index":"index","follow":"follow","max-snippet":"max-snippet:-1","max-image-preview":"max-image-preview:large","max-video-preview":"max-video-preview:-1"},"canonical":"https:\/\/blogs.thesocialmedia.com\/leblogmoto\/2006\/02\/21\/des-soldes-fair\/","twitter_card":"summary_large_image","twitter_title":"Des soldes \u00e0 faire r\u00e9fl\u00e9chir. - leblogmoto.com","twitter_description":"Il y a ceci de paradoxal dans le landernau moto, c&rsquo;est qu&rsquo;il est d&rsquo;un esprit \u00e0 la fois particuli\u00e8rement iconoclaste et ouvert tout en connaissant des zones o\u00f9 il a du mal \u00e0 se d\u00e9barrasser de la gangue des pr\u00e9jug\u00e9s. Tenez, par exemple, l&rsquo;affichage du blason du fier destrier. Y&rsquo;a pas \u00e0 dire, en pincer [&hellip;]","twitter_image":"http:\/\/www.leblogmoto.com\/images\/comet650r.jpg","twitter_misc":{"\u00c9crit par":"andre leconde","Dur\u00e9e de lecture estim\u00e9e":"1 minute"},"schema":{"@context":"https:\/\/schema.org","@graph":[{"@type":"WebPage","@id":"https:\/\/blogs.thesocialmedia.com\/leblogmoto\/2006\/02\/21\/des-soldes-fair\/","url":"https:\/\/blogs.thesocialmedia.com\/leblogmoto\/2006\/02\/21\/des-soldes-fair\/","name":"Des soldes \u00e0 faire r\u00e9fl\u00e9chir. - leblogmoto.com","isPartOf":{"@id":"https:\/\/blogs.thesocialmedia.com\/leblogmoto\/#website"},"primaryImageOfPage":{"@id":"https:\/\/blogs.thesocialmedia.com\/leblogmoto\/2006\/02\/21\/des-soldes-fair\/#primaryimage"},"image":{"@id":"https:\/\/blogs.thesocialmedia.com\/leblogmoto\/2006\/02\/21\/des-soldes-fair\/#primaryimage"},"thumbnailUrl":"http:\/\/www.leblogmoto.com\/images\/comet650r.jpg","datePublished":"2006-02-21T23:40:00+00:00","dateModified":"2012-07-11T14:16:02+00:00","author":{"@id":"https:\/\/blogs.thesocialmedia.com\/leblogmoto\/#\/schema\/person\/1a1dcfc7cec206573105eb4af91155c2"},"breadcrumb":{"@id":"https:\/\/blogs.thesocialmedia.com\/leblogmoto\/2006\/02\/21\/des-soldes-fair\/#breadcrumb"},"inLanguage":"fr-FR","potentialAction":[{"@type":"ReadAction","target":["https:\/\/blogs.thesocialmedia.com\/leblogmoto\/2006\/02\/21\/des-soldes-fair\/"]}]},{"@type":"ImageObject","inLanguage":"fr-FR","@id":"https:\/\/blogs.thesocialmedia.com\/leblogmoto\/2006\/02\/21\/des-soldes-fair\/#primaryimage","url":"http:\/\/www.leblogmoto.com\/images\/comet650r.jpg","contentUrl":"http:\/\/www.leblogmoto.com\/images\/comet650r.jpg"},{"@type":"BreadcrumbList","@id":"https:\/\/blogs.thesocialmedia.com\/leblogmoto\/2006\/02\/21\/des-soldes-fair\/#breadcrumb","itemListElement":[{"@type":"ListItem","position":1,"name":"Accueil","item":"https:\/\/blogs.thesocialmedia.com\/leblogmoto\/"},{"@type":"ListItem","position":2,"name":"Des soldes \u00e0 faire r\u00e9fl\u00e9chir."}]},{"@type":"WebSite","@id":"https:\/\/blogs.thesocialmedia.com\/leblogmoto\/#website","url":"https:\/\/blogs.thesocialmedia.com\/leblogmoto\/","name":"leblogmoto","description":"Toute l&#039;actualit\u00e9 des 2 roues","potentialAction":[{"@type":"SearchAction","target":{"@type":"EntryPoint","urlTemplate":"https:\/\/blogs.thesocialmedia.com\/leblogmoto\/?s={search_term_string}"},"query-input":{"@type":"PropertyValueSpecification","valueRequired":true,"valueName":"search_term_string"}}],"inLanguage":"fr-FR"},{"@type":"Person","@id":"https:\/\/blogs.thesocialmedia.com\/leblogmoto\/#\/schema\/person\/1a1dcfc7cec206573105eb4af91155c2","name":"andre leconde","image":{"@type":"ImageObject","inLanguage":"fr-FR","@id":"https:\/\/blogs.thesocialmedia.com\/leblogmoto\/#\/schema\/person\/image\/","url":"https:\/\/secure.gravatar.com\/avatar\/?s=96&d=mm&r=g","contentUrl":"https:\/\/secure.gravatar.com\/avatar\/?s=96&d=mm&r=g","caption":"andre leconde"},"url":"https:\/\/blogs.thesocialmedia.com\/leblogmoto\/author\/andre-leconde\/"}]}},"_links":{"self":[{"href":"https:\/\/blogs.thesocialmedia.com\/leblogmoto\/wp-json\/wp\/v2\/posts\/2046","targetHints":{"allow":["GET"]}}],"collection":[{"href":"https:\/\/blogs.thesocialmedia.com\/leblogmoto\/wp-json\/wp\/v2\/posts"}],"about":[{"href":"https:\/\/blogs.thesocialmedia.com\/leblogmoto\/wp-json\/wp\/v2\/types\/post"}],"author":[{"embeddable":true,"href":"https:\/\/blogs.thesocialmedia.com\/leblogmoto\/wp-json\/wp\/v2\/users\/336"}],"replies":[{"embeddable":true,"href":"https:\/\/blogs.thesocialmedia.com\/leblogmoto\/wp-json\/wp\/v2\/comments?post=2046"}],"version-history":[{"count":2,"href":"https:\/\/blogs.thesocialmedia.com\/leblogmoto\/wp-json\/wp\/v2\/posts\/2046\/revisions"}],"predecessor-version":[{"id":7058,"href":"https:\/\/blogs.thesocialmedia.com\/leblogmoto\/wp-json\/wp\/v2\/posts\/2046\/revisions\/7058"}],"wp:attachment":[{"href":"https:\/\/blogs.thesocialmedia.com\/leblogmoto\/wp-json\/wp\/v2\/media?parent=2046"}],"wp:term":[{"taxonomy":"category","embeddable":true,"href":"https:\/\/blogs.thesocialmedia.com\/leblogmoto\/wp-json\/wp\/v2\/categories?post=2046"},{"taxonomy":"post_tag","embeddable":true,"href":"https:\/\/blogs.thesocialmedia.com\/leblogmoto\/wp-json\/wp\/v2\/tags?post=2046"}],"curies":[{"name":"wp","href":"https:\/\/api.w.org\/{rel}","templated":true}]}}