{"id":2047,"date":"2006-02-21T20:40:00","date_gmt":"2006-02-21T20:40:00","guid":{"rendered":"http:\/\/blogs.thesocialmedia.com\/leblogmoto\/2006\/02\/21\/post-4-2\/"},"modified":"2012-07-11T14:16:00","modified_gmt":"2012-07-11T14:16:00","slug":"post-4-2","status":"publish","type":"post","link":"https:\/\/blogs.thesocialmedia.com\/leblogmoto\/2006\/02\/21\/post-4-2\/","title":{"rendered":"CBR 600 R\u00e9plica: Celle de Thomas."},"content":{"rendered":"<p><a href=\"http:\/\/blogs.thesocialmedia.com\/leblogmoto\/files\/2012\/07\/405172_69281.jpg\"><img loading=\"lazy\" decoding=\"async\" height=\"187\" alt=\"405172_69281\" src=\"http:\/\/www.leblogmoto.com\/images\/405172_69281.jpg\" width=\"250\"  \/><\/a> A chaque Nation son champion, et \u00e0 chaque pays sa <strong>CBR 600 RR<\/strong> de c\u00e9l\u00e9bration.<\/p>\n<p>C&rsquo;est la politique qu&rsquo;appremment HONDA a d\u00e9cid\u00e9 d&rsquo;appliquer, puisqu&rsquo;apr\u00e8s la <a href=\"http:\/\/www.leblogmoto.com\/2006\/01\/seb_replica_par.html\">FRANCE<\/a> dont les concessions ail\u00e9es mettent un point d&rsquo;honneur \u00e0 exposer la r\u00e9plique esth\u00e9tique de la monture de <a href=\"http:\/\/www.leblogmoto.com\/2005\/09\/supersport_sbas.html\">Seb CHARPENTIER<\/a>, voici que d\u00e9barque en <strong>SUISSE<\/strong> une 600 rappellant que le champion 125 est un enfant de la conf\u00e9d\u00e9ration: <strong>Thomas L\u00dcTHI<\/strong>. Au d\u00e9tail pr\u00e8s que la pr\u00e9sente r\u00e9alisation n&rsquo;arbore non pas les peintures de guerre du sacre, mais la d\u00e9coration 2006 du champion en titre&#8230;<\/p>\n<p>&nbsp; <\/p>\n<p><a href=\"http:\/\/clabedan.typepad.com\/.shared\/image.html?\/photos\/uncategorized\/25137_luethi_ziel.jpg\"><img loading=\"lazy\" decoding=\"async\" height=\"231\" alt=\"25137_luethi_ziel\" src=\"http:\/\/www.leblogmoto.com\/images\/25137_luethi_ziel.jpg\" width=\"250\"  \/><\/a>Comme quoi, il doit y avoir des suisses qui aiment bien la course et les sports m\u00e9caniques pour que, quelque part, ils se sentent concerner au fait qu&rsquo;un de leur compatriote ait d\u00e9croch\u00e9 le titre supr\u00eame. Sinon, HONDA n&rsquo;aurait pas pens\u00e9 \u00e0 eux. <\/p>\n<p>Cette contr\u00e9e n&rsquo;a d&rsquo;ailleurs jamais \u00e9t\u00e9 avare en talent, SURER, REGAZZONI, SIFFERT ou Jacques CORNU pour les deux roues, la liste n&rsquo;\u00e9tant nullement exhaustive, l&rsquo;illustrant. SAUBER a d\u00e9montr\u00e9 le savoir faire du terroir en mati\u00e8re d&rsquo;organisation. Il y a donc une sensibilit\u00e9 quelque part dans ce pays qui, pourtant, se <a href=\"http:\/\/www.leblogauto.com\/2006\/02\/courses_auto_en.html\">refuse d&rsquo;organiser toute comp\u00e9tition du genre<\/a> sur son sol. Une sorte de paradoxe. C&rsquo;est un choix.&nbsp; <\/p>\n<p>Seulement <strong>125 <\/strong>mod\u00e8les de cette CBR seront disponibles, uniquement en SUISSE. Vivement qu&rsquo;il soit champion en 250 pour qu&rsquo;on en ait plus&#8230;<\/p>\n<p>SOURCE: <a href=\"http:\/\/www.motogp.com\/\">www.motogp.com<\/a> <\/p>\n","protected":false},"excerpt":{"rendered":"<p>A chaque Nation son champion, et \u00e0 chaque pays sa CBR 600 RR de c\u00e9l\u00e9bration. C&rsquo;est la politique qu&rsquo;appremment HONDA a d\u00e9cid\u00e9 d&rsquo;appliquer, puisqu&rsquo;apr\u00e8s la FRANCE dont les concessions ail\u00e9es mettent un point d&rsquo;honneur \u00e0 exposer la r\u00e9plique esth\u00e9tique de la monture de Seb CHARPENTIER, voici que d\u00e9barque en SUISSE une 600 rappellant que le [&hellip;]<\/p>\n","protected":false},"author":336,"featured_media":0,"comment_status":"open","ping_status":"open","sticky":false,"template":"","format":"standard","meta":{"footnotes":""},"categories":[49,14,32],"tags":[],"class_list":["post-2047","post","type-post","status-publish","format-standard","hentry","category-actualites-entreprise","category-honda","category-sport-moto"],"yoast_head":"<!-- This site is optimized with the Yoast SEO plugin v26.0 - https:\/\/yoast.com\/wordpress\/plugins\/seo\/ -->\n<title>CBR 600 R\u00e9plica: Celle de Thomas. - leblogmoto.com<\/title>\n<meta name=\"robots\" content=\"index, follow, max-snippet:-1, max-image-preview:large, max-video-preview:-1\" \/>\n<link rel=\"canonical\" href=\"https:\/\/blogs.thesocialmedia.com\/leblogmoto\/2006\/02\/21\/post-4-2\/\" \/>\n<meta name=\"twitter:card\" content=\"summary_large_image\" \/>\n<meta name=\"twitter:title\" content=\"CBR 600 R\u00e9plica: Celle de Thomas. - leblogmoto.com\" \/>\n<meta name=\"twitter:description\" content=\"A chaque Nation son champion, et \u00e0 chaque pays sa CBR 600 RR de c\u00e9l\u00e9bration. C&rsquo;est la politique qu&rsquo;appremment HONDA a d\u00e9cid\u00e9 d&rsquo;appliquer, puisqu&rsquo;apr\u00e8s la FRANCE dont les concessions ail\u00e9es mettent un point d&rsquo;honneur \u00e0 exposer la r\u00e9plique esth\u00e9tique de la monture de Seb CHARPENTIER, voici que d\u00e9barque en SUISSE une 600 rappellant que le [&hellip;]\" \/>\n<meta name=\"twitter:image\" content=\"http:\/\/www.leblogmoto.com\/images\/405172_69281.jpg\" \/>\n<meta name=\"twitter:label1\" content=\"\u00c9crit par\" \/>\n\t<meta name=\"twitter:data1\" content=\"andre leconde\" \/>\n\t<meta name=\"twitter:label2\" content=\"Dur\u00e9e de lecture estim\u00e9e\" \/>\n\t<meta name=\"twitter:data2\" content=\"1 minute\" \/>\n<script type=\"application\/ld+json\" class=\"yoast-schema-graph\">{\"@context\":\"https:\/\/schema.org\",\"@graph\":[{\"@type\":\"WebPage\",\"@id\":\"https:\/\/blogs.thesocialmedia.com\/leblogmoto\/2006\/02\/21\/post-4-2\/\",\"url\":\"https:\/\/blogs.thesocialmedia.com\/leblogmoto\/2006\/02\/21\/post-4-2\/\",\"name\":\"CBR 600 R\u00e9plica: Celle de Thomas. - leblogmoto.com\",\"isPartOf\":{\"@id\":\"https:\/\/blogs.thesocialmedia.com\/leblogmoto\/#website\"},\"primaryImageOfPage\":{\"@id\":\"https:\/\/blogs.thesocialmedia.com\/leblogmoto\/2006\/02\/21\/post-4-2\/#primaryimage\"},\"image\":{\"@id\":\"https:\/\/blogs.thesocialmedia.com\/leblogmoto\/2006\/02\/21\/post-4-2\/#primaryimage\"},\"thumbnailUrl\":\"http:\/\/www.leblogmoto.com\/images\/405172_69281.jpg\",\"datePublished\":\"2006-02-21T20:40:00+00:00\",\"dateModified\":\"2012-07-11T14:16:00+00:00\",\"author\":{\"@id\":\"https:\/\/blogs.thesocialmedia.com\/leblogmoto\/#\/schema\/person\/1a1dcfc7cec206573105eb4af91155c2\"},\"breadcrumb\":{\"@id\":\"https:\/\/blogs.thesocialmedia.com\/leblogmoto\/2006\/02\/21\/post-4-2\/#breadcrumb\"},\"inLanguage\":\"fr-FR\",\"potentialAction\":[{\"@type\":\"ReadAction\",\"target\":[\"https:\/\/blogs.thesocialmedia.com\/leblogmoto\/2006\/02\/21\/post-4-2\/\"]}]},{\"@type\":\"ImageObject\",\"inLanguage\":\"fr-FR\",\"@id\":\"https:\/\/blogs.thesocialmedia.com\/leblogmoto\/2006\/02\/21\/post-4-2\/#primaryimage\",\"url\":\"http:\/\/www.leblogmoto.com\/images\/405172_69281.jpg\",\"contentUrl\":\"http:\/\/www.leblogmoto.com\/images\/405172_69281.jpg\"},{\"@type\":\"BreadcrumbList\",\"@id\":\"https:\/\/blogs.thesocialmedia.com\/leblogmoto\/2006\/02\/21\/post-4-2\/#breadcrumb\",\"itemListElement\":[{\"@type\":\"ListItem\",\"position\":1,\"name\":\"Accueil\",\"item\":\"https:\/\/blogs.thesocialmedia.com\/leblogmoto\/\"},{\"@type\":\"ListItem\",\"position\":2,\"name\":\"CBR 600 R\u00e9plica: Celle de Thomas.\"}]},{\"@type\":\"WebSite\",\"@id\":\"https:\/\/blogs.thesocialmedia.com\/leblogmoto\/#website\",\"url\":\"https:\/\/blogs.thesocialmedia.com\/leblogmoto\/\",\"name\":\"leblogmoto\",\"description\":\"Toute l&#039;actualit\u00e9 des 2 roues\",\"potentialAction\":[{\"@type\":\"SearchAction\",\"target\":{\"@type\":\"EntryPoint\",\"urlTemplate\":\"https:\/\/blogs.thesocialmedia.com\/leblogmoto\/?s={search_term_string}\"},\"query-input\":{\"@type\":\"PropertyValueSpecification\",\"valueRequired\":true,\"valueName\":\"search_term_string\"}}],\"inLanguage\":\"fr-FR\"},{\"@type\":\"Person\",\"@id\":\"https:\/\/blogs.thesocialmedia.com\/leblogmoto\/#\/schema\/person\/1a1dcfc7cec206573105eb4af91155c2\",\"name\":\"andre leconde\",\"image\":{\"@type\":\"ImageObject\",\"inLanguage\":\"fr-FR\",\"@id\":\"https:\/\/blogs.thesocialmedia.com\/leblogmoto\/#\/schema\/person\/image\/\",\"url\":\"https:\/\/secure.gravatar.com\/avatar\/?s=96&d=mm&r=g\",\"contentUrl\":\"https:\/\/secure.gravatar.com\/avatar\/?s=96&d=mm&r=g\",\"caption\":\"andre leconde\"},\"url\":\"https:\/\/blogs.thesocialmedia.com\/leblogmoto\/author\/andre-leconde\/\"}]}<\/script>\n<!-- \/ Yoast SEO plugin. -->","yoast_head_json":{"title":"CBR 600 R\u00e9plica: Celle de Thomas. - leblogmoto.com","robots":{"index":"index","follow":"follow","max-snippet":"max-snippet:-1","max-image-preview":"max-image-preview:large","max-video-preview":"max-video-preview:-1"},"canonical":"https:\/\/blogs.thesocialmedia.com\/leblogmoto\/2006\/02\/21\/post-4-2\/","twitter_card":"summary_large_image","twitter_title":"CBR 600 R\u00e9plica: Celle de Thomas. - leblogmoto.com","twitter_description":"A chaque Nation son champion, et \u00e0 chaque pays sa CBR 600 RR de c\u00e9l\u00e9bration. C&rsquo;est la politique qu&rsquo;appremment HONDA a d\u00e9cid\u00e9 d&rsquo;appliquer, puisqu&rsquo;apr\u00e8s la FRANCE dont les concessions ail\u00e9es mettent un point d&rsquo;honneur \u00e0 exposer la r\u00e9plique esth\u00e9tique de la monture de Seb CHARPENTIER, voici que d\u00e9barque en SUISSE une 600 rappellant que le [&hellip;]","twitter_image":"http:\/\/www.leblogmoto.com\/images\/405172_69281.jpg","twitter_misc":{"\u00c9crit par":"andre leconde","Dur\u00e9e de lecture estim\u00e9e":"1 minute"},"schema":{"@context":"https:\/\/schema.org","@graph":[{"@type":"WebPage","@id":"https:\/\/blogs.thesocialmedia.com\/leblogmoto\/2006\/02\/21\/post-4-2\/","url":"https:\/\/blogs.thesocialmedia.com\/leblogmoto\/2006\/02\/21\/post-4-2\/","name":"CBR 600 R\u00e9plica: Celle de Thomas. - leblogmoto.com","isPartOf":{"@id":"https:\/\/blogs.thesocialmedia.com\/leblogmoto\/#website"},"primaryImageOfPage":{"@id":"https:\/\/blogs.thesocialmedia.com\/leblogmoto\/2006\/02\/21\/post-4-2\/#primaryimage"},"image":{"@id":"https:\/\/blogs.thesocialmedia.com\/leblogmoto\/2006\/02\/21\/post-4-2\/#primaryimage"},"thumbnailUrl":"http:\/\/www.leblogmoto.com\/images\/405172_69281.jpg","datePublished":"2006-02-21T20:40:00+00:00","dateModified":"2012-07-11T14:16:00+00:00","author":{"@id":"https:\/\/blogs.thesocialmedia.com\/leblogmoto\/#\/schema\/person\/1a1dcfc7cec206573105eb4af91155c2"},"breadcrumb":{"@id":"https:\/\/blogs.thesocialmedia.com\/leblogmoto\/2006\/02\/21\/post-4-2\/#breadcrumb"},"inLanguage":"fr-FR","potentialAction":[{"@type":"ReadAction","target":["https:\/\/blogs.thesocialmedia.com\/leblogmoto\/2006\/02\/21\/post-4-2\/"]}]},{"@type":"ImageObject","inLanguage":"fr-FR","@id":"https:\/\/blogs.thesocialmedia.com\/leblogmoto\/2006\/02\/21\/post-4-2\/#primaryimage","url":"http:\/\/www.leblogmoto.com\/images\/405172_69281.jpg","contentUrl":"http:\/\/www.leblogmoto.com\/images\/405172_69281.jpg"},{"@type":"BreadcrumbList","@id":"https:\/\/blogs.thesocialmedia.com\/leblogmoto\/2006\/02\/21\/post-4-2\/#breadcrumb","itemListElement":[{"@type":"ListItem","position":1,"name":"Accueil","item":"https:\/\/blogs.thesocialmedia.com\/leblogmoto\/"},{"@type":"ListItem","position":2,"name":"CBR 600 R\u00e9plica: Celle de Thomas."}]},{"@type":"WebSite","@id":"https:\/\/blogs.thesocialmedia.com\/leblogmoto\/#website","url":"https:\/\/blogs.thesocialmedia.com\/leblogmoto\/","name":"leblogmoto","description":"Toute l&#039;actualit\u00e9 des 2 roues","potentialAction":[{"@type":"SearchAction","target":{"@type":"EntryPoint","urlTemplate":"https:\/\/blogs.thesocialmedia.com\/leblogmoto\/?s={search_term_string}"},"query-input":{"@type":"PropertyValueSpecification","valueRequired":true,"valueName":"search_term_string"}}],"inLanguage":"fr-FR"},{"@type":"Person","@id":"https:\/\/blogs.thesocialmedia.com\/leblogmoto\/#\/schema\/person\/1a1dcfc7cec206573105eb4af91155c2","name":"andre leconde","image":{"@type":"ImageObject","inLanguage":"fr-FR","@id":"https:\/\/blogs.thesocialmedia.com\/leblogmoto\/#\/schema\/person\/image\/","url":"https:\/\/secure.gravatar.com\/avatar\/?s=96&d=mm&r=g","contentUrl":"https:\/\/secure.gravatar.com\/avatar\/?s=96&d=mm&r=g","caption":"andre leconde"},"url":"https:\/\/blogs.thesocialmedia.com\/leblogmoto\/author\/andre-leconde\/"}]}},"_links":{"self":[{"href":"https:\/\/blogs.thesocialmedia.com\/leblogmoto\/wp-json\/wp\/v2\/posts\/2047","targetHints":{"allow":["GET"]}}],"collection":[{"href":"https:\/\/blogs.thesocialmedia.com\/leblogmoto\/wp-json\/wp\/v2\/posts"}],"about":[{"href":"https:\/\/blogs.thesocialmedia.com\/leblogmoto\/wp-json\/wp\/v2\/types\/post"}],"author":[{"embeddable":true,"href":"https:\/\/blogs.thesocialmedia.com\/leblogmoto\/wp-json\/wp\/v2\/users\/336"}],"replies":[{"embeddable":true,"href":"https:\/\/blogs.thesocialmedia.com\/leblogmoto\/wp-json\/wp\/v2\/comments?post=2047"}],"version-history":[{"count":2,"href":"https:\/\/blogs.thesocialmedia.com\/leblogmoto\/wp-json\/wp\/v2\/posts\/2047\/revisions"}],"predecessor-version":[{"id":7056,"href":"https:\/\/blogs.thesocialmedia.com\/leblogmoto\/wp-json\/wp\/v2\/posts\/2047\/revisions\/7056"}],"wp:attachment":[{"href":"https:\/\/blogs.thesocialmedia.com\/leblogmoto\/wp-json\/wp\/v2\/media?parent=2047"}],"wp:term":[{"taxonomy":"category","embeddable":true,"href":"https:\/\/blogs.thesocialmedia.com\/leblogmoto\/wp-json\/wp\/v2\/categories?post=2047"},{"taxonomy":"post_tag","embeddable":true,"href":"https:\/\/blogs.thesocialmedia.com\/leblogmoto\/wp-json\/wp\/v2\/tags?post=2047"}],"curies":[{"name":"wp","href":"https:\/\/api.w.org\/{rel}","templated":true}]}}