{"id":2048,"date":"2006-02-21T14:56:00","date_gmt":"2006-02-21T14:56:00","guid":{"rendered":"http:\/\/blogs.thesocialmedia.com\/leblogmoto\/2006\/02\/21\/moto-verte-au-p\/"},"modified":"2012-07-11T14:15:58","modified_gmt":"2012-07-11T14:15:58","slug":"moto-verte-au-p","status":"publish","type":"post","link":"https:\/\/blogs.thesocialmedia.com\/leblogmoto\/2006\/02\/21\/moto-verte-au-p\/","title":{"rendered":"Moto Verte au pays du Rouge pour un Endurose&#8230;"},"content":{"rendered":"<p><a href=\"http:\/\/blogs.thesocialmedia.com\/leblogmoto\/files\/2012\/07\/gp_visage.jpg\"><img loading=\"lazy\" decoding=\"async\" height=\"205\" alt=\"Gp_visage\" src=\"http:\/\/www.leblogmoto.com\/images\/gp_visage.jpg\" width=\"250\"  \/><\/a> Le 15 juillet prochain, la contr\u00e9e du <strong>Beaujolais <\/strong>r\u00e9sonnera de nouveau du vrombissement des machines d&rsquo;Enduro. En tout tout bien tout honneur n\u00e9anmoins, puisqu&rsquo;\u00e0 leur guidon chevaucheront des amazones, heureuses d&rsquo;en d\u00e9coudre sur un parcours taill\u00e9 \u00e0 leur mesure.<\/p>\n<p>L&rsquo;<strong>Endurose<\/strong>, est une \u00e9preuve qui, depuis <strong>2001<\/strong>, permet au <a href=\"http:\/\/blogs.thesocialmedia.com\/leblogmoto\/files\/2012\/07\/post.html_1.png\">beau sexe<\/a> de s&rsquo;exprimer dans une discipline on ne peut plus physique, <a href=\"http:\/\/www.leblogmoto.com\/2005\/09\/enduro_de_ligin.html\">l&rsquo;Enduro<\/a>. Et, le moins que l&rsquo;on puisse dire, c&rsquo;est que l&rsquo;id\u00e9e a fait son chemin: les engag\u00e9es viennent de toute l&rsquo;Europe, les organisateurs sont contraints de les limiter \u00e0 <strong>300<\/strong>, et il existe m\u00eame, \u00e0 pr\u00e9sent, une \u00e9preuve qualificative \u00e0 son inscription&#8230;&nbsp; &nbsp;&nbsp; <\/p>\n<p><a href=\"http:\/\/clabedan.typepad.com\/.shared\/image.html?\/photos\/uncategorized\/2_6.jpg\"><img loading=\"lazy\" decoding=\"async\" height=\"173\" alt=\"2_6\" src=\"http:\/\/www.leblogmoto.com\/images\/2_6.jpg\" width=\"250\"  \/><\/a>Une sacr\u00e9e satisfaction pour l&rsquo;\u00e9quipe du <strong>Team Tout Terrain Beaujolais<\/strong> qui commence \u00e0 faire de son parcours de <strong>60 kms<\/strong> \u00e0 parcourir deux fois un rendez-vous estival incontournable.<\/p>\n<p>Elles viennent d&rsquo;Italie, de Suisse, d&rsquo;Espagne ou de Grande Bretagne, d\u00e9penser leurs <strong>50 euros<\/strong> d&rsquo;engagement et s&rsquo;\u00e9battre dans la poussi\u00e8re. Pour couronner le tout, une licence au jour peut \u00eatre prise par celle qui n&rsquo;aurait pas leur s\u00e9same f\u00e9d\u00e9ral \u00e0 l&rsquo;ann\u00e9e.<\/p>\n<p><a href=\"http:\/\/blogs.thesocialmedia.com\/leblogmoto\/files\/2012\/07\/a_3.jpg\"><img loading=\"lazy\" decoding=\"async\" height=\"187\" alt=\"A_3\" src=\"http:\/\/www.leblogmoto.com\/images\/a_3.jpg\" width=\"250\"  \/><\/a>La derni\u00e8re \u00e0 s&rsquo;y \u00eatre impos\u00e9e est <strong>Ludivine PUY<\/strong>, \u00e9toile du <a href=\"http:\/\/www.leblogmoto.com\/2006\/01\/lultime_tape_du.html\">DAKAR<\/a>. <\/p>\n<p>Par ailleurs, la recette fait flor\u00e8s puisque dans le <strong>GARD<\/strong>, le <strong>13 mai<\/strong>, \u00e0 <strong>La Bastide d&rsquo;Engras<\/strong>, une \u00e9preuve de m\u00eame type y sera organis\u00e9e, dont le prix sera une inscription \u00e0 l&rsquo;Endurose \u00e0 celles qui auront conquis le podium. Pour les autres, ce sera un bon entra\u00eenement. Succ\u00e9s populaire garanti !&nbsp; <\/p>\n<p>SOURCES: <a href=\"http:\/\/www.enduro.org\/\">www.enduro.org<\/a> et <a href=\"http:\/\/www.motoclubprimeur.org\/\">www.motoclubprimeur.org<\/a> <\/p>\n","protected":false},"excerpt":{"rendered":"<p>Le 15 juillet prochain, la contr\u00e9e du Beaujolais r\u00e9sonnera de nouveau du vrombissement des machines d&rsquo;Enduro. En tout tout bien tout honneur n\u00e9anmoins, puisqu&rsquo;\u00e0 leur guidon chevaucheront des amazones, heureuses d&rsquo;en d\u00e9coudre sur un parcours taill\u00e9 \u00e0 leur mesure. L&rsquo;Endurose, est une \u00e9preuve qui, depuis 2001, permet au beau sexe de s&rsquo;exprimer dans une discipline [&hellip;]<\/p>\n","protected":false},"author":336,"featured_media":0,"comment_status":"open","ping_status":"open","sticky":false,"template":"","format":"standard","meta":{"footnotes":""},"categories":[3,32],"tags":[],"class_list":["post-2048","post","type-post","status-publish","format-standard","hentry","category-actualite","category-sport-moto"],"yoast_head":"<!-- This site is optimized with the Yoast SEO plugin v26.0 - https:\/\/yoast.com\/wordpress\/plugins\/seo\/ -->\n<title>Moto Verte au pays du Rouge pour un Endurose... - leblogmoto.com<\/title>\n<meta name=\"robots\" content=\"index, follow, max-snippet:-1, max-image-preview:large, max-video-preview:-1\" \/>\n<link rel=\"canonical\" href=\"https:\/\/blogs.thesocialmedia.com\/leblogmoto\/2006\/02\/21\/moto-verte-au-p\/\" \/>\n<meta name=\"twitter:card\" content=\"summary_large_image\" \/>\n<meta name=\"twitter:title\" content=\"Moto Verte au pays du Rouge pour un Endurose... - leblogmoto.com\" \/>\n<meta name=\"twitter:description\" content=\"Le 15 juillet prochain, la contr\u00e9e du Beaujolais r\u00e9sonnera de nouveau du vrombissement des machines d&rsquo;Enduro. En tout tout bien tout honneur n\u00e9anmoins, puisqu&rsquo;\u00e0 leur guidon chevaucheront des amazones, heureuses d&rsquo;en d\u00e9coudre sur un parcours taill\u00e9 \u00e0 leur mesure. L&rsquo;Endurose, est une \u00e9preuve qui, depuis 2001, permet au beau sexe de s&rsquo;exprimer dans une discipline [&hellip;]\" \/>\n<meta name=\"twitter:image\" content=\"http:\/\/www.leblogmoto.com\/images\/gp_visage.jpg\" \/>\n<meta name=\"twitter:label1\" content=\"\u00c9crit par\" \/>\n\t<meta name=\"twitter:data1\" content=\"andre leconde\" \/>\n\t<meta name=\"twitter:label2\" content=\"Dur\u00e9e de lecture estim\u00e9e\" \/>\n\t<meta name=\"twitter:data2\" content=\"1 minute\" \/>\n<script type=\"application\/ld+json\" class=\"yoast-schema-graph\">{\"@context\":\"https:\/\/schema.org\",\"@graph\":[{\"@type\":\"WebPage\",\"@id\":\"https:\/\/blogs.thesocialmedia.com\/leblogmoto\/2006\/02\/21\/moto-verte-au-p\/\",\"url\":\"https:\/\/blogs.thesocialmedia.com\/leblogmoto\/2006\/02\/21\/moto-verte-au-p\/\",\"name\":\"Moto Verte au pays du Rouge pour un Endurose... - leblogmoto.com\",\"isPartOf\":{\"@id\":\"https:\/\/blogs.thesocialmedia.com\/leblogmoto\/#website\"},\"primaryImageOfPage\":{\"@id\":\"https:\/\/blogs.thesocialmedia.com\/leblogmoto\/2006\/02\/21\/moto-verte-au-p\/#primaryimage\"},\"image\":{\"@id\":\"https:\/\/blogs.thesocialmedia.com\/leblogmoto\/2006\/02\/21\/moto-verte-au-p\/#primaryimage\"},\"thumbnailUrl\":\"http:\/\/www.leblogmoto.com\/images\/gp_visage.jpg\",\"datePublished\":\"2006-02-21T14:56:00+00:00\",\"dateModified\":\"2012-07-11T14:15:58+00:00\",\"author\":{\"@id\":\"https:\/\/blogs.thesocialmedia.com\/leblogmoto\/#\/schema\/person\/1a1dcfc7cec206573105eb4af91155c2\"},\"breadcrumb\":{\"@id\":\"https:\/\/blogs.thesocialmedia.com\/leblogmoto\/2006\/02\/21\/moto-verte-au-p\/#breadcrumb\"},\"inLanguage\":\"fr-FR\",\"potentialAction\":[{\"@type\":\"ReadAction\",\"target\":[\"https:\/\/blogs.thesocialmedia.com\/leblogmoto\/2006\/02\/21\/moto-verte-au-p\/\"]}]},{\"@type\":\"ImageObject\",\"inLanguage\":\"fr-FR\",\"@id\":\"https:\/\/blogs.thesocialmedia.com\/leblogmoto\/2006\/02\/21\/moto-verte-au-p\/#primaryimage\",\"url\":\"http:\/\/www.leblogmoto.com\/images\/gp_visage.jpg\",\"contentUrl\":\"http:\/\/www.leblogmoto.com\/images\/gp_visage.jpg\"},{\"@type\":\"BreadcrumbList\",\"@id\":\"https:\/\/blogs.thesocialmedia.com\/leblogmoto\/2006\/02\/21\/moto-verte-au-p\/#breadcrumb\",\"itemListElement\":[{\"@type\":\"ListItem\",\"position\":1,\"name\":\"Accueil\",\"item\":\"https:\/\/blogs.thesocialmedia.com\/leblogmoto\/\"},{\"@type\":\"ListItem\",\"position\":2,\"name\":\"Moto Verte au pays du Rouge pour un Endurose&#8230;\"}]},{\"@type\":\"WebSite\",\"@id\":\"https:\/\/blogs.thesocialmedia.com\/leblogmoto\/#website\",\"url\":\"https:\/\/blogs.thesocialmedia.com\/leblogmoto\/\",\"name\":\"leblogmoto\",\"description\":\"Toute l&#039;actualit\u00e9 des 2 roues\",\"potentialAction\":[{\"@type\":\"SearchAction\",\"target\":{\"@type\":\"EntryPoint\",\"urlTemplate\":\"https:\/\/blogs.thesocialmedia.com\/leblogmoto\/?s={search_term_string}\"},\"query-input\":{\"@type\":\"PropertyValueSpecification\",\"valueRequired\":true,\"valueName\":\"search_term_string\"}}],\"inLanguage\":\"fr-FR\"},{\"@type\":\"Person\",\"@id\":\"https:\/\/blogs.thesocialmedia.com\/leblogmoto\/#\/schema\/person\/1a1dcfc7cec206573105eb4af91155c2\",\"name\":\"andre leconde\",\"image\":{\"@type\":\"ImageObject\",\"inLanguage\":\"fr-FR\",\"@id\":\"https:\/\/blogs.thesocialmedia.com\/leblogmoto\/#\/schema\/person\/image\/\",\"url\":\"https:\/\/secure.gravatar.com\/avatar\/?s=96&d=mm&r=g\",\"contentUrl\":\"https:\/\/secure.gravatar.com\/avatar\/?s=96&d=mm&r=g\",\"caption\":\"andre leconde\"},\"url\":\"https:\/\/blogs.thesocialmedia.com\/leblogmoto\/author\/andre-leconde\/\"}]}<\/script>\n<!-- \/ Yoast SEO plugin. -->","yoast_head_json":{"title":"Moto Verte au pays du Rouge pour un Endurose... - leblogmoto.com","robots":{"index":"index","follow":"follow","max-snippet":"max-snippet:-1","max-image-preview":"max-image-preview:large","max-video-preview":"max-video-preview:-1"},"canonical":"https:\/\/blogs.thesocialmedia.com\/leblogmoto\/2006\/02\/21\/moto-verte-au-p\/","twitter_card":"summary_large_image","twitter_title":"Moto Verte au pays du Rouge pour un Endurose... - leblogmoto.com","twitter_description":"Le 15 juillet prochain, la contr\u00e9e du Beaujolais r\u00e9sonnera de nouveau du vrombissement des machines d&rsquo;Enduro. En tout tout bien tout honneur n\u00e9anmoins, puisqu&rsquo;\u00e0 leur guidon chevaucheront des amazones, heureuses d&rsquo;en d\u00e9coudre sur un parcours taill\u00e9 \u00e0 leur mesure. L&rsquo;Endurose, est une \u00e9preuve qui, depuis 2001, permet au beau sexe de s&rsquo;exprimer dans une discipline [&hellip;]","twitter_image":"http:\/\/www.leblogmoto.com\/images\/gp_visage.jpg","twitter_misc":{"\u00c9crit par":"andre leconde","Dur\u00e9e de lecture estim\u00e9e":"1 minute"},"schema":{"@context":"https:\/\/schema.org","@graph":[{"@type":"WebPage","@id":"https:\/\/blogs.thesocialmedia.com\/leblogmoto\/2006\/02\/21\/moto-verte-au-p\/","url":"https:\/\/blogs.thesocialmedia.com\/leblogmoto\/2006\/02\/21\/moto-verte-au-p\/","name":"Moto Verte au pays du Rouge pour un Endurose... - leblogmoto.com","isPartOf":{"@id":"https:\/\/blogs.thesocialmedia.com\/leblogmoto\/#website"},"primaryImageOfPage":{"@id":"https:\/\/blogs.thesocialmedia.com\/leblogmoto\/2006\/02\/21\/moto-verte-au-p\/#primaryimage"},"image":{"@id":"https:\/\/blogs.thesocialmedia.com\/leblogmoto\/2006\/02\/21\/moto-verte-au-p\/#primaryimage"},"thumbnailUrl":"http:\/\/www.leblogmoto.com\/images\/gp_visage.jpg","datePublished":"2006-02-21T14:56:00+00:00","dateModified":"2012-07-11T14:15:58+00:00","author":{"@id":"https:\/\/blogs.thesocialmedia.com\/leblogmoto\/#\/schema\/person\/1a1dcfc7cec206573105eb4af91155c2"},"breadcrumb":{"@id":"https:\/\/blogs.thesocialmedia.com\/leblogmoto\/2006\/02\/21\/moto-verte-au-p\/#breadcrumb"},"inLanguage":"fr-FR","potentialAction":[{"@type":"ReadAction","target":["https:\/\/blogs.thesocialmedia.com\/leblogmoto\/2006\/02\/21\/moto-verte-au-p\/"]}]},{"@type":"ImageObject","inLanguage":"fr-FR","@id":"https:\/\/blogs.thesocialmedia.com\/leblogmoto\/2006\/02\/21\/moto-verte-au-p\/#primaryimage","url":"http:\/\/www.leblogmoto.com\/images\/gp_visage.jpg","contentUrl":"http:\/\/www.leblogmoto.com\/images\/gp_visage.jpg"},{"@type":"BreadcrumbList","@id":"https:\/\/blogs.thesocialmedia.com\/leblogmoto\/2006\/02\/21\/moto-verte-au-p\/#breadcrumb","itemListElement":[{"@type":"ListItem","position":1,"name":"Accueil","item":"https:\/\/blogs.thesocialmedia.com\/leblogmoto\/"},{"@type":"ListItem","position":2,"name":"Moto Verte au pays du Rouge pour un Endurose&#8230;"}]},{"@type":"WebSite","@id":"https:\/\/blogs.thesocialmedia.com\/leblogmoto\/#website","url":"https:\/\/blogs.thesocialmedia.com\/leblogmoto\/","name":"leblogmoto","description":"Toute l&#039;actualit\u00e9 des 2 roues","potentialAction":[{"@type":"SearchAction","target":{"@type":"EntryPoint","urlTemplate":"https:\/\/blogs.thesocialmedia.com\/leblogmoto\/?s={search_term_string}"},"query-input":{"@type":"PropertyValueSpecification","valueRequired":true,"valueName":"search_term_string"}}],"inLanguage":"fr-FR"},{"@type":"Person","@id":"https:\/\/blogs.thesocialmedia.com\/leblogmoto\/#\/schema\/person\/1a1dcfc7cec206573105eb4af91155c2","name":"andre leconde","image":{"@type":"ImageObject","inLanguage":"fr-FR","@id":"https:\/\/blogs.thesocialmedia.com\/leblogmoto\/#\/schema\/person\/image\/","url":"https:\/\/secure.gravatar.com\/avatar\/?s=96&d=mm&r=g","contentUrl":"https:\/\/secure.gravatar.com\/avatar\/?s=96&d=mm&r=g","caption":"andre leconde"},"url":"https:\/\/blogs.thesocialmedia.com\/leblogmoto\/author\/andre-leconde\/"}]}},"_links":{"self":[{"href":"https:\/\/blogs.thesocialmedia.com\/leblogmoto\/wp-json\/wp\/v2\/posts\/2048","targetHints":{"allow":["GET"]}}],"collection":[{"href":"https:\/\/blogs.thesocialmedia.com\/leblogmoto\/wp-json\/wp\/v2\/posts"}],"about":[{"href":"https:\/\/blogs.thesocialmedia.com\/leblogmoto\/wp-json\/wp\/v2\/types\/post"}],"author":[{"embeddable":true,"href":"https:\/\/blogs.thesocialmedia.com\/leblogmoto\/wp-json\/wp\/v2\/users\/336"}],"replies":[{"embeddable":true,"href":"https:\/\/blogs.thesocialmedia.com\/leblogmoto\/wp-json\/wp\/v2\/comments?post=2048"}],"version-history":[{"count":2,"href":"https:\/\/blogs.thesocialmedia.com\/leblogmoto\/wp-json\/wp\/v2\/posts\/2048\/revisions"}],"predecessor-version":[{"id":7054,"href":"https:\/\/blogs.thesocialmedia.com\/leblogmoto\/wp-json\/wp\/v2\/posts\/2048\/revisions\/7054"}],"wp:attachment":[{"href":"https:\/\/blogs.thesocialmedia.com\/leblogmoto\/wp-json\/wp\/v2\/media?parent=2048"}],"wp:term":[{"taxonomy":"category","embeddable":true,"href":"https:\/\/blogs.thesocialmedia.com\/leblogmoto\/wp-json\/wp\/v2\/categories?post=2048"},{"taxonomy":"post_tag","embeddable":true,"href":"https:\/\/blogs.thesocialmedia.com\/leblogmoto\/wp-json\/wp\/v2\/tags?post=2048"}],"curies":[{"name":"wp","href":"https:\/\/api.w.org\/{rel}","templated":true}]}}