{"id":2049,"date":"2006-02-21T13:43:00","date_gmt":"2006-02-21T13:43:00","guid":{"rendered":"http:\/\/blogs.thesocialmedia.com\/leblogmoto\/2006\/02\/21\/post-3-2\/"},"modified":"2012-07-11T14:15:54","modified_gmt":"2012-07-11T14:15:54","slug":"post-3-2","status":"publish","type":"post","link":"https:\/\/blogs.thesocialmedia.com\/leblogmoto\/2006\/02\/21\/post-3-2\/","title":{"rendered":"\u00ab\u00a0You&rsquo;ll never \u00ab\u00a0ride\u00a0\u00bb alone\u00a0\u00bb&#8230;"},"content":{"rendered":"<p><a href=\"http:\/\/blogs.thesocialmedia.com\/leblogmoto\/files\/2012\/07\/schuberthbluesonic1.jpg\"><\/a><a href=\"http:\/\/clabedan.typepad.com\/.shared\/image.html?\/photos\/uncategorized\/gesamtkonzept.jpg\"><img loading=\"lazy\" decoding=\"async\" height=\"197\" alt=\"Gesamtkonzept\" src=\"http:\/\/www.leblogmoto.com\/images\/gesamtkonzept.jpg\" width=\"250\"  \/><\/a>De nos jours, il n&rsquo;est plus un instant vraiment envisageable d&rsquo;intimit\u00e9 et de coupure avec le monde qui nous entoure. Il nous faut des informations que l&rsquo;on s&rsquo;ing\u00e9nie \u00e0 nous rendre de plus en plus facilement accessibles. C&rsquo;est devenu une part de l&rsquo;existence. Inenvisageable de revenir en arri\u00e8re.<\/p>\n<p>Reste qu&rsquo;une sph\u00e8re restait difficilement accessible \u00e0 ce bombardement continu d&rsquo;ondes et de renseignements. La culture du contact permanent \u00e9prouvait les pires difficult\u00e9s \u00e0 s&rsquo;imposer \u00e0 une moto en circulation et \u00e0 son <a href=\"http:\/\/www.leblogmoto.com\/2005\/12\/lhomo_motardicu.html\">pilote<\/a>, casqu\u00e9, aux prises avec les \u00e9l\u00e9ments de son environnement ext\u00e9rieur.<\/p>\n<p>Eh bien cette citadelle est pr\u00eate, elle aussi, \u00e0 tomber. La <a href=\"http:\/\/www.leblogmoto.com\/2005\/10\/casque_bmw_moto.html\">technologie <\/a>a fait des merveilles, si bien que la moto n&rsquo;est plus ce &quot;no man&rsquo;s land&quot; qui faisait du motard cet \u00e9trange \u00eatre \u00e9voluant dans sa bulle&#8230;&nbsp; &nbsp;&nbsp; <\/p>\n<p>Les <a href=\"http:\/\/www.leblogmoto.com\/2005\/12\/nolan_se_met_au.html\">fabricants<\/a> de casques s&rsquo;y sont mis et il existe dans leurs gammes des heaumes vendus par paire qui permettent une <strong>connexion<\/strong> non seulement avec le bin\u00f4me, mais avec les autres motos de la vir\u00e9e. <strong>GPS<\/strong> te parlera, direction \u00e9cout\u00e9e tu suivras, <strong>MP3<\/strong> te distra\u00eera, <strong>t\u00e9l\u00e9phoner<\/strong> tu pourras. <strong>Attentif<\/strong> \u00e0 ton pilotage, imp\u00e9rativement, tu resteras&#8230; N&rsquo;est ce pas ?&nbsp; <\/p>\n<p><a href=\"http:\/\/clabedan.typepad.com\/.shared\/image.html?\/photos\/uncategorized\/2533.jpg\"><img loading=\"lazy\" decoding=\"async\" height=\"264\" alt=\"2533\" src=\"http:\/\/www.leblogmoto.com\/images\/2533.jpg\" width=\"250\"  \/><\/a>A c\u00f4t\u00e9 d&rsquo;une monte faite aux petits oignons sens\u00e9e optimiser l&rsquo;\u00e9coute en \u00e9liminant les bruits parasites, il existe des <strong>kits<\/strong> externes qui pr\u00e9sentent l&rsquo;avantage, par d\u00e9finition, de l&rsquo;adaptabilit\u00e9 \u00e0 n&rsquo;importe quel casque, et dont le rapport prix\/performance est tout \u00e0 fait attrayant. <\/p>\n<p>Reste \u00e0 montrer sa dext\u00e9rit\u00e9 \u00e0 am\u00e9nager l&rsquo;int\u00e9rieur du casque avec l&rsquo;ensemble de mousse fourni. G\u00e9n\u00e9ralement, ces kits assurent une performance phonique acceptable entre 80 et 120 km\/h, suivant qu&rsquo;il s&rsquo;agisse, ou non, d&rsquo;un int\u00e9gral. <\/p>\n<p>Donc, en plus d&rsquo;\u00eatre connect\u00e9, vous respectez les limitations de vitesse&#8230; C&rsquo;est pas beau le progr\u00e8s ?&nbsp; &nbsp;&nbsp; &nbsp;<\/p>\n","protected":false},"excerpt":{"rendered":"<p>De nos jours, il n&rsquo;est plus un instant vraiment envisageable d&rsquo;intimit\u00e9 et de coupure avec le monde qui nous entoure. Il nous faut des informations que l&rsquo;on s&rsquo;ing\u00e9nie \u00e0 nous rendre de plus en plus facilement accessibles. C&rsquo;est devenu une part de l&rsquo;existence. Inenvisageable de revenir en arri\u00e8re. Reste qu&rsquo;une sph\u00e8re restait difficilement accessible \u00e0 [&hellip;]<\/p>\n","protected":false},"author":336,"featured_media":0,"comment_status":"open","ping_status":"open","sticky":false,"template":"","format":"standard","meta":{"footnotes":""},"categories":[3,17,27],"tags":[],"class_list":["post-2049","post","type-post","status-publish","format-standard","hentry","category-actualite","category-divers","category-securite"],"yoast_head":"<!-- This site is optimized with the Yoast SEO plugin v26.0 - https:\/\/yoast.com\/wordpress\/plugins\/seo\/ -->\n<title>&quot;You&#039;ll never &quot;ride&quot; alone&quot;... - leblogmoto.com<\/title>\n<meta name=\"robots\" content=\"index, follow, max-snippet:-1, max-image-preview:large, max-video-preview:-1\" \/>\n<link rel=\"canonical\" href=\"https:\/\/blogs.thesocialmedia.com\/leblogmoto\/2006\/02\/21\/post-3-2\/\" \/>\n<meta name=\"twitter:card\" content=\"summary_large_image\" \/>\n<meta name=\"twitter:title\" content=\"&quot;You&#039;ll never &quot;ride&quot; alone&quot;... - leblogmoto.com\" \/>\n<meta name=\"twitter:description\" content=\"De nos jours, il n&rsquo;est plus un instant vraiment envisageable d&rsquo;intimit\u00e9 et de coupure avec le monde qui nous entoure. Il nous faut des informations que l&rsquo;on s&rsquo;ing\u00e9nie \u00e0 nous rendre de plus en plus facilement accessibles. C&rsquo;est devenu une part de l&rsquo;existence. Inenvisageable de revenir en arri\u00e8re. Reste qu&rsquo;une sph\u00e8re restait difficilement accessible \u00e0 [&hellip;]\" \/>\n<meta name=\"twitter:image\" content=\"http:\/\/www.leblogmoto.com\/images\/gesamtkonzept.jpg\" \/>\n<meta name=\"twitter:label1\" content=\"\u00c9crit par\" \/>\n\t<meta name=\"twitter:data1\" content=\"andre leconde\" \/>\n\t<meta name=\"twitter:label2\" content=\"Dur\u00e9e de lecture estim\u00e9e\" \/>\n\t<meta name=\"twitter:data2\" content=\"2 minutes\" \/>\n<script type=\"application\/ld+json\" class=\"yoast-schema-graph\">{\"@context\":\"https:\/\/schema.org\",\"@graph\":[{\"@type\":\"WebPage\",\"@id\":\"https:\/\/blogs.thesocialmedia.com\/leblogmoto\/2006\/02\/21\/post-3-2\/\",\"url\":\"https:\/\/blogs.thesocialmedia.com\/leblogmoto\/2006\/02\/21\/post-3-2\/\",\"name\":\"\\\"You'll never \\\"ride\\\" alone\\\"... - leblogmoto.com\",\"isPartOf\":{\"@id\":\"https:\/\/blogs.thesocialmedia.com\/leblogmoto\/#website\"},\"primaryImageOfPage\":{\"@id\":\"https:\/\/blogs.thesocialmedia.com\/leblogmoto\/2006\/02\/21\/post-3-2\/#primaryimage\"},\"image\":{\"@id\":\"https:\/\/blogs.thesocialmedia.com\/leblogmoto\/2006\/02\/21\/post-3-2\/#primaryimage\"},\"thumbnailUrl\":\"http:\/\/www.leblogmoto.com\/images\/gesamtkonzept.jpg\",\"datePublished\":\"2006-02-21T13:43:00+00:00\",\"dateModified\":\"2012-07-11T14:15:54+00:00\",\"author\":{\"@id\":\"https:\/\/blogs.thesocialmedia.com\/leblogmoto\/#\/schema\/person\/1a1dcfc7cec206573105eb4af91155c2\"},\"breadcrumb\":{\"@id\":\"https:\/\/blogs.thesocialmedia.com\/leblogmoto\/2006\/02\/21\/post-3-2\/#breadcrumb\"},\"inLanguage\":\"fr-FR\",\"potentialAction\":[{\"@type\":\"ReadAction\",\"target\":[\"https:\/\/blogs.thesocialmedia.com\/leblogmoto\/2006\/02\/21\/post-3-2\/\"]}]},{\"@type\":\"ImageObject\",\"inLanguage\":\"fr-FR\",\"@id\":\"https:\/\/blogs.thesocialmedia.com\/leblogmoto\/2006\/02\/21\/post-3-2\/#primaryimage\",\"url\":\"http:\/\/www.leblogmoto.com\/images\/gesamtkonzept.jpg\",\"contentUrl\":\"http:\/\/www.leblogmoto.com\/images\/gesamtkonzept.jpg\"},{\"@type\":\"BreadcrumbList\",\"@id\":\"https:\/\/blogs.thesocialmedia.com\/leblogmoto\/2006\/02\/21\/post-3-2\/#breadcrumb\",\"itemListElement\":[{\"@type\":\"ListItem\",\"position\":1,\"name\":\"Accueil\",\"item\":\"https:\/\/blogs.thesocialmedia.com\/leblogmoto\/\"},{\"@type\":\"ListItem\",\"position\":2,\"name\":\"\u00ab\u00a0You&rsquo;ll never \u00ab\u00a0ride\u00a0\u00bb alone\u00a0\u00bb&#8230;\"}]},{\"@type\":\"WebSite\",\"@id\":\"https:\/\/blogs.thesocialmedia.com\/leblogmoto\/#website\",\"url\":\"https:\/\/blogs.thesocialmedia.com\/leblogmoto\/\",\"name\":\"leblogmoto\",\"description\":\"Toute l&#039;actualit\u00e9 des 2 roues\",\"potentialAction\":[{\"@type\":\"SearchAction\",\"target\":{\"@type\":\"EntryPoint\",\"urlTemplate\":\"https:\/\/blogs.thesocialmedia.com\/leblogmoto\/?s={search_term_string}\"},\"query-input\":{\"@type\":\"PropertyValueSpecification\",\"valueRequired\":true,\"valueName\":\"search_term_string\"}}],\"inLanguage\":\"fr-FR\"},{\"@type\":\"Person\",\"@id\":\"https:\/\/blogs.thesocialmedia.com\/leblogmoto\/#\/schema\/person\/1a1dcfc7cec206573105eb4af91155c2\",\"name\":\"andre leconde\",\"image\":{\"@type\":\"ImageObject\",\"inLanguage\":\"fr-FR\",\"@id\":\"https:\/\/blogs.thesocialmedia.com\/leblogmoto\/#\/schema\/person\/image\/\",\"url\":\"https:\/\/secure.gravatar.com\/avatar\/?s=96&d=mm&r=g\",\"contentUrl\":\"https:\/\/secure.gravatar.com\/avatar\/?s=96&d=mm&r=g\",\"caption\":\"andre leconde\"},\"url\":\"https:\/\/blogs.thesocialmedia.com\/leblogmoto\/author\/andre-leconde\/\"}]}<\/script>\n<!-- \/ Yoast SEO plugin. -->","yoast_head_json":{"title":"\"You'll never \"ride\" alone\"... - leblogmoto.com","robots":{"index":"index","follow":"follow","max-snippet":"max-snippet:-1","max-image-preview":"max-image-preview:large","max-video-preview":"max-video-preview:-1"},"canonical":"https:\/\/blogs.thesocialmedia.com\/leblogmoto\/2006\/02\/21\/post-3-2\/","twitter_card":"summary_large_image","twitter_title":"\"You'll never \"ride\" alone\"... - leblogmoto.com","twitter_description":"De nos jours, il n&rsquo;est plus un instant vraiment envisageable d&rsquo;intimit\u00e9 et de coupure avec le monde qui nous entoure. Il nous faut des informations que l&rsquo;on s&rsquo;ing\u00e9nie \u00e0 nous rendre de plus en plus facilement accessibles. C&rsquo;est devenu une part de l&rsquo;existence. Inenvisageable de revenir en arri\u00e8re. Reste qu&rsquo;une sph\u00e8re restait difficilement accessible \u00e0 [&hellip;]","twitter_image":"http:\/\/www.leblogmoto.com\/images\/gesamtkonzept.jpg","twitter_misc":{"\u00c9crit par":"andre leconde","Dur\u00e9e de lecture estim\u00e9e":"2 minutes"},"schema":{"@context":"https:\/\/schema.org","@graph":[{"@type":"WebPage","@id":"https:\/\/blogs.thesocialmedia.com\/leblogmoto\/2006\/02\/21\/post-3-2\/","url":"https:\/\/blogs.thesocialmedia.com\/leblogmoto\/2006\/02\/21\/post-3-2\/","name":"\"You'll never \"ride\" alone\"... - leblogmoto.com","isPartOf":{"@id":"https:\/\/blogs.thesocialmedia.com\/leblogmoto\/#website"},"primaryImageOfPage":{"@id":"https:\/\/blogs.thesocialmedia.com\/leblogmoto\/2006\/02\/21\/post-3-2\/#primaryimage"},"image":{"@id":"https:\/\/blogs.thesocialmedia.com\/leblogmoto\/2006\/02\/21\/post-3-2\/#primaryimage"},"thumbnailUrl":"http:\/\/www.leblogmoto.com\/images\/gesamtkonzept.jpg","datePublished":"2006-02-21T13:43:00+00:00","dateModified":"2012-07-11T14:15:54+00:00","author":{"@id":"https:\/\/blogs.thesocialmedia.com\/leblogmoto\/#\/schema\/person\/1a1dcfc7cec206573105eb4af91155c2"},"breadcrumb":{"@id":"https:\/\/blogs.thesocialmedia.com\/leblogmoto\/2006\/02\/21\/post-3-2\/#breadcrumb"},"inLanguage":"fr-FR","potentialAction":[{"@type":"ReadAction","target":["https:\/\/blogs.thesocialmedia.com\/leblogmoto\/2006\/02\/21\/post-3-2\/"]}]},{"@type":"ImageObject","inLanguage":"fr-FR","@id":"https:\/\/blogs.thesocialmedia.com\/leblogmoto\/2006\/02\/21\/post-3-2\/#primaryimage","url":"http:\/\/www.leblogmoto.com\/images\/gesamtkonzept.jpg","contentUrl":"http:\/\/www.leblogmoto.com\/images\/gesamtkonzept.jpg"},{"@type":"BreadcrumbList","@id":"https:\/\/blogs.thesocialmedia.com\/leblogmoto\/2006\/02\/21\/post-3-2\/#breadcrumb","itemListElement":[{"@type":"ListItem","position":1,"name":"Accueil","item":"https:\/\/blogs.thesocialmedia.com\/leblogmoto\/"},{"@type":"ListItem","position":2,"name":"\u00ab\u00a0You&rsquo;ll never \u00ab\u00a0ride\u00a0\u00bb alone\u00a0\u00bb&#8230;"}]},{"@type":"WebSite","@id":"https:\/\/blogs.thesocialmedia.com\/leblogmoto\/#website","url":"https:\/\/blogs.thesocialmedia.com\/leblogmoto\/","name":"leblogmoto","description":"Toute l&#039;actualit\u00e9 des 2 roues","potentialAction":[{"@type":"SearchAction","target":{"@type":"EntryPoint","urlTemplate":"https:\/\/blogs.thesocialmedia.com\/leblogmoto\/?s={search_term_string}"},"query-input":{"@type":"PropertyValueSpecification","valueRequired":true,"valueName":"search_term_string"}}],"inLanguage":"fr-FR"},{"@type":"Person","@id":"https:\/\/blogs.thesocialmedia.com\/leblogmoto\/#\/schema\/person\/1a1dcfc7cec206573105eb4af91155c2","name":"andre leconde","image":{"@type":"ImageObject","inLanguage":"fr-FR","@id":"https:\/\/blogs.thesocialmedia.com\/leblogmoto\/#\/schema\/person\/image\/","url":"https:\/\/secure.gravatar.com\/avatar\/?s=96&d=mm&r=g","contentUrl":"https:\/\/secure.gravatar.com\/avatar\/?s=96&d=mm&r=g","caption":"andre leconde"},"url":"https:\/\/blogs.thesocialmedia.com\/leblogmoto\/author\/andre-leconde\/"}]}},"_links":{"self":[{"href":"https:\/\/blogs.thesocialmedia.com\/leblogmoto\/wp-json\/wp\/v2\/posts\/2049","targetHints":{"allow":["GET"]}}],"collection":[{"href":"https:\/\/blogs.thesocialmedia.com\/leblogmoto\/wp-json\/wp\/v2\/posts"}],"about":[{"href":"https:\/\/blogs.thesocialmedia.com\/leblogmoto\/wp-json\/wp\/v2\/types\/post"}],"author":[{"embeddable":true,"href":"https:\/\/blogs.thesocialmedia.com\/leblogmoto\/wp-json\/wp\/v2\/users\/336"}],"replies":[{"embeddable":true,"href":"https:\/\/blogs.thesocialmedia.com\/leblogmoto\/wp-json\/wp\/v2\/comments?post=2049"}],"version-history":[{"count":2,"href":"https:\/\/blogs.thesocialmedia.com\/leblogmoto\/wp-json\/wp\/v2\/posts\/2049\/revisions"}],"predecessor-version":[{"id":7051,"href":"https:\/\/blogs.thesocialmedia.com\/leblogmoto\/wp-json\/wp\/v2\/posts\/2049\/revisions\/7051"}],"wp:attachment":[{"href":"https:\/\/blogs.thesocialmedia.com\/leblogmoto\/wp-json\/wp\/v2\/media?parent=2049"}],"wp:term":[{"taxonomy":"category","embeddable":true,"href":"https:\/\/blogs.thesocialmedia.com\/leblogmoto\/wp-json\/wp\/v2\/categories?post=2049"},{"taxonomy":"post_tag","embeddable":true,"href":"https:\/\/blogs.thesocialmedia.com\/leblogmoto\/wp-json\/wp\/v2\/tags?post=2049"}],"curies":[{"name":"wp","href":"https:\/\/api.w.org\/{rel}","templated":true}]}}