{"id":205,"date":"2009-03-28T23:43:59","date_gmt":"2009-03-28T23:43:59","guid":{"rendered":"http:\/\/blogs.thesocialmedia.com\/leblogmoto\/2009\/03\/28\/associee-au-celebrissime-lapin-la-lcr-sencanaille\/"},"modified":"2012-07-11T17:15:48","modified_gmt":"2012-07-11T17:15:48","slug":"associee-au-celebrissime-lapin-la-lcr-sencanaille","status":"publish","type":"post","link":"https:\/\/blogs.thesocialmedia.com\/leblogmoto\/2009\/03\/28\/associee-au-celebrissime-lapin-la-lcr-sencanaille\/","title":{"rendered":"Associ\u00e9e au c\u00e9l\u00e9brissime lapin, LCR s&rsquo;encanaille."},"content":{"rendered":"<p><a href=\"http:\/\/blogs.thesocialmedia.com\/leblogmoto\/files\/2012\/07\/6a00d83451b18369e201156e855b6e970c-popup.png\"><img decoding=\"async\" alt=\"Lcr pb\" class=\"at-xid-6a00d83451b18369e201156e855b6e970c \" src=\"http:\/\/blogs.thesocialmedia.com\/leblogmoto\/files\/2012\/07\/6a00d83451b18369e201156e855b6e970c-500wi.jpg\" style=\"width: 470px\"><\/a><\/p>\n<p>Pour notre plus grand contentement de m\u00e2les, <a href=\"http:\/\/www.lcr.mc\/\">LCR<\/a> a sign\u00e9 avec Playboy qui habille (d\u00e8s les tests IRTA \u00e0 Jerez ce week-end) la Honda RC212V de sa livr\u00e9e reconnaissable entre toutes. Et ce pour le d\u00e9but de la saison, aux Grands Prix du Japon et d&rsquo;Espagne. A l&rsquo;exception du Grand Prix du Qatar, sans surprise, malheureusement. Le team LCR cr\u00e9\u00e9 par Lucio Cecchinello en 1996, a gravi ann\u00e9e apr\u00e8s ann\u00e9e, les cat\u00e9gories de cylindr\u00e9es, passant de la 125 \u00e0 la 250 pour acc\u00e9der finalement \u00e0 la cat\u00e9gorie reine des \u00e9preuves de vitesse en 2006 avec Casey Stoner. \u00ab\u00a0Nous \u00e9tions en contact avec Playboy aux Etats-Unis&nbsp; depuis longtemps et, profitant de la pr\u00e9sence de certains collaborateurs de Hugh Hefner lors de sa derni\u00e8re visite en Europe, nous avons d\u00e9fini les grandes lignes de notre projet\u00a0\u00bb, annonce Lucio. \u00ab\u00a0Playboy Italie a approuv\u00e9 et confirm\u00e9 son sponsoring pour le d\u00e9but de la saison. Nous sommes actuellement encore en n\u00e9gociations avec d&rsquo;autres licences, dans d&rsquo;autres pays\u00a0\u00bb. Quant au pilote <a href=\"http:\/\/www.leblogmoto.com\/2008\/05\/les-pilotes-mot.html\">Randy de Puniet<\/a>, notre unique repr\u00e9sentant en 800cc depuis le d\u00e9part de Sylvain Guintoli en British Superbike, c&rsquo;est sa seconde ann\u00e9e dans cette \u00e9curie.  <\/p>\n<\/p>\n<p>On esp\u00e8re sinc\u00e8rement, sans en attendre le palmar\u00e8s de Randy Mamola, (idole de ses parents, et dont il a h\u00e9rit\u00e9 le pr\u00e9nom) qu&rsquo;il nous fasse un podium comme en 2007 avec Kawa. <\/p>\n<p>Attention certaines de ces images sont NSFW (d\u00e9conseill\u00e9es au boulot). Ah trop tard&#8230; Sans rire, j&rsquo;attends avec impatience les <em>umbrella girls<\/em> qui vont accompagner notre frenchie sur la grille. Ou que Hugh Hefner nous gratifie d&rsquo;une petite visite dans le paddock pourquoi pas. Les <em>special guests<\/em> du style Tom Cruise et Brad Pitt qui sont pourtant de vrais connaisseurs, sont devenus d&rsquo;une affreuse banalit\u00e9.<\/p>\n<\/p>\n<p><a href=\"http:\/\/clabedan.typepad.com\/.a\/6a00d83451b18369e201156e82d477970c-popup\"><img decoding=\"async\" alt=\"Lcr pb 3\" class=\"at-xid-6a00d83451b18369e201156e82d477970c \" src=\"http:\/\/blogs.thesocialmedia.com\/leblogmoto\/files\/2012\/07\/6a00d83451b18369e201156e82d477970c-500wi.jpg\" style=\"width: 470px\"><\/a><\/p>\n<p><a href=\"http:\/\/blogs.thesocialmedia.com\/leblogmoto\/files\/2012\/07\/6a00d83451b18369e201156f7d6a5a970b-popup.png\"><img decoding=\"async\" alt=\"Lcr 1\" class=\"at-xid-6a00d83451b18369e201156f7d6a5a970b \" src=\"http:\/\/blogs.thesocialmedia.com\/leblogmoto\/files\/2012\/07\/6a00d83451b18369e201156f7d6a5a970b-500wi.jpg\" style=\"width: 470px\"><\/a><\/p>\n<\/p>\n<\/p>\n<p><a href=\"http:\/\/blogs.thesocialmedia.com\/leblogmoto\/files\/2012\/07\/6a00d83451b18369e201156e82d7e9970c-popup.png\"><img decoding=\"async\" alt=\"Lcr 2\" class=\"at-xid-6a00d83451b18369e201156e82d7e9970c \" src=\"http:\/\/blogs.thesocialmedia.com\/leblogmoto\/files\/2012\/07\/6a00d83451b18369e201156e82d7e9970c-500wi.jpg\" style=\"width: 470px\"><\/a> <\/p>\n<\/p>\n<p><a href=\"http:\/\/blogs.thesocialmedia.com\/leblogmoto\/files\/2012\/07\/6a00d83451b18369e201156e82d961970c-popup.png\"><img decoding=\"async\" alt=\"Lcr 3\" class=\"at-xid-6a00d83451b18369e201156e82d961970c \" src=\"http:\/\/blogs.thesocialmedia.com\/leblogmoto\/files\/2012\/07\/6a00d83451b18369e201156e82d961970c-500wi.jpg\" style=\"width: 470px\"><\/a> <\/p>\n<\/p>\n<p><span style=\"text-decoration: underline\"><a href=\"http:\/\/blogs.thesocialmedia.com\/leblogmoto\/files\/2012\/07\/6a00d83451b18369e201156f7d737a970b-popup.png\"><img decoding=\"async\" alt=\"Lcr 5\" class=\"at-xid-6a00d83451b18369e201156f7d737a970b \" src=\"http:\/\/blogs.thesocialmedia.com\/leblogmoto\/files\/2012\/07\/6a00d83451b18369e201156f7d737a970b-500wi.jpg\" style=\"width: 470px\"><\/a> <\/span><\/p>\n<p><a href=\"http:\/\/blogs.thesocialmedia.com\/leblogmoto\/files\/2012\/07\/6a00d83451b18369e201156f7d8540970b-popup.png\"><img decoding=\"async\" alt=\"Lcr pb 2\" class=\"at-xid-6a00d83451b18369e201156f7d8540970b \" src=\"http:\/\/blogs.thesocialmedia.com\/leblogmoto\/files\/2012\/07\/6a00d83451b18369e201156f7d8540970b-500wi.jpg\" style=\"width: 470px\"><\/a> <\/p>\n","protected":false},"excerpt":{"rendered":"<p>Pour notre plus grand contentement de m\u00e2les, LCR a sign\u00e9 avec Playboy qui habille (d\u00e8s les tests IRTA \u00e0 Jerez ce week-end) la Honda RC212V de sa livr\u00e9e reconnaissable entre toutes. Et ce pour le d\u00e9but de la saison, aux Grands Prix du Japon et d&rsquo;Espagne. A l&rsquo;exception du Grand Prix du Qatar, sans surprise, [&hellip;]<\/p>\n","protected":false},"author":324,"featured_media":13083,"comment_status":"open","ping_status":"open","sticky":false,"template":"","format":"standard","meta":{"footnotes":""},"categories":[3,14,22],"tags":[],"class_list":["post-205","post","type-post","status-publish","format-standard","has-post-thumbnail","hentry","category-actualite","category-honda","category-motogp"],"yoast_head":"<!-- This site is optimized with the Yoast SEO plugin v26.0 - https:\/\/yoast.com\/wordpress\/plugins\/seo\/ -->\n<title>Associ\u00e9e au c\u00e9l\u00e9brissime lapin, LCR s&#039;encanaille. - leblogmoto.com<\/title>\n<meta name=\"robots\" content=\"index, follow, max-snippet:-1, max-image-preview:large, max-video-preview:-1\" \/>\n<link rel=\"canonical\" href=\"https:\/\/blogs.thesocialmedia.com\/leblogmoto\/2009\/03\/28\/associee-au-celebrissime-lapin-la-lcr-sencanaille\/\" \/>\n<meta name=\"twitter:card\" content=\"summary_large_image\" \/>\n<meta name=\"twitter:title\" content=\"Associ\u00e9e au c\u00e9l\u00e9brissime lapin, LCR s&#039;encanaille. - leblogmoto.com\" \/>\n<meta name=\"twitter:description\" content=\"Pour notre plus grand contentement de m\u00e2les, LCR a sign\u00e9 avec Playboy qui habille (d\u00e8s les tests IRTA \u00e0 Jerez ce week-end) la Honda RC212V de sa livr\u00e9e reconnaissable entre toutes. Et ce pour le d\u00e9but de la saison, aux Grands Prix du Japon et d&rsquo;Espagne. A l&rsquo;exception du Grand Prix du Qatar, sans surprise, [&hellip;]\" \/>\n<meta name=\"twitter:image\" content=\"https:\/\/blogs.thesocialmedia.com\/leblogmoto\/files\/2012\/07\/6a00d83451b18369e201156e855b6e970c-500wi.jpg\" \/>\n<meta name=\"twitter:label1\" content=\"\u00c9crit par\" \/>\n\t<meta name=\"twitter:data1\" content=\"benoit rieu\" \/>\n\t<meta name=\"twitter:label2\" content=\"Dur\u00e9e de lecture estim\u00e9e\" \/>\n\t<meta name=\"twitter:data2\" content=\"2 minutes\" \/>\n<script type=\"application\/ld+json\" class=\"yoast-schema-graph\">{\"@context\":\"https:\/\/schema.org\",\"@graph\":[{\"@type\":\"WebPage\",\"@id\":\"https:\/\/blogs.thesocialmedia.com\/leblogmoto\/2009\/03\/28\/associee-au-celebrissime-lapin-la-lcr-sencanaille\/\",\"url\":\"https:\/\/blogs.thesocialmedia.com\/leblogmoto\/2009\/03\/28\/associee-au-celebrissime-lapin-la-lcr-sencanaille\/\",\"name\":\"Associ\u00e9e au c\u00e9l\u00e9brissime lapin, LCR s'encanaille. - leblogmoto.com\",\"isPartOf\":{\"@id\":\"https:\/\/blogs.thesocialmedia.com\/leblogmoto\/#website\"},\"primaryImageOfPage\":{\"@id\":\"https:\/\/blogs.thesocialmedia.com\/leblogmoto\/2009\/03\/28\/associee-au-celebrissime-lapin-la-lcr-sencanaille\/#primaryimage\"},\"image\":{\"@id\":\"https:\/\/blogs.thesocialmedia.com\/leblogmoto\/2009\/03\/28\/associee-au-celebrissime-lapin-la-lcr-sencanaille\/#primaryimage\"},\"thumbnailUrl\":\"https:\/\/blogs.thesocialmedia.com\/leblogmoto\/files\/2012\/07\/6a00d83451b18369e201156e855b6e970c-500wi.jpg\",\"datePublished\":\"2009-03-28T23:43:59+00:00\",\"dateModified\":\"2012-07-11T17:15:48+00:00\",\"author\":{\"@id\":\"https:\/\/blogs.thesocialmedia.com\/leblogmoto\/#\/schema\/person\/18bfe773e5725ed6d24f743da805362a\"},\"breadcrumb\":{\"@id\":\"https:\/\/blogs.thesocialmedia.com\/leblogmoto\/2009\/03\/28\/associee-au-celebrissime-lapin-la-lcr-sencanaille\/#breadcrumb\"},\"inLanguage\":\"fr-FR\",\"potentialAction\":[{\"@type\":\"ReadAction\",\"target\":[\"https:\/\/blogs.thesocialmedia.com\/leblogmoto\/2009\/03\/28\/associee-au-celebrissime-lapin-la-lcr-sencanaille\/\"]}]},{\"@type\":\"ImageObject\",\"inLanguage\":\"fr-FR\",\"@id\":\"https:\/\/blogs.thesocialmedia.com\/leblogmoto\/2009\/03\/28\/associee-au-celebrissime-lapin-la-lcr-sencanaille\/#primaryimage\",\"url\":\"https:\/\/blogs.thesocialmedia.com\/leblogmoto\/files\/2012\/07\/6a00d83451b18369e201156e855b6e970c-500wi.jpg\",\"contentUrl\":\"https:\/\/blogs.thesocialmedia.com\/leblogmoto\/files\/2012\/07\/6a00d83451b18369e201156e855b6e970c-500wi.jpg\",\"width\":\"500\",\"height\":\"753\"},{\"@type\":\"BreadcrumbList\",\"@id\":\"https:\/\/blogs.thesocialmedia.com\/leblogmoto\/2009\/03\/28\/associee-au-celebrissime-lapin-la-lcr-sencanaille\/#breadcrumb\",\"itemListElement\":[{\"@type\":\"ListItem\",\"position\":1,\"name\":\"Accueil\",\"item\":\"https:\/\/blogs.thesocialmedia.com\/leblogmoto\/\"},{\"@type\":\"ListItem\",\"position\":2,\"name\":\"Associ\u00e9e au c\u00e9l\u00e9brissime lapin, LCR s&rsquo;encanaille.\"}]},{\"@type\":\"WebSite\",\"@id\":\"https:\/\/blogs.thesocialmedia.com\/leblogmoto\/#website\",\"url\":\"https:\/\/blogs.thesocialmedia.com\/leblogmoto\/\",\"name\":\"leblogmoto\",\"description\":\"Toute l&#039;actualit\u00e9 des 2 roues\",\"potentialAction\":[{\"@type\":\"SearchAction\",\"target\":{\"@type\":\"EntryPoint\",\"urlTemplate\":\"https:\/\/blogs.thesocialmedia.com\/leblogmoto\/?s={search_term_string}\"},\"query-input\":{\"@type\":\"PropertyValueSpecification\",\"valueRequired\":true,\"valueName\":\"search_term_string\"}}],\"inLanguage\":\"fr-FR\"},{\"@type\":\"Person\",\"@id\":\"https:\/\/blogs.thesocialmedia.com\/leblogmoto\/#\/schema\/person\/18bfe773e5725ed6d24f743da805362a\",\"name\":\"benoit rieu\",\"image\":{\"@type\":\"ImageObject\",\"inLanguage\":\"fr-FR\",\"@id\":\"https:\/\/blogs.thesocialmedia.com\/leblogmoto\/#\/schema\/person\/image\/\",\"url\":\"https:\/\/secure.gravatar.com\/avatar\/?s=96&d=mm&r=g\",\"contentUrl\":\"https:\/\/secure.gravatar.com\/avatar\/?s=96&d=mm&r=g\",\"caption\":\"benoit rieu\"},\"url\":\"https:\/\/blogs.thesocialmedia.com\/leblogmoto\/author\/benoit-rieu\/\"}]}<\/script>\n<!-- \/ Yoast SEO plugin. -->","yoast_head_json":{"title":"Associ\u00e9e au c\u00e9l\u00e9brissime lapin, LCR s'encanaille. - leblogmoto.com","robots":{"index":"index","follow":"follow","max-snippet":"max-snippet:-1","max-image-preview":"max-image-preview:large","max-video-preview":"max-video-preview:-1"},"canonical":"https:\/\/blogs.thesocialmedia.com\/leblogmoto\/2009\/03\/28\/associee-au-celebrissime-lapin-la-lcr-sencanaille\/","twitter_card":"summary_large_image","twitter_title":"Associ\u00e9e au c\u00e9l\u00e9brissime lapin, LCR s'encanaille. - leblogmoto.com","twitter_description":"Pour notre plus grand contentement de m\u00e2les, LCR a sign\u00e9 avec Playboy qui habille (d\u00e8s les tests IRTA \u00e0 Jerez ce week-end) la Honda RC212V de sa livr\u00e9e reconnaissable entre toutes. Et ce pour le d\u00e9but de la saison, aux Grands Prix du Japon et d&rsquo;Espagne. A l&rsquo;exception du Grand Prix du Qatar, sans surprise, [&hellip;]","twitter_image":"https:\/\/blogs.thesocialmedia.com\/leblogmoto\/files\/2012\/07\/6a00d83451b18369e201156e855b6e970c-500wi.jpg","twitter_misc":{"\u00c9crit par":"benoit rieu","Dur\u00e9e de lecture estim\u00e9e":"2 minutes"},"schema":{"@context":"https:\/\/schema.org","@graph":[{"@type":"WebPage","@id":"https:\/\/blogs.thesocialmedia.com\/leblogmoto\/2009\/03\/28\/associee-au-celebrissime-lapin-la-lcr-sencanaille\/","url":"https:\/\/blogs.thesocialmedia.com\/leblogmoto\/2009\/03\/28\/associee-au-celebrissime-lapin-la-lcr-sencanaille\/","name":"Associ\u00e9e au c\u00e9l\u00e9brissime lapin, LCR s'encanaille. - leblogmoto.com","isPartOf":{"@id":"https:\/\/blogs.thesocialmedia.com\/leblogmoto\/#website"},"primaryImageOfPage":{"@id":"https:\/\/blogs.thesocialmedia.com\/leblogmoto\/2009\/03\/28\/associee-au-celebrissime-lapin-la-lcr-sencanaille\/#primaryimage"},"image":{"@id":"https:\/\/blogs.thesocialmedia.com\/leblogmoto\/2009\/03\/28\/associee-au-celebrissime-lapin-la-lcr-sencanaille\/#primaryimage"},"thumbnailUrl":"https:\/\/blogs.thesocialmedia.com\/leblogmoto\/files\/2012\/07\/6a00d83451b18369e201156e855b6e970c-500wi.jpg","datePublished":"2009-03-28T23:43:59+00:00","dateModified":"2012-07-11T17:15:48+00:00","author":{"@id":"https:\/\/blogs.thesocialmedia.com\/leblogmoto\/#\/schema\/person\/18bfe773e5725ed6d24f743da805362a"},"breadcrumb":{"@id":"https:\/\/blogs.thesocialmedia.com\/leblogmoto\/2009\/03\/28\/associee-au-celebrissime-lapin-la-lcr-sencanaille\/#breadcrumb"},"inLanguage":"fr-FR","potentialAction":[{"@type":"ReadAction","target":["https:\/\/blogs.thesocialmedia.com\/leblogmoto\/2009\/03\/28\/associee-au-celebrissime-lapin-la-lcr-sencanaille\/"]}]},{"@type":"ImageObject","inLanguage":"fr-FR","@id":"https:\/\/blogs.thesocialmedia.com\/leblogmoto\/2009\/03\/28\/associee-au-celebrissime-lapin-la-lcr-sencanaille\/#primaryimage","url":"https:\/\/blogs.thesocialmedia.com\/leblogmoto\/files\/2012\/07\/6a00d83451b18369e201156e855b6e970c-500wi.jpg","contentUrl":"https:\/\/blogs.thesocialmedia.com\/leblogmoto\/files\/2012\/07\/6a00d83451b18369e201156e855b6e970c-500wi.jpg","width":"500","height":"753"},{"@type":"BreadcrumbList","@id":"https:\/\/blogs.thesocialmedia.com\/leblogmoto\/2009\/03\/28\/associee-au-celebrissime-lapin-la-lcr-sencanaille\/#breadcrumb","itemListElement":[{"@type":"ListItem","position":1,"name":"Accueil","item":"https:\/\/blogs.thesocialmedia.com\/leblogmoto\/"},{"@type":"ListItem","position":2,"name":"Associ\u00e9e au c\u00e9l\u00e9brissime lapin, LCR s&rsquo;encanaille."}]},{"@type":"WebSite","@id":"https:\/\/blogs.thesocialmedia.com\/leblogmoto\/#website","url":"https:\/\/blogs.thesocialmedia.com\/leblogmoto\/","name":"leblogmoto","description":"Toute l&#039;actualit\u00e9 des 2 roues","potentialAction":[{"@type":"SearchAction","target":{"@type":"EntryPoint","urlTemplate":"https:\/\/blogs.thesocialmedia.com\/leblogmoto\/?s={search_term_string}"},"query-input":{"@type":"PropertyValueSpecification","valueRequired":true,"valueName":"search_term_string"}}],"inLanguage":"fr-FR"},{"@type":"Person","@id":"https:\/\/blogs.thesocialmedia.com\/leblogmoto\/#\/schema\/person\/18bfe773e5725ed6d24f743da805362a","name":"benoit rieu","image":{"@type":"ImageObject","inLanguage":"fr-FR","@id":"https:\/\/blogs.thesocialmedia.com\/leblogmoto\/#\/schema\/person\/image\/","url":"https:\/\/secure.gravatar.com\/avatar\/?s=96&d=mm&r=g","contentUrl":"https:\/\/secure.gravatar.com\/avatar\/?s=96&d=mm&r=g","caption":"benoit rieu"},"url":"https:\/\/blogs.thesocialmedia.com\/leblogmoto\/author\/benoit-rieu\/"}]}},"_links":{"self":[{"href":"https:\/\/blogs.thesocialmedia.com\/leblogmoto\/wp-json\/wp\/v2\/posts\/205","targetHints":{"allow":["GET"]}}],"collection":[{"href":"https:\/\/blogs.thesocialmedia.com\/leblogmoto\/wp-json\/wp\/v2\/posts"}],"about":[{"href":"https:\/\/blogs.thesocialmedia.com\/leblogmoto\/wp-json\/wp\/v2\/types\/post"}],"author":[{"embeddable":true,"href":"https:\/\/blogs.thesocialmedia.com\/leblogmoto\/wp-json\/wp\/v2\/users\/324"}],"replies":[{"embeddable":true,"href":"https:\/\/blogs.thesocialmedia.com\/leblogmoto\/wp-json\/wp\/v2\/comments?post=205"}],"version-history":[{"count":2,"href":"https:\/\/blogs.thesocialmedia.com\/leblogmoto\/wp-json\/wp\/v2\/posts\/205\/revisions"}],"predecessor-version":[{"id":13096,"href":"https:\/\/blogs.thesocialmedia.com\/leblogmoto\/wp-json\/wp\/v2\/posts\/205\/revisions\/13096"}],"wp:featuredmedia":[{"embeddable":true,"href":"https:\/\/blogs.thesocialmedia.com\/leblogmoto\/wp-json\/wp\/v2\/media\/13083"}],"wp:attachment":[{"href":"https:\/\/blogs.thesocialmedia.com\/leblogmoto\/wp-json\/wp\/v2\/media?parent=205"}],"wp:term":[{"taxonomy":"category","embeddable":true,"href":"https:\/\/blogs.thesocialmedia.com\/leblogmoto\/wp-json\/wp\/v2\/categories?post=205"},{"taxonomy":"post_tag","embeddable":true,"href":"https:\/\/blogs.thesocialmedia.com\/leblogmoto\/wp-json\/wp\/v2\/tags?post=205"}],"curies":[{"name":"wp","href":"https:\/\/api.w.org\/{rel}","templated":true}]}}