{"id":2050,"date":"2006-02-19T21:30:00","date_gmt":"2006-02-19T21:30:00","guid":{"rendered":"http:\/\/blogs.thesocialmedia.com\/leblogmoto\/2006\/02\/19\/sbk-situation-d\/"},"modified":"2012-07-11T14:15:53","modified_gmt":"2012-07-11T14:15:53","slug":"sbk-situation-d","status":"publish","type":"post","link":"https:\/\/blogs.thesocialmedia.com\/leblogmoto\/2006\/02\/19\/sbk-situation-d\/","title":{"rendered":"SBK: Situation de prise d&rsquo;arme."},"content":{"rendered":"<p><a href=\"http:\/\/blogs.thesocialmedia.com\/leblogmoto\/files\/2012\/07\/2006_a3_superbike_racing_main.jpg\"><img loading=\"lazy\" decoding=\"async\" height=\"350\" alt=\"2006_a3_superbike_racing_main\" src=\"http:\/\/www.leblogmoto.com\/images\/2006_a3_superbike_racing_main.jpg\" width=\"250\"  \/><\/a>Apr\u00e8s un balayage de la liste des engag\u00e9s en <a href=\"http:\/\/www.leblogmoto.com\/2006\/02\/supersport_les_.html\">SuperSport<\/a>, pour une saison 2006 qui aura d\u00e9j\u00e0 pris son envol la semaine prochaine, voici un \u00e9clairage sur la cat\u00e9gorie principale, le <strong>SuperBike<\/strong>.<\/p>\n<p>Comme chacun sait, tout le monde aura, pour ce mill\u00e9sime, une <a href=\"http:\/\/www.leblogmoto.com\/2006\/01\/superbike_terre.html\">revanche<\/a> \u00e0 prendre. <\/p>\n<p>Les uns voudront laver l&rsquo;affront de s&rsquo;\u00eatre vu d\u00e9bouter de l&rsquo;Empyr\u00e9e de la vitesse alors que les autres, \u00e0 commencer par le champion en titre <strong>CORSER<\/strong>, n&rsquo;\u00e9prouvent que le d\u00e9sir de mettre au pas ces gens venus foul\u00e9s impun\u00e9ment leurs terres. <\/p>\n<p>Au milieu de tout ce remue-m\u00e9nage, il y aura des <strong>Fran\u00e7ais<\/strong>, et pas du genre \u00e0 laisser leur part au chien. <\/p>\n<p>En r\u00e9sum\u00e9, \u00e7a va donner&#8230; <\/p>\n<p><a href=\"http:\/\/clabedan.typepad.com\/.shared\/image.html?\/photos\/uncategorized\/svcorser_wideweb__470x3270.jpg\"><img loading=\"lazy\" decoding=\"async\" height=\"173\" alt=\"Svcorser_wideweb__470x3270\" src=\"http:\/\/www.leblogmoto.com\/images\/svcorser_wideweb__470x3270.jpg\" width=\"250\"  \/><\/a>Parmi tout ce beau monde, on peut imaginer, n\u00e9anmoins, quelques favoris et de solides outsiders. Les grosses c\u00f4tes se situent chez DUCATI avec <a href=\"http:\/\/www.leblogmoto.com\/2005\/12\/la_guerre_des_t.html\">BAYLISS<\/a>, SUZUKI avec le tenant CORSER et chez HONDA avec <strong>TOSELAND<\/strong>.<\/p>\n<p>C\u00f4t\u00e9 outsiders, on peut citer les <strong>YAMAHA<\/strong> de l&rsquo;insaissable <strong>HAGA <\/strong>et de PITT, la HONDA de <a href=\"http:\/\/www.leblogmoto.com\/2005\/12\/barros_en_super.html\">BARROS<\/a>, les grosses c\u00f4tes se partageant entre les <strong>KAWA<\/strong>, dont une pour BATTAINI, le reste de la meute HONDA avec quelques talents comme <strong>FABRIZIO<\/strong>, <strong>MUGGERIDGE<\/strong>, et la foule des DUCATI priv\u00e9es men\u00e9es par un <strong>XAUS<\/strong> en qu\u00eate de r\u00e9demption, suivi par un <strong>ROLFO<\/strong> \u00e0 la recherche d&rsquo;une relance \u00e0 son parcours.<\/p>\n<p><a href=\"http:\/\/clabedan.typepad.com\/.shared\/image.html?\/photos\/uncategorized\/23279dsc_0183med.jpg\"><img loading=\"lazy\" decoding=\"async\" height=\"375\" alt=\"23279dsc_0183med\" src=\"http:\/\/www.leblogmoto.com\/images\/23279dsc_0183med.jpg\" width=\"250\"  \/><\/a>C\u00f4t\u00e9 frenchies, <a href=\"http:\/\/www.leblogmoto.com\/2005\/12\/foret_simplante.html\">FORET<\/a> courra avec les grands, soit chez ALSTARE avec CORSER et KAGAYAMA. M\u00eame si la machine pr\u00e9par\u00e9e par Yoshimura ne sera pas aussi aff\u00fbt\u00e9e, l&rsquo;apprentissage s&rsquo;av\u00e9rera int\u00e9ressant. <\/p>\n<p><strong>GIMBERT<\/strong> est aussi de la partie avec YAMAHA MOTOR FRANCE qui aligne \u00e9galement l&rsquo;inoxydable <strong>ABE<\/strong> et l&rsquo;arrivant NAKATOMI. <\/p>\n<p>Las but not least, <a href=\"http:\/\/www.leblogmoto.com\/2006\/02\/psg1_kawa_la_no.html\">LACONI<\/a> sera l\u00e0, avec KAWA.<\/p>\n<p>Tout est ouvert. Quid d&rsquo;un <strong>LANZI<\/strong>, d&rsquo;un <strong>IANUZZO<\/strong> ou d&rsquo;un <strong>NEUKIRCHNER<\/strong> ? <strong>Foggy PETRONAS<\/strong> continue l&rsquo;aventure tout comme <strong>CHILI, l\u00e9gendaire n\u00b07<\/strong> du milieu. Lui, il a d\u00e9j\u00e0 gagn\u00e9, et depuis longtemps, le championnat de la popularit\u00e9&#8230;<\/p>\n","protected":false},"excerpt":{"rendered":"<p>Apr\u00e8s un balayage de la liste des engag\u00e9s en SuperSport, pour une saison 2006 qui aura d\u00e9j\u00e0 pris son envol la semaine prochaine, voici un \u00e9clairage sur la cat\u00e9gorie principale, le SuperBike. Comme chacun sait, tout le monde aura, pour ce mill\u00e9sime, une revanche \u00e0 prendre. Les uns voudront laver l&rsquo;affront de s&rsquo;\u00eatre vu d\u00e9bouter [&hellip;]<\/p>\n","protected":false},"author":336,"featured_media":0,"comment_status":"open","ping_status":"open","sticky":false,"template":"","format":"standard","meta":{"footnotes":""},"categories":[32,46],"tags":[],"class_list":["post-2050","post","type-post","status-publish","format-standard","hentry","category-sport-moto","category-superbike"],"yoast_head":"<!-- This site is optimized with the Yoast SEO plugin v26.0 - https:\/\/yoast.com\/wordpress\/plugins\/seo\/ -->\n<title>SBK: Situation de prise d&#039;arme. - leblogmoto.com<\/title>\n<meta name=\"robots\" content=\"index, follow, max-snippet:-1, max-image-preview:large, max-video-preview:-1\" \/>\n<link rel=\"canonical\" href=\"https:\/\/blogs.thesocialmedia.com\/leblogmoto\/2006\/02\/19\/sbk-situation-d\/\" \/>\n<meta name=\"twitter:card\" content=\"summary_large_image\" \/>\n<meta name=\"twitter:title\" content=\"SBK: Situation de prise d&#039;arme. - leblogmoto.com\" \/>\n<meta name=\"twitter:description\" content=\"Apr\u00e8s un balayage de la liste des engag\u00e9s en SuperSport, pour une saison 2006 qui aura d\u00e9j\u00e0 pris son envol la semaine prochaine, voici un \u00e9clairage sur la cat\u00e9gorie principale, le SuperBike. Comme chacun sait, tout le monde aura, pour ce mill\u00e9sime, une revanche \u00e0 prendre. Les uns voudront laver l&rsquo;affront de s&rsquo;\u00eatre vu d\u00e9bouter [&hellip;]\" \/>\n<meta name=\"twitter:image\" content=\"http:\/\/www.leblogmoto.com\/images\/2006_a3_superbike_racing_main.jpg\" \/>\n<meta name=\"twitter:label1\" content=\"\u00c9crit par\" \/>\n\t<meta name=\"twitter:data1\" content=\"andre leconde\" \/>\n\t<meta name=\"twitter:label2\" content=\"Dur\u00e9e de lecture estim\u00e9e\" \/>\n\t<meta name=\"twitter:data2\" content=\"2 minutes\" \/>\n<script type=\"application\/ld+json\" class=\"yoast-schema-graph\">{\"@context\":\"https:\/\/schema.org\",\"@graph\":[{\"@type\":\"WebPage\",\"@id\":\"https:\/\/blogs.thesocialmedia.com\/leblogmoto\/2006\/02\/19\/sbk-situation-d\/\",\"url\":\"https:\/\/blogs.thesocialmedia.com\/leblogmoto\/2006\/02\/19\/sbk-situation-d\/\",\"name\":\"SBK: Situation de prise d'arme. - leblogmoto.com\",\"isPartOf\":{\"@id\":\"https:\/\/blogs.thesocialmedia.com\/leblogmoto\/#website\"},\"primaryImageOfPage\":{\"@id\":\"https:\/\/blogs.thesocialmedia.com\/leblogmoto\/2006\/02\/19\/sbk-situation-d\/#primaryimage\"},\"image\":{\"@id\":\"https:\/\/blogs.thesocialmedia.com\/leblogmoto\/2006\/02\/19\/sbk-situation-d\/#primaryimage\"},\"thumbnailUrl\":\"http:\/\/www.leblogmoto.com\/images\/2006_a3_superbike_racing_main.jpg\",\"datePublished\":\"2006-02-19T21:30:00+00:00\",\"dateModified\":\"2012-07-11T14:15:53+00:00\",\"author\":{\"@id\":\"https:\/\/blogs.thesocialmedia.com\/leblogmoto\/#\/schema\/person\/1a1dcfc7cec206573105eb4af91155c2\"},\"breadcrumb\":{\"@id\":\"https:\/\/blogs.thesocialmedia.com\/leblogmoto\/2006\/02\/19\/sbk-situation-d\/#breadcrumb\"},\"inLanguage\":\"fr-FR\",\"potentialAction\":[{\"@type\":\"ReadAction\",\"target\":[\"https:\/\/blogs.thesocialmedia.com\/leblogmoto\/2006\/02\/19\/sbk-situation-d\/\"]}]},{\"@type\":\"ImageObject\",\"inLanguage\":\"fr-FR\",\"@id\":\"https:\/\/blogs.thesocialmedia.com\/leblogmoto\/2006\/02\/19\/sbk-situation-d\/#primaryimage\",\"url\":\"http:\/\/www.leblogmoto.com\/images\/2006_a3_superbike_racing_main.jpg\",\"contentUrl\":\"http:\/\/www.leblogmoto.com\/images\/2006_a3_superbike_racing_main.jpg\"},{\"@type\":\"BreadcrumbList\",\"@id\":\"https:\/\/blogs.thesocialmedia.com\/leblogmoto\/2006\/02\/19\/sbk-situation-d\/#breadcrumb\",\"itemListElement\":[{\"@type\":\"ListItem\",\"position\":1,\"name\":\"Accueil\",\"item\":\"https:\/\/blogs.thesocialmedia.com\/leblogmoto\/\"},{\"@type\":\"ListItem\",\"position\":2,\"name\":\"SBK: Situation de prise d&rsquo;arme.\"}]},{\"@type\":\"WebSite\",\"@id\":\"https:\/\/blogs.thesocialmedia.com\/leblogmoto\/#website\",\"url\":\"https:\/\/blogs.thesocialmedia.com\/leblogmoto\/\",\"name\":\"leblogmoto\",\"description\":\"Toute l&#039;actualit\u00e9 des 2 roues\",\"potentialAction\":[{\"@type\":\"SearchAction\",\"target\":{\"@type\":\"EntryPoint\",\"urlTemplate\":\"https:\/\/blogs.thesocialmedia.com\/leblogmoto\/?s={search_term_string}\"},\"query-input\":{\"@type\":\"PropertyValueSpecification\",\"valueRequired\":true,\"valueName\":\"search_term_string\"}}],\"inLanguage\":\"fr-FR\"},{\"@type\":\"Person\",\"@id\":\"https:\/\/blogs.thesocialmedia.com\/leblogmoto\/#\/schema\/person\/1a1dcfc7cec206573105eb4af91155c2\",\"name\":\"andre leconde\",\"image\":{\"@type\":\"ImageObject\",\"inLanguage\":\"fr-FR\",\"@id\":\"https:\/\/blogs.thesocialmedia.com\/leblogmoto\/#\/schema\/person\/image\/\",\"url\":\"https:\/\/secure.gravatar.com\/avatar\/?s=96&d=mm&r=g\",\"contentUrl\":\"https:\/\/secure.gravatar.com\/avatar\/?s=96&d=mm&r=g\",\"caption\":\"andre leconde\"},\"url\":\"https:\/\/blogs.thesocialmedia.com\/leblogmoto\/author\/andre-leconde\/\"}]}<\/script>\n<!-- \/ Yoast SEO plugin. -->","yoast_head_json":{"title":"SBK: Situation de prise d'arme. - leblogmoto.com","robots":{"index":"index","follow":"follow","max-snippet":"max-snippet:-1","max-image-preview":"max-image-preview:large","max-video-preview":"max-video-preview:-1"},"canonical":"https:\/\/blogs.thesocialmedia.com\/leblogmoto\/2006\/02\/19\/sbk-situation-d\/","twitter_card":"summary_large_image","twitter_title":"SBK: Situation de prise d'arme. - leblogmoto.com","twitter_description":"Apr\u00e8s un balayage de la liste des engag\u00e9s en SuperSport, pour une saison 2006 qui aura d\u00e9j\u00e0 pris son envol la semaine prochaine, voici un \u00e9clairage sur la cat\u00e9gorie principale, le SuperBike. Comme chacun sait, tout le monde aura, pour ce mill\u00e9sime, une revanche \u00e0 prendre. Les uns voudront laver l&rsquo;affront de s&rsquo;\u00eatre vu d\u00e9bouter [&hellip;]","twitter_image":"http:\/\/www.leblogmoto.com\/images\/2006_a3_superbike_racing_main.jpg","twitter_misc":{"\u00c9crit par":"andre leconde","Dur\u00e9e de lecture estim\u00e9e":"2 minutes"},"schema":{"@context":"https:\/\/schema.org","@graph":[{"@type":"WebPage","@id":"https:\/\/blogs.thesocialmedia.com\/leblogmoto\/2006\/02\/19\/sbk-situation-d\/","url":"https:\/\/blogs.thesocialmedia.com\/leblogmoto\/2006\/02\/19\/sbk-situation-d\/","name":"SBK: Situation de prise d'arme. - leblogmoto.com","isPartOf":{"@id":"https:\/\/blogs.thesocialmedia.com\/leblogmoto\/#website"},"primaryImageOfPage":{"@id":"https:\/\/blogs.thesocialmedia.com\/leblogmoto\/2006\/02\/19\/sbk-situation-d\/#primaryimage"},"image":{"@id":"https:\/\/blogs.thesocialmedia.com\/leblogmoto\/2006\/02\/19\/sbk-situation-d\/#primaryimage"},"thumbnailUrl":"http:\/\/www.leblogmoto.com\/images\/2006_a3_superbike_racing_main.jpg","datePublished":"2006-02-19T21:30:00+00:00","dateModified":"2012-07-11T14:15:53+00:00","author":{"@id":"https:\/\/blogs.thesocialmedia.com\/leblogmoto\/#\/schema\/person\/1a1dcfc7cec206573105eb4af91155c2"},"breadcrumb":{"@id":"https:\/\/blogs.thesocialmedia.com\/leblogmoto\/2006\/02\/19\/sbk-situation-d\/#breadcrumb"},"inLanguage":"fr-FR","potentialAction":[{"@type":"ReadAction","target":["https:\/\/blogs.thesocialmedia.com\/leblogmoto\/2006\/02\/19\/sbk-situation-d\/"]}]},{"@type":"ImageObject","inLanguage":"fr-FR","@id":"https:\/\/blogs.thesocialmedia.com\/leblogmoto\/2006\/02\/19\/sbk-situation-d\/#primaryimage","url":"http:\/\/www.leblogmoto.com\/images\/2006_a3_superbike_racing_main.jpg","contentUrl":"http:\/\/www.leblogmoto.com\/images\/2006_a3_superbike_racing_main.jpg"},{"@type":"BreadcrumbList","@id":"https:\/\/blogs.thesocialmedia.com\/leblogmoto\/2006\/02\/19\/sbk-situation-d\/#breadcrumb","itemListElement":[{"@type":"ListItem","position":1,"name":"Accueil","item":"https:\/\/blogs.thesocialmedia.com\/leblogmoto\/"},{"@type":"ListItem","position":2,"name":"SBK: Situation de prise d&rsquo;arme."}]},{"@type":"WebSite","@id":"https:\/\/blogs.thesocialmedia.com\/leblogmoto\/#website","url":"https:\/\/blogs.thesocialmedia.com\/leblogmoto\/","name":"leblogmoto","description":"Toute l&#039;actualit\u00e9 des 2 roues","potentialAction":[{"@type":"SearchAction","target":{"@type":"EntryPoint","urlTemplate":"https:\/\/blogs.thesocialmedia.com\/leblogmoto\/?s={search_term_string}"},"query-input":{"@type":"PropertyValueSpecification","valueRequired":true,"valueName":"search_term_string"}}],"inLanguage":"fr-FR"},{"@type":"Person","@id":"https:\/\/blogs.thesocialmedia.com\/leblogmoto\/#\/schema\/person\/1a1dcfc7cec206573105eb4af91155c2","name":"andre leconde","image":{"@type":"ImageObject","inLanguage":"fr-FR","@id":"https:\/\/blogs.thesocialmedia.com\/leblogmoto\/#\/schema\/person\/image\/","url":"https:\/\/secure.gravatar.com\/avatar\/?s=96&d=mm&r=g","contentUrl":"https:\/\/secure.gravatar.com\/avatar\/?s=96&d=mm&r=g","caption":"andre leconde"},"url":"https:\/\/blogs.thesocialmedia.com\/leblogmoto\/author\/andre-leconde\/"}]}},"_links":{"self":[{"href":"https:\/\/blogs.thesocialmedia.com\/leblogmoto\/wp-json\/wp\/v2\/posts\/2050","targetHints":{"allow":["GET"]}}],"collection":[{"href":"https:\/\/blogs.thesocialmedia.com\/leblogmoto\/wp-json\/wp\/v2\/posts"}],"about":[{"href":"https:\/\/blogs.thesocialmedia.com\/leblogmoto\/wp-json\/wp\/v2\/types\/post"}],"author":[{"embeddable":true,"href":"https:\/\/blogs.thesocialmedia.com\/leblogmoto\/wp-json\/wp\/v2\/users\/336"}],"replies":[{"embeddable":true,"href":"https:\/\/blogs.thesocialmedia.com\/leblogmoto\/wp-json\/wp\/v2\/comments?post=2050"}],"version-history":[{"count":2,"href":"https:\/\/blogs.thesocialmedia.com\/leblogmoto\/wp-json\/wp\/v2\/posts\/2050\/revisions"}],"predecessor-version":[{"id":7049,"href":"https:\/\/blogs.thesocialmedia.com\/leblogmoto\/wp-json\/wp\/v2\/posts\/2050\/revisions\/7049"}],"wp:attachment":[{"href":"https:\/\/blogs.thesocialmedia.com\/leblogmoto\/wp-json\/wp\/v2\/media?parent=2050"}],"wp:term":[{"taxonomy":"category","embeddable":true,"href":"https:\/\/blogs.thesocialmedia.com\/leblogmoto\/wp-json\/wp\/v2\/categories?post=2050"},{"taxonomy":"post_tag","embeddable":true,"href":"https:\/\/blogs.thesocialmedia.com\/leblogmoto\/wp-json\/wp\/v2\/tags?post=2050"}],"curies":[{"name":"wp","href":"https:\/\/api.w.org\/{rel}","templated":true}]}}