{"id":2053,"date":"2006-02-18T00:15:00","date_gmt":"2006-02-18T00:15:00","guid":{"rendered":"http:\/\/blogs.thesocialmedia.com\/leblogmoto\/2006\/02\/18\/tests-250-de-la\/"},"modified":"2012-07-11T14:15:47","modified_gmt":"2012-07-11T14:15:47","slug":"tests-250-de-la","status":"publish","type":"post","link":"https:\/\/blogs.thesocialmedia.com\/leblogmoto\/2006\/02\/18\/tests-250-de-la\/","title":{"rendered":"Tests 250: De la sueur et des larmes"},"content":{"rendered":"<p><a href=\"http:\/\/blogs.thesocialmedia.com\/leblogmoto\/files\/2012\/07\/ok_lorenzo_mag1132733192.jpg\"><img loading=\"lazy\" decoding=\"async\" height=\"162\" alt=\"Ok_lorenzo_mag1132733192\" src=\"http:\/\/www.leblogmoto.com\/images\/ok_lorenzo_mag1132733192.jpg\" width=\"250\"  \/><\/a> Il n&rsquo;y a pas que la cat\u00e9gorie reine de la vitesse qui d\u00e9vermine machines et pilotes durant cette inter-saison. Il y a aussi les cat\u00e9gories interm\u00e9diaires du show, dont la <strong>250<\/strong>. <\/p>\n<p>Une discipline de nouveau ouverte suite au d\u00e9part de son ma\u00eetre <a href=\"http:\/\/www.leblogmoto.com\/2006\/02\/tests_sepang_20.html\">PEDROSA<\/a>. Mais un travail hivernal difficile car plut\u00f4t que de se d\u00e9verminer, les pilotes, en ce moment, y d\u00e9rouille&#8230; Etat des lieux et effectif de l&rsquo;infirmerie.<\/p>\n<p><a href=\"http:\/\/clabedan.typepad.com\/.shared\/image.html?\/photos\/uncategorized\/ktm250gpb_edited.jpg\"><img loading=\"lazy\" decoding=\"async\" height=\"150\" alt=\"Ktm250gpb_edited\" src=\"http:\/\/www.leblogmoto.com\/images\/ktm250gpb_edited.jpg\" width=\"250\"  \/><\/a>Cette ann\u00e9e, la bataille ne devrait pas forc\u00e9ment se limiter \u00e0 un duel entre les <strong>APRILIA<\/strong> et les <strong>HONDA<\/strong>.<a href=\"http:\/\/www.leblogmoto.com\/2006\/01\/lorange_presse.html\"> KTM<\/a> s&rsquo;installe, cette fois, en force dans la cat\u00e9gorie avec des pilotes tels sur <strong>POGGIALI<\/strong>, ex-champion du monde en qu\u00eate de r\u00e9dempion, et <strong>AOYAMA<\/strong>, solide \u00e9quipier de PEDROSA l&rsquo;an pass\u00e9.<\/p>\n<p>Les troupes HONDA seront men\u00e9es par <strong>PORTO<\/strong> et <strong>DOVIZIOSO<\/strong> face \u00e0 une puissante armada APRILIA conduite par DE ANGELIS, BARBERA, et, surtout, <strong>LORENZO<\/strong>, dont le caract\u00e8re fait du V\u00e9suve en irruption \u00e0 l&rsquo;identique d&rsquo;un p\u00e9tard mouill\u00e9.<\/p>\n<p>Il faudra, enfin surveiller l&rsquo;\u00e9volution d&rsquo;une autre marque, <strong>GILERA<\/strong>, qui s&rsquo;engage avec le talentueux <strong>SIMONCELLI.<\/strong> Quant aux fran\u00e7ais, <a href=\"http:\/\/www.leblogmoto.com\/2006\/02\/equipe_de_franc.html\">l&rsquo;Equipe de FRANCE<\/a> alignera des APRILIA pour <strong>GUINTOLI<\/strong> et <strong>CLUZEL<\/strong> alors qu&rsquo;Arnaud <strong>VINCENT<\/strong> b\u00e9n\u00e9ficiera d&rsquo;une HONDA client.<\/p>\n<p><a href=\"http:\/\/clabedan.typepad.com\/.shared\/image.html?\/photos\/uncategorized\/barberaokoik.jpg\"><img loading=\"lazy\" decoding=\"async\" height=\"166\" alt=\"Barberaokoik\" src=\"http:\/\/www.leblogmoto.com\/images\/barberaokoik.jpg\" width=\"250\"  \/><\/a>Reste qu&rsquo;apr\u00e8s la mont\u00e9e de PEDROSA, chacun a voulu d&rsquo;entr\u00e9e marquer le territoire ainsi laiss\u00e9 \u00e0 l&rsquo;abandon. Les lourdes chutes ne manquent pas \u00e0 chaque test. Avant No\u00ebl, <strong>LORENZO<\/strong> s&rsquo;y est fractur\u00e9 l&rsquo;\u00e9paule, le pilote test APRILIA <strong>DEBON<\/strong> n&rsquo;a pas \u00e9t\u00e9 loin d&rsquo;y laisser son auriculaire gauche toujours en cours de r\u00e9fection, et, hier, sur la piste de JEREZ, <strong>POGGIALI<\/strong> s&rsquo;est violemment flanqu\u00e9 par terre. Il a \u00e9t\u00e9 \u00e9vacu\u00e9 vers l&rsquo;hopital le plus proche, on attend le bilan de sant\u00e9&#8230;&nbsp; &nbsp;<\/p>\n<p>On le voit, chacun a bien l&rsquo;intention de rapidement combler le vide laiss\u00e9 apr\u00e8s le d\u00e9part du ph\u00e9nom\u00e8ne PEDROSA. Ca nous promet une saison explosive&#8230;<\/p>\n<p>SOURCE: <a href=\"http:\/\/www.motogp.com\/\">www.motogp.com<\/a> <\/p>\n","protected":false},"excerpt":{"rendered":"<p>Il n&rsquo;y a pas que la cat\u00e9gorie reine de la vitesse qui d\u00e9vermine machines et pilotes durant cette inter-saison. Il y a aussi les cat\u00e9gories interm\u00e9diaires du show, dont la 250. Une discipline de nouveau ouverte suite au d\u00e9part de son ma\u00eetre PEDROSA. Mais un travail hivernal difficile car plut\u00f4t que de se d\u00e9verminer, les [&hellip;]<\/p>\n","protected":false},"author":336,"featured_media":0,"comment_status":"open","ping_status":"open","sticky":false,"template":"","format":"standard","meta":{"footnotes":""},"categories":[32],"tags":[],"class_list":["post-2053","post","type-post","status-publish","format-standard","hentry","category-sport-moto"],"yoast_head":"<!-- This site is optimized with the Yoast SEO plugin v26.0 - https:\/\/yoast.com\/wordpress\/plugins\/seo\/ -->\n<title>Tests 250: De la sueur et des larmes - leblogmoto.com<\/title>\n<meta name=\"robots\" content=\"index, follow, max-snippet:-1, max-image-preview:large, max-video-preview:-1\" \/>\n<link rel=\"canonical\" href=\"https:\/\/blogs.thesocialmedia.com\/leblogmoto\/2006\/02\/18\/tests-250-de-la\/\" \/>\n<meta name=\"twitter:card\" content=\"summary_large_image\" \/>\n<meta name=\"twitter:title\" content=\"Tests 250: De la sueur et des larmes - leblogmoto.com\" \/>\n<meta name=\"twitter:description\" content=\"Il n&rsquo;y a pas que la cat\u00e9gorie reine de la vitesse qui d\u00e9vermine machines et pilotes durant cette inter-saison. Il y a aussi les cat\u00e9gories interm\u00e9diaires du show, dont la 250. Une discipline de nouveau ouverte suite au d\u00e9part de son ma\u00eetre PEDROSA. Mais un travail hivernal difficile car plut\u00f4t que de se d\u00e9verminer, les [&hellip;]\" \/>\n<meta name=\"twitter:image\" content=\"http:\/\/www.leblogmoto.com\/images\/ok_lorenzo_mag1132733192.jpg\" \/>\n<meta name=\"twitter:label1\" content=\"\u00c9crit par\" \/>\n\t<meta name=\"twitter:data1\" content=\"andre leconde\" \/>\n\t<meta name=\"twitter:label2\" content=\"Dur\u00e9e de lecture estim\u00e9e\" \/>\n\t<meta name=\"twitter:data2\" content=\"2 minutes\" \/>\n<script type=\"application\/ld+json\" class=\"yoast-schema-graph\">{\"@context\":\"https:\/\/schema.org\",\"@graph\":[{\"@type\":\"WebPage\",\"@id\":\"https:\/\/blogs.thesocialmedia.com\/leblogmoto\/2006\/02\/18\/tests-250-de-la\/\",\"url\":\"https:\/\/blogs.thesocialmedia.com\/leblogmoto\/2006\/02\/18\/tests-250-de-la\/\",\"name\":\"Tests 250: De la sueur et des larmes - leblogmoto.com\",\"isPartOf\":{\"@id\":\"https:\/\/blogs.thesocialmedia.com\/leblogmoto\/#website\"},\"primaryImageOfPage\":{\"@id\":\"https:\/\/blogs.thesocialmedia.com\/leblogmoto\/2006\/02\/18\/tests-250-de-la\/#primaryimage\"},\"image\":{\"@id\":\"https:\/\/blogs.thesocialmedia.com\/leblogmoto\/2006\/02\/18\/tests-250-de-la\/#primaryimage\"},\"thumbnailUrl\":\"http:\/\/www.leblogmoto.com\/images\/ok_lorenzo_mag1132733192.jpg\",\"datePublished\":\"2006-02-18T00:15:00+00:00\",\"dateModified\":\"2012-07-11T14:15:47+00:00\",\"author\":{\"@id\":\"https:\/\/blogs.thesocialmedia.com\/leblogmoto\/#\/schema\/person\/1a1dcfc7cec206573105eb4af91155c2\"},\"breadcrumb\":{\"@id\":\"https:\/\/blogs.thesocialmedia.com\/leblogmoto\/2006\/02\/18\/tests-250-de-la\/#breadcrumb\"},\"inLanguage\":\"fr-FR\",\"potentialAction\":[{\"@type\":\"ReadAction\",\"target\":[\"https:\/\/blogs.thesocialmedia.com\/leblogmoto\/2006\/02\/18\/tests-250-de-la\/\"]}]},{\"@type\":\"ImageObject\",\"inLanguage\":\"fr-FR\",\"@id\":\"https:\/\/blogs.thesocialmedia.com\/leblogmoto\/2006\/02\/18\/tests-250-de-la\/#primaryimage\",\"url\":\"http:\/\/www.leblogmoto.com\/images\/ok_lorenzo_mag1132733192.jpg\",\"contentUrl\":\"http:\/\/www.leblogmoto.com\/images\/ok_lorenzo_mag1132733192.jpg\"},{\"@type\":\"BreadcrumbList\",\"@id\":\"https:\/\/blogs.thesocialmedia.com\/leblogmoto\/2006\/02\/18\/tests-250-de-la\/#breadcrumb\",\"itemListElement\":[{\"@type\":\"ListItem\",\"position\":1,\"name\":\"Accueil\",\"item\":\"https:\/\/blogs.thesocialmedia.com\/leblogmoto\/\"},{\"@type\":\"ListItem\",\"position\":2,\"name\":\"Tests 250: De la sueur et des larmes\"}]},{\"@type\":\"WebSite\",\"@id\":\"https:\/\/blogs.thesocialmedia.com\/leblogmoto\/#website\",\"url\":\"https:\/\/blogs.thesocialmedia.com\/leblogmoto\/\",\"name\":\"leblogmoto\",\"description\":\"Toute l&#039;actualit\u00e9 des 2 roues\",\"potentialAction\":[{\"@type\":\"SearchAction\",\"target\":{\"@type\":\"EntryPoint\",\"urlTemplate\":\"https:\/\/blogs.thesocialmedia.com\/leblogmoto\/?s={search_term_string}\"},\"query-input\":{\"@type\":\"PropertyValueSpecification\",\"valueRequired\":true,\"valueName\":\"search_term_string\"}}],\"inLanguage\":\"fr-FR\"},{\"@type\":\"Person\",\"@id\":\"https:\/\/blogs.thesocialmedia.com\/leblogmoto\/#\/schema\/person\/1a1dcfc7cec206573105eb4af91155c2\",\"name\":\"andre leconde\",\"image\":{\"@type\":\"ImageObject\",\"inLanguage\":\"fr-FR\",\"@id\":\"https:\/\/blogs.thesocialmedia.com\/leblogmoto\/#\/schema\/person\/image\/\",\"url\":\"https:\/\/secure.gravatar.com\/avatar\/?s=96&d=mm&r=g\",\"contentUrl\":\"https:\/\/secure.gravatar.com\/avatar\/?s=96&d=mm&r=g\",\"caption\":\"andre leconde\"},\"url\":\"https:\/\/blogs.thesocialmedia.com\/leblogmoto\/author\/andre-leconde\/\"}]}<\/script>\n<!-- \/ Yoast SEO plugin. -->","yoast_head_json":{"title":"Tests 250: De la sueur et des larmes - leblogmoto.com","robots":{"index":"index","follow":"follow","max-snippet":"max-snippet:-1","max-image-preview":"max-image-preview:large","max-video-preview":"max-video-preview:-1"},"canonical":"https:\/\/blogs.thesocialmedia.com\/leblogmoto\/2006\/02\/18\/tests-250-de-la\/","twitter_card":"summary_large_image","twitter_title":"Tests 250: De la sueur et des larmes - leblogmoto.com","twitter_description":"Il n&rsquo;y a pas que la cat\u00e9gorie reine de la vitesse qui d\u00e9vermine machines et pilotes durant cette inter-saison. Il y a aussi les cat\u00e9gories interm\u00e9diaires du show, dont la 250. Une discipline de nouveau ouverte suite au d\u00e9part de son ma\u00eetre PEDROSA. Mais un travail hivernal difficile car plut\u00f4t que de se d\u00e9verminer, les [&hellip;]","twitter_image":"http:\/\/www.leblogmoto.com\/images\/ok_lorenzo_mag1132733192.jpg","twitter_misc":{"\u00c9crit par":"andre leconde","Dur\u00e9e de lecture estim\u00e9e":"2 minutes"},"schema":{"@context":"https:\/\/schema.org","@graph":[{"@type":"WebPage","@id":"https:\/\/blogs.thesocialmedia.com\/leblogmoto\/2006\/02\/18\/tests-250-de-la\/","url":"https:\/\/blogs.thesocialmedia.com\/leblogmoto\/2006\/02\/18\/tests-250-de-la\/","name":"Tests 250: De la sueur et des larmes - leblogmoto.com","isPartOf":{"@id":"https:\/\/blogs.thesocialmedia.com\/leblogmoto\/#website"},"primaryImageOfPage":{"@id":"https:\/\/blogs.thesocialmedia.com\/leblogmoto\/2006\/02\/18\/tests-250-de-la\/#primaryimage"},"image":{"@id":"https:\/\/blogs.thesocialmedia.com\/leblogmoto\/2006\/02\/18\/tests-250-de-la\/#primaryimage"},"thumbnailUrl":"http:\/\/www.leblogmoto.com\/images\/ok_lorenzo_mag1132733192.jpg","datePublished":"2006-02-18T00:15:00+00:00","dateModified":"2012-07-11T14:15:47+00:00","author":{"@id":"https:\/\/blogs.thesocialmedia.com\/leblogmoto\/#\/schema\/person\/1a1dcfc7cec206573105eb4af91155c2"},"breadcrumb":{"@id":"https:\/\/blogs.thesocialmedia.com\/leblogmoto\/2006\/02\/18\/tests-250-de-la\/#breadcrumb"},"inLanguage":"fr-FR","potentialAction":[{"@type":"ReadAction","target":["https:\/\/blogs.thesocialmedia.com\/leblogmoto\/2006\/02\/18\/tests-250-de-la\/"]}]},{"@type":"ImageObject","inLanguage":"fr-FR","@id":"https:\/\/blogs.thesocialmedia.com\/leblogmoto\/2006\/02\/18\/tests-250-de-la\/#primaryimage","url":"http:\/\/www.leblogmoto.com\/images\/ok_lorenzo_mag1132733192.jpg","contentUrl":"http:\/\/www.leblogmoto.com\/images\/ok_lorenzo_mag1132733192.jpg"},{"@type":"BreadcrumbList","@id":"https:\/\/blogs.thesocialmedia.com\/leblogmoto\/2006\/02\/18\/tests-250-de-la\/#breadcrumb","itemListElement":[{"@type":"ListItem","position":1,"name":"Accueil","item":"https:\/\/blogs.thesocialmedia.com\/leblogmoto\/"},{"@type":"ListItem","position":2,"name":"Tests 250: De la sueur et des larmes"}]},{"@type":"WebSite","@id":"https:\/\/blogs.thesocialmedia.com\/leblogmoto\/#website","url":"https:\/\/blogs.thesocialmedia.com\/leblogmoto\/","name":"leblogmoto","description":"Toute l&#039;actualit\u00e9 des 2 roues","potentialAction":[{"@type":"SearchAction","target":{"@type":"EntryPoint","urlTemplate":"https:\/\/blogs.thesocialmedia.com\/leblogmoto\/?s={search_term_string}"},"query-input":{"@type":"PropertyValueSpecification","valueRequired":true,"valueName":"search_term_string"}}],"inLanguage":"fr-FR"},{"@type":"Person","@id":"https:\/\/blogs.thesocialmedia.com\/leblogmoto\/#\/schema\/person\/1a1dcfc7cec206573105eb4af91155c2","name":"andre leconde","image":{"@type":"ImageObject","inLanguage":"fr-FR","@id":"https:\/\/blogs.thesocialmedia.com\/leblogmoto\/#\/schema\/person\/image\/","url":"https:\/\/secure.gravatar.com\/avatar\/?s=96&d=mm&r=g","contentUrl":"https:\/\/secure.gravatar.com\/avatar\/?s=96&d=mm&r=g","caption":"andre leconde"},"url":"https:\/\/blogs.thesocialmedia.com\/leblogmoto\/author\/andre-leconde\/"}]}},"_links":{"self":[{"href":"https:\/\/blogs.thesocialmedia.com\/leblogmoto\/wp-json\/wp\/v2\/posts\/2053","targetHints":{"allow":["GET"]}}],"collection":[{"href":"https:\/\/blogs.thesocialmedia.com\/leblogmoto\/wp-json\/wp\/v2\/posts"}],"about":[{"href":"https:\/\/blogs.thesocialmedia.com\/leblogmoto\/wp-json\/wp\/v2\/types\/post"}],"author":[{"embeddable":true,"href":"https:\/\/blogs.thesocialmedia.com\/leblogmoto\/wp-json\/wp\/v2\/users\/336"}],"replies":[{"embeddable":true,"href":"https:\/\/blogs.thesocialmedia.com\/leblogmoto\/wp-json\/wp\/v2\/comments?post=2053"}],"version-history":[{"count":2,"href":"https:\/\/blogs.thesocialmedia.com\/leblogmoto\/wp-json\/wp\/v2\/posts\/2053\/revisions"}],"predecessor-version":[{"id":7043,"href":"https:\/\/blogs.thesocialmedia.com\/leblogmoto\/wp-json\/wp\/v2\/posts\/2053\/revisions\/7043"}],"wp:attachment":[{"href":"https:\/\/blogs.thesocialmedia.com\/leblogmoto\/wp-json\/wp\/v2\/media?parent=2053"}],"wp:term":[{"taxonomy":"category","embeddable":true,"href":"https:\/\/blogs.thesocialmedia.com\/leblogmoto\/wp-json\/wp\/v2\/categories?post=2053"},{"taxonomy":"post_tag","embeddable":true,"href":"https:\/\/blogs.thesocialmedia.com\/leblogmoto\/wp-json\/wp\/v2\/tags?post=2053"}],"curies":[{"name":"wp","href":"https:\/\/api.w.org\/{rel}","templated":true}]}}