{"id":2055,"date":"2006-02-16T22:20:00","date_gmt":"2006-02-16T22:20:00","guid":{"rendered":"http:\/\/blogs.thesocialmedia.com\/leblogmoto\/2006\/02\/16\/le-casque-vraim\/"},"modified":"2012-07-11T14:15:45","modified_gmt":"2012-07-11T14:15:45","slug":"le-casque-vraim","status":"publish","type":"post","link":"https:\/\/blogs.thesocialmedia.com\/leblogmoto\/2006\/02\/16\/le-casque-vraim\/","title":{"rendered":"Le casque vraiment int\u00e9gral."},"content":{"rendered":"<p><a href=\"http:\/\/blogs.thesocialmedia.com\/leblogmoto\/files\/2012\/07\/6243_large.jpg\"><img loading=\"lazy\" decoding=\"async\" height=\"171\" alt=\"6243_large\" src=\"http:\/\/www.leblogmoto.com\/images\/6243_large.jpg\" width=\"250\"  \/><\/a> Le port du casque est, comme chacun sait, obligatoire, et la <a href=\"http:\/\/www.leblogmoto.com\/2006\/02\/post_2.html\">l\u00e9gislation <\/a>en vigueur sur la circonstance a \u00e9t\u00e9, r\u00e9cemment, toilett\u00e9e pour que les choses ne souffrent d&rsquo;aucun malentendu. <\/p>\n<p>Par ailleurs, libre \u00e0 vous de <a href=\"http:\/\/www.leblogmoto.com\/2006\/02\/gense_dune_pein_2.html\">d\u00e9corer<\/a> le heaume comme bon il vous semble, mais sachez qu&rsquo;il y a encore mieux de nos jours, un truc vraiment &quot;in&quot; avec lequel vous ne passerez pas inaper\u00e7u: le casque <strong>vraiment int\u00e9gral<\/strong>, soit celui qui enveloppe <strong>aussi<\/strong> la moto&#8230;<\/p>\n<p><a href=\"http:\/\/clabedan.typepad.com\/.shared\/image.html?\/photos\/uncategorized\/cafeh0xh.jpg\"><img loading=\"lazy\" decoding=\"async\" height=\"188\" alt=\"Cafeh0xh\" src=\"http:\/\/www.leblogmoto.com\/images\/cafeh0xh.jpg\" width=\"250\"  \/><\/a>Le concept vient d&rsquo;Outre-Manche, plus exactement de la soci\u00e8t\u00e9 <strong>TECA Technologies<\/strong>. Ils ont pens\u00e9 \u00e0 tout. Avec cette structure, vous <a href=\"http:\/\/www.leblogmoto.com\/2005\/12\/il_ny_a_jamais_.html\">\u00e9conomiserez<\/a> 35% d&rsquo;essence par rapport \u00e0 votre pr\u00e9c\u00e9dente machine indecemment d\u00e9nud\u00e9e.<\/p>\n<p>Par ailleurs, autant dire que les chocs ne seront plus un souci corporel, le cocon \u00e9tant en mat\u00e9riaux composites.<\/p>\n<p>Pour la d\u00e9co, voir par ailleurs, mais on doit pouvoir faire mieux que le jaune canari. Ceci dit, il est quand m\u00eame un point sur lequel nos savants ne se sont pas pench\u00e9s, c&rsquo;est justement, comment faire, une fois \u00e0 l&rsquo;arr\u00eat pour stabiliser l&rsquo;engin&#8230; Vu le design, c&rsquo;est un coup \u00e0 faire un roul\u00e9-boul\u00e9&#8230; Et l&rsquo;asp\u00e9rit\u00e9 salvatrice pour s&rsquo;y appuyer, ne se trouve pas \u00e0 tous les coins de rue&#8230;<\/p>\n<p>&nbsp; &nbsp;&nbsp; &nbsp;<\/p>\n","protected":false},"excerpt":{"rendered":"<p>Le port du casque est, comme chacun sait, obligatoire, et la l\u00e9gislation en vigueur sur la circonstance a \u00e9t\u00e9, r\u00e9cemment, toilett\u00e9e pour que les choses ne souffrent d&rsquo;aucun malentendu. Par ailleurs, libre \u00e0 vous de d\u00e9corer le heaume comme bon il vous semble, mais sachez qu&rsquo;il y a encore mieux de nos jours, un truc [&hellip;]<\/p>\n","protected":false},"author":336,"featured_media":0,"comment_status":"open","ping_status":"open","sticky":false,"template":"","format":"standard","meta":{"footnotes":""},"categories":[17],"tags":[],"class_list":["post-2055","post","type-post","status-publish","format-standard","hentry","category-divers"],"yoast_head":"<!-- This site is optimized with the Yoast SEO plugin v26.0 - https:\/\/yoast.com\/wordpress\/plugins\/seo\/ -->\n<title>Le casque vraiment int\u00e9gral. - leblogmoto.com<\/title>\n<meta name=\"robots\" content=\"index, follow, max-snippet:-1, max-image-preview:large, max-video-preview:-1\" \/>\n<link rel=\"canonical\" href=\"https:\/\/blogs.thesocialmedia.com\/leblogmoto\/2006\/02\/16\/le-casque-vraim\/\" \/>\n<meta name=\"twitter:card\" content=\"summary_large_image\" \/>\n<meta name=\"twitter:title\" content=\"Le casque vraiment int\u00e9gral. - leblogmoto.com\" \/>\n<meta name=\"twitter:description\" content=\"Le port du casque est, comme chacun sait, obligatoire, et la l\u00e9gislation en vigueur sur la circonstance a \u00e9t\u00e9, r\u00e9cemment, toilett\u00e9e pour que les choses ne souffrent d&rsquo;aucun malentendu. Par ailleurs, libre \u00e0 vous de d\u00e9corer le heaume comme bon il vous semble, mais sachez qu&rsquo;il y a encore mieux de nos jours, un truc [&hellip;]\" \/>\n<meta name=\"twitter:image\" content=\"http:\/\/www.leblogmoto.com\/images\/6243_large.jpg\" \/>\n<meta name=\"twitter:label1\" content=\"\u00c9crit par\" \/>\n\t<meta name=\"twitter:data1\" content=\"andre leconde\" \/>\n\t<meta name=\"twitter:label2\" content=\"Dur\u00e9e de lecture estim\u00e9e\" \/>\n\t<meta name=\"twitter:data2\" content=\"1 minute\" \/>\n<script type=\"application\/ld+json\" class=\"yoast-schema-graph\">{\"@context\":\"https:\/\/schema.org\",\"@graph\":[{\"@type\":\"WebPage\",\"@id\":\"https:\/\/blogs.thesocialmedia.com\/leblogmoto\/2006\/02\/16\/le-casque-vraim\/\",\"url\":\"https:\/\/blogs.thesocialmedia.com\/leblogmoto\/2006\/02\/16\/le-casque-vraim\/\",\"name\":\"Le casque vraiment int\u00e9gral. - leblogmoto.com\",\"isPartOf\":{\"@id\":\"https:\/\/blogs.thesocialmedia.com\/leblogmoto\/#website\"},\"primaryImageOfPage\":{\"@id\":\"https:\/\/blogs.thesocialmedia.com\/leblogmoto\/2006\/02\/16\/le-casque-vraim\/#primaryimage\"},\"image\":{\"@id\":\"https:\/\/blogs.thesocialmedia.com\/leblogmoto\/2006\/02\/16\/le-casque-vraim\/#primaryimage\"},\"thumbnailUrl\":\"http:\/\/www.leblogmoto.com\/images\/6243_large.jpg\",\"datePublished\":\"2006-02-16T22:20:00+00:00\",\"dateModified\":\"2012-07-11T14:15:45+00:00\",\"author\":{\"@id\":\"https:\/\/blogs.thesocialmedia.com\/leblogmoto\/#\/schema\/person\/1a1dcfc7cec206573105eb4af91155c2\"},\"breadcrumb\":{\"@id\":\"https:\/\/blogs.thesocialmedia.com\/leblogmoto\/2006\/02\/16\/le-casque-vraim\/#breadcrumb\"},\"inLanguage\":\"fr-FR\",\"potentialAction\":[{\"@type\":\"ReadAction\",\"target\":[\"https:\/\/blogs.thesocialmedia.com\/leblogmoto\/2006\/02\/16\/le-casque-vraim\/\"]}]},{\"@type\":\"ImageObject\",\"inLanguage\":\"fr-FR\",\"@id\":\"https:\/\/blogs.thesocialmedia.com\/leblogmoto\/2006\/02\/16\/le-casque-vraim\/#primaryimage\",\"url\":\"http:\/\/www.leblogmoto.com\/images\/6243_large.jpg\",\"contentUrl\":\"http:\/\/www.leblogmoto.com\/images\/6243_large.jpg\"},{\"@type\":\"BreadcrumbList\",\"@id\":\"https:\/\/blogs.thesocialmedia.com\/leblogmoto\/2006\/02\/16\/le-casque-vraim\/#breadcrumb\",\"itemListElement\":[{\"@type\":\"ListItem\",\"position\":1,\"name\":\"Accueil\",\"item\":\"https:\/\/blogs.thesocialmedia.com\/leblogmoto\/\"},{\"@type\":\"ListItem\",\"position\":2,\"name\":\"Le casque vraiment int\u00e9gral.\"}]},{\"@type\":\"WebSite\",\"@id\":\"https:\/\/blogs.thesocialmedia.com\/leblogmoto\/#website\",\"url\":\"https:\/\/blogs.thesocialmedia.com\/leblogmoto\/\",\"name\":\"leblogmoto\",\"description\":\"Toute l&#039;actualit\u00e9 des 2 roues\",\"potentialAction\":[{\"@type\":\"SearchAction\",\"target\":{\"@type\":\"EntryPoint\",\"urlTemplate\":\"https:\/\/blogs.thesocialmedia.com\/leblogmoto\/?s={search_term_string}\"},\"query-input\":{\"@type\":\"PropertyValueSpecification\",\"valueRequired\":true,\"valueName\":\"search_term_string\"}}],\"inLanguage\":\"fr-FR\"},{\"@type\":\"Person\",\"@id\":\"https:\/\/blogs.thesocialmedia.com\/leblogmoto\/#\/schema\/person\/1a1dcfc7cec206573105eb4af91155c2\",\"name\":\"andre leconde\",\"image\":{\"@type\":\"ImageObject\",\"inLanguage\":\"fr-FR\",\"@id\":\"https:\/\/blogs.thesocialmedia.com\/leblogmoto\/#\/schema\/person\/image\/\",\"url\":\"https:\/\/secure.gravatar.com\/avatar\/?s=96&d=mm&r=g\",\"contentUrl\":\"https:\/\/secure.gravatar.com\/avatar\/?s=96&d=mm&r=g\",\"caption\":\"andre leconde\"},\"url\":\"https:\/\/blogs.thesocialmedia.com\/leblogmoto\/author\/andre-leconde\/\"}]}<\/script>\n<!-- \/ Yoast SEO plugin. -->","yoast_head_json":{"title":"Le casque vraiment int\u00e9gral. - leblogmoto.com","robots":{"index":"index","follow":"follow","max-snippet":"max-snippet:-1","max-image-preview":"max-image-preview:large","max-video-preview":"max-video-preview:-1"},"canonical":"https:\/\/blogs.thesocialmedia.com\/leblogmoto\/2006\/02\/16\/le-casque-vraim\/","twitter_card":"summary_large_image","twitter_title":"Le casque vraiment int\u00e9gral. - leblogmoto.com","twitter_description":"Le port du casque est, comme chacun sait, obligatoire, et la l\u00e9gislation en vigueur sur la circonstance a \u00e9t\u00e9, r\u00e9cemment, toilett\u00e9e pour que les choses ne souffrent d&rsquo;aucun malentendu. Par ailleurs, libre \u00e0 vous de d\u00e9corer le heaume comme bon il vous semble, mais sachez qu&rsquo;il y a encore mieux de nos jours, un truc [&hellip;]","twitter_image":"http:\/\/www.leblogmoto.com\/images\/6243_large.jpg","twitter_misc":{"\u00c9crit par":"andre leconde","Dur\u00e9e de lecture estim\u00e9e":"1 minute"},"schema":{"@context":"https:\/\/schema.org","@graph":[{"@type":"WebPage","@id":"https:\/\/blogs.thesocialmedia.com\/leblogmoto\/2006\/02\/16\/le-casque-vraim\/","url":"https:\/\/blogs.thesocialmedia.com\/leblogmoto\/2006\/02\/16\/le-casque-vraim\/","name":"Le casque vraiment int\u00e9gral. - leblogmoto.com","isPartOf":{"@id":"https:\/\/blogs.thesocialmedia.com\/leblogmoto\/#website"},"primaryImageOfPage":{"@id":"https:\/\/blogs.thesocialmedia.com\/leblogmoto\/2006\/02\/16\/le-casque-vraim\/#primaryimage"},"image":{"@id":"https:\/\/blogs.thesocialmedia.com\/leblogmoto\/2006\/02\/16\/le-casque-vraim\/#primaryimage"},"thumbnailUrl":"http:\/\/www.leblogmoto.com\/images\/6243_large.jpg","datePublished":"2006-02-16T22:20:00+00:00","dateModified":"2012-07-11T14:15:45+00:00","author":{"@id":"https:\/\/blogs.thesocialmedia.com\/leblogmoto\/#\/schema\/person\/1a1dcfc7cec206573105eb4af91155c2"},"breadcrumb":{"@id":"https:\/\/blogs.thesocialmedia.com\/leblogmoto\/2006\/02\/16\/le-casque-vraim\/#breadcrumb"},"inLanguage":"fr-FR","potentialAction":[{"@type":"ReadAction","target":["https:\/\/blogs.thesocialmedia.com\/leblogmoto\/2006\/02\/16\/le-casque-vraim\/"]}]},{"@type":"ImageObject","inLanguage":"fr-FR","@id":"https:\/\/blogs.thesocialmedia.com\/leblogmoto\/2006\/02\/16\/le-casque-vraim\/#primaryimage","url":"http:\/\/www.leblogmoto.com\/images\/6243_large.jpg","contentUrl":"http:\/\/www.leblogmoto.com\/images\/6243_large.jpg"},{"@type":"BreadcrumbList","@id":"https:\/\/blogs.thesocialmedia.com\/leblogmoto\/2006\/02\/16\/le-casque-vraim\/#breadcrumb","itemListElement":[{"@type":"ListItem","position":1,"name":"Accueil","item":"https:\/\/blogs.thesocialmedia.com\/leblogmoto\/"},{"@type":"ListItem","position":2,"name":"Le casque vraiment int\u00e9gral."}]},{"@type":"WebSite","@id":"https:\/\/blogs.thesocialmedia.com\/leblogmoto\/#website","url":"https:\/\/blogs.thesocialmedia.com\/leblogmoto\/","name":"leblogmoto","description":"Toute l&#039;actualit\u00e9 des 2 roues","potentialAction":[{"@type":"SearchAction","target":{"@type":"EntryPoint","urlTemplate":"https:\/\/blogs.thesocialmedia.com\/leblogmoto\/?s={search_term_string}"},"query-input":{"@type":"PropertyValueSpecification","valueRequired":true,"valueName":"search_term_string"}}],"inLanguage":"fr-FR"},{"@type":"Person","@id":"https:\/\/blogs.thesocialmedia.com\/leblogmoto\/#\/schema\/person\/1a1dcfc7cec206573105eb4af91155c2","name":"andre leconde","image":{"@type":"ImageObject","inLanguage":"fr-FR","@id":"https:\/\/blogs.thesocialmedia.com\/leblogmoto\/#\/schema\/person\/image\/","url":"https:\/\/secure.gravatar.com\/avatar\/?s=96&d=mm&r=g","contentUrl":"https:\/\/secure.gravatar.com\/avatar\/?s=96&d=mm&r=g","caption":"andre leconde"},"url":"https:\/\/blogs.thesocialmedia.com\/leblogmoto\/author\/andre-leconde\/"}]}},"_links":{"self":[{"href":"https:\/\/blogs.thesocialmedia.com\/leblogmoto\/wp-json\/wp\/v2\/posts\/2055","targetHints":{"allow":["GET"]}}],"collection":[{"href":"https:\/\/blogs.thesocialmedia.com\/leblogmoto\/wp-json\/wp\/v2\/posts"}],"about":[{"href":"https:\/\/blogs.thesocialmedia.com\/leblogmoto\/wp-json\/wp\/v2\/types\/post"}],"author":[{"embeddable":true,"href":"https:\/\/blogs.thesocialmedia.com\/leblogmoto\/wp-json\/wp\/v2\/users\/336"}],"replies":[{"embeddable":true,"href":"https:\/\/blogs.thesocialmedia.com\/leblogmoto\/wp-json\/wp\/v2\/comments?post=2055"}],"version-history":[{"count":2,"href":"https:\/\/blogs.thesocialmedia.com\/leblogmoto\/wp-json\/wp\/v2\/posts\/2055\/revisions"}],"predecessor-version":[{"id":7039,"href":"https:\/\/blogs.thesocialmedia.com\/leblogmoto\/wp-json\/wp\/v2\/posts\/2055\/revisions\/7039"}],"wp:attachment":[{"href":"https:\/\/blogs.thesocialmedia.com\/leblogmoto\/wp-json\/wp\/v2\/media?parent=2055"}],"wp:term":[{"taxonomy":"category","embeddable":true,"href":"https:\/\/blogs.thesocialmedia.com\/leblogmoto\/wp-json\/wp\/v2\/categories?post=2055"},{"taxonomy":"post_tag","embeddable":true,"href":"https:\/\/blogs.thesocialmedia.com\/leblogmoto\/wp-json\/wp\/v2\/tags?post=2055"}],"curies":[{"name":"wp","href":"https:\/\/api.w.org\/{rel}","templated":true}]}}