{"id":2058,"date":"2006-02-16T18:05:37","date_gmt":"2006-02-16T18:05:37","guid":{"rendered":"http:\/\/blogs.thesocialmedia.com\/leblogmoto\/2006\/02\/16\/gense-dune-pein\/"},"modified":"2012-07-11T13:21:32","modified_gmt":"2012-07-11T13:21:32","slug":"gense-dune-pein","status":"publish","type":"post","link":"https:\/\/blogs.thesocialmedia.com\/leblogmoto\/2006\/02\/16\/gense-dune-pein\/","title":{"rendered":"Gen\u00e8se d&rsquo;une peinture de casque"},"content":{"rendered":"<p><a href=\"http:\/\/clabedan.typepad.com\/photos\/uncategorized\/dscn4756.JPG\"><img loading=\"lazy\" decoding=\"async\" width=\"250\" height=\"187\"  src=\"http:\/\/www.leblogauto.com\/images\/dscn4756.JPG\" alt=\"Dscn4756\" style=\"margin: 0px 5px 5px 0px;float: left\" \/><\/a>Tout <a href=\"http:\/\/www.leblogauto.com\/2006\/02\/conducteurs_du_.html\">pilote du dimanche<\/a> ou &lsquo;club racer&rsquo; se doit d&rsquo;avoir un \u00e9quipement ad\u00e9quat, \u00e0 savoir combinaison inifug\u00e9e, casque aux normes, gants, bottines et si possible une moto qui d\u00e9pote&#8230; Tout le reste est du superflu je vous l&rsquo;accorde mais une grande partie d&rsquo;entre nous s&rsquo;est vu admirer les stars du sport avec leur casques dignes d&rsquo;un Heaume de chevalier aux couleurs de leurs amoiries, m\u00eame s&rsquo;il est vrai que cela ne remplacera jamais le talent. <\/p>\n<p>La d\u00e9coration de casque s&rsquo;applique \u00e0 toutes sortes de sports, auto, moto, chute libre, mountain bike et j&rsquo;en passe, mais notre exemple, <a href=\"http:\/\/www.leblogauto.com\/2006\/02\/gense_dune_pein.html\">blog auto<\/a> oblige, sera un Arai GP5 de course automobile&#8230;les principes sont les m\u00eames&#8230;<\/p>\n<p>Mes recherches de prestataire m&rsquo;ont amen\u00e9 \u00e0 faire une rencontre qui va bien au-del\u00e0 de celle d&rsquo;un prestataire, en la personne de Jorge Miranda de la <a href=\"http:\/\/www.jaws.fr\/\">soci\u00e9t\u00e9 Jaws<\/a>, v\u00e9ritable artiste et passionn\u00e9 de sport auto et moto, ancien pilote virtuose du guidon comme du pinceau. Je le remercie pour son temps et sa patience face \u00e0 mes nombreuses questions et nos discussions \u00e0 n&rsquo;en plus finir sur un sport qui nous passione. Ses conseils ont \u00e9t\u00e9 pr\u00e9cieux tout au long de notre parcours.<\/p>\n<p><a href=\"http:\/\/clabedan.typepad.com\/photos\/uncategorized\/casque_copy.jpg\"><img loading=\"lazy\" decoding=\"async\" width=\"249\" height=\"222\"  src=\"http:\/\/www.leblogauto.com\/images\/casque_copy.jpg\" alt=\"Casque_copy\" style=\"margin: 0px 5px 5px 0px;float: left\" \/><\/a> Je suis arriv\u00e9 avec une \u00e9bauche Photoshop qui avait le m\u00e9rite de nous faire gagner du temps m\u00eame si les proportions avaient un grand besoin de la patte professionelle. Le graphiste saura \u00eatre de bon conseil et re-\u00e9quilibrer votre dessin, sugg\u00e8rer des am\u00e9liorations ici et l\u00e0, et vous proposera un design aboutit souvent sous format Illustrator avant de passer \u00e0 la phase suivante.<\/p>\n<p>Mon casque est neuf (mon dernier en date ayant \u00e9t\u00e9 subtilis\u00e9 au fond de mon coffre&#8230;) et Il est toujours conseill\u00e9 de partir sur une base de casque neuf blanc. Le casque est homologu\u00e9 5 ans et de plus il est blanc. N\u2019oubliez pas que vous avez affaire \u00e0 un artiste et non pas \u00e0 un peintre carrossier, le support doit \u00eatre absolument irr\u00e9prochable pour qu\u2019il puisse \u00eatre entousiaste et donc travailler dans les meilleures conditions. Votre casque n\u2019en sera que plus beau et vous ferez l\u2019envie de vos adversaires sur le circuit. De plus, une d\u00e9co d\u2019usine d\u00e9j\u00e0 pr\u00e9sente implique la pr\u00e9sence d&rsquo;autocollants, donc d\u00e9caper et rajouter beaucoup de peinture pour compenser. (\u00e0 suivre)<\/p>\n","protected":false},"excerpt":{"rendered":"<p>Tout pilote du dimanche ou &lsquo;club racer&rsquo; se doit d&rsquo;avoir un \u00e9quipement ad\u00e9quat, \u00e0 savoir combinaison inifug\u00e9e, casque aux normes, gants, bottines et si possible une moto qui d\u00e9pote&#8230; Tout le reste est du superflu je vous l&rsquo;accorde mais une grande partie d&rsquo;entre nous s&rsquo;est vu admirer les stars du sport avec leur casques dignes [&hellip;]<\/p>\n","protected":false},"author":219,"featured_media":0,"comment_status":"open","ping_status":"open","sticky":false,"template":"","format":"standard","meta":{"footnotes":""},"categories":[16,22],"tags":[],"class_list":["post-2058","post","type-post","status-publish","format-standard","hentry","category-art-moto","category-motogp"],"yoast_head":"<!-- This site is optimized with the Yoast SEO plugin v26.0 - https:\/\/yoast.com\/wordpress\/plugins\/seo\/ -->\n<title>Gen\u00e8se d&#039;une peinture de casque - leblogmoto.com<\/title>\n<meta name=\"robots\" content=\"index, follow, max-snippet:-1, max-image-preview:large, max-video-preview:-1\" \/>\n<link rel=\"canonical\" href=\"https:\/\/blogs.thesocialmedia.com\/leblogmoto\/2006\/02\/16\/gense-dune-pein\/\" \/>\n<meta name=\"twitter:card\" content=\"summary_large_image\" \/>\n<meta name=\"twitter:title\" content=\"Gen\u00e8se d&#039;une peinture de casque - leblogmoto.com\" \/>\n<meta name=\"twitter:description\" content=\"Tout pilote du dimanche ou &lsquo;club racer&rsquo; se doit d&rsquo;avoir un \u00e9quipement ad\u00e9quat, \u00e0 savoir combinaison inifug\u00e9e, casque aux normes, gants, bottines et si possible une moto qui d\u00e9pote&#8230; Tout le reste est du superflu je vous l&rsquo;accorde mais une grande partie d&rsquo;entre nous s&rsquo;est vu admirer les stars du sport avec leur casques dignes [&hellip;]\" \/>\n<meta name=\"twitter:image\" content=\"http:\/\/www.leblogauto.com\/images\/dscn4756.JPG\" \/>\n<meta name=\"twitter:label1\" content=\"\u00c9crit par\" \/>\n\t<meta name=\"twitter:data1\" content=\"David Christian Koskas\" \/>\n\t<meta name=\"twitter:label2\" content=\"Dur\u00e9e de lecture estim\u00e9e\" \/>\n\t<meta name=\"twitter:data2\" content=\"2 minutes\" \/>\n<script type=\"application\/ld+json\" class=\"yoast-schema-graph\">{\"@context\":\"https:\/\/schema.org\",\"@graph\":[{\"@type\":\"WebPage\",\"@id\":\"https:\/\/blogs.thesocialmedia.com\/leblogmoto\/2006\/02\/16\/gense-dune-pein\/\",\"url\":\"https:\/\/blogs.thesocialmedia.com\/leblogmoto\/2006\/02\/16\/gense-dune-pein\/\",\"name\":\"Gen\u00e8se d'une peinture de casque - leblogmoto.com\",\"isPartOf\":{\"@id\":\"https:\/\/blogs.thesocialmedia.com\/leblogmoto\/#website\"},\"primaryImageOfPage\":{\"@id\":\"https:\/\/blogs.thesocialmedia.com\/leblogmoto\/2006\/02\/16\/gense-dune-pein\/#primaryimage\"},\"image\":{\"@id\":\"https:\/\/blogs.thesocialmedia.com\/leblogmoto\/2006\/02\/16\/gense-dune-pein\/#primaryimage\"},\"thumbnailUrl\":\"http:\/\/www.leblogauto.com\/images\/dscn4756.JPG\",\"datePublished\":\"2006-02-16T18:05:37+00:00\",\"dateModified\":\"2012-07-11T13:21:32+00:00\",\"author\":{\"@id\":\"https:\/\/blogs.thesocialmedia.com\/leblogmoto\/#\/schema\/person\/deb0b0db470c11cf82cbc870c241f979\"},\"breadcrumb\":{\"@id\":\"https:\/\/blogs.thesocialmedia.com\/leblogmoto\/2006\/02\/16\/gense-dune-pein\/#breadcrumb\"},\"inLanguage\":\"fr-FR\",\"potentialAction\":[{\"@type\":\"ReadAction\",\"target\":[\"https:\/\/blogs.thesocialmedia.com\/leblogmoto\/2006\/02\/16\/gense-dune-pein\/\"]}]},{\"@type\":\"ImageObject\",\"inLanguage\":\"fr-FR\",\"@id\":\"https:\/\/blogs.thesocialmedia.com\/leblogmoto\/2006\/02\/16\/gense-dune-pein\/#primaryimage\",\"url\":\"http:\/\/www.leblogauto.com\/images\/dscn4756.JPG\",\"contentUrl\":\"http:\/\/www.leblogauto.com\/images\/dscn4756.JPG\"},{\"@type\":\"BreadcrumbList\",\"@id\":\"https:\/\/blogs.thesocialmedia.com\/leblogmoto\/2006\/02\/16\/gense-dune-pein\/#breadcrumb\",\"itemListElement\":[{\"@type\":\"ListItem\",\"position\":1,\"name\":\"Accueil\",\"item\":\"https:\/\/blogs.thesocialmedia.com\/leblogmoto\/\"},{\"@type\":\"ListItem\",\"position\":2,\"name\":\"Gen\u00e8se d&rsquo;une peinture de casque\"}]},{\"@type\":\"WebSite\",\"@id\":\"https:\/\/blogs.thesocialmedia.com\/leblogmoto\/#website\",\"url\":\"https:\/\/blogs.thesocialmedia.com\/leblogmoto\/\",\"name\":\"leblogmoto\",\"description\":\"Toute l&#039;actualit\u00e9 des 2 roues\",\"potentialAction\":[{\"@type\":\"SearchAction\",\"target\":{\"@type\":\"EntryPoint\",\"urlTemplate\":\"https:\/\/blogs.thesocialmedia.com\/leblogmoto\/?s={search_term_string}\"},\"query-input\":{\"@type\":\"PropertyValueSpecification\",\"valueRequired\":true,\"valueName\":\"search_term_string\"}}],\"inLanguage\":\"fr-FR\"},{\"@type\":\"Person\",\"@id\":\"https:\/\/blogs.thesocialmedia.com\/leblogmoto\/#\/schema\/person\/deb0b0db470c11cf82cbc870c241f979\",\"name\":\"David Christian Koskas\",\"image\":{\"@type\":\"ImageObject\",\"inLanguage\":\"fr-FR\",\"@id\":\"https:\/\/blogs.thesocialmedia.com\/leblogmoto\/#\/schema\/person\/image\/\",\"url\":\"https:\/\/secure.gravatar.com\/avatar\/3b119f8169c8019feae7e6b32a2a6c3a?s=96&d=mm&r=g\",\"contentUrl\":\"https:\/\/secure.gravatar.com\/avatar\/3b119f8169c8019feae7e6b32a2a6c3a?s=96&d=mm&r=g\",\"caption\":\"David Christian Koskas\"},\"url\":\"https:\/\/blogs.thesocialmedia.com\/leblogmoto\/author\/david-koskas\/\"}]}<\/script>\n<!-- \/ Yoast SEO plugin. -->","yoast_head_json":{"title":"Gen\u00e8se d'une peinture de casque - leblogmoto.com","robots":{"index":"index","follow":"follow","max-snippet":"max-snippet:-1","max-image-preview":"max-image-preview:large","max-video-preview":"max-video-preview:-1"},"canonical":"https:\/\/blogs.thesocialmedia.com\/leblogmoto\/2006\/02\/16\/gense-dune-pein\/","twitter_card":"summary_large_image","twitter_title":"Gen\u00e8se d'une peinture de casque - leblogmoto.com","twitter_description":"Tout pilote du dimanche ou &lsquo;club racer&rsquo; se doit d&rsquo;avoir un \u00e9quipement ad\u00e9quat, \u00e0 savoir combinaison inifug\u00e9e, casque aux normes, gants, bottines et si possible une moto qui d\u00e9pote&#8230; Tout le reste est du superflu je vous l&rsquo;accorde mais une grande partie d&rsquo;entre nous s&rsquo;est vu admirer les stars du sport avec leur casques dignes [&hellip;]","twitter_image":"http:\/\/www.leblogauto.com\/images\/dscn4756.JPG","twitter_misc":{"\u00c9crit par":"David Christian Koskas","Dur\u00e9e de lecture estim\u00e9e":"2 minutes"},"schema":{"@context":"https:\/\/schema.org","@graph":[{"@type":"WebPage","@id":"https:\/\/blogs.thesocialmedia.com\/leblogmoto\/2006\/02\/16\/gense-dune-pein\/","url":"https:\/\/blogs.thesocialmedia.com\/leblogmoto\/2006\/02\/16\/gense-dune-pein\/","name":"Gen\u00e8se d'une peinture de casque - leblogmoto.com","isPartOf":{"@id":"https:\/\/blogs.thesocialmedia.com\/leblogmoto\/#website"},"primaryImageOfPage":{"@id":"https:\/\/blogs.thesocialmedia.com\/leblogmoto\/2006\/02\/16\/gense-dune-pein\/#primaryimage"},"image":{"@id":"https:\/\/blogs.thesocialmedia.com\/leblogmoto\/2006\/02\/16\/gense-dune-pein\/#primaryimage"},"thumbnailUrl":"http:\/\/www.leblogauto.com\/images\/dscn4756.JPG","datePublished":"2006-02-16T18:05:37+00:00","dateModified":"2012-07-11T13:21:32+00:00","author":{"@id":"https:\/\/blogs.thesocialmedia.com\/leblogmoto\/#\/schema\/person\/deb0b0db470c11cf82cbc870c241f979"},"breadcrumb":{"@id":"https:\/\/blogs.thesocialmedia.com\/leblogmoto\/2006\/02\/16\/gense-dune-pein\/#breadcrumb"},"inLanguage":"fr-FR","potentialAction":[{"@type":"ReadAction","target":["https:\/\/blogs.thesocialmedia.com\/leblogmoto\/2006\/02\/16\/gense-dune-pein\/"]}]},{"@type":"ImageObject","inLanguage":"fr-FR","@id":"https:\/\/blogs.thesocialmedia.com\/leblogmoto\/2006\/02\/16\/gense-dune-pein\/#primaryimage","url":"http:\/\/www.leblogauto.com\/images\/dscn4756.JPG","contentUrl":"http:\/\/www.leblogauto.com\/images\/dscn4756.JPG"},{"@type":"BreadcrumbList","@id":"https:\/\/blogs.thesocialmedia.com\/leblogmoto\/2006\/02\/16\/gense-dune-pein\/#breadcrumb","itemListElement":[{"@type":"ListItem","position":1,"name":"Accueil","item":"https:\/\/blogs.thesocialmedia.com\/leblogmoto\/"},{"@type":"ListItem","position":2,"name":"Gen\u00e8se d&rsquo;une peinture de casque"}]},{"@type":"WebSite","@id":"https:\/\/blogs.thesocialmedia.com\/leblogmoto\/#website","url":"https:\/\/blogs.thesocialmedia.com\/leblogmoto\/","name":"leblogmoto","description":"Toute l&#039;actualit\u00e9 des 2 roues","potentialAction":[{"@type":"SearchAction","target":{"@type":"EntryPoint","urlTemplate":"https:\/\/blogs.thesocialmedia.com\/leblogmoto\/?s={search_term_string}"},"query-input":{"@type":"PropertyValueSpecification","valueRequired":true,"valueName":"search_term_string"}}],"inLanguage":"fr-FR"},{"@type":"Person","@id":"https:\/\/blogs.thesocialmedia.com\/leblogmoto\/#\/schema\/person\/deb0b0db470c11cf82cbc870c241f979","name":"David Christian Koskas","image":{"@type":"ImageObject","inLanguage":"fr-FR","@id":"https:\/\/blogs.thesocialmedia.com\/leblogmoto\/#\/schema\/person\/image\/","url":"https:\/\/secure.gravatar.com\/avatar\/3b119f8169c8019feae7e6b32a2a6c3a?s=96&d=mm&r=g","contentUrl":"https:\/\/secure.gravatar.com\/avatar\/3b119f8169c8019feae7e6b32a2a6c3a?s=96&d=mm&r=g","caption":"David Christian Koskas"},"url":"https:\/\/blogs.thesocialmedia.com\/leblogmoto\/author\/david-koskas\/"}]}},"_links":{"self":[{"href":"https:\/\/blogs.thesocialmedia.com\/leblogmoto\/wp-json\/wp\/v2\/posts\/2058","targetHints":{"allow":["GET"]}}],"collection":[{"href":"https:\/\/blogs.thesocialmedia.com\/leblogmoto\/wp-json\/wp\/v2\/posts"}],"about":[{"href":"https:\/\/blogs.thesocialmedia.com\/leblogmoto\/wp-json\/wp\/v2\/types\/post"}],"author":[{"embeddable":true,"href":"https:\/\/blogs.thesocialmedia.com\/leblogmoto\/wp-json\/wp\/v2\/users\/219"}],"replies":[{"embeddable":true,"href":"https:\/\/blogs.thesocialmedia.com\/leblogmoto\/wp-json\/wp\/v2\/comments?post=2058"}],"version-history":[{"count":1,"href":"https:\/\/blogs.thesocialmedia.com\/leblogmoto\/wp-json\/wp\/v2\/posts\/2058\/revisions"}],"predecessor-version":[{"id":3117,"href":"https:\/\/blogs.thesocialmedia.com\/leblogmoto\/wp-json\/wp\/v2\/posts\/2058\/revisions\/3117"}],"wp:attachment":[{"href":"https:\/\/blogs.thesocialmedia.com\/leblogmoto\/wp-json\/wp\/v2\/media?parent=2058"}],"wp:term":[{"taxonomy":"category","embeddable":true,"href":"https:\/\/blogs.thesocialmedia.com\/leblogmoto\/wp-json\/wp\/v2\/categories?post=2058"},{"taxonomy":"post_tag","embeddable":true,"href":"https:\/\/blogs.thesocialmedia.com\/leblogmoto\/wp-json\/wp\/v2\/tags?post=2058"}],"curies":[{"name":"wp","href":"https:\/\/api.w.org\/{rel}","templated":true}]}}