{"id":2061,"date":"2006-02-15T18:36:50","date_gmt":"2006-02-15T18:36:50","guid":{"rendered":"http:\/\/blogs.thesocialmedia.com\/leblogmoto\/2006\/02\/15\/le-monde-du-mod\/"},"modified":"2012-07-11T13:21:32","modified_gmt":"2012-07-11T13:21:32","slug":"le-monde-du-mod","status":"publish","type":"post","link":"https:\/\/blogs.thesocialmedia.com\/leblogmoto\/2006\/02\/15\/le-monde-du-mod\/","title":{"rendered":"SALON de la Maquette: La moto \u00e0 grande \u00e9chelle."},"content":{"rendered":"<p><a href=\"http:\/\/clabedan.typepad.com\/.shared\/image.html?\/photos\/uncategorized\/doohan.jpeg\"><img loading=\"lazy\" decoding=\"async\" height=\"327\" alt=\"Doohan\" src=\"http:\/\/www.leblogmoto.com\/images\/doohan.jpeg\" width=\"250\"  \/><\/a>Le monde du mod\u00e9lisme a son <a href=\"http:\/\/www.leblogmoto.com\/2005\/11\/1er_salon_europ.html\">salon<\/a> de r\u00e9f\u00e9rence, et il se situe, chaque ann\u00e9e, \u00e0 <a href=\"http:\/\/www.leblogmoto.com\/2005\/09\/mondial_du_deux.html\">PARIS<\/a>, Porte de Versailles. <\/p>\n<p>Cette ann\u00e9e, il aura lieu du <strong>13 au 17 avril<\/strong>, sur cinq jours qui verront 10 000 maquettes expos\u00e9es sur 25 000 m2.<\/p>\n<p>Pour ce mill\u00e9sime, la moto fait une entr\u00e9e remarqu\u00e9e puisqu&rsquo;elle participera, aussi, aux aires de d\u00e9monstration et autres animations qui \u00e9gayeront le quotidien de cette manifestation incontournable pour le maquettiste chevronn\u00e9.<\/p>\n<p>Des r\u00e9compenses y seront d\u00e9cern\u00e9es comme celui de l&rsquo;innovation ou des coups de coeur de la presse. Pour ce qui <a href=\"http:\/\/www.leblogmoto.com\/2005\/12\/lhomo_motardicu.html\">nous<\/a> concerne, les jeux sont faits: ce sera la moto !&nbsp; &nbsp;<\/p>\n<p>SOURCE: <a href=\"http:\/\/www.salon-maquette.com\/\">www.salon-maquette.com<\/a> <\/p>\n","protected":false},"excerpt":{"rendered":"<p>Le monde du mod\u00e9lisme a son salon de r\u00e9f\u00e9rence, et il se situe, chaque ann\u00e9e, \u00e0 PARIS, Porte de Versailles. Cette ann\u00e9e, il aura lieu du 13 au 17 avril, sur cinq jours qui verront 10 000 maquettes expos\u00e9es sur 25 000 m2. Pour ce mill\u00e9sime, la moto fait une entr\u00e9e remarqu\u00e9e puisqu&rsquo;elle participera, aussi, [&hellip;]<\/p>\n","protected":false},"author":336,"featured_media":0,"comment_status":"open","ping_status":"open","sticky":false,"template":"","format":"standard","meta":{"footnotes":""},"categories":[36],"tags":[],"class_list":["post-2061","post","type-post","status-publish","format-standard","hentry","category-salons"],"yoast_head":"<!-- This site is optimized with the Yoast SEO plugin v26.0 - https:\/\/yoast.com\/wordpress\/plugins\/seo\/ -->\n<title>SALON de la Maquette: La moto \u00e0 grande \u00e9chelle. - leblogmoto.com<\/title>\n<meta name=\"robots\" content=\"index, follow, max-snippet:-1, max-image-preview:large, max-video-preview:-1\" \/>\n<link rel=\"canonical\" href=\"https:\/\/blogs.thesocialmedia.com\/leblogmoto\/2006\/02\/15\/le-monde-du-mod\/\" \/>\n<meta name=\"twitter:card\" content=\"summary_large_image\" \/>\n<meta name=\"twitter:title\" content=\"SALON de la Maquette: La moto \u00e0 grande \u00e9chelle. - leblogmoto.com\" \/>\n<meta name=\"twitter:description\" content=\"Le monde du mod\u00e9lisme a son salon de r\u00e9f\u00e9rence, et il se situe, chaque ann\u00e9e, \u00e0 PARIS, Porte de Versailles. Cette ann\u00e9e, il aura lieu du 13 au 17 avril, sur cinq jours qui verront 10 000 maquettes expos\u00e9es sur 25 000 m2. Pour ce mill\u00e9sime, la moto fait une entr\u00e9e remarqu\u00e9e puisqu&rsquo;elle participera, aussi, [&hellip;]\" \/>\n<meta name=\"twitter:image\" content=\"http:\/\/www.leblogmoto.com\/images\/doohan.jpeg\" \/>\n<meta name=\"twitter:label1\" content=\"\u00c9crit par\" \/>\n\t<meta name=\"twitter:data1\" content=\"andre leconde\" \/>\n\t<meta name=\"twitter:label2\" content=\"Dur\u00e9e de lecture estim\u00e9e\" \/>\n\t<meta name=\"twitter:data2\" content=\"1 minute\" \/>\n<script type=\"application\/ld+json\" class=\"yoast-schema-graph\">{\"@context\":\"https:\/\/schema.org\",\"@graph\":[{\"@type\":\"WebPage\",\"@id\":\"https:\/\/blogs.thesocialmedia.com\/leblogmoto\/2006\/02\/15\/le-monde-du-mod\/\",\"url\":\"https:\/\/blogs.thesocialmedia.com\/leblogmoto\/2006\/02\/15\/le-monde-du-mod\/\",\"name\":\"SALON de la Maquette: La moto \u00e0 grande \u00e9chelle. - leblogmoto.com\",\"isPartOf\":{\"@id\":\"https:\/\/blogs.thesocialmedia.com\/leblogmoto\/#website\"},\"primaryImageOfPage\":{\"@id\":\"https:\/\/blogs.thesocialmedia.com\/leblogmoto\/2006\/02\/15\/le-monde-du-mod\/#primaryimage\"},\"image\":{\"@id\":\"https:\/\/blogs.thesocialmedia.com\/leblogmoto\/2006\/02\/15\/le-monde-du-mod\/#primaryimage\"},\"thumbnailUrl\":\"http:\/\/www.leblogmoto.com\/images\/doohan.jpeg\",\"datePublished\":\"2006-02-15T18:36:50+00:00\",\"dateModified\":\"2012-07-11T13:21:32+00:00\",\"author\":{\"@id\":\"https:\/\/blogs.thesocialmedia.com\/leblogmoto\/#\/schema\/person\/1a1dcfc7cec206573105eb4af91155c2\"},\"breadcrumb\":{\"@id\":\"https:\/\/blogs.thesocialmedia.com\/leblogmoto\/2006\/02\/15\/le-monde-du-mod\/#breadcrumb\"},\"inLanguage\":\"fr-FR\",\"potentialAction\":[{\"@type\":\"ReadAction\",\"target\":[\"https:\/\/blogs.thesocialmedia.com\/leblogmoto\/2006\/02\/15\/le-monde-du-mod\/\"]}]},{\"@type\":\"ImageObject\",\"inLanguage\":\"fr-FR\",\"@id\":\"https:\/\/blogs.thesocialmedia.com\/leblogmoto\/2006\/02\/15\/le-monde-du-mod\/#primaryimage\",\"url\":\"http:\/\/www.leblogmoto.com\/images\/doohan.jpeg\",\"contentUrl\":\"http:\/\/www.leblogmoto.com\/images\/doohan.jpeg\"},{\"@type\":\"BreadcrumbList\",\"@id\":\"https:\/\/blogs.thesocialmedia.com\/leblogmoto\/2006\/02\/15\/le-monde-du-mod\/#breadcrumb\",\"itemListElement\":[{\"@type\":\"ListItem\",\"position\":1,\"name\":\"Accueil\",\"item\":\"https:\/\/blogs.thesocialmedia.com\/leblogmoto\/\"},{\"@type\":\"ListItem\",\"position\":2,\"name\":\"SALON de la Maquette: La moto \u00e0 grande \u00e9chelle.\"}]},{\"@type\":\"WebSite\",\"@id\":\"https:\/\/blogs.thesocialmedia.com\/leblogmoto\/#website\",\"url\":\"https:\/\/blogs.thesocialmedia.com\/leblogmoto\/\",\"name\":\"leblogmoto\",\"description\":\"Toute l&#039;actualit\u00e9 des 2 roues\",\"potentialAction\":[{\"@type\":\"SearchAction\",\"target\":{\"@type\":\"EntryPoint\",\"urlTemplate\":\"https:\/\/blogs.thesocialmedia.com\/leblogmoto\/?s={search_term_string}\"},\"query-input\":{\"@type\":\"PropertyValueSpecification\",\"valueRequired\":true,\"valueName\":\"search_term_string\"}}],\"inLanguage\":\"fr-FR\"},{\"@type\":\"Person\",\"@id\":\"https:\/\/blogs.thesocialmedia.com\/leblogmoto\/#\/schema\/person\/1a1dcfc7cec206573105eb4af91155c2\",\"name\":\"andre leconde\",\"image\":{\"@type\":\"ImageObject\",\"inLanguage\":\"fr-FR\",\"@id\":\"https:\/\/blogs.thesocialmedia.com\/leblogmoto\/#\/schema\/person\/image\/\",\"url\":\"https:\/\/secure.gravatar.com\/avatar\/?s=96&d=mm&r=g\",\"contentUrl\":\"https:\/\/secure.gravatar.com\/avatar\/?s=96&d=mm&r=g\",\"caption\":\"andre leconde\"},\"url\":\"https:\/\/blogs.thesocialmedia.com\/leblogmoto\/author\/andre-leconde\/\"}]}<\/script>\n<!-- \/ Yoast SEO plugin. -->","yoast_head_json":{"title":"SALON de la Maquette: La moto \u00e0 grande \u00e9chelle. - leblogmoto.com","robots":{"index":"index","follow":"follow","max-snippet":"max-snippet:-1","max-image-preview":"max-image-preview:large","max-video-preview":"max-video-preview:-1"},"canonical":"https:\/\/blogs.thesocialmedia.com\/leblogmoto\/2006\/02\/15\/le-monde-du-mod\/","twitter_card":"summary_large_image","twitter_title":"SALON de la Maquette: La moto \u00e0 grande \u00e9chelle. - leblogmoto.com","twitter_description":"Le monde du mod\u00e9lisme a son salon de r\u00e9f\u00e9rence, et il se situe, chaque ann\u00e9e, \u00e0 PARIS, Porte de Versailles. Cette ann\u00e9e, il aura lieu du 13 au 17 avril, sur cinq jours qui verront 10 000 maquettes expos\u00e9es sur 25 000 m2. Pour ce mill\u00e9sime, la moto fait une entr\u00e9e remarqu\u00e9e puisqu&rsquo;elle participera, aussi, [&hellip;]","twitter_image":"http:\/\/www.leblogmoto.com\/images\/doohan.jpeg","twitter_misc":{"\u00c9crit par":"andre leconde","Dur\u00e9e de lecture estim\u00e9e":"1 minute"},"schema":{"@context":"https:\/\/schema.org","@graph":[{"@type":"WebPage","@id":"https:\/\/blogs.thesocialmedia.com\/leblogmoto\/2006\/02\/15\/le-monde-du-mod\/","url":"https:\/\/blogs.thesocialmedia.com\/leblogmoto\/2006\/02\/15\/le-monde-du-mod\/","name":"SALON de la Maquette: La moto \u00e0 grande \u00e9chelle. - leblogmoto.com","isPartOf":{"@id":"https:\/\/blogs.thesocialmedia.com\/leblogmoto\/#website"},"primaryImageOfPage":{"@id":"https:\/\/blogs.thesocialmedia.com\/leblogmoto\/2006\/02\/15\/le-monde-du-mod\/#primaryimage"},"image":{"@id":"https:\/\/blogs.thesocialmedia.com\/leblogmoto\/2006\/02\/15\/le-monde-du-mod\/#primaryimage"},"thumbnailUrl":"http:\/\/www.leblogmoto.com\/images\/doohan.jpeg","datePublished":"2006-02-15T18:36:50+00:00","dateModified":"2012-07-11T13:21:32+00:00","author":{"@id":"https:\/\/blogs.thesocialmedia.com\/leblogmoto\/#\/schema\/person\/1a1dcfc7cec206573105eb4af91155c2"},"breadcrumb":{"@id":"https:\/\/blogs.thesocialmedia.com\/leblogmoto\/2006\/02\/15\/le-monde-du-mod\/#breadcrumb"},"inLanguage":"fr-FR","potentialAction":[{"@type":"ReadAction","target":["https:\/\/blogs.thesocialmedia.com\/leblogmoto\/2006\/02\/15\/le-monde-du-mod\/"]}]},{"@type":"ImageObject","inLanguage":"fr-FR","@id":"https:\/\/blogs.thesocialmedia.com\/leblogmoto\/2006\/02\/15\/le-monde-du-mod\/#primaryimage","url":"http:\/\/www.leblogmoto.com\/images\/doohan.jpeg","contentUrl":"http:\/\/www.leblogmoto.com\/images\/doohan.jpeg"},{"@type":"BreadcrumbList","@id":"https:\/\/blogs.thesocialmedia.com\/leblogmoto\/2006\/02\/15\/le-monde-du-mod\/#breadcrumb","itemListElement":[{"@type":"ListItem","position":1,"name":"Accueil","item":"https:\/\/blogs.thesocialmedia.com\/leblogmoto\/"},{"@type":"ListItem","position":2,"name":"SALON de la Maquette: La moto \u00e0 grande \u00e9chelle."}]},{"@type":"WebSite","@id":"https:\/\/blogs.thesocialmedia.com\/leblogmoto\/#website","url":"https:\/\/blogs.thesocialmedia.com\/leblogmoto\/","name":"leblogmoto","description":"Toute l&#039;actualit\u00e9 des 2 roues","potentialAction":[{"@type":"SearchAction","target":{"@type":"EntryPoint","urlTemplate":"https:\/\/blogs.thesocialmedia.com\/leblogmoto\/?s={search_term_string}"},"query-input":{"@type":"PropertyValueSpecification","valueRequired":true,"valueName":"search_term_string"}}],"inLanguage":"fr-FR"},{"@type":"Person","@id":"https:\/\/blogs.thesocialmedia.com\/leblogmoto\/#\/schema\/person\/1a1dcfc7cec206573105eb4af91155c2","name":"andre leconde","image":{"@type":"ImageObject","inLanguage":"fr-FR","@id":"https:\/\/blogs.thesocialmedia.com\/leblogmoto\/#\/schema\/person\/image\/","url":"https:\/\/secure.gravatar.com\/avatar\/?s=96&d=mm&r=g","contentUrl":"https:\/\/secure.gravatar.com\/avatar\/?s=96&d=mm&r=g","caption":"andre leconde"},"url":"https:\/\/blogs.thesocialmedia.com\/leblogmoto\/author\/andre-leconde\/"}]}},"_links":{"self":[{"href":"https:\/\/blogs.thesocialmedia.com\/leblogmoto\/wp-json\/wp\/v2\/posts\/2061","targetHints":{"allow":["GET"]}}],"collection":[{"href":"https:\/\/blogs.thesocialmedia.com\/leblogmoto\/wp-json\/wp\/v2\/posts"}],"about":[{"href":"https:\/\/blogs.thesocialmedia.com\/leblogmoto\/wp-json\/wp\/v2\/types\/post"}],"author":[{"embeddable":true,"href":"https:\/\/blogs.thesocialmedia.com\/leblogmoto\/wp-json\/wp\/v2\/users\/336"}],"replies":[{"embeddable":true,"href":"https:\/\/blogs.thesocialmedia.com\/leblogmoto\/wp-json\/wp\/v2\/comments?post=2061"}],"version-history":[{"count":1,"href":"https:\/\/blogs.thesocialmedia.com\/leblogmoto\/wp-json\/wp\/v2\/posts\/2061\/revisions"}],"predecessor-version":[{"id":3114,"href":"https:\/\/blogs.thesocialmedia.com\/leblogmoto\/wp-json\/wp\/v2\/posts\/2061\/revisions\/3114"}],"wp:attachment":[{"href":"https:\/\/blogs.thesocialmedia.com\/leblogmoto\/wp-json\/wp\/v2\/media?parent=2061"}],"wp:term":[{"taxonomy":"category","embeddable":true,"href":"https:\/\/blogs.thesocialmedia.com\/leblogmoto\/wp-json\/wp\/v2\/categories?post=2061"},{"taxonomy":"post_tag","embeddable":true,"href":"https:\/\/blogs.thesocialmedia.com\/leblogmoto\/wp-json\/wp\/v2\/tags?post=2061"}],"curies":[{"name":"wp","href":"https:\/\/api.w.org\/{rel}","templated":true}]}}