{"id":2064,"date":"2006-02-14T12:01:01","date_gmt":"2006-02-14T12:01:01","guid":{"rendered":"http:\/\/blogs.thesocialmedia.com\/leblogmoto\/2006\/02\/14\/dream-cup-pour\/"},"modified":"2012-07-11T14:15:26","modified_gmt":"2012-07-11T14:15:26","slug":"dream-cup-pour","status":"publish","type":"post","link":"https:\/\/blogs.thesocialmedia.com\/leblogmoto\/2006\/02\/14\/dream-cup-pour\/","title":{"rendered":"DREAM Cup: Pour une St Valentin de r\u00eave&#8230;"},"content":{"rendered":"<p><a href=\"http:\/\/blogs.thesocialmedia.com\/leblogmoto\/files\/2012\/07\/dreamcup2004_20026.jpg\"><img loading=\"lazy\" decoding=\"async\" height=\"187\" alt=\"Dreamcup2004_20026\" src=\"http:\/\/www.leblogmoto.com\/images\/dreamcup2004_20026.jpg\" width=\"250\"  \/><\/a>Vous voulez vraiment que cette <strong>Saint Valentin<\/strong> soit celle dont votre dulcin\u00e9e se souviendra pendant longtemps. <\/p>\n<p><a href=\"http:\/\/blogs.thesocialmedia.com\/leblogmoto\/files\/2012\/07\/post.html_.png\">Elle<\/a> partage votre passion, c&rsquo;est une motarde jusqu&rsquo;au bout des ongles, la passag\u00e8re parfaite ou le bin\u00f4me de r\u00eave en ballade. <\/p>\n<p>Ne cherchez plus, voici le cadeau qu&rsquo;il lui faut&#8230;<\/p>\n<\/p>\n<p><a href=\"http:\/\/clabedan.typepad.com\/.shared\/image.html?\/photos\/uncategorized\/dreamcup2004_20069.jpg\"><img loading=\"lazy\" decoding=\"async\" height=\"315\" alt=\"Dreamcup2004_20069\" src=\"http:\/\/www.leblogmoto.com\/images\/dreamcup2004_20069.jpg\" width=\"250\"  \/><\/a>Les <strong>6 et 7 mai<\/strong> \u00e0 <strong>LEDENON<\/strong> et les <strong>1\u00b0 et 2 juillet<\/strong> \u00e0 <a href=\"http:\/\/www.leblogmoto.com\/2005\/12\/le_circuit_caro.html\">CAROLE<\/a>, deux \u00e9preuves de vitesse sont organis\u00e9es pour elles dans le cadre de la &quot;Dream Cup&quot;.<\/p>\n<p>Routi\u00e8re ou sportive, qu&rsquo;importe le flacon pourvu qu&rsquo;elles aient l&rsquo;ivresse. Et puis, si votre budget est un peu court, allez voir du c\u00f4t\u00e9 du sponsor ELAN, qui, dans sa grande mansu\u00e9tude, offre, pour cette ann\u00e9e, le guidon d&rsquo;une <a href=\"http:\/\/www.leblogmoto.com\/2005\/06\/yamaha_yzf_1000.html\">R.1<\/a> \u00e0 une concurrente motiv\u00e9e qui aura s\u00e9duit par son dossier.&nbsp; &nbsp;<\/p>\n<p>C&rsquo;est plus original que d&rsquo;aller chez le fleuriste du coin, bien que l&rsquo;un n&rsquo;ait jamais emp\u00each\u00e9 l&rsquo;autre&#8230; Si, apr\u00e8s \u00e7a, elle ne vous darde pas de son regard du chim\u00e8ne&#8230; Bonne St Valentin \u00e0 toutes et tous !<\/p>\n<p>SOURCE: <a href=\"http:\/\/www.moto-net.com\/\">www.moto-net.com<\/a>&nbsp; &nbsp;<\/p><\/p>\n","protected":false},"excerpt":{"rendered":"<p>Vous voulez vraiment que cette Saint Valentin soit celle dont votre dulcin\u00e9e se souviendra pendant longtemps. Elle partage votre passion, c&rsquo;est une motarde jusqu&rsquo;au bout des ongles, la passag\u00e8re parfaite ou le bin\u00f4me de r\u00eave en ballade. Ne cherchez plus, voici le cadeau qu&rsquo;il lui faut&#8230; Les 6 et 7 mai \u00e0 LEDENON et les [&hellip;]<\/p>\n","protected":false},"author":336,"featured_media":0,"comment_status":"open","ping_status":"open","sticky":false,"template":"","format":"standard","meta":{"footnotes":""},"categories":[32],"tags":[],"class_list":["post-2064","post","type-post","status-publish","format-standard","hentry","category-sport-moto"],"yoast_head":"<!-- This site is optimized with the Yoast SEO plugin v26.0 - https:\/\/yoast.com\/wordpress\/plugins\/seo\/ -->\n<title>DREAM Cup: Pour une St Valentin de r\u00eave... - leblogmoto.com<\/title>\n<meta name=\"robots\" content=\"index, follow, max-snippet:-1, max-image-preview:large, max-video-preview:-1\" \/>\n<link rel=\"canonical\" href=\"https:\/\/blogs.thesocialmedia.com\/leblogmoto\/2006\/02\/14\/dream-cup-pour\/\" \/>\n<meta name=\"twitter:card\" content=\"summary_large_image\" \/>\n<meta name=\"twitter:title\" content=\"DREAM Cup: Pour une St Valentin de r\u00eave... - leblogmoto.com\" \/>\n<meta name=\"twitter:description\" content=\"Vous voulez vraiment que cette Saint Valentin soit celle dont votre dulcin\u00e9e se souviendra pendant longtemps. Elle partage votre passion, c&rsquo;est une motarde jusqu&rsquo;au bout des ongles, la passag\u00e8re parfaite ou le bin\u00f4me de r\u00eave en ballade. Ne cherchez plus, voici le cadeau qu&rsquo;il lui faut&#8230; Les 6 et 7 mai \u00e0 LEDENON et les [&hellip;]\" \/>\n<meta name=\"twitter:image\" content=\"http:\/\/www.leblogmoto.com\/images\/dreamcup2004_20026.jpg\" \/>\n<meta name=\"twitter:label1\" content=\"\u00c9crit par\" \/>\n\t<meta name=\"twitter:data1\" content=\"andre leconde\" \/>\n\t<meta name=\"twitter:label2\" content=\"Dur\u00e9e de lecture estim\u00e9e\" \/>\n\t<meta name=\"twitter:data2\" content=\"1 minute\" \/>\n<script type=\"application\/ld+json\" class=\"yoast-schema-graph\">{\"@context\":\"https:\/\/schema.org\",\"@graph\":[{\"@type\":\"WebPage\",\"@id\":\"https:\/\/blogs.thesocialmedia.com\/leblogmoto\/2006\/02\/14\/dream-cup-pour\/\",\"url\":\"https:\/\/blogs.thesocialmedia.com\/leblogmoto\/2006\/02\/14\/dream-cup-pour\/\",\"name\":\"DREAM Cup: Pour une St Valentin de r\u00eave... - leblogmoto.com\",\"isPartOf\":{\"@id\":\"https:\/\/blogs.thesocialmedia.com\/leblogmoto\/#website\"},\"primaryImageOfPage\":{\"@id\":\"https:\/\/blogs.thesocialmedia.com\/leblogmoto\/2006\/02\/14\/dream-cup-pour\/#primaryimage\"},\"image\":{\"@id\":\"https:\/\/blogs.thesocialmedia.com\/leblogmoto\/2006\/02\/14\/dream-cup-pour\/#primaryimage\"},\"thumbnailUrl\":\"http:\/\/www.leblogmoto.com\/images\/dreamcup2004_20026.jpg\",\"datePublished\":\"2006-02-14T12:01:01+00:00\",\"dateModified\":\"2012-07-11T14:15:26+00:00\",\"author\":{\"@id\":\"https:\/\/blogs.thesocialmedia.com\/leblogmoto\/#\/schema\/person\/1a1dcfc7cec206573105eb4af91155c2\"},\"breadcrumb\":{\"@id\":\"https:\/\/blogs.thesocialmedia.com\/leblogmoto\/2006\/02\/14\/dream-cup-pour\/#breadcrumb\"},\"inLanguage\":\"fr-FR\",\"potentialAction\":[{\"@type\":\"ReadAction\",\"target\":[\"https:\/\/blogs.thesocialmedia.com\/leblogmoto\/2006\/02\/14\/dream-cup-pour\/\"]}]},{\"@type\":\"ImageObject\",\"inLanguage\":\"fr-FR\",\"@id\":\"https:\/\/blogs.thesocialmedia.com\/leblogmoto\/2006\/02\/14\/dream-cup-pour\/#primaryimage\",\"url\":\"http:\/\/www.leblogmoto.com\/images\/dreamcup2004_20026.jpg\",\"contentUrl\":\"http:\/\/www.leblogmoto.com\/images\/dreamcup2004_20026.jpg\"},{\"@type\":\"BreadcrumbList\",\"@id\":\"https:\/\/blogs.thesocialmedia.com\/leblogmoto\/2006\/02\/14\/dream-cup-pour\/#breadcrumb\",\"itemListElement\":[{\"@type\":\"ListItem\",\"position\":1,\"name\":\"Accueil\",\"item\":\"https:\/\/blogs.thesocialmedia.com\/leblogmoto\/\"},{\"@type\":\"ListItem\",\"position\":2,\"name\":\"DREAM Cup: Pour une St Valentin de r\u00eave&#8230;\"}]},{\"@type\":\"WebSite\",\"@id\":\"https:\/\/blogs.thesocialmedia.com\/leblogmoto\/#website\",\"url\":\"https:\/\/blogs.thesocialmedia.com\/leblogmoto\/\",\"name\":\"leblogmoto\",\"description\":\"Toute l&#039;actualit\u00e9 des 2 roues\",\"potentialAction\":[{\"@type\":\"SearchAction\",\"target\":{\"@type\":\"EntryPoint\",\"urlTemplate\":\"https:\/\/blogs.thesocialmedia.com\/leblogmoto\/?s={search_term_string}\"},\"query-input\":{\"@type\":\"PropertyValueSpecification\",\"valueRequired\":true,\"valueName\":\"search_term_string\"}}],\"inLanguage\":\"fr-FR\"},{\"@type\":\"Person\",\"@id\":\"https:\/\/blogs.thesocialmedia.com\/leblogmoto\/#\/schema\/person\/1a1dcfc7cec206573105eb4af91155c2\",\"name\":\"andre leconde\",\"image\":{\"@type\":\"ImageObject\",\"inLanguage\":\"fr-FR\",\"@id\":\"https:\/\/blogs.thesocialmedia.com\/leblogmoto\/#\/schema\/person\/image\/\",\"url\":\"https:\/\/secure.gravatar.com\/avatar\/?s=96&d=mm&r=g\",\"contentUrl\":\"https:\/\/secure.gravatar.com\/avatar\/?s=96&d=mm&r=g\",\"caption\":\"andre leconde\"},\"url\":\"https:\/\/blogs.thesocialmedia.com\/leblogmoto\/author\/andre-leconde\/\"}]}<\/script>\n<!-- \/ Yoast SEO plugin. -->","yoast_head_json":{"title":"DREAM Cup: Pour une St Valentin de r\u00eave... - leblogmoto.com","robots":{"index":"index","follow":"follow","max-snippet":"max-snippet:-1","max-image-preview":"max-image-preview:large","max-video-preview":"max-video-preview:-1"},"canonical":"https:\/\/blogs.thesocialmedia.com\/leblogmoto\/2006\/02\/14\/dream-cup-pour\/","twitter_card":"summary_large_image","twitter_title":"DREAM Cup: Pour une St Valentin de r\u00eave... - leblogmoto.com","twitter_description":"Vous voulez vraiment que cette Saint Valentin soit celle dont votre dulcin\u00e9e se souviendra pendant longtemps. Elle partage votre passion, c&rsquo;est une motarde jusqu&rsquo;au bout des ongles, la passag\u00e8re parfaite ou le bin\u00f4me de r\u00eave en ballade. Ne cherchez plus, voici le cadeau qu&rsquo;il lui faut&#8230; Les 6 et 7 mai \u00e0 LEDENON et les [&hellip;]","twitter_image":"http:\/\/www.leblogmoto.com\/images\/dreamcup2004_20026.jpg","twitter_misc":{"\u00c9crit par":"andre leconde","Dur\u00e9e de lecture estim\u00e9e":"1 minute"},"schema":{"@context":"https:\/\/schema.org","@graph":[{"@type":"WebPage","@id":"https:\/\/blogs.thesocialmedia.com\/leblogmoto\/2006\/02\/14\/dream-cup-pour\/","url":"https:\/\/blogs.thesocialmedia.com\/leblogmoto\/2006\/02\/14\/dream-cup-pour\/","name":"DREAM Cup: Pour une St Valentin de r\u00eave... - leblogmoto.com","isPartOf":{"@id":"https:\/\/blogs.thesocialmedia.com\/leblogmoto\/#website"},"primaryImageOfPage":{"@id":"https:\/\/blogs.thesocialmedia.com\/leblogmoto\/2006\/02\/14\/dream-cup-pour\/#primaryimage"},"image":{"@id":"https:\/\/blogs.thesocialmedia.com\/leblogmoto\/2006\/02\/14\/dream-cup-pour\/#primaryimage"},"thumbnailUrl":"http:\/\/www.leblogmoto.com\/images\/dreamcup2004_20026.jpg","datePublished":"2006-02-14T12:01:01+00:00","dateModified":"2012-07-11T14:15:26+00:00","author":{"@id":"https:\/\/blogs.thesocialmedia.com\/leblogmoto\/#\/schema\/person\/1a1dcfc7cec206573105eb4af91155c2"},"breadcrumb":{"@id":"https:\/\/blogs.thesocialmedia.com\/leblogmoto\/2006\/02\/14\/dream-cup-pour\/#breadcrumb"},"inLanguage":"fr-FR","potentialAction":[{"@type":"ReadAction","target":["https:\/\/blogs.thesocialmedia.com\/leblogmoto\/2006\/02\/14\/dream-cup-pour\/"]}]},{"@type":"ImageObject","inLanguage":"fr-FR","@id":"https:\/\/blogs.thesocialmedia.com\/leblogmoto\/2006\/02\/14\/dream-cup-pour\/#primaryimage","url":"http:\/\/www.leblogmoto.com\/images\/dreamcup2004_20026.jpg","contentUrl":"http:\/\/www.leblogmoto.com\/images\/dreamcup2004_20026.jpg"},{"@type":"BreadcrumbList","@id":"https:\/\/blogs.thesocialmedia.com\/leblogmoto\/2006\/02\/14\/dream-cup-pour\/#breadcrumb","itemListElement":[{"@type":"ListItem","position":1,"name":"Accueil","item":"https:\/\/blogs.thesocialmedia.com\/leblogmoto\/"},{"@type":"ListItem","position":2,"name":"DREAM Cup: Pour une St Valentin de r\u00eave&#8230;"}]},{"@type":"WebSite","@id":"https:\/\/blogs.thesocialmedia.com\/leblogmoto\/#website","url":"https:\/\/blogs.thesocialmedia.com\/leblogmoto\/","name":"leblogmoto","description":"Toute l&#039;actualit\u00e9 des 2 roues","potentialAction":[{"@type":"SearchAction","target":{"@type":"EntryPoint","urlTemplate":"https:\/\/blogs.thesocialmedia.com\/leblogmoto\/?s={search_term_string}"},"query-input":{"@type":"PropertyValueSpecification","valueRequired":true,"valueName":"search_term_string"}}],"inLanguage":"fr-FR"},{"@type":"Person","@id":"https:\/\/blogs.thesocialmedia.com\/leblogmoto\/#\/schema\/person\/1a1dcfc7cec206573105eb4af91155c2","name":"andre leconde","image":{"@type":"ImageObject","inLanguage":"fr-FR","@id":"https:\/\/blogs.thesocialmedia.com\/leblogmoto\/#\/schema\/person\/image\/","url":"https:\/\/secure.gravatar.com\/avatar\/?s=96&d=mm&r=g","contentUrl":"https:\/\/secure.gravatar.com\/avatar\/?s=96&d=mm&r=g","caption":"andre leconde"},"url":"https:\/\/blogs.thesocialmedia.com\/leblogmoto\/author\/andre-leconde\/"}]}},"_links":{"self":[{"href":"https:\/\/blogs.thesocialmedia.com\/leblogmoto\/wp-json\/wp\/v2\/posts\/2064","targetHints":{"allow":["GET"]}}],"collection":[{"href":"https:\/\/blogs.thesocialmedia.com\/leblogmoto\/wp-json\/wp\/v2\/posts"}],"about":[{"href":"https:\/\/blogs.thesocialmedia.com\/leblogmoto\/wp-json\/wp\/v2\/types\/post"}],"author":[{"embeddable":true,"href":"https:\/\/blogs.thesocialmedia.com\/leblogmoto\/wp-json\/wp\/v2\/users\/336"}],"replies":[{"embeddable":true,"href":"https:\/\/blogs.thesocialmedia.com\/leblogmoto\/wp-json\/wp\/v2\/comments?post=2064"}],"version-history":[{"count":2,"href":"https:\/\/blogs.thesocialmedia.com\/leblogmoto\/wp-json\/wp\/v2\/posts\/2064\/revisions"}],"predecessor-version":[{"id":7026,"href":"https:\/\/blogs.thesocialmedia.com\/leblogmoto\/wp-json\/wp\/v2\/posts\/2064\/revisions\/7026"}],"wp:attachment":[{"href":"https:\/\/blogs.thesocialmedia.com\/leblogmoto\/wp-json\/wp\/v2\/media?parent=2064"}],"wp:term":[{"taxonomy":"category","embeddable":true,"href":"https:\/\/blogs.thesocialmedia.com\/leblogmoto\/wp-json\/wp\/v2\/categories?post=2064"},{"taxonomy":"post_tag","embeddable":true,"href":"https:\/\/blogs.thesocialmedia.com\/leblogmoto\/wp-json\/wp\/v2\/tags?post=2064"}],"curies":[{"name":"wp","href":"https:\/\/api.w.org\/{rel}","templated":true}]}}