{"id":2067,"date":"2006-02-11T12:10:00","date_gmt":"2006-02-11T12:10:00","guid":{"rendered":"http:\/\/blogs.thesocialmedia.com\/leblogmoto\/2006\/02\/11\/httpruinerpwpb\/"},"modified":"2012-07-11T13:21:32","modified_gmt":"2012-07-11T13:21:32","slug":"httpruinerpwpb","status":"publish","type":"post","link":"https:\/\/blogs.thesocialmedia.com\/leblogmoto\/2006\/02\/11\/httpruinerpwpb\/","title":{"rendered":"La d\u00e9marche qu&rsquo;il nous faut."},"content":{"rendered":"<p><a href=\"http:\/\/clabedan.typepad.com\/.shared\/image.html?\/photos\/uncategorized\/jan06still.jpeg\"><img loading=\"lazy\" decoding=\"async\" height=\"140\" alt=\"Jan06still\" src=\"http:\/\/www.leblogmoto.com\/images\/jan06still.jpeg\" width=\"250\"  \/><\/a>Sur des sujets aussi s\u00e9rieux que la <a href=\"http:\/\/www.leblogmoto.com\/2005\/12\/feux_de_jour_en.html\">s\u00e9curit\u00e9 routi\u00e8re<\/a>, faire passer un message est une responsabilit\u00e9 certaine qui place la mani\u00e8re de le distiller au coeur de la manoeuvre. <\/p>\n<p>Les faits semblent d\u00e9montrer que deux axes sont usit\u00e9s en la mati\u00e8re: la <strong>responsabilisation<\/strong> et la <strong>stigmatisation<\/strong>. Cette derni\u00e8re technique est, par principe, sulfureuse, mais, \u00e0 travers son essence d\u00e9magogique, marque les esprits du plus grand nombre. Le tout est de savoir s&rsquo;il faut faire l&rsquo;effort d&rsquo;\u00e9duquer ou d&rsquo;imposer par facilit\u00e9. Les anglais eux, ont choisi, et communiquent ainsi sur les \u00e9cueils du <a href=\"http:\/\/www.leblogmoto.com\/2005\/12\/lhomo_motardicu.html\">motard<\/a>: <a href=\"http:\/\/ruiner.pwp.blueyonder.co.uk\/howclose.mpg\">http:\/\/ruiner.pwp.blueyonder.co.uk\/howclose.mpg<\/a> &#8230; <\/p>\n<\/p>\n<p><a href=\"http:\/\/clabedan.typepad.com\/.shared\/image.html?\/photos\/uncategorized\/jan06bt.jpeg\"><img loading=\"lazy\" decoding=\"async\" height=\"351\" alt=\"Jan06bt\" src=\"http:\/\/www.leblogmoto.com\/images\/jan06bt.jpeg\" width=\"250\"  \/><\/a>Voil\u00e0 une politique d&rsquo;approche comme on aimerait en voir plus souvent. Pas d&rsquo;agressivit\u00e9, un appel \u00e0 la raison et au respect d&rsquo;arpenter, ensemble, la route. D&rsquo;ailleurs, le ma\u00eetre mot est limpide &quot;<strong>THINK<\/strong>&quot;, soit &quot;r\u00e9flechir&quot;.<\/p>\n<p>Les sp\u00e9cificit\u00e9s de la moto sont sous-jacentes, l&rsquo;\u00e9tourderie de l&rsquo;automobiliste est mise en lumi\u00e8re, tout le monde y trouve son compte. <\/p>\n<p>Pour tout dire, il serait bon que, par ici, on nous montre autant <a href=\"http:\/\/www.leblogmoto.com\/2005\/11\/feux_de_jour_pe.html\">d&rsquo;\u00e9gards<\/a> que de l&rsquo;autre c\u00f4t\u00e9 du Channel&#8230;<\/p>\n<p>SOURCE: <a href=\"http:\/\/www.thinkroadsafety.gov.uk\">www.thinkroadsafety.gov.uk<\/a> <\/p><\/p>\n","protected":false},"excerpt":{"rendered":"<p>Sur des sujets aussi s\u00e9rieux que la s\u00e9curit\u00e9 routi\u00e8re, faire passer un message est une responsabilit\u00e9 certaine qui place la mani\u00e8re de le distiller au coeur de la manoeuvre. Les faits semblent d\u00e9montrer que deux axes sont usit\u00e9s en la mati\u00e8re: la responsabilisation et la stigmatisation. Cette derni\u00e8re technique est, par principe, sulfureuse, mais, \u00e0 [&hellip;]<\/p>\n","protected":false},"author":336,"featured_media":0,"comment_status":"open","ping_status":"open","sticky":false,"template":"","format":"standard","meta":{"footnotes":""},"categories":[27],"tags":[],"class_list":["post-2067","post","type-post","status-publish","format-standard","hentry","category-securite"],"yoast_head":"<!-- This site is optimized with the Yoast SEO plugin v26.0 - https:\/\/yoast.com\/wordpress\/plugins\/seo\/ -->\n<title>La d\u00e9marche qu&#039;il nous faut. - leblogmoto.com<\/title>\n<meta name=\"robots\" content=\"index, follow, max-snippet:-1, max-image-preview:large, max-video-preview:-1\" \/>\n<link rel=\"canonical\" href=\"https:\/\/blogs.thesocialmedia.com\/leblogmoto\/2006\/02\/11\/httpruinerpwpb\/\" \/>\n<meta name=\"twitter:card\" content=\"summary_large_image\" \/>\n<meta name=\"twitter:title\" content=\"La d\u00e9marche qu&#039;il nous faut. - leblogmoto.com\" \/>\n<meta name=\"twitter:description\" content=\"Sur des sujets aussi s\u00e9rieux que la s\u00e9curit\u00e9 routi\u00e8re, faire passer un message est une responsabilit\u00e9 certaine qui place la mani\u00e8re de le distiller au coeur de la manoeuvre. Les faits semblent d\u00e9montrer que deux axes sont usit\u00e9s en la mati\u00e8re: la responsabilisation et la stigmatisation. Cette derni\u00e8re technique est, par principe, sulfureuse, mais, \u00e0 [&hellip;]\" \/>\n<meta name=\"twitter:image\" content=\"http:\/\/www.leblogmoto.com\/images\/jan06still.jpeg\" \/>\n<meta name=\"twitter:label1\" content=\"\u00c9crit par\" \/>\n\t<meta name=\"twitter:data1\" content=\"andre leconde\" \/>\n\t<meta name=\"twitter:label2\" content=\"Dur\u00e9e de lecture estim\u00e9e\" \/>\n\t<meta name=\"twitter:data2\" content=\"1 minute\" \/>\n<script type=\"application\/ld+json\" class=\"yoast-schema-graph\">{\"@context\":\"https:\/\/schema.org\",\"@graph\":[{\"@type\":\"WebPage\",\"@id\":\"https:\/\/blogs.thesocialmedia.com\/leblogmoto\/2006\/02\/11\/httpruinerpwpb\/\",\"url\":\"https:\/\/blogs.thesocialmedia.com\/leblogmoto\/2006\/02\/11\/httpruinerpwpb\/\",\"name\":\"La d\u00e9marche qu'il nous faut. - leblogmoto.com\",\"isPartOf\":{\"@id\":\"https:\/\/blogs.thesocialmedia.com\/leblogmoto\/#website\"},\"primaryImageOfPage\":{\"@id\":\"https:\/\/blogs.thesocialmedia.com\/leblogmoto\/2006\/02\/11\/httpruinerpwpb\/#primaryimage\"},\"image\":{\"@id\":\"https:\/\/blogs.thesocialmedia.com\/leblogmoto\/2006\/02\/11\/httpruinerpwpb\/#primaryimage\"},\"thumbnailUrl\":\"http:\/\/www.leblogmoto.com\/images\/jan06still.jpeg\",\"datePublished\":\"2006-02-11T12:10:00+00:00\",\"dateModified\":\"2012-07-11T13:21:32+00:00\",\"author\":{\"@id\":\"https:\/\/blogs.thesocialmedia.com\/leblogmoto\/#\/schema\/person\/1a1dcfc7cec206573105eb4af91155c2\"},\"breadcrumb\":{\"@id\":\"https:\/\/blogs.thesocialmedia.com\/leblogmoto\/2006\/02\/11\/httpruinerpwpb\/#breadcrumb\"},\"inLanguage\":\"fr-FR\",\"potentialAction\":[{\"@type\":\"ReadAction\",\"target\":[\"https:\/\/blogs.thesocialmedia.com\/leblogmoto\/2006\/02\/11\/httpruinerpwpb\/\"]}]},{\"@type\":\"ImageObject\",\"inLanguage\":\"fr-FR\",\"@id\":\"https:\/\/blogs.thesocialmedia.com\/leblogmoto\/2006\/02\/11\/httpruinerpwpb\/#primaryimage\",\"url\":\"http:\/\/www.leblogmoto.com\/images\/jan06still.jpeg\",\"contentUrl\":\"http:\/\/www.leblogmoto.com\/images\/jan06still.jpeg\"},{\"@type\":\"BreadcrumbList\",\"@id\":\"https:\/\/blogs.thesocialmedia.com\/leblogmoto\/2006\/02\/11\/httpruinerpwpb\/#breadcrumb\",\"itemListElement\":[{\"@type\":\"ListItem\",\"position\":1,\"name\":\"Accueil\",\"item\":\"https:\/\/blogs.thesocialmedia.com\/leblogmoto\/\"},{\"@type\":\"ListItem\",\"position\":2,\"name\":\"La d\u00e9marche qu&rsquo;il nous faut.\"}]},{\"@type\":\"WebSite\",\"@id\":\"https:\/\/blogs.thesocialmedia.com\/leblogmoto\/#website\",\"url\":\"https:\/\/blogs.thesocialmedia.com\/leblogmoto\/\",\"name\":\"leblogmoto\",\"description\":\"Toute l&#039;actualit\u00e9 des 2 roues\",\"potentialAction\":[{\"@type\":\"SearchAction\",\"target\":{\"@type\":\"EntryPoint\",\"urlTemplate\":\"https:\/\/blogs.thesocialmedia.com\/leblogmoto\/?s={search_term_string}\"},\"query-input\":{\"@type\":\"PropertyValueSpecification\",\"valueRequired\":true,\"valueName\":\"search_term_string\"}}],\"inLanguage\":\"fr-FR\"},{\"@type\":\"Person\",\"@id\":\"https:\/\/blogs.thesocialmedia.com\/leblogmoto\/#\/schema\/person\/1a1dcfc7cec206573105eb4af91155c2\",\"name\":\"andre leconde\",\"image\":{\"@type\":\"ImageObject\",\"inLanguage\":\"fr-FR\",\"@id\":\"https:\/\/blogs.thesocialmedia.com\/leblogmoto\/#\/schema\/person\/image\/\",\"url\":\"https:\/\/secure.gravatar.com\/avatar\/?s=96&d=mm&r=g\",\"contentUrl\":\"https:\/\/secure.gravatar.com\/avatar\/?s=96&d=mm&r=g\",\"caption\":\"andre leconde\"},\"url\":\"https:\/\/blogs.thesocialmedia.com\/leblogmoto\/author\/andre-leconde\/\"}]}<\/script>\n<!-- \/ Yoast SEO plugin. -->","yoast_head_json":{"title":"La d\u00e9marche qu'il nous faut. - leblogmoto.com","robots":{"index":"index","follow":"follow","max-snippet":"max-snippet:-1","max-image-preview":"max-image-preview:large","max-video-preview":"max-video-preview:-1"},"canonical":"https:\/\/blogs.thesocialmedia.com\/leblogmoto\/2006\/02\/11\/httpruinerpwpb\/","twitter_card":"summary_large_image","twitter_title":"La d\u00e9marche qu'il nous faut. - leblogmoto.com","twitter_description":"Sur des sujets aussi s\u00e9rieux que la s\u00e9curit\u00e9 routi\u00e8re, faire passer un message est une responsabilit\u00e9 certaine qui place la mani\u00e8re de le distiller au coeur de la manoeuvre. Les faits semblent d\u00e9montrer que deux axes sont usit\u00e9s en la mati\u00e8re: la responsabilisation et la stigmatisation. Cette derni\u00e8re technique est, par principe, sulfureuse, mais, \u00e0 [&hellip;]","twitter_image":"http:\/\/www.leblogmoto.com\/images\/jan06still.jpeg","twitter_misc":{"\u00c9crit par":"andre leconde","Dur\u00e9e de lecture estim\u00e9e":"1 minute"},"schema":{"@context":"https:\/\/schema.org","@graph":[{"@type":"WebPage","@id":"https:\/\/blogs.thesocialmedia.com\/leblogmoto\/2006\/02\/11\/httpruinerpwpb\/","url":"https:\/\/blogs.thesocialmedia.com\/leblogmoto\/2006\/02\/11\/httpruinerpwpb\/","name":"La d\u00e9marche qu'il nous faut. - leblogmoto.com","isPartOf":{"@id":"https:\/\/blogs.thesocialmedia.com\/leblogmoto\/#website"},"primaryImageOfPage":{"@id":"https:\/\/blogs.thesocialmedia.com\/leblogmoto\/2006\/02\/11\/httpruinerpwpb\/#primaryimage"},"image":{"@id":"https:\/\/blogs.thesocialmedia.com\/leblogmoto\/2006\/02\/11\/httpruinerpwpb\/#primaryimage"},"thumbnailUrl":"http:\/\/www.leblogmoto.com\/images\/jan06still.jpeg","datePublished":"2006-02-11T12:10:00+00:00","dateModified":"2012-07-11T13:21:32+00:00","author":{"@id":"https:\/\/blogs.thesocialmedia.com\/leblogmoto\/#\/schema\/person\/1a1dcfc7cec206573105eb4af91155c2"},"breadcrumb":{"@id":"https:\/\/blogs.thesocialmedia.com\/leblogmoto\/2006\/02\/11\/httpruinerpwpb\/#breadcrumb"},"inLanguage":"fr-FR","potentialAction":[{"@type":"ReadAction","target":["https:\/\/blogs.thesocialmedia.com\/leblogmoto\/2006\/02\/11\/httpruinerpwpb\/"]}]},{"@type":"ImageObject","inLanguage":"fr-FR","@id":"https:\/\/blogs.thesocialmedia.com\/leblogmoto\/2006\/02\/11\/httpruinerpwpb\/#primaryimage","url":"http:\/\/www.leblogmoto.com\/images\/jan06still.jpeg","contentUrl":"http:\/\/www.leblogmoto.com\/images\/jan06still.jpeg"},{"@type":"BreadcrumbList","@id":"https:\/\/blogs.thesocialmedia.com\/leblogmoto\/2006\/02\/11\/httpruinerpwpb\/#breadcrumb","itemListElement":[{"@type":"ListItem","position":1,"name":"Accueil","item":"https:\/\/blogs.thesocialmedia.com\/leblogmoto\/"},{"@type":"ListItem","position":2,"name":"La d\u00e9marche qu&rsquo;il nous faut."}]},{"@type":"WebSite","@id":"https:\/\/blogs.thesocialmedia.com\/leblogmoto\/#website","url":"https:\/\/blogs.thesocialmedia.com\/leblogmoto\/","name":"leblogmoto","description":"Toute l&#039;actualit\u00e9 des 2 roues","potentialAction":[{"@type":"SearchAction","target":{"@type":"EntryPoint","urlTemplate":"https:\/\/blogs.thesocialmedia.com\/leblogmoto\/?s={search_term_string}"},"query-input":{"@type":"PropertyValueSpecification","valueRequired":true,"valueName":"search_term_string"}}],"inLanguage":"fr-FR"},{"@type":"Person","@id":"https:\/\/blogs.thesocialmedia.com\/leblogmoto\/#\/schema\/person\/1a1dcfc7cec206573105eb4af91155c2","name":"andre leconde","image":{"@type":"ImageObject","inLanguage":"fr-FR","@id":"https:\/\/blogs.thesocialmedia.com\/leblogmoto\/#\/schema\/person\/image\/","url":"https:\/\/secure.gravatar.com\/avatar\/?s=96&d=mm&r=g","contentUrl":"https:\/\/secure.gravatar.com\/avatar\/?s=96&d=mm&r=g","caption":"andre leconde"},"url":"https:\/\/blogs.thesocialmedia.com\/leblogmoto\/author\/andre-leconde\/"}]}},"_links":{"self":[{"href":"https:\/\/blogs.thesocialmedia.com\/leblogmoto\/wp-json\/wp\/v2\/posts\/2067","targetHints":{"allow":["GET"]}}],"collection":[{"href":"https:\/\/blogs.thesocialmedia.com\/leblogmoto\/wp-json\/wp\/v2\/posts"}],"about":[{"href":"https:\/\/blogs.thesocialmedia.com\/leblogmoto\/wp-json\/wp\/v2\/types\/post"}],"author":[{"embeddable":true,"href":"https:\/\/blogs.thesocialmedia.com\/leblogmoto\/wp-json\/wp\/v2\/users\/336"}],"replies":[{"embeddable":true,"href":"https:\/\/blogs.thesocialmedia.com\/leblogmoto\/wp-json\/wp\/v2\/comments?post=2067"}],"version-history":[{"count":1,"href":"https:\/\/blogs.thesocialmedia.com\/leblogmoto\/wp-json\/wp\/v2\/posts\/2067\/revisions"}],"predecessor-version":[{"id":3107,"href":"https:\/\/blogs.thesocialmedia.com\/leblogmoto\/wp-json\/wp\/v2\/posts\/2067\/revisions\/3107"}],"wp:attachment":[{"href":"https:\/\/blogs.thesocialmedia.com\/leblogmoto\/wp-json\/wp\/v2\/media?parent=2067"}],"wp:term":[{"taxonomy":"category","embeddable":true,"href":"https:\/\/blogs.thesocialmedia.com\/leblogmoto\/wp-json\/wp\/v2\/categories?post=2067"},{"taxonomy":"post_tag","embeddable":true,"href":"https:\/\/blogs.thesocialmedia.com\/leblogmoto\/wp-json\/wp\/v2\/tags?post=2067"}],"curies":[{"name":"wp","href":"https:\/\/api.w.org\/{rel}","templated":true}]}}