{"id":2071,"date":"2006-02-07T20:50:00","date_gmt":"2006-02-07T20:50:00","guid":{"rendered":"http:\/\/blogs.thesocialmedia.com\/leblogmoto\/2006\/02\/07\/post-6\/"},"modified":"2012-07-11T14:15:15","modified_gmt":"2012-07-11T14:15:15","slug":"post-6","status":"publish","type":"post","link":"https:\/\/blogs.thesocialmedia.com\/leblogmoto\/2006\/02\/07\/post-6\/","title":{"rendered":"Sur selle, au guidon et, maintenant, en ligne&#8230;"},"content":{"rendered":"<p><a href=\"http:\/\/blogs.thesocialmedia.com\/leblogmoto\/files\/2012\/07\/040816061518_51.jpg\"><img loading=\"lazy\" decoding=\"async\" height=\"187\" alt=\"040816061518_51\" src=\"http:\/\/www.leblogmoto.com\/images\/040816061518_51.jpg\" width=\"250\"  \/><\/a> Je vois l\u00e0, au premier rang, des irr\u00e9ductibles accroch\u00e9s \u00e0 leurs images d&rsquo;Epinal qui se retiennent de ne pas nous sortir le dernier trait d&rsquo;esprit grivois.<\/p>\n<p>Pourtant, il faut descendre de son Empyr\u00e9e et regarder la v\u00e9rit\u00e9 telle qu&rsquo;elle est. Non, la moto ne se conjugue pas qu&rsquo;au masculin, elle se d\u00e9cline aussi parfaitement au f\u00e9minin et pas, seulement, sur le mode <a href=\"http:\/\/www.leblogmoto.com\/2006\/01\/biker_lessentie_1.html\">pit-babe<\/a>&#8230; <\/p>\n<p>Il est bon de rappeler certains faits. Le premier d&rsquo;entre eux est <strong>qu&rsquo;un<\/strong> <a href=\"http:\/\/www.leblogmoto.com\/2005\/12\/lhomo_motardicu.html\">motard<\/a> (terme pris, ici, au sens g\u00e9n\u00e9rique) <strong>sur cinq est une femme<\/strong>. Et puis, au risque de faire \u00e9crouler dans le plus grand des fracas les derni\u00e8res citadelles, elles savent parfaitement rouler.<\/p>\n<p><a href=\"http:\/\/clabedan.typepad.com\/.shared\/image.html?\/photos\/uncategorized\/pho12sized.jpeg\"><img loading=\"lazy\" decoding=\"async\" height=\"211\" alt=\"Pho12sized\" src=\"http:\/\/www.leblogmoto.com\/images\/pho12sized.jpeg\" width=\"250\"  \/><\/a>C&rsquo;est ainsi que de l&rsquo;autre c\u00f4t\u00e9 de l&rsquo;Atlantique, on a pris les choses en main, si l&rsquo;on peut dire. <\/p>\n<p>D&rsquo;abord, elles ont leur <strong>discipline<\/strong> pour s&rsquo;arsouiller sur circuit. Il se dit m\u00eame que le rythme n&rsquo;a que de tr\u00e8s loin \u00e0 voir avec la ballade dominicale.<\/p>\n<p>Ensuite, elles ont leur <strong>site<\/strong>. L\u00e0, il n&rsquo;est pas question de discuter chiffon et chignon, mais bien de motos et <a href=\"http:\/\/www.leblogmoto.com\/2006\/02\/la_tte_de_lempl.html\">d&rsquo;\u00e9quipements<\/a> y aff\u00e9rent. Car ce site est soutenu par des professionnels qui ont senti le march\u00e9, qui se d\u00e9veloppe, d\u00e9montrant une nouvelle fois <a href=\"http:\/\/www.leblogmoto.com\/2005\/11\/les_grves_rptit.html\">l&rsquo;engouement <\/a>du deux roues parmi la gente f\u00e9minine. Il ne s&rsquo;agit pas d&rsquo;une toile &quot;pour&quot; la motarde, mais, plut\u00f4t, \u00e0 son propos.<a href=\"http:\/\/clabedan.typepad.com\/.shared\/image.html?\/photos\/uncategorized\/283_1.jpeg\"><img loading=\"lazy\" decoding=\"async\" height=\"187\" alt=\"283_1\" src=\"http:\/\/www.leblogmoto.com\/images\/283_1.jpeg\" width=\"250\"  \/><\/a> <a href=\"http:\/\/clabedan.typepad.com\/.shared\/image.html?\/photos\/uncategorized\/283.jpeg\"><\/a>&nbsp; <\/p>\n<p>Un peu de tendresse dans ce monde de brutes ne fait pas de mal. Et puis, elles le valent bien non ?<\/p>\n<p>SOURCES: <a href=\"http:\/\/www.womenridersnow.com\/\">www.womenridersnow.com<\/a><\/p>\n<p>et <a href=\"http:\/\/www.s2r.ca\/\">www.s2r.ca<\/a>&nbsp; &nbsp; <\/p>\n","protected":false},"excerpt":{"rendered":"<p>Je vois l\u00e0, au premier rang, des irr\u00e9ductibles accroch\u00e9s \u00e0 leurs images d&rsquo;Epinal qui se retiennent de ne pas nous sortir le dernier trait d&rsquo;esprit grivois. Pourtant, il faut descendre de son Empyr\u00e9e et regarder la v\u00e9rit\u00e9 telle qu&rsquo;elle est. Non, la moto ne se conjugue pas qu&rsquo;au masculin, elle se d\u00e9cline aussi parfaitement au [&hellip;]<\/p>\n","protected":false},"author":336,"featured_media":0,"comment_status":"open","ping_status":"open","sticky":false,"template":"","format":"standard","meta":{"footnotes":""},"categories":[3],"tags":[],"class_list":["post-2071","post","type-post","status-publish","format-standard","hentry","category-actualite"],"yoast_head":"<!-- This site is optimized with the Yoast SEO plugin v26.0 - https:\/\/yoast.com\/wordpress\/plugins\/seo\/ -->\n<title>Sur selle, au guidon et, maintenant, en ligne... - leblogmoto.com<\/title>\n<meta name=\"robots\" content=\"index, follow, max-snippet:-1, max-image-preview:large, max-video-preview:-1\" \/>\n<link rel=\"canonical\" href=\"https:\/\/blogs.thesocialmedia.com\/leblogmoto\/2006\/02\/07\/post-6\/\" \/>\n<meta name=\"twitter:card\" content=\"summary_large_image\" \/>\n<meta name=\"twitter:title\" content=\"Sur selle, au guidon et, maintenant, en ligne... - leblogmoto.com\" \/>\n<meta name=\"twitter:description\" content=\"Je vois l\u00e0, au premier rang, des irr\u00e9ductibles accroch\u00e9s \u00e0 leurs images d&rsquo;Epinal qui se retiennent de ne pas nous sortir le dernier trait d&rsquo;esprit grivois. Pourtant, il faut descendre de son Empyr\u00e9e et regarder la v\u00e9rit\u00e9 telle qu&rsquo;elle est. Non, la moto ne se conjugue pas qu&rsquo;au masculin, elle se d\u00e9cline aussi parfaitement au [&hellip;]\" \/>\n<meta name=\"twitter:image\" content=\"http:\/\/www.leblogmoto.com\/images\/040816061518_51.jpg\" \/>\n<meta name=\"twitter:label1\" content=\"\u00c9crit par\" \/>\n\t<meta name=\"twitter:data1\" content=\"andre leconde\" \/>\n\t<meta name=\"twitter:label2\" content=\"Dur\u00e9e de lecture estim\u00e9e\" \/>\n\t<meta name=\"twitter:data2\" content=\"1 minute\" \/>\n<script type=\"application\/ld+json\" class=\"yoast-schema-graph\">{\"@context\":\"https:\/\/schema.org\",\"@graph\":[{\"@type\":\"WebPage\",\"@id\":\"https:\/\/blogs.thesocialmedia.com\/leblogmoto\/2006\/02\/07\/post-6\/\",\"url\":\"https:\/\/blogs.thesocialmedia.com\/leblogmoto\/2006\/02\/07\/post-6\/\",\"name\":\"Sur selle, au guidon et, maintenant, en ligne... - leblogmoto.com\",\"isPartOf\":{\"@id\":\"https:\/\/blogs.thesocialmedia.com\/leblogmoto\/#website\"},\"primaryImageOfPage\":{\"@id\":\"https:\/\/blogs.thesocialmedia.com\/leblogmoto\/2006\/02\/07\/post-6\/#primaryimage\"},\"image\":{\"@id\":\"https:\/\/blogs.thesocialmedia.com\/leblogmoto\/2006\/02\/07\/post-6\/#primaryimage\"},\"thumbnailUrl\":\"http:\/\/www.leblogmoto.com\/images\/040816061518_51.jpg\",\"datePublished\":\"2006-02-07T20:50:00+00:00\",\"dateModified\":\"2012-07-11T14:15:15+00:00\",\"author\":{\"@id\":\"https:\/\/blogs.thesocialmedia.com\/leblogmoto\/#\/schema\/person\/1a1dcfc7cec206573105eb4af91155c2\"},\"breadcrumb\":{\"@id\":\"https:\/\/blogs.thesocialmedia.com\/leblogmoto\/2006\/02\/07\/post-6\/#breadcrumb\"},\"inLanguage\":\"fr-FR\",\"potentialAction\":[{\"@type\":\"ReadAction\",\"target\":[\"https:\/\/blogs.thesocialmedia.com\/leblogmoto\/2006\/02\/07\/post-6\/\"]}]},{\"@type\":\"ImageObject\",\"inLanguage\":\"fr-FR\",\"@id\":\"https:\/\/blogs.thesocialmedia.com\/leblogmoto\/2006\/02\/07\/post-6\/#primaryimage\",\"url\":\"http:\/\/www.leblogmoto.com\/images\/040816061518_51.jpg\",\"contentUrl\":\"http:\/\/www.leblogmoto.com\/images\/040816061518_51.jpg\"},{\"@type\":\"BreadcrumbList\",\"@id\":\"https:\/\/blogs.thesocialmedia.com\/leblogmoto\/2006\/02\/07\/post-6\/#breadcrumb\",\"itemListElement\":[{\"@type\":\"ListItem\",\"position\":1,\"name\":\"Accueil\",\"item\":\"https:\/\/blogs.thesocialmedia.com\/leblogmoto\/\"},{\"@type\":\"ListItem\",\"position\":2,\"name\":\"Sur selle, au guidon et, maintenant, en ligne&#8230;\"}]},{\"@type\":\"WebSite\",\"@id\":\"https:\/\/blogs.thesocialmedia.com\/leblogmoto\/#website\",\"url\":\"https:\/\/blogs.thesocialmedia.com\/leblogmoto\/\",\"name\":\"leblogmoto\",\"description\":\"Toute l&#039;actualit\u00e9 des 2 roues\",\"potentialAction\":[{\"@type\":\"SearchAction\",\"target\":{\"@type\":\"EntryPoint\",\"urlTemplate\":\"https:\/\/blogs.thesocialmedia.com\/leblogmoto\/?s={search_term_string}\"},\"query-input\":{\"@type\":\"PropertyValueSpecification\",\"valueRequired\":true,\"valueName\":\"search_term_string\"}}],\"inLanguage\":\"fr-FR\"},{\"@type\":\"Person\",\"@id\":\"https:\/\/blogs.thesocialmedia.com\/leblogmoto\/#\/schema\/person\/1a1dcfc7cec206573105eb4af91155c2\",\"name\":\"andre leconde\",\"image\":{\"@type\":\"ImageObject\",\"inLanguage\":\"fr-FR\",\"@id\":\"https:\/\/blogs.thesocialmedia.com\/leblogmoto\/#\/schema\/person\/image\/\",\"url\":\"https:\/\/secure.gravatar.com\/avatar\/?s=96&d=mm&r=g\",\"contentUrl\":\"https:\/\/secure.gravatar.com\/avatar\/?s=96&d=mm&r=g\",\"caption\":\"andre leconde\"},\"url\":\"https:\/\/blogs.thesocialmedia.com\/leblogmoto\/author\/andre-leconde\/\"}]}<\/script>\n<!-- \/ Yoast SEO plugin. -->","yoast_head_json":{"title":"Sur selle, au guidon et, maintenant, en ligne... - leblogmoto.com","robots":{"index":"index","follow":"follow","max-snippet":"max-snippet:-1","max-image-preview":"max-image-preview:large","max-video-preview":"max-video-preview:-1"},"canonical":"https:\/\/blogs.thesocialmedia.com\/leblogmoto\/2006\/02\/07\/post-6\/","twitter_card":"summary_large_image","twitter_title":"Sur selle, au guidon et, maintenant, en ligne... - leblogmoto.com","twitter_description":"Je vois l\u00e0, au premier rang, des irr\u00e9ductibles accroch\u00e9s \u00e0 leurs images d&rsquo;Epinal qui se retiennent de ne pas nous sortir le dernier trait d&rsquo;esprit grivois. Pourtant, il faut descendre de son Empyr\u00e9e et regarder la v\u00e9rit\u00e9 telle qu&rsquo;elle est. Non, la moto ne se conjugue pas qu&rsquo;au masculin, elle se d\u00e9cline aussi parfaitement au [&hellip;]","twitter_image":"http:\/\/www.leblogmoto.com\/images\/040816061518_51.jpg","twitter_misc":{"\u00c9crit par":"andre leconde","Dur\u00e9e de lecture estim\u00e9e":"1 minute"},"schema":{"@context":"https:\/\/schema.org","@graph":[{"@type":"WebPage","@id":"https:\/\/blogs.thesocialmedia.com\/leblogmoto\/2006\/02\/07\/post-6\/","url":"https:\/\/blogs.thesocialmedia.com\/leblogmoto\/2006\/02\/07\/post-6\/","name":"Sur selle, au guidon et, maintenant, en ligne... - leblogmoto.com","isPartOf":{"@id":"https:\/\/blogs.thesocialmedia.com\/leblogmoto\/#website"},"primaryImageOfPage":{"@id":"https:\/\/blogs.thesocialmedia.com\/leblogmoto\/2006\/02\/07\/post-6\/#primaryimage"},"image":{"@id":"https:\/\/blogs.thesocialmedia.com\/leblogmoto\/2006\/02\/07\/post-6\/#primaryimage"},"thumbnailUrl":"http:\/\/www.leblogmoto.com\/images\/040816061518_51.jpg","datePublished":"2006-02-07T20:50:00+00:00","dateModified":"2012-07-11T14:15:15+00:00","author":{"@id":"https:\/\/blogs.thesocialmedia.com\/leblogmoto\/#\/schema\/person\/1a1dcfc7cec206573105eb4af91155c2"},"breadcrumb":{"@id":"https:\/\/blogs.thesocialmedia.com\/leblogmoto\/2006\/02\/07\/post-6\/#breadcrumb"},"inLanguage":"fr-FR","potentialAction":[{"@type":"ReadAction","target":["https:\/\/blogs.thesocialmedia.com\/leblogmoto\/2006\/02\/07\/post-6\/"]}]},{"@type":"ImageObject","inLanguage":"fr-FR","@id":"https:\/\/blogs.thesocialmedia.com\/leblogmoto\/2006\/02\/07\/post-6\/#primaryimage","url":"http:\/\/www.leblogmoto.com\/images\/040816061518_51.jpg","contentUrl":"http:\/\/www.leblogmoto.com\/images\/040816061518_51.jpg"},{"@type":"BreadcrumbList","@id":"https:\/\/blogs.thesocialmedia.com\/leblogmoto\/2006\/02\/07\/post-6\/#breadcrumb","itemListElement":[{"@type":"ListItem","position":1,"name":"Accueil","item":"https:\/\/blogs.thesocialmedia.com\/leblogmoto\/"},{"@type":"ListItem","position":2,"name":"Sur selle, au guidon et, maintenant, en ligne&#8230;"}]},{"@type":"WebSite","@id":"https:\/\/blogs.thesocialmedia.com\/leblogmoto\/#website","url":"https:\/\/blogs.thesocialmedia.com\/leblogmoto\/","name":"leblogmoto","description":"Toute l&#039;actualit\u00e9 des 2 roues","potentialAction":[{"@type":"SearchAction","target":{"@type":"EntryPoint","urlTemplate":"https:\/\/blogs.thesocialmedia.com\/leblogmoto\/?s={search_term_string}"},"query-input":{"@type":"PropertyValueSpecification","valueRequired":true,"valueName":"search_term_string"}}],"inLanguage":"fr-FR"},{"@type":"Person","@id":"https:\/\/blogs.thesocialmedia.com\/leblogmoto\/#\/schema\/person\/1a1dcfc7cec206573105eb4af91155c2","name":"andre leconde","image":{"@type":"ImageObject","inLanguage":"fr-FR","@id":"https:\/\/blogs.thesocialmedia.com\/leblogmoto\/#\/schema\/person\/image\/","url":"https:\/\/secure.gravatar.com\/avatar\/?s=96&d=mm&r=g","contentUrl":"https:\/\/secure.gravatar.com\/avatar\/?s=96&d=mm&r=g","caption":"andre leconde"},"url":"https:\/\/blogs.thesocialmedia.com\/leblogmoto\/author\/andre-leconde\/"}]}},"_links":{"self":[{"href":"https:\/\/blogs.thesocialmedia.com\/leblogmoto\/wp-json\/wp\/v2\/posts\/2071","targetHints":{"allow":["GET"]}}],"collection":[{"href":"https:\/\/blogs.thesocialmedia.com\/leblogmoto\/wp-json\/wp\/v2\/posts"}],"about":[{"href":"https:\/\/blogs.thesocialmedia.com\/leblogmoto\/wp-json\/wp\/v2\/types\/post"}],"author":[{"embeddable":true,"href":"https:\/\/blogs.thesocialmedia.com\/leblogmoto\/wp-json\/wp\/v2\/users\/336"}],"replies":[{"embeddable":true,"href":"https:\/\/blogs.thesocialmedia.com\/leblogmoto\/wp-json\/wp\/v2\/comments?post=2071"}],"version-history":[{"count":2,"href":"https:\/\/blogs.thesocialmedia.com\/leblogmoto\/wp-json\/wp\/v2\/posts\/2071\/revisions"}],"predecessor-version":[{"id":7017,"href":"https:\/\/blogs.thesocialmedia.com\/leblogmoto\/wp-json\/wp\/v2\/posts\/2071\/revisions\/7017"}],"wp:attachment":[{"href":"https:\/\/blogs.thesocialmedia.com\/leblogmoto\/wp-json\/wp\/v2\/media?parent=2071"}],"wp:term":[{"taxonomy":"category","embeddable":true,"href":"https:\/\/blogs.thesocialmedia.com\/leblogmoto\/wp-json\/wp\/v2\/categories?post=2071"},{"taxonomy":"post_tag","embeddable":true,"href":"https:\/\/blogs.thesocialmedia.com\/leblogmoto\/wp-json\/wp\/v2\/tags?post=2071"}],"curies":[{"name":"wp","href":"https:\/\/api.w.org\/{rel}","templated":true}]}}