{"id":2073,"date":"2006-02-07T13:47:00","date_gmt":"2006-02-07T13:47:00","guid":{"rendered":"http:\/\/blogs.thesocialmedia.com\/leblogmoto\/2006\/02\/07\/sbk-rptitions-g\/"},"modified":"2012-07-11T14:15:12","modified_gmt":"2012-07-11T14:15:12","slug":"sbk-rptitions-g","status":"publish","type":"post","link":"https:\/\/blogs.thesocialmedia.com\/leblogmoto\/2006\/02\/07\/sbk-rptitions-g\/","title":{"rendered":"SBK: R\u00e9p\u00e9titions g\u00e9n\u00e9rales."},"content":{"rendered":"<p><a href=\"http:\/\/blogs.thesocialmedia.com\/leblogmoto\/files\/2012\/07\/bayliss_tro.jpg\"><img loading=\"lazy\" decoding=\"async\" height=\"308\" alt=\"Bayliss_tro\" src=\"http:\/\/www.leblogmoto.com\/images\/bayliss_tro.jpg\" width=\"250\"  \/><\/a>Alors que le plateau MOTOGP d\u00e9grossit ses machines, le <strong>SBK<\/strong> finalisent les siennes en vue de la premi\u00e8re manche qui se d\u00e9roulera, d\u00e9j\u00e0, le <strong>25 f\u00e9vrier<\/strong>, au <strong>QATAR<\/strong>.<\/p>\n<p>Rappelons que cette saison 2006 devrait \u00eatre particuli\u00e8rement anim\u00e9e avec <a href=\"http:\/\/www.leblogmoto.com\/2006\/01\/superbike_terre.html\">l&rsquo;arriv\u00e9e<\/a> de pilotes rejet\u00e9s de la cat\u00e9gorie supr\u00eame. <\/p>\n<p>Certains sont encore \u00e0 prendre leurs marques. Ce n&rsquo;est pas le cas de <a href=\"http:\/\/www.leblogmoto.com\/2005\/12\/la_guerre_des_t.html\">BAYLISS<\/a> qui ne cesse de frapper fort le chrono \u00e0 chacune de ses sorties avec la DUCATI officielle&#8230;&nbsp; <\/p>\n<p><a href=\"http:\/\/clabedan.typepad.com\/.shared\/image.html?\/photos\/uncategorized\/prima_pag_sbk_1.jpg\"><img loading=\"lazy\" decoding=\"async\" height=\"166\" alt=\"Prima_pag_sbk_1\" src=\"http:\/\/www.leblogmoto.com\/images\/prima_pag_sbk_1.jpg\" width=\"250\"  \/><\/a>Troy BAYLISS a ainsi encore marqu\u00e9 les esprits en rejetant son plus proche poursuivant \u00e0 une seconde lors des tests de <strong>VALENCE<\/strong>. TOSELAND, sur sa HONDA, ne s&rsquo;en est gu\u00e8re \u00e9mu, dominant son \u00e9quipier MUGGERIDGE et LANZI sur l&rsquo;autre DUCATI. <\/p>\n<p>C\u00f4t\u00e9 <strong>YAMAHA<\/strong>, les temps sont tout juste acceptables, ce qui est r\u00e9current depuis la sortie de la nouvelle moto. Alors que les <strong>PIRELLI<\/strong> semblent avoir fait un bon en avant, permettant \u00e0 l&rsquo;ensemble du plateau de battre tous les chronos de la derni\u00e8re saison, la marque aux diapasons \u00e9prouve toutes les peines du monde \u00e0 seulement les \u00e9galer&#8230;<\/p>\n<p>Si une partie des t\u00e9nors s&rsquo;\u00e9gayaient \u00e0 VALENCE, d&rsquo;autres tournaient d\u00e9j\u00e0 au <strong>QATAR<\/strong>. Les teams <strong>YAMAHA ITALIA<\/strong> avec <a href=\"http:\/\/www.leblogmoto.com\/2005\/11\/haga_et_pitt_po.html\">HAGA et PITT<\/a> et <strong>HONDA DFX<\/strong> avec CHILI et FABRIZZIO tentaient de bien comprendre leurs montures. HAGA dominait ce quatuor qui poursuivra le travail encore aujourd&rsquo;hui.<\/p>\n<p><a href=\"http:\/\/clabedan.typepad.com\/.shared\/image.html?\/photos\/uncategorized\/ok_ok_barros.jpg\"><img loading=\"lazy\" decoding=\"async\" height=\"166\" alt=\"Ok_ok_barros\" src=\"http:\/\/www.leblogmoto.com\/images\/ok_ok_barros.jpg\" width=\"250\"  \/><\/a>Enfin, <a href=\"http:\/\/www.leblogmoto.com\/2005\/12\/barros_en_super.html\">BARROS<\/a> a d\u00e9couvert sa HONDA en Sicile et sous la pluie alors que celui \u00e0 qui il a pris le guidon, <strong>NEUKIRCHNER <\/strong>a trouv\u00e9 refuge dans le team Pedercini qui fait courir une DUCATI. <\/p>\n<p>Quant \u00e0 <a href=\"http:\/\/www.leblogmoto.com\/2005\/12\/foret_simplante.html\">FORET<\/a>, il apprend pas \u00e0 pas, dans le team <strong>Alstare SUZUKI<\/strong>. Il b\u00e9n\u00e9ficiera, pour cette saison, d&rsquo;une GSXR kit\u00e9e <a href=\"http:\/\/www.leblogmoto.com\/2006\/01\/les_mmes_en_mie.html\">Yoshimura<\/a>. Les SUZ officielles, en ce qui les concerne, n&rsquo;ont particip\u00e9 \u00e0 aucune de ces s\u00e9ances.<\/p>\n<p>SOURCE: <a href=\"http:\/\/www.worldsbk.com\/\">www.worldsbk.com<\/a>&nbsp; &nbsp;&nbsp; <\/p><\/p>\n","protected":false},"excerpt":{"rendered":"<p>Alors que le plateau MOTOGP d\u00e9grossit ses machines, le SBK finalisent les siennes en vue de la premi\u00e8re manche qui se d\u00e9roulera, d\u00e9j\u00e0, le 25 f\u00e9vrier, au QATAR. Rappelons que cette saison 2006 devrait \u00eatre particuli\u00e8rement anim\u00e9e avec l&rsquo;arriv\u00e9e de pilotes rejet\u00e9s de la cat\u00e9gorie supr\u00eame. Certains sont encore \u00e0 prendre leurs marques. Ce n&rsquo;est [&hellip;]<\/p>\n","protected":false},"author":336,"featured_media":0,"comment_status":"open","ping_status":"open","sticky":false,"template":"","format":"standard","meta":{"footnotes":""},"categories":[32],"tags":[],"class_list":["post-2073","post","type-post","status-publish","format-standard","hentry","category-sport-moto"],"yoast_head":"<!-- This site is optimized with the Yoast SEO plugin v26.0 - https:\/\/yoast.com\/wordpress\/plugins\/seo\/ -->\n<title>SBK: R\u00e9p\u00e9titions g\u00e9n\u00e9rales. - leblogmoto.com<\/title>\n<meta name=\"robots\" content=\"index, follow, max-snippet:-1, max-image-preview:large, max-video-preview:-1\" \/>\n<link rel=\"canonical\" href=\"https:\/\/blogs.thesocialmedia.com\/leblogmoto\/2006\/02\/07\/sbk-rptitions-g\/\" \/>\n<meta name=\"twitter:card\" content=\"summary_large_image\" \/>\n<meta name=\"twitter:title\" content=\"SBK: R\u00e9p\u00e9titions g\u00e9n\u00e9rales. - leblogmoto.com\" \/>\n<meta name=\"twitter:description\" content=\"Alors que le plateau MOTOGP d\u00e9grossit ses machines, le SBK finalisent les siennes en vue de la premi\u00e8re manche qui se d\u00e9roulera, d\u00e9j\u00e0, le 25 f\u00e9vrier, au QATAR. Rappelons que cette saison 2006 devrait \u00eatre particuli\u00e8rement anim\u00e9e avec l&rsquo;arriv\u00e9e de pilotes rejet\u00e9s de la cat\u00e9gorie supr\u00eame. Certains sont encore \u00e0 prendre leurs marques. Ce n&rsquo;est [&hellip;]\" \/>\n<meta name=\"twitter:image\" content=\"http:\/\/www.leblogmoto.com\/images\/bayliss_tro.jpg\" \/>\n<meta name=\"twitter:label1\" content=\"\u00c9crit par\" \/>\n\t<meta name=\"twitter:data1\" content=\"andre leconde\" \/>\n\t<meta name=\"twitter:label2\" content=\"Dur\u00e9e de lecture estim\u00e9e\" \/>\n\t<meta name=\"twitter:data2\" content=\"2 minutes\" \/>\n<script type=\"application\/ld+json\" class=\"yoast-schema-graph\">{\"@context\":\"https:\/\/schema.org\",\"@graph\":[{\"@type\":\"WebPage\",\"@id\":\"https:\/\/blogs.thesocialmedia.com\/leblogmoto\/2006\/02\/07\/sbk-rptitions-g\/\",\"url\":\"https:\/\/blogs.thesocialmedia.com\/leblogmoto\/2006\/02\/07\/sbk-rptitions-g\/\",\"name\":\"SBK: R\u00e9p\u00e9titions g\u00e9n\u00e9rales. - leblogmoto.com\",\"isPartOf\":{\"@id\":\"https:\/\/blogs.thesocialmedia.com\/leblogmoto\/#website\"},\"primaryImageOfPage\":{\"@id\":\"https:\/\/blogs.thesocialmedia.com\/leblogmoto\/2006\/02\/07\/sbk-rptitions-g\/#primaryimage\"},\"image\":{\"@id\":\"https:\/\/blogs.thesocialmedia.com\/leblogmoto\/2006\/02\/07\/sbk-rptitions-g\/#primaryimage\"},\"thumbnailUrl\":\"http:\/\/www.leblogmoto.com\/images\/bayliss_tro.jpg\",\"datePublished\":\"2006-02-07T13:47:00+00:00\",\"dateModified\":\"2012-07-11T14:15:12+00:00\",\"author\":{\"@id\":\"https:\/\/blogs.thesocialmedia.com\/leblogmoto\/#\/schema\/person\/1a1dcfc7cec206573105eb4af91155c2\"},\"breadcrumb\":{\"@id\":\"https:\/\/blogs.thesocialmedia.com\/leblogmoto\/2006\/02\/07\/sbk-rptitions-g\/#breadcrumb\"},\"inLanguage\":\"fr-FR\",\"potentialAction\":[{\"@type\":\"ReadAction\",\"target\":[\"https:\/\/blogs.thesocialmedia.com\/leblogmoto\/2006\/02\/07\/sbk-rptitions-g\/\"]}]},{\"@type\":\"ImageObject\",\"inLanguage\":\"fr-FR\",\"@id\":\"https:\/\/blogs.thesocialmedia.com\/leblogmoto\/2006\/02\/07\/sbk-rptitions-g\/#primaryimage\",\"url\":\"http:\/\/www.leblogmoto.com\/images\/bayliss_tro.jpg\",\"contentUrl\":\"http:\/\/www.leblogmoto.com\/images\/bayliss_tro.jpg\"},{\"@type\":\"BreadcrumbList\",\"@id\":\"https:\/\/blogs.thesocialmedia.com\/leblogmoto\/2006\/02\/07\/sbk-rptitions-g\/#breadcrumb\",\"itemListElement\":[{\"@type\":\"ListItem\",\"position\":1,\"name\":\"Accueil\",\"item\":\"https:\/\/blogs.thesocialmedia.com\/leblogmoto\/\"},{\"@type\":\"ListItem\",\"position\":2,\"name\":\"SBK: R\u00e9p\u00e9titions g\u00e9n\u00e9rales.\"}]},{\"@type\":\"WebSite\",\"@id\":\"https:\/\/blogs.thesocialmedia.com\/leblogmoto\/#website\",\"url\":\"https:\/\/blogs.thesocialmedia.com\/leblogmoto\/\",\"name\":\"leblogmoto\",\"description\":\"Toute l&#039;actualit\u00e9 des 2 roues\",\"potentialAction\":[{\"@type\":\"SearchAction\",\"target\":{\"@type\":\"EntryPoint\",\"urlTemplate\":\"https:\/\/blogs.thesocialmedia.com\/leblogmoto\/?s={search_term_string}\"},\"query-input\":{\"@type\":\"PropertyValueSpecification\",\"valueRequired\":true,\"valueName\":\"search_term_string\"}}],\"inLanguage\":\"fr-FR\"},{\"@type\":\"Person\",\"@id\":\"https:\/\/blogs.thesocialmedia.com\/leblogmoto\/#\/schema\/person\/1a1dcfc7cec206573105eb4af91155c2\",\"name\":\"andre leconde\",\"image\":{\"@type\":\"ImageObject\",\"inLanguage\":\"fr-FR\",\"@id\":\"https:\/\/blogs.thesocialmedia.com\/leblogmoto\/#\/schema\/person\/image\/\",\"url\":\"https:\/\/secure.gravatar.com\/avatar\/?s=96&d=mm&r=g\",\"contentUrl\":\"https:\/\/secure.gravatar.com\/avatar\/?s=96&d=mm&r=g\",\"caption\":\"andre leconde\"},\"url\":\"https:\/\/blogs.thesocialmedia.com\/leblogmoto\/author\/andre-leconde\/\"}]}<\/script>\n<!-- \/ Yoast SEO plugin. -->","yoast_head_json":{"title":"SBK: R\u00e9p\u00e9titions g\u00e9n\u00e9rales. - leblogmoto.com","robots":{"index":"index","follow":"follow","max-snippet":"max-snippet:-1","max-image-preview":"max-image-preview:large","max-video-preview":"max-video-preview:-1"},"canonical":"https:\/\/blogs.thesocialmedia.com\/leblogmoto\/2006\/02\/07\/sbk-rptitions-g\/","twitter_card":"summary_large_image","twitter_title":"SBK: R\u00e9p\u00e9titions g\u00e9n\u00e9rales. - leblogmoto.com","twitter_description":"Alors que le plateau MOTOGP d\u00e9grossit ses machines, le SBK finalisent les siennes en vue de la premi\u00e8re manche qui se d\u00e9roulera, d\u00e9j\u00e0, le 25 f\u00e9vrier, au QATAR. Rappelons que cette saison 2006 devrait \u00eatre particuli\u00e8rement anim\u00e9e avec l&rsquo;arriv\u00e9e de pilotes rejet\u00e9s de la cat\u00e9gorie supr\u00eame. Certains sont encore \u00e0 prendre leurs marques. Ce n&rsquo;est [&hellip;]","twitter_image":"http:\/\/www.leblogmoto.com\/images\/bayliss_tro.jpg","twitter_misc":{"\u00c9crit par":"andre leconde","Dur\u00e9e de lecture estim\u00e9e":"2 minutes"},"schema":{"@context":"https:\/\/schema.org","@graph":[{"@type":"WebPage","@id":"https:\/\/blogs.thesocialmedia.com\/leblogmoto\/2006\/02\/07\/sbk-rptitions-g\/","url":"https:\/\/blogs.thesocialmedia.com\/leblogmoto\/2006\/02\/07\/sbk-rptitions-g\/","name":"SBK: R\u00e9p\u00e9titions g\u00e9n\u00e9rales. - leblogmoto.com","isPartOf":{"@id":"https:\/\/blogs.thesocialmedia.com\/leblogmoto\/#website"},"primaryImageOfPage":{"@id":"https:\/\/blogs.thesocialmedia.com\/leblogmoto\/2006\/02\/07\/sbk-rptitions-g\/#primaryimage"},"image":{"@id":"https:\/\/blogs.thesocialmedia.com\/leblogmoto\/2006\/02\/07\/sbk-rptitions-g\/#primaryimage"},"thumbnailUrl":"http:\/\/www.leblogmoto.com\/images\/bayliss_tro.jpg","datePublished":"2006-02-07T13:47:00+00:00","dateModified":"2012-07-11T14:15:12+00:00","author":{"@id":"https:\/\/blogs.thesocialmedia.com\/leblogmoto\/#\/schema\/person\/1a1dcfc7cec206573105eb4af91155c2"},"breadcrumb":{"@id":"https:\/\/blogs.thesocialmedia.com\/leblogmoto\/2006\/02\/07\/sbk-rptitions-g\/#breadcrumb"},"inLanguage":"fr-FR","potentialAction":[{"@type":"ReadAction","target":["https:\/\/blogs.thesocialmedia.com\/leblogmoto\/2006\/02\/07\/sbk-rptitions-g\/"]}]},{"@type":"ImageObject","inLanguage":"fr-FR","@id":"https:\/\/blogs.thesocialmedia.com\/leblogmoto\/2006\/02\/07\/sbk-rptitions-g\/#primaryimage","url":"http:\/\/www.leblogmoto.com\/images\/bayliss_tro.jpg","contentUrl":"http:\/\/www.leblogmoto.com\/images\/bayliss_tro.jpg"},{"@type":"BreadcrumbList","@id":"https:\/\/blogs.thesocialmedia.com\/leblogmoto\/2006\/02\/07\/sbk-rptitions-g\/#breadcrumb","itemListElement":[{"@type":"ListItem","position":1,"name":"Accueil","item":"https:\/\/blogs.thesocialmedia.com\/leblogmoto\/"},{"@type":"ListItem","position":2,"name":"SBK: R\u00e9p\u00e9titions g\u00e9n\u00e9rales."}]},{"@type":"WebSite","@id":"https:\/\/blogs.thesocialmedia.com\/leblogmoto\/#website","url":"https:\/\/blogs.thesocialmedia.com\/leblogmoto\/","name":"leblogmoto","description":"Toute l&#039;actualit\u00e9 des 2 roues","potentialAction":[{"@type":"SearchAction","target":{"@type":"EntryPoint","urlTemplate":"https:\/\/blogs.thesocialmedia.com\/leblogmoto\/?s={search_term_string}"},"query-input":{"@type":"PropertyValueSpecification","valueRequired":true,"valueName":"search_term_string"}}],"inLanguage":"fr-FR"},{"@type":"Person","@id":"https:\/\/blogs.thesocialmedia.com\/leblogmoto\/#\/schema\/person\/1a1dcfc7cec206573105eb4af91155c2","name":"andre leconde","image":{"@type":"ImageObject","inLanguage":"fr-FR","@id":"https:\/\/blogs.thesocialmedia.com\/leblogmoto\/#\/schema\/person\/image\/","url":"https:\/\/secure.gravatar.com\/avatar\/?s=96&d=mm&r=g","contentUrl":"https:\/\/secure.gravatar.com\/avatar\/?s=96&d=mm&r=g","caption":"andre leconde"},"url":"https:\/\/blogs.thesocialmedia.com\/leblogmoto\/author\/andre-leconde\/"}]}},"_links":{"self":[{"href":"https:\/\/blogs.thesocialmedia.com\/leblogmoto\/wp-json\/wp\/v2\/posts\/2073","targetHints":{"allow":["GET"]}}],"collection":[{"href":"https:\/\/blogs.thesocialmedia.com\/leblogmoto\/wp-json\/wp\/v2\/posts"}],"about":[{"href":"https:\/\/blogs.thesocialmedia.com\/leblogmoto\/wp-json\/wp\/v2\/types\/post"}],"author":[{"embeddable":true,"href":"https:\/\/blogs.thesocialmedia.com\/leblogmoto\/wp-json\/wp\/v2\/users\/336"}],"replies":[{"embeddable":true,"href":"https:\/\/blogs.thesocialmedia.com\/leblogmoto\/wp-json\/wp\/v2\/comments?post=2073"}],"version-history":[{"count":2,"href":"https:\/\/blogs.thesocialmedia.com\/leblogmoto\/wp-json\/wp\/v2\/posts\/2073\/revisions"}],"predecessor-version":[{"id":7013,"href":"https:\/\/blogs.thesocialmedia.com\/leblogmoto\/wp-json\/wp\/v2\/posts\/2073\/revisions\/7013"}],"wp:attachment":[{"href":"https:\/\/blogs.thesocialmedia.com\/leblogmoto\/wp-json\/wp\/v2\/media?parent=2073"}],"wp:term":[{"taxonomy":"category","embeddable":true,"href":"https:\/\/blogs.thesocialmedia.com\/leblogmoto\/wp-json\/wp\/v2\/categories?post=2073"},{"taxonomy":"post_tag","embeddable":true,"href":"https:\/\/blogs.thesocialmedia.com\/leblogmoto\/wp-json\/wp\/v2\/tags?post=2073"}],"curies":[{"name":"wp","href":"https:\/\/api.w.org\/{rel}","templated":true}]}}