{"id":2074,"date":"2006-02-05T21:00:00","date_gmt":"2006-02-05T21:00:00","guid":{"rendered":"http:\/\/blogs.thesocialmedia.com\/leblogmoto\/2006\/02\/05\/rien-que-pour-l\/"},"modified":"2012-07-11T13:21:31","modified_gmt":"2012-07-11T13:21:31","slug":"rien-que-pour-l","status":"publish","type":"post","link":"https:\/\/blogs.thesocialmedia.com\/leblogmoto\/2006\/02\/05\/rien-que-pour-l\/","title":{"rendered":"Rien que pour les yeux."},"content":{"rendered":"<p><a href=\"http:\/\/clabedan.typepad.com\/.shared\/image.html?\/photos\/uncategorized\/two_demons.jpeg\"><\/a><\/p>\n<p><a href=\"http:\/\/clabedan.typepad.com\/.shared\/image.html?\/photos\/uncategorized\/sepang_test.jpeg\"><img loading=\"lazy\" decoding=\"async\" height=\"187\" alt=\"Sepang_test\" src=\"http:\/\/www.leblogmoto.com\/images\/sepang_test.jpeg\" width=\"250\"  \/><\/a>Dans le style &quot;<a href=\"http:\/\/www.leblogmoto.com\/2006\/01\/post_2.html\">Streetfighter<\/a>&quot; il faut bien reconna\u00eetre que cette <a href=\"http:\/\/www.leblogmoto.com\/2006\/01\/sportclassic_re.html\">DUCATI<\/a> ferait un carton, jusqu&rsquo;\u00e0 embraser le bitume et enflammer la corn\u00e9e de celles et ceux qui auraient l&rsquo;impudence de la fixer ostensiblement.<\/p>\n<p>H\u00e9las, les apparences sont trompeuses et les <a href=\"http:\/\/www.leblogmoto.com\/2005\/12\/laventure_elfiq.html\">prouesses techniques<\/a> de l&rsquo;informatique prennent ici toute leur dimension hypnotique. Non, cette belle italienne pr\u00e9nomm\u00e9e &quot; <strong>Demon <\/strong>&quot; n&rsquo;est qu&rsquo;un leurre, un exercice de style. Mais regardez la suite, <a href=\"http:\/\/www.leblogmoto.com\/2005\/11\/aprilia_rsv_100_1.html\">APRILIA<\/a> nous fait aussi fantasmer&#8230;&nbsp; &nbsp;&nbsp; &nbsp;<\/p>\n<p><a href=\"http:\/\/clabedan.typepad.com\/.shared\/image.html?\/photos\/uncategorized\/ram_04.jpeg\"><img loading=\"lazy\" decoding=\"async\" height=\"166\" alt=\"Ram_04\" src=\"http:\/\/www.leblogmoto.com\/images\/ram_04.jpeg\" width=\"250\"  \/><\/a>L\u00e0, on sent bien le virtuel mais ce physique courtaud interpelle jusqu&rsquo;\u00e0 retourner les sens. <strong>RAM 1000<\/strong> est son nom de code. <\/p>\n<p>La machine ne sera sans doute jamais en vitrine d&rsquo;une concession APRILIA, pas plus que sa compatriote Demon ne sera couch\u00e9e, un jour, sur un bon de commande DUCATI. Mais ces r\u00e9alisations, que l&rsquo;on doit \u00e0 <strong>Heikki NAULAP\u00c4\u00c4<\/strong> depuis quelques temps d\u00e9j\u00e0, rappellent que l&rsquo;on peut s&rsquo;orienter vers autre chose qu&rsquo;une <a href=\"http:\/\/www.leblogmoto.com\/2006\/01\/victory_800_con.html\">inspiration scooter<\/a>, certes respectable, mais un peu pataude et terriblement moins romantique&#8230;<a href=\"http:\/\/clabedan.typepad.com\/.shared\/image.html?\/photos\/uncategorized\/04_raw_dark_white.jpeg\"><img loading=\"lazy\" decoding=\"async\" height=\"187\" alt=\"04_raw_dark_white\" src=\"http:\/\/www.leblogmoto.com\/images\/04_raw_dark_white.jpeg\" width=\"250\"  \/><\/a> <\/p>\n<p>SOURCE: <a href=\"http:\/\/www.naulapaa.com\/\">www.naulapaa.com<\/a>&nbsp; &nbsp;&nbsp; &nbsp;<\/p>\n","protected":false},"excerpt":{"rendered":"<p>Dans le style &quot;Streetfighter&quot; il faut bien reconna\u00eetre que cette DUCATI ferait un carton, jusqu&rsquo;\u00e0 embraser le bitume et enflammer la corn\u00e9e de celles et ceux qui auraient l&rsquo;impudence de la fixer ostensiblement. H\u00e9las, les apparences sont trompeuses et les prouesses techniques de l&rsquo;informatique prennent ici toute leur dimension hypnotique. Non, cette belle italienne pr\u00e9nomm\u00e9e [&hellip;]<\/p>\n","protected":false},"author":336,"featured_media":0,"comment_status":"open","ping_status":"open","sticky":false,"template":"","format":"standard","meta":{"footnotes":""},"categories":[33],"tags":[],"class_list":["post-2074","post","type-post","status-publish","format-standard","hentry","category-concept-bike"],"yoast_head":"<!-- This site is optimized with the Yoast SEO plugin v26.0 - https:\/\/yoast.com\/wordpress\/plugins\/seo\/ -->\n<title>Rien que pour les yeux. - leblogmoto.com<\/title>\n<meta name=\"robots\" content=\"index, follow, max-snippet:-1, max-image-preview:large, max-video-preview:-1\" \/>\n<link rel=\"canonical\" href=\"https:\/\/blogs.thesocialmedia.com\/leblogmoto\/2006\/02\/05\/rien-que-pour-l\/\" \/>\n<meta name=\"twitter:card\" content=\"summary_large_image\" \/>\n<meta name=\"twitter:title\" content=\"Rien que pour les yeux. - leblogmoto.com\" \/>\n<meta name=\"twitter:description\" content=\"Dans le style &quot;Streetfighter&quot; il faut bien reconna\u00eetre que cette DUCATI ferait un carton, jusqu&rsquo;\u00e0 embraser le bitume et enflammer la corn\u00e9e de celles et ceux qui auraient l&rsquo;impudence de la fixer ostensiblement. H\u00e9las, les apparences sont trompeuses et les prouesses techniques de l&rsquo;informatique prennent ici toute leur dimension hypnotique. Non, cette belle italienne pr\u00e9nomm\u00e9e [&hellip;]\" \/>\n<meta name=\"twitter:image\" content=\"http:\/\/www.leblogmoto.com\/images\/sepang_test.jpeg\" \/>\n<meta name=\"twitter:label1\" content=\"\u00c9crit par\" \/>\n\t<meta name=\"twitter:data1\" content=\"andre leconde\" \/>\n\t<meta name=\"twitter:label2\" content=\"Dur\u00e9e de lecture estim\u00e9e\" \/>\n\t<meta name=\"twitter:data2\" content=\"1 minute\" \/>\n<script type=\"application\/ld+json\" class=\"yoast-schema-graph\">{\"@context\":\"https:\/\/schema.org\",\"@graph\":[{\"@type\":\"WebPage\",\"@id\":\"https:\/\/blogs.thesocialmedia.com\/leblogmoto\/2006\/02\/05\/rien-que-pour-l\/\",\"url\":\"https:\/\/blogs.thesocialmedia.com\/leblogmoto\/2006\/02\/05\/rien-que-pour-l\/\",\"name\":\"Rien que pour les yeux. - leblogmoto.com\",\"isPartOf\":{\"@id\":\"https:\/\/blogs.thesocialmedia.com\/leblogmoto\/#website\"},\"primaryImageOfPage\":{\"@id\":\"https:\/\/blogs.thesocialmedia.com\/leblogmoto\/2006\/02\/05\/rien-que-pour-l\/#primaryimage\"},\"image\":{\"@id\":\"https:\/\/blogs.thesocialmedia.com\/leblogmoto\/2006\/02\/05\/rien-que-pour-l\/#primaryimage\"},\"thumbnailUrl\":\"http:\/\/www.leblogmoto.com\/images\/sepang_test.jpeg\",\"datePublished\":\"2006-02-05T21:00:00+00:00\",\"dateModified\":\"2012-07-11T13:21:31+00:00\",\"author\":{\"@id\":\"https:\/\/blogs.thesocialmedia.com\/leblogmoto\/#\/schema\/person\/1a1dcfc7cec206573105eb4af91155c2\"},\"breadcrumb\":{\"@id\":\"https:\/\/blogs.thesocialmedia.com\/leblogmoto\/2006\/02\/05\/rien-que-pour-l\/#breadcrumb\"},\"inLanguage\":\"fr-FR\",\"potentialAction\":[{\"@type\":\"ReadAction\",\"target\":[\"https:\/\/blogs.thesocialmedia.com\/leblogmoto\/2006\/02\/05\/rien-que-pour-l\/\"]}]},{\"@type\":\"ImageObject\",\"inLanguage\":\"fr-FR\",\"@id\":\"https:\/\/blogs.thesocialmedia.com\/leblogmoto\/2006\/02\/05\/rien-que-pour-l\/#primaryimage\",\"url\":\"http:\/\/www.leblogmoto.com\/images\/sepang_test.jpeg\",\"contentUrl\":\"http:\/\/www.leblogmoto.com\/images\/sepang_test.jpeg\"},{\"@type\":\"BreadcrumbList\",\"@id\":\"https:\/\/blogs.thesocialmedia.com\/leblogmoto\/2006\/02\/05\/rien-que-pour-l\/#breadcrumb\",\"itemListElement\":[{\"@type\":\"ListItem\",\"position\":1,\"name\":\"Accueil\",\"item\":\"https:\/\/blogs.thesocialmedia.com\/leblogmoto\/\"},{\"@type\":\"ListItem\",\"position\":2,\"name\":\"Rien que pour les yeux.\"}]},{\"@type\":\"WebSite\",\"@id\":\"https:\/\/blogs.thesocialmedia.com\/leblogmoto\/#website\",\"url\":\"https:\/\/blogs.thesocialmedia.com\/leblogmoto\/\",\"name\":\"leblogmoto\",\"description\":\"Toute l&#039;actualit\u00e9 des 2 roues\",\"potentialAction\":[{\"@type\":\"SearchAction\",\"target\":{\"@type\":\"EntryPoint\",\"urlTemplate\":\"https:\/\/blogs.thesocialmedia.com\/leblogmoto\/?s={search_term_string}\"},\"query-input\":{\"@type\":\"PropertyValueSpecification\",\"valueRequired\":true,\"valueName\":\"search_term_string\"}}],\"inLanguage\":\"fr-FR\"},{\"@type\":\"Person\",\"@id\":\"https:\/\/blogs.thesocialmedia.com\/leblogmoto\/#\/schema\/person\/1a1dcfc7cec206573105eb4af91155c2\",\"name\":\"andre leconde\",\"image\":{\"@type\":\"ImageObject\",\"inLanguage\":\"fr-FR\",\"@id\":\"https:\/\/blogs.thesocialmedia.com\/leblogmoto\/#\/schema\/person\/image\/\",\"url\":\"https:\/\/secure.gravatar.com\/avatar\/?s=96&d=mm&r=g\",\"contentUrl\":\"https:\/\/secure.gravatar.com\/avatar\/?s=96&d=mm&r=g\",\"caption\":\"andre leconde\"},\"url\":\"https:\/\/blogs.thesocialmedia.com\/leblogmoto\/author\/andre-leconde\/\"}]}<\/script>\n<!-- \/ Yoast SEO plugin. -->","yoast_head_json":{"title":"Rien que pour les yeux. - leblogmoto.com","robots":{"index":"index","follow":"follow","max-snippet":"max-snippet:-1","max-image-preview":"max-image-preview:large","max-video-preview":"max-video-preview:-1"},"canonical":"https:\/\/blogs.thesocialmedia.com\/leblogmoto\/2006\/02\/05\/rien-que-pour-l\/","twitter_card":"summary_large_image","twitter_title":"Rien que pour les yeux. - leblogmoto.com","twitter_description":"Dans le style &quot;Streetfighter&quot; il faut bien reconna\u00eetre que cette DUCATI ferait un carton, jusqu&rsquo;\u00e0 embraser le bitume et enflammer la corn\u00e9e de celles et ceux qui auraient l&rsquo;impudence de la fixer ostensiblement. H\u00e9las, les apparences sont trompeuses et les prouesses techniques de l&rsquo;informatique prennent ici toute leur dimension hypnotique. Non, cette belle italienne pr\u00e9nomm\u00e9e [&hellip;]","twitter_image":"http:\/\/www.leblogmoto.com\/images\/sepang_test.jpeg","twitter_misc":{"\u00c9crit par":"andre leconde","Dur\u00e9e de lecture estim\u00e9e":"1 minute"},"schema":{"@context":"https:\/\/schema.org","@graph":[{"@type":"WebPage","@id":"https:\/\/blogs.thesocialmedia.com\/leblogmoto\/2006\/02\/05\/rien-que-pour-l\/","url":"https:\/\/blogs.thesocialmedia.com\/leblogmoto\/2006\/02\/05\/rien-que-pour-l\/","name":"Rien que pour les yeux. - leblogmoto.com","isPartOf":{"@id":"https:\/\/blogs.thesocialmedia.com\/leblogmoto\/#website"},"primaryImageOfPage":{"@id":"https:\/\/blogs.thesocialmedia.com\/leblogmoto\/2006\/02\/05\/rien-que-pour-l\/#primaryimage"},"image":{"@id":"https:\/\/blogs.thesocialmedia.com\/leblogmoto\/2006\/02\/05\/rien-que-pour-l\/#primaryimage"},"thumbnailUrl":"http:\/\/www.leblogmoto.com\/images\/sepang_test.jpeg","datePublished":"2006-02-05T21:00:00+00:00","dateModified":"2012-07-11T13:21:31+00:00","author":{"@id":"https:\/\/blogs.thesocialmedia.com\/leblogmoto\/#\/schema\/person\/1a1dcfc7cec206573105eb4af91155c2"},"breadcrumb":{"@id":"https:\/\/blogs.thesocialmedia.com\/leblogmoto\/2006\/02\/05\/rien-que-pour-l\/#breadcrumb"},"inLanguage":"fr-FR","potentialAction":[{"@type":"ReadAction","target":["https:\/\/blogs.thesocialmedia.com\/leblogmoto\/2006\/02\/05\/rien-que-pour-l\/"]}]},{"@type":"ImageObject","inLanguage":"fr-FR","@id":"https:\/\/blogs.thesocialmedia.com\/leblogmoto\/2006\/02\/05\/rien-que-pour-l\/#primaryimage","url":"http:\/\/www.leblogmoto.com\/images\/sepang_test.jpeg","contentUrl":"http:\/\/www.leblogmoto.com\/images\/sepang_test.jpeg"},{"@type":"BreadcrumbList","@id":"https:\/\/blogs.thesocialmedia.com\/leblogmoto\/2006\/02\/05\/rien-que-pour-l\/#breadcrumb","itemListElement":[{"@type":"ListItem","position":1,"name":"Accueil","item":"https:\/\/blogs.thesocialmedia.com\/leblogmoto\/"},{"@type":"ListItem","position":2,"name":"Rien que pour les yeux."}]},{"@type":"WebSite","@id":"https:\/\/blogs.thesocialmedia.com\/leblogmoto\/#website","url":"https:\/\/blogs.thesocialmedia.com\/leblogmoto\/","name":"leblogmoto","description":"Toute l&#039;actualit\u00e9 des 2 roues","potentialAction":[{"@type":"SearchAction","target":{"@type":"EntryPoint","urlTemplate":"https:\/\/blogs.thesocialmedia.com\/leblogmoto\/?s={search_term_string}"},"query-input":{"@type":"PropertyValueSpecification","valueRequired":true,"valueName":"search_term_string"}}],"inLanguage":"fr-FR"},{"@type":"Person","@id":"https:\/\/blogs.thesocialmedia.com\/leblogmoto\/#\/schema\/person\/1a1dcfc7cec206573105eb4af91155c2","name":"andre leconde","image":{"@type":"ImageObject","inLanguage":"fr-FR","@id":"https:\/\/blogs.thesocialmedia.com\/leblogmoto\/#\/schema\/person\/image\/","url":"https:\/\/secure.gravatar.com\/avatar\/?s=96&d=mm&r=g","contentUrl":"https:\/\/secure.gravatar.com\/avatar\/?s=96&d=mm&r=g","caption":"andre leconde"},"url":"https:\/\/blogs.thesocialmedia.com\/leblogmoto\/author\/andre-leconde\/"}]}},"_links":{"self":[{"href":"https:\/\/blogs.thesocialmedia.com\/leblogmoto\/wp-json\/wp\/v2\/posts\/2074","targetHints":{"allow":["GET"]}}],"collection":[{"href":"https:\/\/blogs.thesocialmedia.com\/leblogmoto\/wp-json\/wp\/v2\/posts"}],"about":[{"href":"https:\/\/blogs.thesocialmedia.com\/leblogmoto\/wp-json\/wp\/v2\/types\/post"}],"author":[{"embeddable":true,"href":"https:\/\/blogs.thesocialmedia.com\/leblogmoto\/wp-json\/wp\/v2\/users\/336"}],"replies":[{"embeddable":true,"href":"https:\/\/blogs.thesocialmedia.com\/leblogmoto\/wp-json\/wp\/v2\/comments?post=2074"}],"version-history":[{"count":1,"href":"https:\/\/blogs.thesocialmedia.com\/leblogmoto\/wp-json\/wp\/v2\/posts\/2074\/revisions"}],"predecessor-version":[{"id":3100,"href":"https:\/\/blogs.thesocialmedia.com\/leblogmoto\/wp-json\/wp\/v2\/posts\/2074\/revisions\/3100"}],"wp:attachment":[{"href":"https:\/\/blogs.thesocialmedia.com\/leblogmoto\/wp-json\/wp\/v2\/media?parent=2074"}],"wp:term":[{"taxonomy":"category","embeddable":true,"href":"https:\/\/blogs.thesocialmedia.com\/leblogmoto\/wp-json\/wp\/v2\/categories?post=2074"},{"taxonomy":"post_tag","embeddable":true,"href":"https:\/\/blogs.thesocialmedia.com\/leblogmoto\/wp-json\/wp\/v2\/tags?post=2074"}],"curies":[{"name":"wp","href":"https:\/\/api.w.org\/{rel}","templated":true}]}}