{"id":2075,"date":"2006-02-05T16:00:00","date_gmt":"2006-02-05T16:00:00","guid":{"rendered":"http:\/\/blogs.thesocialmedia.com\/leblogmoto\/2006\/02\/05\/enduropale-timo\/"},"modified":"2012-07-11T13:21:31","modified_gmt":"2012-07-11T13:21:31","slug":"enduropale-timo","status":"publish","type":"post","link":"https:\/\/blogs.thesocialmedia.com\/leblogmoto\/2006\/02\/05\/enduropale-timo\/","title":{"rendered":"Enduropale: Timotei POTISEK: Et dune !&#8230;"},"content":{"rendered":"<p><a href=\"http:\/\/clabedan.typepad.com\/.shared\/image.html?\/photos\/uncategorized\/2528626.jpeg\"><img loading=\"lazy\" decoding=\"async\" height=\"167\" alt=\"2528626\" src=\"http:\/\/www.leblogmoto.com\/images\/2528626.jpeg\" width=\"250\"  \/><\/a> C&rsquo;est le fran\u00e7ais <strong>Timotei POTISEK<\/strong> qui a remport\u00e9 la premi\u00e8re \u00e9dition de l&rsquo;Enduropale, soit la <a href=\"http:\/\/www.leblogmoto.com\/2006\/02\/le_touquet_endu.html\">version moderne<\/a>, mais non \u00e9dulcor\u00e9e, de l&rsquo;Enduro du <a href=\"http:\/\/www.leblogmoto.com\/2005\/09\/lenduro_du_touq.html\">TOUQUET<\/a>.<\/p>\n<p>Au guidon de sa <strong>HONDA 450<\/strong>, il a devanc\u00e9 l&rsquo;ex-double vainqueur MOUSSE, et PAGET, alors que le favori Arnaud DEMEESTER, victime de tracas m\u00e9caniques, \u00e9choue au pied du podium. POTISEK a fait montre de son autorit\u00e9 tout au long des trois heures de course, signant m\u00eame le meilleur chrono du parcours&#8230;<\/p>\n<p>Ag\u00e9 de <strong>22 ans<\/strong>, Timotei POTISEK n&rsquo;est pas un inconnu du milieu enduriste des sables. D\u00e9j\u00e0 second lors des deux derni\u00e8res \u00e9ditions, ce dunkerquois est le troisi\u00e8me et plus jeune repr\u00e9sentant d&rsquo;une famille qui \u00e9volue dans la discipline.<\/p>\n<p>Particuli\u00e8rement aff\u00fbt\u00e9 cette ann\u00e9e, il compte bien marquer cette saison de son empreinte. Nul doute que cette victoire dans une \u00e9preuve majeure va lui ouvrir de nouveaux horizons.<\/p>\n<p><a href=\"http:\/\/clabedan.typepad.com\/.shared\/image.html?\/photos\/uncategorized\/enduropale20062d006.jpeg\"><img loading=\"lazy\" decoding=\"async\" height=\"166\" alt=\"Enduropale20062d006\" src=\"http:\/\/www.leblogmoto.com\/images\/enduropale20062d006.jpeg\" width=\"250\"  \/><\/a>L&rsquo;enduro 2006 a montr\u00e9 que les nouvelles bases de son organisation \u00e9taient fiables, ce qui laisse augurer un avenir solide.<\/p>\n<p>Le succ\u00e8s <a href=\"http:\/\/www.leblogmoto.com\/2005\/12\/lhomo_motardicu.html\">populaire<\/a>, quant \u00e0 lui, ne s&rsquo;est pas d\u00e9menti, au plaisir du commerce local&#8230;<\/p>\n<p>SOURCES: <a href=\"http:\/\/www.motorbiker.org\/\">www.motorbiker.org<\/a> et <a href=\"http:\/\/www.enduropale.com\/\">www.enduropale.com<\/a>&nbsp; &nbsp;<\/p>\n<p>&nbsp; &nbsp; <\/p>\n","protected":false},"excerpt":{"rendered":"<p>C&rsquo;est le fran\u00e7ais Timotei POTISEK qui a remport\u00e9 la premi\u00e8re \u00e9dition de l&rsquo;Enduropale, soit la version moderne, mais non \u00e9dulcor\u00e9e, de l&rsquo;Enduro du TOUQUET. Au guidon de sa HONDA 450, il a devanc\u00e9 l&rsquo;ex-double vainqueur MOUSSE, et PAGET, alors que le favori Arnaud DEMEESTER, victime de tracas m\u00e9caniques, \u00e9choue au pied du podium. POTISEK a [&hellip;]<\/p>\n","protected":false},"author":336,"featured_media":0,"comment_status":"open","ping_status":"open","sticky":false,"template":"","format":"standard","meta":{"footnotes":""},"categories":[32],"tags":[],"class_list":["post-2075","post","type-post","status-publish","format-standard","hentry","category-sport-moto"],"yoast_head":"<!-- This site is optimized with the Yoast SEO plugin v26.0 - https:\/\/yoast.com\/wordpress\/plugins\/seo\/ -->\n<title>Enduropale: Timotei POTISEK: Et dune !... - leblogmoto.com<\/title>\n<meta name=\"robots\" content=\"index, follow, max-snippet:-1, max-image-preview:large, max-video-preview:-1\" \/>\n<link rel=\"canonical\" href=\"https:\/\/blogs.thesocialmedia.com\/leblogmoto\/2006\/02\/05\/enduropale-timo\/\" \/>\n<meta name=\"twitter:card\" content=\"summary_large_image\" \/>\n<meta name=\"twitter:title\" content=\"Enduropale: Timotei POTISEK: Et dune !... - leblogmoto.com\" \/>\n<meta name=\"twitter:description\" content=\"C&rsquo;est le fran\u00e7ais Timotei POTISEK qui a remport\u00e9 la premi\u00e8re \u00e9dition de l&rsquo;Enduropale, soit la version moderne, mais non \u00e9dulcor\u00e9e, de l&rsquo;Enduro du TOUQUET. Au guidon de sa HONDA 450, il a devanc\u00e9 l&rsquo;ex-double vainqueur MOUSSE, et PAGET, alors que le favori Arnaud DEMEESTER, victime de tracas m\u00e9caniques, \u00e9choue au pied du podium. POTISEK a [&hellip;]\" \/>\n<meta name=\"twitter:image\" content=\"http:\/\/www.leblogmoto.com\/images\/2528626.jpeg\" \/>\n<meta name=\"twitter:label1\" content=\"\u00c9crit par\" \/>\n\t<meta name=\"twitter:data1\" content=\"andre leconde\" \/>\n\t<meta name=\"twitter:label2\" content=\"Dur\u00e9e de lecture estim\u00e9e\" \/>\n\t<meta name=\"twitter:data2\" content=\"1 minute\" \/>\n<script type=\"application\/ld+json\" class=\"yoast-schema-graph\">{\"@context\":\"https:\/\/schema.org\",\"@graph\":[{\"@type\":\"WebPage\",\"@id\":\"https:\/\/blogs.thesocialmedia.com\/leblogmoto\/2006\/02\/05\/enduropale-timo\/\",\"url\":\"https:\/\/blogs.thesocialmedia.com\/leblogmoto\/2006\/02\/05\/enduropale-timo\/\",\"name\":\"Enduropale: Timotei POTISEK: Et dune !... - leblogmoto.com\",\"isPartOf\":{\"@id\":\"https:\/\/blogs.thesocialmedia.com\/leblogmoto\/#website\"},\"primaryImageOfPage\":{\"@id\":\"https:\/\/blogs.thesocialmedia.com\/leblogmoto\/2006\/02\/05\/enduropale-timo\/#primaryimage\"},\"image\":{\"@id\":\"https:\/\/blogs.thesocialmedia.com\/leblogmoto\/2006\/02\/05\/enduropale-timo\/#primaryimage\"},\"thumbnailUrl\":\"http:\/\/www.leblogmoto.com\/images\/2528626.jpeg\",\"datePublished\":\"2006-02-05T16:00:00+00:00\",\"dateModified\":\"2012-07-11T13:21:31+00:00\",\"author\":{\"@id\":\"https:\/\/blogs.thesocialmedia.com\/leblogmoto\/#\/schema\/person\/1a1dcfc7cec206573105eb4af91155c2\"},\"breadcrumb\":{\"@id\":\"https:\/\/blogs.thesocialmedia.com\/leblogmoto\/2006\/02\/05\/enduropale-timo\/#breadcrumb\"},\"inLanguage\":\"fr-FR\",\"potentialAction\":[{\"@type\":\"ReadAction\",\"target\":[\"https:\/\/blogs.thesocialmedia.com\/leblogmoto\/2006\/02\/05\/enduropale-timo\/\"]}]},{\"@type\":\"ImageObject\",\"inLanguage\":\"fr-FR\",\"@id\":\"https:\/\/blogs.thesocialmedia.com\/leblogmoto\/2006\/02\/05\/enduropale-timo\/#primaryimage\",\"url\":\"http:\/\/www.leblogmoto.com\/images\/2528626.jpeg\",\"contentUrl\":\"http:\/\/www.leblogmoto.com\/images\/2528626.jpeg\"},{\"@type\":\"BreadcrumbList\",\"@id\":\"https:\/\/blogs.thesocialmedia.com\/leblogmoto\/2006\/02\/05\/enduropale-timo\/#breadcrumb\",\"itemListElement\":[{\"@type\":\"ListItem\",\"position\":1,\"name\":\"Accueil\",\"item\":\"https:\/\/blogs.thesocialmedia.com\/leblogmoto\/\"},{\"@type\":\"ListItem\",\"position\":2,\"name\":\"Enduropale: Timotei POTISEK: Et dune !&#8230;\"}]},{\"@type\":\"WebSite\",\"@id\":\"https:\/\/blogs.thesocialmedia.com\/leblogmoto\/#website\",\"url\":\"https:\/\/blogs.thesocialmedia.com\/leblogmoto\/\",\"name\":\"leblogmoto\",\"description\":\"Toute l&#039;actualit\u00e9 des 2 roues\",\"potentialAction\":[{\"@type\":\"SearchAction\",\"target\":{\"@type\":\"EntryPoint\",\"urlTemplate\":\"https:\/\/blogs.thesocialmedia.com\/leblogmoto\/?s={search_term_string}\"},\"query-input\":{\"@type\":\"PropertyValueSpecification\",\"valueRequired\":true,\"valueName\":\"search_term_string\"}}],\"inLanguage\":\"fr-FR\"},{\"@type\":\"Person\",\"@id\":\"https:\/\/blogs.thesocialmedia.com\/leblogmoto\/#\/schema\/person\/1a1dcfc7cec206573105eb4af91155c2\",\"name\":\"andre leconde\",\"image\":{\"@type\":\"ImageObject\",\"inLanguage\":\"fr-FR\",\"@id\":\"https:\/\/blogs.thesocialmedia.com\/leblogmoto\/#\/schema\/person\/image\/\",\"url\":\"https:\/\/secure.gravatar.com\/avatar\/?s=96&d=mm&r=g\",\"contentUrl\":\"https:\/\/secure.gravatar.com\/avatar\/?s=96&d=mm&r=g\",\"caption\":\"andre leconde\"},\"url\":\"https:\/\/blogs.thesocialmedia.com\/leblogmoto\/author\/andre-leconde\/\"}]}<\/script>\n<!-- \/ Yoast SEO plugin. -->","yoast_head_json":{"title":"Enduropale: Timotei POTISEK: Et dune !... - leblogmoto.com","robots":{"index":"index","follow":"follow","max-snippet":"max-snippet:-1","max-image-preview":"max-image-preview:large","max-video-preview":"max-video-preview:-1"},"canonical":"https:\/\/blogs.thesocialmedia.com\/leblogmoto\/2006\/02\/05\/enduropale-timo\/","twitter_card":"summary_large_image","twitter_title":"Enduropale: Timotei POTISEK: Et dune !... - leblogmoto.com","twitter_description":"C&rsquo;est le fran\u00e7ais Timotei POTISEK qui a remport\u00e9 la premi\u00e8re \u00e9dition de l&rsquo;Enduropale, soit la version moderne, mais non \u00e9dulcor\u00e9e, de l&rsquo;Enduro du TOUQUET. Au guidon de sa HONDA 450, il a devanc\u00e9 l&rsquo;ex-double vainqueur MOUSSE, et PAGET, alors que le favori Arnaud DEMEESTER, victime de tracas m\u00e9caniques, \u00e9choue au pied du podium. POTISEK a [&hellip;]","twitter_image":"http:\/\/www.leblogmoto.com\/images\/2528626.jpeg","twitter_misc":{"\u00c9crit par":"andre leconde","Dur\u00e9e de lecture estim\u00e9e":"1 minute"},"schema":{"@context":"https:\/\/schema.org","@graph":[{"@type":"WebPage","@id":"https:\/\/blogs.thesocialmedia.com\/leblogmoto\/2006\/02\/05\/enduropale-timo\/","url":"https:\/\/blogs.thesocialmedia.com\/leblogmoto\/2006\/02\/05\/enduropale-timo\/","name":"Enduropale: Timotei POTISEK: Et dune !... - leblogmoto.com","isPartOf":{"@id":"https:\/\/blogs.thesocialmedia.com\/leblogmoto\/#website"},"primaryImageOfPage":{"@id":"https:\/\/blogs.thesocialmedia.com\/leblogmoto\/2006\/02\/05\/enduropale-timo\/#primaryimage"},"image":{"@id":"https:\/\/blogs.thesocialmedia.com\/leblogmoto\/2006\/02\/05\/enduropale-timo\/#primaryimage"},"thumbnailUrl":"http:\/\/www.leblogmoto.com\/images\/2528626.jpeg","datePublished":"2006-02-05T16:00:00+00:00","dateModified":"2012-07-11T13:21:31+00:00","author":{"@id":"https:\/\/blogs.thesocialmedia.com\/leblogmoto\/#\/schema\/person\/1a1dcfc7cec206573105eb4af91155c2"},"breadcrumb":{"@id":"https:\/\/blogs.thesocialmedia.com\/leblogmoto\/2006\/02\/05\/enduropale-timo\/#breadcrumb"},"inLanguage":"fr-FR","potentialAction":[{"@type":"ReadAction","target":["https:\/\/blogs.thesocialmedia.com\/leblogmoto\/2006\/02\/05\/enduropale-timo\/"]}]},{"@type":"ImageObject","inLanguage":"fr-FR","@id":"https:\/\/blogs.thesocialmedia.com\/leblogmoto\/2006\/02\/05\/enduropale-timo\/#primaryimage","url":"http:\/\/www.leblogmoto.com\/images\/2528626.jpeg","contentUrl":"http:\/\/www.leblogmoto.com\/images\/2528626.jpeg"},{"@type":"BreadcrumbList","@id":"https:\/\/blogs.thesocialmedia.com\/leblogmoto\/2006\/02\/05\/enduropale-timo\/#breadcrumb","itemListElement":[{"@type":"ListItem","position":1,"name":"Accueil","item":"https:\/\/blogs.thesocialmedia.com\/leblogmoto\/"},{"@type":"ListItem","position":2,"name":"Enduropale: Timotei POTISEK: Et dune !&#8230;"}]},{"@type":"WebSite","@id":"https:\/\/blogs.thesocialmedia.com\/leblogmoto\/#website","url":"https:\/\/blogs.thesocialmedia.com\/leblogmoto\/","name":"leblogmoto","description":"Toute l&#039;actualit\u00e9 des 2 roues","potentialAction":[{"@type":"SearchAction","target":{"@type":"EntryPoint","urlTemplate":"https:\/\/blogs.thesocialmedia.com\/leblogmoto\/?s={search_term_string}"},"query-input":{"@type":"PropertyValueSpecification","valueRequired":true,"valueName":"search_term_string"}}],"inLanguage":"fr-FR"},{"@type":"Person","@id":"https:\/\/blogs.thesocialmedia.com\/leblogmoto\/#\/schema\/person\/1a1dcfc7cec206573105eb4af91155c2","name":"andre leconde","image":{"@type":"ImageObject","inLanguage":"fr-FR","@id":"https:\/\/blogs.thesocialmedia.com\/leblogmoto\/#\/schema\/person\/image\/","url":"https:\/\/secure.gravatar.com\/avatar\/?s=96&d=mm&r=g","contentUrl":"https:\/\/secure.gravatar.com\/avatar\/?s=96&d=mm&r=g","caption":"andre leconde"},"url":"https:\/\/blogs.thesocialmedia.com\/leblogmoto\/author\/andre-leconde\/"}]}},"_links":{"self":[{"href":"https:\/\/blogs.thesocialmedia.com\/leblogmoto\/wp-json\/wp\/v2\/posts\/2075","targetHints":{"allow":["GET"]}}],"collection":[{"href":"https:\/\/blogs.thesocialmedia.com\/leblogmoto\/wp-json\/wp\/v2\/posts"}],"about":[{"href":"https:\/\/blogs.thesocialmedia.com\/leblogmoto\/wp-json\/wp\/v2\/types\/post"}],"author":[{"embeddable":true,"href":"https:\/\/blogs.thesocialmedia.com\/leblogmoto\/wp-json\/wp\/v2\/users\/336"}],"replies":[{"embeddable":true,"href":"https:\/\/blogs.thesocialmedia.com\/leblogmoto\/wp-json\/wp\/v2\/comments?post=2075"}],"version-history":[{"count":1,"href":"https:\/\/blogs.thesocialmedia.com\/leblogmoto\/wp-json\/wp\/v2\/posts\/2075\/revisions"}],"predecessor-version":[{"id":3099,"href":"https:\/\/blogs.thesocialmedia.com\/leblogmoto\/wp-json\/wp\/v2\/posts\/2075\/revisions\/3099"}],"wp:attachment":[{"href":"https:\/\/blogs.thesocialmedia.com\/leblogmoto\/wp-json\/wp\/v2\/media?parent=2075"}],"wp:term":[{"taxonomy":"category","embeddable":true,"href":"https:\/\/blogs.thesocialmedia.com\/leblogmoto\/wp-json\/wp\/v2\/categories?post=2075"},{"taxonomy":"post_tag","embeddable":true,"href":"https:\/\/blogs.thesocialmedia.com\/leblogmoto\/wp-json\/wp\/v2\/tags?post=2075"}],"curies":[{"name":"wp","href":"https:\/\/api.w.org\/{rel}","templated":true}]}}