{"id":2076,"date":"2006-02-04T14:59:56","date_gmt":"2006-02-04T14:59:56","guid":{"rendered":"http:\/\/blogs.thesocialmedia.com\/leblogmoto\/2006\/02\/04\/il-ne-sagt-pas\/"},"modified":"2012-07-11T13:21:31","modified_gmt":"2012-07-11T13:21:31","slug":"il-ne-sagt-pas","status":"publish","type":"post","link":"https:\/\/blogs.thesocialmedia.com\/leblogmoto\/2006\/02\/04\/il-ne-sagt-pas\/","title":{"rendered":"Monsieur XU vous salue."},"content":{"rendered":"<p><a href=\"http:\/\/clabedan.typepad.com\/.shared\/image.html?\/photos\/uncategorized\/283089.jpeg\"><img loading=\"lazy\" decoding=\"async\" height=\"187\" alt=\"283089\" src=\"http:\/\/www.leblogmoto.com\/images\/283089.jpeg\" width=\"250\"  \/><\/a>Il ne s&rsquo;ag\u00eet pas d&rsquo;une image prise sur le vif de la prochaine rivale de la <a href=\"http:\/\/www.leblogmoto.com\/2005\/09\/triumph_rocket__1.html\">Rocket III<\/a>, ni l&rsquo;ambition furtivement saisie d&rsquo;un prochain mod\u00e8le destin\u00e9 \u00e0 d\u00e9fier, \u00e0 un tarif ridicule, les <a href=\"http:\/\/www.leblogmoto.com\/2006\/01\/le_syndrme_vmax_2.html\">gros customs<\/a> \u00e9tablis sur nos territoires.<\/p>\n<p>Non, voici plut\u00f4t une construction artisanale et un peu folle venue de <strong>CHINE<\/strong>, aux caract\u00e9ristiques inconnues, mais \u00e0 la finition et \u00e0 la structure suffisamment criantes pour que l&rsquo;on se f\u00e9licite qu&rsquo;elle constitue la seule de son esp\u00e8ce&#8230;&nbsp; &nbsp; <\/p>\n<p><a href=\"http:\/\/clabedan.typepad.com\/.shared\/image.html?\/photos\/uncategorized\/283085.jpeg\"><img loading=\"lazy\" decoding=\"async\" height=\"187\" alt=\"283085\" src=\"http:\/\/www.leblogmoto.com\/images\/283085.jpeg\" width=\"250\"  \/><\/a>On reste saisi d&rsquo;\u00e9tonnement devant l&rsquo;ing\u00e9nieuse b\u00e9quille lat\u00e9rale faite hymne \u00e0 notre \u00e8re encensant le recyclage en tous genres. L\u00e0, on vient de trouver une nouvelle vie \u00e0 donner au vieux filtre \u00e0 huile.<\/p>\n<p>C\u00f4t\u00e9 co\u00fbts de fabrication, ils devraient \u00eatre suffisamment concurrentiels pour assurer un prix de revient int\u00e9ressant, tant les accessoires tir\u00e9s de la grande s\u00e9rie <a href=\"http:\/\/www.leblogmoto.com\/2006\/01\/bfg_suicide_la_.html\">automobile<\/a> semblent pulluler.<\/p>\n<p><a href=\"http:\/\/clabedan.typepad.com\/.shared\/image.html?\/photos\/uncategorized\/283084.jpeg\"><img loading=\"lazy\" decoding=\"async\" height=\"187\" alt=\"283084\" src=\"http:\/\/www.leblogmoto.com\/images\/283084.jpeg\" width=\"250\"  \/><\/a> On est pantois face \u00e0 ce qui semble \u00eatre une voie in\u00e9dite dans la recherche d&rsquo;une optimisation de la r\u00e9partition des masses. Le cadre est unique en son genre, les r\u00e9servoires d&rsquo;essence sont lat\u00e9ralement accroch\u00e9s \u00e0 l&rsquo;arri\u00e8re tandis que rien n&rsquo;a filtr\u00e9 au sujet des suspensions, sans doute parce qu&rsquo;il n&rsquo;y avait rien \u00e0 en dire&#8230; Quant au freinage, il n&rsquo;y a pas \u00e0 douter que l&rsquo;on d\u00e9rouille \u00e0 chaque pression de la commande.<\/p>\n<p><a href=\"http:\/\/clabedan.typepad.com\/.shared\/image.html?\/photos\/uncategorized\/283087.jpeg\"><img loading=\"lazy\" decoding=\"async\" height=\"187\" alt=\"283087\" src=\"http:\/\/www.leblogmoto.com\/images\/283087.jpeg\" width=\"250\"  \/><\/a>Aucune information n&rsquo;a \u00e9t\u00e9 recueillie sur une \u00e9ventuelle production ni la moindre nouvelle sur une commercialisation. Il semble, pourtant, que le concept ait, en lui-m\u00eame, suffisamment de <a href=\"http:\/\/www.leblogmoto.com\/2006\/01\/victory_800_con.html\">style<\/a> pour garantir \u00e0 son pilote de ne jamais passer inaper\u00e7u \u00e0 son large guidon. Les go\u00fbts et les couleurs ne se discutant pas, on ne s&rsquo;\u00e9tendra gu\u00e8re sur son esth\u00e9tique globale.<\/p>\n<p>Reste que ce genre de d\u00e9lire n&rsquo;est pas l&rsquo;apanage d&rsquo;un pays qui s&rsquo;\u00e9veille chaque jour un peu plus et qui sait, par ailleurs, nous offrir des <a href=\"http:\/\/www.leblogmoto.com\/2005\/12\/bmw_en_ombre_ch.html\">produits<\/a> on ne peut plus respectables. Regardez, de l&rsquo;autre c\u00f4t\u00e9 de l&rsquo;Atlantique, s&rsquo;ils ont plus de moyens, ben c&rsquo;est pas pour \u00e7a que c&rsquo;est mieux&#8230; <a href=\"http:\/\/clabedan.typepad.com\/.shared\/image.html?\/photos\/uncategorized\/psycho_bike.jpeg\"><img loading=\"lazy\" decoding=\"async\" height=\"162\" alt=\"Psycho_bike\" src=\"http:\/\/www.leblogmoto.com\/images\/psycho_bike.jpeg\" width=\"250\"  \/><\/a>&nbsp; <\/p>\n<p>SOURCE: <a href=\"http:\/\/www.delirant.com\/\">www.delirant.com<\/a>&nbsp; &nbsp;<\/p><\/p>\n","protected":false},"excerpt":{"rendered":"<p>Il ne s&rsquo;ag\u00eet pas d&rsquo;une image prise sur le vif de la prochaine rivale de la Rocket III, ni l&rsquo;ambition furtivement saisie d&rsquo;un prochain mod\u00e8le destin\u00e9 \u00e0 d\u00e9fier, \u00e0 un tarif ridicule, les gros customs \u00e9tablis sur nos territoires. Non, voici plut\u00f4t une construction artisanale et un peu folle venue de CHINE, aux caract\u00e9ristiques inconnues, [&hellip;]<\/p>\n","protected":false},"author":336,"featured_media":0,"comment_status":"open","ping_status":"open","sticky":false,"template":"","format":"standard","meta":{"footnotes":""},"categories":[17],"tags":[],"class_list":["post-2076","post","type-post","status-publish","format-standard","hentry","category-divers"],"yoast_head":"<!-- This site is optimized with the Yoast SEO plugin v26.0 - https:\/\/yoast.com\/wordpress\/plugins\/seo\/ -->\n<title>Monsieur XU vous salue. - leblogmoto.com<\/title>\n<meta name=\"robots\" content=\"index, follow, max-snippet:-1, max-image-preview:large, max-video-preview:-1\" \/>\n<link rel=\"canonical\" href=\"https:\/\/blogs.thesocialmedia.com\/leblogmoto\/2006\/02\/04\/il-ne-sagt-pas\/\" \/>\n<meta name=\"twitter:card\" content=\"summary_large_image\" \/>\n<meta name=\"twitter:title\" content=\"Monsieur XU vous salue. - leblogmoto.com\" \/>\n<meta name=\"twitter:description\" content=\"Il ne s&rsquo;ag\u00eet pas d&rsquo;une image prise sur le vif de la prochaine rivale de la Rocket III, ni l&rsquo;ambition furtivement saisie d&rsquo;un prochain mod\u00e8le destin\u00e9 \u00e0 d\u00e9fier, \u00e0 un tarif ridicule, les gros customs \u00e9tablis sur nos territoires. Non, voici plut\u00f4t une construction artisanale et un peu folle venue de CHINE, aux caract\u00e9ristiques inconnues, [&hellip;]\" \/>\n<meta name=\"twitter:image\" content=\"http:\/\/www.leblogmoto.com\/images\/283089.jpeg\" \/>\n<meta name=\"twitter:label1\" content=\"\u00c9crit par\" \/>\n\t<meta name=\"twitter:data1\" content=\"andre leconde\" \/>\n\t<meta name=\"twitter:label2\" content=\"Dur\u00e9e de lecture estim\u00e9e\" \/>\n\t<meta name=\"twitter:data2\" content=\"2 minutes\" \/>\n<script type=\"application\/ld+json\" class=\"yoast-schema-graph\">{\"@context\":\"https:\/\/schema.org\",\"@graph\":[{\"@type\":\"WebPage\",\"@id\":\"https:\/\/blogs.thesocialmedia.com\/leblogmoto\/2006\/02\/04\/il-ne-sagt-pas\/\",\"url\":\"https:\/\/blogs.thesocialmedia.com\/leblogmoto\/2006\/02\/04\/il-ne-sagt-pas\/\",\"name\":\"Monsieur XU vous salue. - leblogmoto.com\",\"isPartOf\":{\"@id\":\"https:\/\/blogs.thesocialmedia.com\/leblogmoto\/#website\"},\"primaryImageOfPage\":{\"@id\":\"https:\/\/blogs.thesocialmedia.com\/leblogmoto\/2006\/02\/04\/il-ne-sagt-pas\/#primaryimage\"},\"image\":{\"@id\":\"https:\/\/blogs.thesocialmedia.com\/leblogmoto\/2006\/02\/04\/il-ne-sagt-pas\/#primaryimage\"},\"thumbnailUrl\":\"http:\/\/www.leblogmoto.com\/images\/283089.jpeg\",\"datePublished\":\"2006-02-04T14:59:56+00:00\",\"dateModified\":\"2012-07-11T13:21:31+00:00\",\"author\":{\"@id\":\"https:\/\/blogs.thesocialmedia.com\/leblogmoto\/#\/schema\/person\/1a1dcfc7cec206573105eb4af91155c2\"},\"breadcrumb\":{\"@id\":\"https:\/\/blogs.thesocialmedia.com\/leblogmoto\/2006\/02\/04\/il-ne-sagt-pas\/#breadcrumb\"},\"inLanguage\":\"fr-FR\",\"potentialAction\":[{\"@type\":\"ReadAction\",\"target\":[\"https:\/\/blogs.thesocialmedia.com\/leblogmoto\/2006\/02\/04\/il-ne-sagt-pas\/\"]}]},{\"@type\":\"ImageObject\",\"inLanguage\":\"fr-FR\",\"@id\":\"https:\/\/blogs.thesocialmedia.com\/leblogmoto\/2006\/02\/04\/il-ne-sagt-pas\/#primaryimage\",\"url\":\"http:\/\/www.leblogmoto.com\/images\/283089.jpeg\",\"contentUrl\":\"http:\/\/www.leblogmoto.com\/images\/283089.jpeg\"},{\"@type\":\"BreadcrumbList\",\"@id\":\"https:\/\/blogs.thesocialmedia.com\/leblogmoto\/2006\/02\/04\/il-ne-sagt-pas\/#breadcrumb\",\"itemListElement\":[{\"@type\":\"ListItem\",\"position\":1,\"name\":\"Accueil\",\"item\":\"https:\/\/blogs.thesocialmedia.com\/leblogmoto\/\"},{\"@type\":\"ListItem\",\"position\":2,\"name\":\"Monsieur XU vous salue.\"}]},{\"@type\":\"WebSite\",\"@id\":\"https:\/\/blogs.thesocialmedia.com\/leblogmoto\/#website\",\"url\":\"https:\/\/blogs.thesocialmedia.com\/leblogmoto\/\",\"name\":\"leblogmoto\",\"description\":\"Toute l&#039;actualit\u00e9 des 2 roues\",\"potentialAction\":[{\"@type\":\"SearchAction\",\"target\":{\"@type\":\"EntryPoint\",\"urlTemplate\":\"https:\/\/blogs.thesocialmedia.com\/leblogmoto\/?s={search_term_string}\"},\"query-input\":{\"@type\":\"PropertyValueSpecification\",\"valueRequired\":true,\"valueName\":\"search_term_string\"}}],\"inLanguage\":\"fr-FR\"},{\"@type\":\"Person\",\"@id\":\"https:\/\/blogs.thesocialmedia.com\/leblogmoto\/#\/schema\/person\/1a1dcfc7cec206573105eb4af91155c2\",\"name\":\"andre leconde\",\"image\":{\"@type\":\"ImageObject\",\"inLanguage\":\"fr-FR\",\"@id\":\"https:\/\/blogs.thesocialmedia.com\/leblogmoto\/#\/schema\/person\/image\/\",\"url\":\"https:\/\/secure.gravatar.com\/avatar\/?s=96&d=mm&r=g\",\"contentUrl\":\"https:\/\/secure.gravatar.com\/avatar\/?s=96&d=mm&r=g\",\"caption\":\"andre leconde\"},\"url\":\"https:\/\/blogs.thesocialmedia.com\/leblogmoto\/author\/andre-leconde\/\"}]}<\/script>\n<!-- \/ Yoast SEO plugin. -->","yoast_head_json":{"title":"Monsieur XU vous salue. - leblogmoto.com","robots":{"index":"index","follow":"follow","max-snippet":"max-snippet:-1","max-image-preview":"max-image-preview:large","max-video-preview":"max-video-preview:-1"},"canonical":"https:\/\/blogs.thesocialmedia.com\/leblogmoto\/2006\/02\/04\/il-ne-sagt-pas\/","twitter_card":"summary_large_image","twitter_title":"Monsieur XU vous salue. - leblogmoto.com","twitter_description":"Il ne s&rsquo;ag\u00eet pas d&rsquo;une image prise sur le vif de la prochaine rivale de la Rocket III, ni l&rsquo;ambition furtivement saisie d&rsquo;un prochain mod\u00e8le destin\u00e9 \u00e0 d\u00e9fier, \u00e0 un tarif ridicule, les gros customs \u00e9tablis sur nos territoires. Non, voici plut\u00f4t une construction artisanale et un peu folle venue de CHINE, aux caract\u00e9ristiques inconnues, [&hellip;]","twitter_image":"http:\/\/www.leblogmoto.com\/images\/283089.jpeg","twitter_misc":{"\u00c9crit par":"andre leconde","Dur\u00e9e de lecture estim\u00e9e":"2 minutes"},"schema":{"@context":"https:\/\/schema.org","@graph":[{"@type":"WebPage","@id":"https:\/\/blogs.thesocialmedia.com\/leblogmoto\/2006\/02\/04\/il-ne-sagt-pas\/","url":"https:\/\/blogs.thesocialmedia.com\/leblogmoto\/2006\/02\/04\/il-ne-sagt-pas\/","name":"Monsieur XU vous salue. - leblogmoto.com","isPartOf":{"@id":"https:\/\/blogs.thesocialmedia.com\/leblogmoto\/#website"},"primaryImageOfPage":{"@id":"https:\/\/blogs.thesocialmedia.com\/leblogmoto\/2006\/02\/04\/il-ne-sagt-pas\/#primaryimage"},"image":{"@id":"https:\/\/blogs.thesocialmedia.com\/leblogmoto\/2006\/02\/04\/il-ne-sagt-pas\/#primaryimage"},"thumbnailUrl":"http:\/\/www.leblogmoto.com\/images\/283089.jpeg","datePublished":"2006-02-04T14:59:56+00:00","dateModified":"2012-07-11T13:21:31+00:00","author":{"@id":"https:\/\/blogs.thesocialmedia.com\/leblogmoto\/#\/schema\/person\/1a1dcfc7cec206573105eb4af91155c2"},"breadcrumb":{"@id":"https:\/\/blogs.thesocialmedia.com\/leblogmoto\/2006\/02\/04\/il-ne-sagt-pas\/#breadcrumb"},"inLanguage":"fr-FR","potentialAction":[{"@type":"ReadAction","target":["https:\/\/blogs.thesocialmedia.com\/leblogmoto\/2006\/02\/04\/il-ne-sagt-pas\/"]}]},{"@type":"ImageObject","inLanguage":"fr-FR","@id":"https:\/\/blogs.thesocialmedia.com\/leblogmoto\/2006\/02\/04\/il-ne-sagt-pas\/#primaryimage","url":"http:\/\/www.leblogmoto.com\/images\/283089.jpeg","contentUrl":"http:\/\/www.leblogmoto.com\/images\/283089.jpeg"},{"@type":"BreadcrumbList","@id":"https:\/\/blogs.thesocialmedia.com\/leblogmoto\/2006\/02\/04\/il-ne-sagt-pas\/#breadcrumb","itemListElement":[{"@type":"ListItem","position":1,"name":"Accueil","item":"https:\/\/blogs.thesocialmedia.com\/leblogmoto\/"},{"@type":"ListItem","position":2,"name":"Monsieur XU vous salue."}]},{"@type":"WebSite","@id":"https:\/\/blogs.thesocialmedia.com\/leblogmoto\/#website","url":"https:\/\/blogs.thesocialmedia.com\/leblogmoto\/","name":"leblogmoto","description":"Toute l&#039;actualit\u00e9 des 2 roues","potentialAction":[{"@type":"SearchAction","target":{"@type":"EntryPoint","urlTemplate":"https:\/\/blogs.thesocialmedia.com\/leblogmoto\/?s={search_term_string}"},"query-input":{"@type":"PropertyValueSpecification","valueRequired":true,"valueName":"search_term_string"}}],"inLanguage":"fr-FR"},{"@type":"Person","@id":"https:\/\/blogs.thesocialmedia.com\/leblogmoto\/#\/schema\/person\/1a1dcfc7cec206573105eb4af91155c2","name":"andre leconde","image":{"@type":"ImageObject","inLanguage":"fr-FR","@id":"https:\/\/blogs.thesocialmedia.com\/leblogmoto\/#\/schema\/person\/image\/","url":"https:\/\/secure.gravatar.com\/avatar\/?s=96&d=mm&r=g","contentUrl":"https:\/\/secure.gravatar.com\/avatar\/?s=96&d=mm&r=g","caption":"andre leconde"},"url":"https:\/\/blogs.thesocialmedia.com\/leblogmoto\/author\/andre-leconde\/"}]}},"_links":{"self":[{"href":"https:\/\/blogs.thesocialmedia.com\/leblogmoto\/wp-json\/wp\/v2\/posts\/2076","targetHints":{"allow":["GET"]}}],"collection":[{"href":"https:\/\/blogs.thesocialmedia.com\/leblogmoto\/wp-json\/wp\/v2\/posts"}],"about":[{"href":"https:\/\/blogs.thesocialmedia.com\/leblogmoto\/wp-json\/wp\/v2\/types\/post"}],"author":[{"embeddable":true,"href":"https:\/\/blogs.thesocialmedia.com\/leblogmoto\/wp-json\/wp\/v2\/users\/336"}],"replies":[{"embeddable":true,"href":"https:\/\/blogs.thesocialmedia.com\/leblogmoto\/wp-json\/wp\/v2\/comments?post=2076"}],"version-history":[{"count":1,"href":"https:\/\/blogs.thesocialmedia.com\/leblogmoto\/wp-json\/wp\/v2\/posts\/2076\/revisions"}],"predecessor-version":[{"id":3098,"href":"https:\/\/blogs.thesocialmedia.com\/leblogmoto\/wp-json\/wp\/v2\/posts\/2076\/revisions\/3098"}],"wp:attachment":[{"href":"https:\/\/blogs.thesocialmedia.com\/leblogmoto\/wp-json\/wp\/v2\/media?parent=2076"}],"wp:term":[{"taxonomy":"category","embeddable":true,"href":"https:\/\/blogs.thesocialmedia.com\/leblogmoto\/wp-json\/wp\/v2\/categories?post=2076"},{"taxonomy":"post_tag","embeddable":true,"href":"https:\/\/blogs.thesocialmedia.com\/leblogmoto\/wp-json\/wp\/v2\/tags?post=2076"}],"curies":[{"name":"wp","href":"https:\/\/api.w.org\/{rel}","templated":true}]}}