{"id":2077,"date":"2006-02-03T19:35:17","date_gmt":"2006-02-03T19:35:17","guid":{"rendered":"http:\/\/blogs.thesocialmedia.com\/leblogmoto\/2006\/02\/03\/equipe-de-franc\/"},"modified":"2012-07-11T14:15:09","modified_gmt":"2012-07-11T14:15:09","slug":"equipe-de-franc","status":"publish","type":"post","link":"https:\/\/blogs.thesocialmedia.com\/leblogmoto\/2006\/02\/03\/equipe-de-franc\/","title":{"rendered":"Equipe de France 250: GUINTOLI et&#8230; CLUZEL !"},"content":{"rendered":"<p><a href=\"http:\/\/blogs.thesocialmedia.com\/leblogmoto\/files\/2012\/07\/image_6935714_192_144.jpg\"><img loading=\"lazy\" decoding=\"async\" height=\"187\" alt=\"Image_6935714_192_144\" src=\"http:\/\/www.leblogmoto.com\/images\/image_6935714_192_144.jpg\" width=\"250\"  \/><\/a>Ce sont de bonnes nouvelles qui nous viennent de l&rsquo;Equipe de France MOTO manag\u00e9e par <strong>Claude MICHY<\/strong> et techniquement g\u00e9r\u00e9e par <strong>Jean Claude BESSE<\/strong>. <\/p>\n<p>Non seulement le team b\u00e9n\u00e9ficiera d&rsquo;une <strong>APRILIA 250 usine<\/strong>, mais, cerise sur le g\u00e2teau, c&rsquo;est le jeune <a href=\"http:\/\/www.leblogmoto.com\/2005\/12\/125_un_3_french.html\">Jules CLUZEL<\/a> qui sera l&rsquo;\u00e9quipier de <strong>Sylvain GUINTOLI<\/strong>.<\/p>\n<p>Annonc\u00e9 dans un premier temps en 125 cm3 apr\u00e8s des piges convaincantes en 2005 dans cette cat\u00e9gorie, CLUZEL se voit ainsi offert l&rsquo;opportunit\u00e9 de griller les \u00e9tapes vers les sommets. Et on peut compter sur son manager, bien connu, <strong>Eric MAHE<\/strong>, pour que qu&rsquo;il ne se br\u00fble pas les ailes dans cette ascension m\u00e9t\u00e9orique&#8230;&nbsp; <\/p>\n<p>Profitons en pour faire le point sur l&rsquo;\u00e9tat des forces tricolores pour la saison vitesse \u00e0 venir.<\/p>\n<p><a href=\"http:\/\/clabedan.typepad.com\/.shared\/image.html?\/photos\/uncategorized\/5665.jpg\"><img loading=\"lazy\" decoding=\"async\" height=\"173\" alt=\"5665\" src=\"http:\/\/www.leblogmoto.com\/images\/5665.jpg\" width=\"250\"  \/><\/a>Les sorts de <a href=\"http:\/\/www.leblogmoto.com\/2005\/10\/cocorico_randy_.html\">DE PRUNIET<\/a>, GUINTOLI et maintenant CLUZEL \u00e9tant connus, pr\u00e9cisons que <strong>DI MEGLIO<\/strong> reste dans le giron de l&rsquo;\u00e9quipe de France en 125, oeuvrant dans le &quot;Team FFM HONDA 125 cc&quot; de Nicolas DUSSAUGE et Alain BRONEC.<\/p>\n<p><strong>Alexis MASBOU<\/strong> sera le soci\u00e9taire de la structure &quot;Ajo Corse&quot; qui s&rsquo;occupera des MALAGUTI. Last but not least, <strong>Arnaud VINCENT<\/strong>, champion du monde 125 en 2000 sera de la partie en 250, avec le team batave Arie Moleenar Racing, sur une HONDA.<\/p>\n<p>Avec <a href=\"http:\/\/www.leblogmoto.com\/2006\/01\/kawasaki_garde_.html\">O.J<\/a> en r\u00e9serve chez KAWA et <a href=\"http:\/\/www.leblogmoto.com\/2006\/01\/checa_chez_tech.html\">Tech&rsquo;3<\/a> qui a fini de rassembler ses effectifs, voil\u00e0 tout le monde en ordre de bataille pour nous offrir du beau spectacle. Que la f\u00eate commence ! <\/p>\n<p>SOURCE: <a href=\"http:\/\/www.ffmoto.org\/\">www.ffmoto.org<\/a><\/p>\n","protected":false},"excerpt":{"rendered":"<p>Ce sont de bonnes nouvelles qui nous viennent de l&rsquo;Equipe de France MOTO manag\u00e9e par Claude MICHY et techniquement g\u00e9r\u00e9e par Jean Claude BESSE. Non seulement le team b\u00e9n\u00e9ficiera d&rsquo;une APRILIA 250 usine, mais, cerise sur le g\u00e2teau, c&rsquo;est le jeune Jules CLUZEL qui sera l&rsquo;\u00e9quipier de Sylvain GUINTOLI. Annonc\u00e9 dans un premier temps en [&hellip;]<\/p>\n","protected":false},"author":336,"featured_media":0,"comment_status":"open","ping_status":"open","sticky":false,"template":"","format":"standard","meta":{"footnotes":""},"categories":[32],"tags":[],"class_list":["post-2077","post","type-post","status-publish","format-standard","hentry","category-sport-moto"],"yoast_head":"<!-- This site is optimized with the Yoast SEO plugin v26.0 - https:\/\/yoast.com\/wordpress\/plugins\/seo\/ -->\n<title>Equipe de France 250: GUINTOLI et... CLUZEL ! - leblogmoto.com<\/title>\n<meta name=\"robots\" content=\"index, follow, max-snippet:-1, max-image-preview:large, max-video-preview:-1\" \/>\n<link rel=\"canonical\" href=\"https:\/\/blogs.thesocialmedia.com\/leblogmoto\/2006\/02\/03\/equipe-de-franc\/\" \/>\n<meta name=\"twitter:card\" content=\"summary_large_image\" \/>\n<meta name=\"twitter:title\" content=\"Equipe de France 250: GUINTOLI et... CLUZEL ! - leblogmoto.com\" \/>\n<meta name=\"twitter:description\" content=\"Ce sont de bonnes nouvelles qui nous viennent de l&rsquo;Equipe de France MOTO manag\u00e9e par Claude MICHY et techniquement g\u00e9r\u00e9e par Jean Claude BESSE. Non seulement le team b\u00e9n\u00e9ficiera d&rsquo;une APRILIA 250 usine, mais, cerise sur le g\u00e2teau, c&rsquo;est le jeune Jules CLUZEL qui sera l&rsquo;\u00e9quipier de Sylvain GUINTOLI. Annonc\u00e9 dans un premier temps en [&hellip;]\" \/>\n<meta name=\"twitter:image\" content=\"http:\/\/www.leblogmoto.com\/images\/image_6935714_192_144.jpg\" \/>\n<meta name=\"twitter:label1\" content=\"\u00c9crit par\" \/>\n\t<meta name=\"twitter:data1\" content=\"andre leconde\" \/>\n\t<meta name=\"twitter:label2\" content=\"Dur\u00e9e de lecture estim\u00e9e\" \/>\n\t<meta name=\"twitter:data2\" content=\"1 minute\" \/>\n<script type=\"application\/ld+json\" class=\"yoast-schema-graph\">{\"@context\":\"https:\/\/schema.org\",\"@graph\":[{\"@type\":\"WebPage\",\"@id\":\"https:\/\/blogs.thesocialmedia.com\/leblogmoto\/2006\/02\/03\/equipe-de-franc\/\",\"url\":\"https:\/\/blogs.thesocialmedia.com\/leblogmoto\/2006\/02\/03\/equipe-de-franc\/\",\"name\":\"Equipe de France 250: GUINTOLI et... CLUZEL ! - leblogmoto.com\",\"isPartOf\":{\"@id\":\"https:\/\/blogs.thesocialmedia.com\/leblogmoto\/#website\"},\"primaryImageOfPage\":{\"@id\":\"https:\/\/blogs.thesocialmedia.com\/leblogmoto\/2006\/02\/03\/equipe-de-franc\/#primaryimage\"},\"image\":{\"@id\":\"https:\/\/blogs.thesocialmedia.com\/leblogmoto\/2006\/02\/03\/equipe-de-franc\/#primaryimage\"},\"thumbnailUrl\":\"http:\/\/www.leblogmoto.com\/images\/image_6935714_192_144.jpg\",\"datePublished\":\"2006-02-03T19:35:17+00:00\",\"dateModified\":\"2012-07-11T14:15:09+00:00\",\"author\":{\"@id\":\"https:\/\/blogs.thesocialmedia.com\/leblogmoto\/#\/schema\/person\/1a1dcfc7cec206573105eb4af91155c2\"},\"breadcrumb\":{\"@id\":\"https:\/\/blogs.thesocialmedia.com\/leblogmoto\/2006\/02\/03\/equipe-de-franc\/#breadcrumb\"},\"inLanguage\":\"fr-FR\",\"potentialAction\":[{\"@type\":\"ReadAction\",\"target\":[\"https:\/\/blogs.thesocialmedia.com\/leblogmoto\/2006\/02\/03\/equipe-de-franc\/\"]}]},{\"@type\":\"ImageObject\",\"inLanguage\":\"fr-FR\",\"@id\":\"https:\/\/blogs.thesocialmedia.com\/leblogmoto\/2006\/02\/03\/equipe-de-franc\/#primaryimage\",\"url\":\"http:\/\/www.leblogmoto.com\/images\/image_6935714_192_144.jpg\",\"contentUrl\":\"http:\/\/www.leblogmoto.com\/images\/image_6935714_192_144.jpg\"},{\"@type\":\"BreadcrumbList\",\"@id\":\"https:\/\/blogs.thesocialmedia.com\/leblogmoto\/2006\/02\/03\/equipe-de-franc\/#breadcrumb\",\"itemListElement\":[{\"@type\":\"ListItem\",\"position\":1,\"name\":\"Accueil\",\"item\":\"https:\/\/blogs.thesocialmedia.com\/leblogmoto\/\"},{\"@type\":\"ListItem\",\"position\":2,\"name\":\"Equipe de France 250: GUINTOLI et&#8230; CLUZEL !\"}]},{\"@type\":\"WebSite\",\"@id\":\"https:\/\/blogs.thesocialmedia.com\/leblogmoto\/#website\",\"url\":\"https:\/\/blogs.thesocialmedia.com\/leblogmoto\/\",\"name\":\"leblogmoto\",\"description\":\"Toute l&#039;actualit\u00e9 des 2 roues\",\"potentialAction\":[{\"@type\":\"SearchAction\",\"target\":{\"@type\":\"EntryPoint\",\"urlTemplate\":\"https:\/\/blogs.thesocialmedia.com\/leblogmoto\/?s={search_term_string}\"},\"query-input\":{\"@type\":\"PropertyValueSpecification\",\"valueRequired\":true,\"valueName\":\"search_term_string\"}}],\"inLanguage\":\"fr-FR\"},{\"@type\":\"Person\",\"@id\":\"https:\/\/blogs.thesocialmedia.com\/leblogmoto\/#\/schema\/person\/1a1dcfc7cec206573105eb4af91155c2\",\"name\":\"andre leconde\",\"image\":{\"@type\":\"ImageObject\",\"inLanguage\":\"fr-FR\",\"@id\":\"https:\/\/blogs.thesocialmedia.com\/leblogmoto\/#\/schema\/person\/image\/\",\"url\":\"https:\/\/secure.gravatar.com\/avatar\/?s=96&d=mm&r=g\",\"contentUrl\":\"https:\/\/secure.gravatar.com\/avatar\/?s=96&d=mm&r=g\",\"caption\":\"andre leconde\"},\"url\":\"https:\/\/blogs.thesocialmedia.com\/leblogmoto\/author\/andre-leconde\/\"}]}<\/script>\n<!-- \/ Yoast SEO plugin. -->","yoast_head_json":{"title":"Equipe de France 250: GUINTOLI et... CLUZEL ! - leblogmoto.com","robots":{"index":"index","follow":"follow","max-snippet":"max-snippet:-1","max-image-preview":"max-image-preview:large","max-video-preview":"max-video-preview:-1"},"canonical":"https:\/\/blogs.thesocialmedia.com\/leblogmoto\/2006\/02\/03\/equipe-de-franc\/","twitter_card":"summary_large_image","twitter_title":"Equipe de France 250: GUINTOLI et... CLUZEL ! - leblogmoto.com","twitter_description":"Ce sont de bonnes nouvelles qui nous viennent de l&rsquo;Equipe de France MOTO manag\u00e9e par Claude MICHY et techniquement g\u00e9r\u00e9e par Jean Claude BESSE. Non seulement le team b\u00e9n\u00e9ficiera d&rsquo;une APRILIA 250 usine, mais, cerise sur le g\u00e2teau, c&rsquo;est le jeune Jules CLUZEL qui sera l&rsquo;\u00e9quipier de Sylvain GUINTOLI. Annonc\u00e9 dans un premier temps en [&hellip;]","twitter_image":"http:\/\/www.leblogmoto.com\/images\/image_6935714_192_144.jpg","twitter_misc":{"\u00c9crit par":"andre leconde","Dur\u00e9e de lecture estim\u00e9e":"1 minute"},"schema":{"@context":"https:\/\/schema.org","@graph":[{"@type":"WebPage","@id":"https:\/\/blogs.thesocialmedia.com\/leblogmoto\/2006\/02\/03\/equipe-de-franc\/","url":"https:\/\/blogs.thesocialmedia.com\/leblogmoto\/2006\/02\/03\/equipe-de-franc\/","name":"Equipe de France 250: GUINTOLI et... CLUZEL ! - leblogmoto.com","isPartOf":{"@id":"https:\/\/blogs.thesocialmedia.com\/leblogmoto\/#website"},"primaryImageOfPage":{"@id":"https:\/\/blogs.thesocialmedia.com\/leblogmoto\/2006\/02\/03\/equipe-de-franc\/#primaryimage"},"image":{"@id":"https:\/\/blogs.thesocialmedia.com\/leblogmoto\/2006\/02\/03\/equipe-de-franc\/#primaryimage"},"thumbnailUrl":"http:\/\/www.leblogmoto.com\/images\/image_6935714_192_144.jpg","datePublished":"2006-02-03T19:35:17+00:00","dateModified":"2012-07-11T14:15:09+00:00","author":{"@id":"https:\/\/blogs.thesocialmedia.com\/leblogmoto\/#\/schema\/person\/1a1dcfc7cec206573105eb4af91155c2"},"breadcrumb":{"@id":"https:\/\/blogs.thesocialmedia.com\/leblogmoto\/2006\/02\/03\/equipe-de-franc\/#breadcrumb"},"inLanguage":"fr-FR","potentialAction":[{"@type":"ReadAction","target":["https:\/\/blogs.thesocialmedia.com\/leblogmoto\/2006\/02\/03\/equipe-de-franc\/"]}]},{"@type":"ImageObject","inLanguage":"fr-FR","@id":"https:\/\/blogs.thesocialmedia.com\/leblogmoto\/2006\/02\/03\/equipe-de-franc\/#primaryimage","url":"http:\/\/www.leblogmoto.com\/images\/image_6935714_192_144.jpg","contentUrl":"http:\/\/www.leblogmoto.com\/images\/image_6935714_192_144.jpg"},{"@type":"BreadcrumbList","@id":"https:\/\/blogs.thesocialmedia.com\/leblogmoto\/2006\/02\/03\/equipe-de-franc\/#breadcrumb","itemListElement":[{"@type":"ListItem","position":1,"name":"Accueil","item":"https:\/\/blogs.thesocialmedia.com\/leblogmoto\/"},{"@type":"ListItem","position":2,"name":"Equipe de France 250: GUINTOLI et&#8230; CLUZEL !"}]},{"@type":"WebSite","@id":"https:\/\/blogs.thesocialmedia.com\/leblogmoto\/#website","url":"https:\/\/blogs.thesocialmedia.com\/leblogmoto\/","name":"leblogmoto","description":"Toute l&#039;actualit\u00e9 des 2 roues","potentialAction":[{"@type":"SearchAction","target":{"@type":"EntryPoint","urlTemplate":"https:\/\/blogs.thesocialmedia.com\/leblogmoto\/?s={search_term_string}"},"query-input":{"@type":"PropertyValueSpecification","valueRequired":true,"valueName":"search_term_string"}}],"inLanguage":"fr-FR"},{"@type":"Person","@id":"https:\/\/blogs.thesocialmedia.com\/leblogmoto\/#\/schema\/person\/1a1dcfc7cec206573105eb4af91155c2","name":"andre leconde","image":{"@type":"ImageObject","inLanguage":"fr-FR","@id":"https:\/\/blogs.thesocialmedia.com\/leblogmoto\/#\/schema\/person\/image\/","url":"https:\/\/secure.gravatar.com\/avatar\/?s=96&d=mm&r=g","contentUrl":"https:\/\/secure.gravatar.com\/avatar\/?s=96&d=mm&r=g","caption":"andre leconde"},"url":"https:\/\/blogs.thesocialmedia.com\/leblogmoto\/author\/andre-leconde\/"}]}},"_links":{"self":[{"href":"https:\/\/blogs.thesocialmedia.com\/leblogmoto\/wp-json\/wp\/v2\/posts\/2077","targetHints":{"allow":["GET"]}}],"collection":[{"href":"https:\/\/blogs.thesocialmedia.com\/leblogmoto\/wp-json\/wp\/v2\/posts"}],"about":[{"href":"https:\/\/blogs.thesocialmedia.com\/leblogmoto\/wp-json\/wp\/v2\/types\/post"}],"author":[{"embeddable":true,"href":"https:\/\/blogs.thesocialmedia.com\/leblogmoto\/wp-json\/wp\/v2\/users\/336"}],"replies":[{"embeddable":true,"href":"https:\/\/blogs.thesocialmedia.com\/leblogmoto\/wp-json\/wp\/v2\/comments?post=2077"}],"version-history":[{"count":2,"href":"https:\/\/blogs.thesocialmedia.com\/leblogmoto\/wp-json\/wp\/v2\/posts\/2077\/revisions"}],"predecessor-version":[{"id":7011,"href":"https:\/\/blogs.thesocialmedia.com\/leblogmoto\/wp-json\/wp\/v2\/posts\/2077\/revisions\/7011"}],"wp:attachment":[{"href":"https:\/\/blogs.thesocialmedia.com\/leblogmoto\/wp-json\/wp\/v2\/media?parent=2077"}],"wp:term":[{"taxonomy":"category","embeddable":true,"href":"https:\/\/blogs.thesocialmedia.com\/leblogmoto\/wp-json\/wp\/v2\/categories?post=2077"},{"taxonomy":"post_tag","embeddable":true,"href":"https:\/\/blogs.thesocialmedia.com\/leblogmoto\/wp-json\/wp\/v2\/tags?post=2077"}],"curies":[{"name":"wp","href":"https:\/\/api.w.org\/{rel}","templated":true}]}}