{"id":2078,"date":"2006-02-03T18:10:00","date_gmt":"2006-02-03T18:10:00","guid":{"rendered":"http:\/\/blogs.thesocialmedia.com\/leblogmoto\/2006\/02\/03\/le-touquet-endu\/"},"modified":"2012-07-11T14:15:08","modified_gmt":"2012-07-11T14:15:08","slug":"le-touquet-endu","status":"publish","type":"post","link":"https:\/\/blogs.thesocialmedia.com\/leblogmoto\/2006\/02\/03\/le-touquet-endu\/","title":{"rendered":"LE TOUQUET: \u00ab\u00a0Enduropale\u00a0\u00bb: envers et contre tous."},"content":{"rendered":"<p><a href=\"http:\/\/blogs.thesocialmedia.com\/leblogmoto\/files\/2012\/07\/3265_1endurodutouquet.jpg\"><img loading=\"lazy\" decoding=\"async\" height=\"167\" alt=\"3265_1endurodutouquet\" src=\"http:\/\/www.leblogmoto.com\/images\/3265_1endurodutouquet.jpg\" width=\"249\"  \/><\/a>Ce week-end se d\u00e9roulera la traditionnelle \u00e9dition hivernale de l&rsquo;enduro du TOUQUET, ch\u00e8re \u00e0 tous les motards en g\u00e9n\u00e9ral, et aux enduristes en particulier.<\/p>\n<p>En fait, cette \u00e9dition n&rsquo;est <a href=\"http:\/\/www.leblogmoto.com\/2005\/09\/lenduro_du_touq.html\">pas vraiment la continuit\u00e9<\/a> de cette \u00e9preuve mise sur pied par <a href=\"http:\/\/www.leblogmoto.com\/2005\/12\/la_toute_premir.html\">Thierry SABINE<\/a> en <strong>1975<\/strong>. D&rsquo;abord, son appellation officielle a chang\u00e9 pour devenir &quot;<strong>Enduropale<\/strong>&quot;, et, ensuite, son parcours a \u00e9t\u00e9 totalement refa\u00e7onn\u00e9 par rapport aux origines. La faute \u00e0 la politique&#8230;&nbsp; <\/p>\n<p><a href=\"http:\/\/clabedan.typepad.com\/.shared\/image.html?\/photos\/uncategorized\/enduropale.jpg\"><img loading=\"lazy\" decoding=\"async\" height=\"135\" alt=\"Enduropale\" src=\"http:\/\/www.leblogmoto.com\/images\/enduropale.jpg\" width=\"250\"  \/><\/a>L&rsquo;ann\u00e9e derni\u00e8re, l&rsquo;arr\u00eat de mort de l&rsquo;enduro du TOUQUET avait bel et bien \u00e9tait prononc\u00e9. Les coups de boutoir des \u00e9cologistes, dont ceux de <strong>France Nature Environnement,<\/strong> avaient fini par venir \u00e0 bout de la resistance de l&rsquo;organisateur historique <strong>ASO<\/strong>. Vaincu devant les tribunaux administratifs qui d\u00e9non\u00e7aient les autorisations pr\u00e9fectorales au nom de la protection de la flore des dunes, en vigueur depuis 1992, ASO jetait ainsi l&rsquo;\u00e9ponge et se retirait avec la d\u00e9nomination, dont il d\u00e9tenait les droits.<\/p>\n<p>&quot;<strong>L&rsquo;Enduro du Touquet&quot; est mort, vive l&rsquo;Enduropale<\/strong>&quot;! Parce que ce rendez-vous est aussi une f\u00eate conviviale, un monument qui d\u00e9place 400 000 personnes sur un week-end, \u00e0 une \u00e9poque o\u00f9 la r\u00e9gion ne profite gu\u00e8re d&rsquo;afflux \u00e0 m\u00eame de faire le bonheur de son \u00e9conomie, la <strong>ville du TOUQUET<\/strong> et la <strong>FFM<\/strong> se sont retrouss\u00e9es les manches pour sauver l&rsquo;essentiel, la course.<\/p>\n<p><a href=\"http:\/\/blogs.thesocialmedia.com\/leblogmoto\/files\/2012\/07\/2014886_5.jpg\"><img loading=\"lazy\" decoding=\"async\" height=\"184\" alt=\"2014886_5\" src=\"http:\/\/www.leblogmoto.com\/images\/2014886_5.jpg\" width=\"249\"  \/><\/a>Plus de dunes, plus de &quot;goulet&quot;, mais un parcours de 15,5 kms sur la plage agr\u00e9ment\u00e9 de &quot;woops&quot; et de chicanes. Les spectateurs seront orient\u00e9s vers des lieux am\u00e9nag\u00e9s loin de ces dunes sacr\u00e9es qu&rsquo;il ne faudra pas fouler. <\/p>\n<p>Esp\u00e9rons qu&rsquo;aucun grain de sable ne viendra ternir cette manifestation historique. <strong>Arnaud DEMEESTER<\/strong> y sera pour chercher un sixi\u00e8me titre, de m\u00eame que <a href=\"http:\/\/www.leblogmoto.com\/2005\/12\/cyril_despres_n.html\">DESPRES<\/a> viendra aussi t\u00e2ter de cette plage tant d\u00e9cri\u00e9e.<\/p>\n<p>SOURCE: <a href=\"http:\/\/www.nouvelobs.com\">www.nouvelobs.com<\/a>&nbsp; &nbsp;&nbsp; &nbsp;&nbsp; <\/p>\n","protected":false},"excerpt":{"rendered":"<p>Ce week-end se d\u00e9roulera la traditionnelle \u00e9dition hivernale de l&rsquo;enduro du TOUQUET, ch\u00e8re \u00e0 tous les motards en g\u00e9n\u00e9ral, et aux enduristes en particulier. En fait, cette \u00e9dition n&rsquo;est pas vraiment la continuit\u00e9 de cette \u00e9preuve mise sur pied par Thierry SABINE en 1975. D&rsquo;abord, son appellation officielle a chang\u00e9 pour devenir &quot;Enduropale&quot;, et, ensuite, [&hellip;]<\/p>\n","protected":false},"author":336,"featured_media":0,"comment_status":"open","ping_status":"open","sticky":false,"template":"","format":"standard","meta":{"footnotes":""},"categories":[32],"tags":[],"class_list":["post-2078","post","type-post","status-publish","format-standard","hentry","category-sport-moto"],"yoast_head":"<!-- This site is optimized with the Yoast SEO plugin v26.0 - https:\/\/yoast.com\/wordpress\/plugins\/seo\/ -->\n<title>LE TOUQUET: &quot;Enduropale&quot;: envers et contre tous. - leblogmoto.com<\/title>\n<meta name=\"robots\" content=\"index, follow, max-snippet:-1, max-image-preview:large, max-video-preview:-1\" \/>\n<link rel=\"canonical\" href=\"https:\/\/blogs.thesocialmedia.com\/leblogmoto\/2006\/02\/03\/le-touquet-endu\/\" \/>\n<meta name=\"twitter:card\" content=\"summary_large_image\" \/>\n<meta name=\"twitter:title\" content=\"LE TOUQUET: &quot;Enduropale&quot;: envers et contre tous. - leblogmoto.com\" \/>\n<meta name=\"twitter:description\" content=\"Ce week-end se d\u00e9roulera la traditionnelle \u00e9dition hivernale de l&rsquo;enduro du TOUQUET, ch\u00e8re \u00e0 tous les motards en g\u00e9n\u00e9ral, et aux enduristes en particulier. En fait, cette \u00e9dition n&rsquo;est pas vraiment la continuit\u00e9 de cette \u00e9preuve mise sur pied par Thierry SABINE en 1975. D&rsquo;abord, son appellation officielle a chang\u00e9 pour devenir &quot;Enduropale&quot;, et, ensuite, [&hellip;]\" \/>\n<meta name=\"twitter:image\" content=\"http:\/\/www.leblogmoto.com\/images\/3265_1endurodutouquet.jpg\" \/>\n<meta name=\"twitter:label1\" content=\"\u00c9crit par\" \/>\n\t<meta name=\"twitter:data1\" content=\"andre leconde\" \/>\n\t<meta name=\"twitter:label2\" content=\"Dur\u00e9e de lecture estim\u00e9e\" \/>\n\t<meta name=\"twitter:data2\" content=\"2 minutes\" \/>\n<script type=\"application\/ld+json\" class=\"yoast-schema-graph\">{\"@context\":\"https:\/\/schema.org\",\"@graph\":[{\"@type\":\"WebPage\",\"@id\":\"https:\/\/blogs.thesocialmedia.com\/leblogmoto\/2006\/02\/03\/le-touquet-endu\/\",\"url\":\"https:\/\/blogs.thesocialmedia.com\/leblogmoto\/2006\/02\/03\/le-touquet-endu\/\",\"name\":\"LE TOUQUET: \\\"Enduropale\\\": envers et contre tous. - leblogmoto.com\",\"isPartOf\":{\"@id\":\"https:\/\/blogs.thesocialmedia.com\/leblogmoto\/#website\"},\"primaryImageOfPage\":{\"@id\":\"https:\/\/blogs.thesocialmedia.com\/leblogmoto\/2006\/02\/03\/le-touquet-endu\/#primaryimage\"},\"image\":{\"@id\":\"https:\/\/blogs.thesocialmedia.com\/leblogmoto\/2006\/02\/03\/le-touquet-endu\/#primaryimage\"},\"thumbnailUrl\":\"http:\/\/www.leblogmoto.com\/images\/3265_1endurodutouquet.jpg\",\"datePublished\":\"2006-02-03T18:10:00+00:00\",\"dateModified\":\"2012-07-11T14:15:08+00:00\",\"author\":{\"@id\":\"https:\/\/blogs.thesocialmedia.com\/leblogmoto\/#\/schema\/person\/1a1dcfc7cec206573105eb4af91155c2\"},\"breadcrumb\":{\"@id\":\"https:\/\/blogs.thesocialmedia.com\/leblogmoto\/2006\/02\/03\/le-touquet-endu\/#breadcrumb\"},\"inLanguage\":\"fr-FR\",\"potentialAction\":[{\"@type\":\"ReadAction\",\"target\":[\"https:\/\/blogs.thesocialmedia.com\/leblogmoto\/2006\/02\/03\/le-touquet-endu\/\"]}]},{\"@type\":\"ImageObject\",\"inLanguage\":\"fr-FR\",\"@id\":\"https:\/\/blogs.thesocialmedia.com\/leblogmoto\/2006\/02\/03\/le-touquet-endu\/#primaryimage\",\"url\":\"http:\/\/www.leblogmoto.com\/images\/3265_1endurodutouquet.jpg\",\"contentUrl\":\"http:\/\/www.leblogmoto.com\/images\/3265_1endurodutouquet.jpg\"},{\"@type\":\"BreadcrumbList\",\"@id\":\"https:\/\/blogs.thesocialmedia.com\/leblogmoto\/2006\/02\/03\/le-touquet-endu\/#breadcrumb\",\"itemListElement\":[{\"@type\":\"ListItem\",\"position\":1,\"name\":\"Accueil\",\"item\":\"https:\/\/blogs.thesocialmedia.com\/leblogmoto\/\"},{\"@type\":\"ListItem\",\"position\":2,\"name\":\"LE TOUQUET: \u00ab\u00a0Enduropale\u00a0\u00bb: envers et contre tous.\"}]},{\"@type\":\"WebSite\",\"@id\":\"https:\/\/blogs.thesocialmedia.com\/leblogmoto\/#website\",\"url\":\"https:\/\/blogs.thesocialmedia.com\/leblogmoto\/\",\"name\":\"leblogmoto\",\"description\":\"Toute l&#039;actualit\u00e9 des 2 roues\",\"potentialAction\":[{\"@type\":\"SearchAction\",\"target\":{\"@type\":\"EntryPoint\",\"urlTemplate\":\"https:\/\/blogs.thesocialmedia.com\/leblogmoto\/?s={search_term_string}\"},\"query-input\":{\"@type\":\"PropertyValueSpecification\",\"valueRequired\":true,\"valueName\":\"search_term_string\"}}],\"inLanguage\":\"fr-FR\"},{\"@type\":\"Person\",\"@id\":\"https:\/\/blogs.thesocialmedia.com\/leblogmoto\/#\/schema\/person\/1a1dcfc7cec206573105eb4af91155c2\",\"name\":\"andre leconde\",\"image\":{\"@type\":\"ImageObject\",\"inLanguage\":\"fr-FR\",\"@id\":\"https:\/\/blogs.thesocialmedia.com\/leblogmoto\/#\/schema\/person\/image\/\",\"url\":\"https:\/\/secure.gravatar.com\/avatar\/?s=96&d=mm&r=g\",\"contentUrl\":\"https:\/\/secure.gravatar.com\/avatar\/?s=96&d=mm&r=g\",\"caption\":\"andre leconde\"},\"url\":\"https:\/\/blogs.thesocialmedia.com\/leblogmoto\/author\/andre-leconde\/\"}]}<\/script>\n<!-- \/ Yoast SEO plugin. -->","yoast_head_json":{"title":"LE TOUQUET: \"Enduropale\": envers et contre tous. - leblogmoto.com","robots":{"index":"index","follow":"follow","max-snippet":"max-snippet:-1","max-image-preview":"max-image-preview:large","max-video-preview":"max-video-preview:-1"},"canonical":"https:\/\/blogs.thesocialmedia.com\/leblogmoto\/2006\/02\/03\/le-touquet-endu\/","twitter_card":"summary_large_image","twitter_title":"LE TOUQUET: \"Enduropale\": envers et contre tous. - leblogmoto.com","twitter_description":"Ce week-end se d\u00e9roulera la traditionnelle \u00e9dition hivernale de l&rsquo;enduro du TOUQUET, ch\u00e8re \u00e0 tous les motards en g\u00e9n\u00e9ral, et aux enduristes en particulier. En fait, cette \u00e9dition n&rsquo;est pas vraiment la continuit\u00e9 de cette \u00e9preuve mise sur pied par Thierry SABINE en 1975. D&rsquo;abord, son appellation officielle a chang\u00e9 pour devenir &quot;Enduropale&quot;, et, ensuite, [&hellip;]","twitter_image":"http:\/\/www.leblogmoto.com\/images\/3265_1endurodutouquet.jpg","twitter_misc":{"\u00c9crit par":"andre leconde","Dur\u00e9e de lecture estim\u00e9e":"2 minutes"},"schema":{"@context":"https:\/\/schema.org","@graph":[{"@type":"WebPage","@id":"https:\/\/blogs.thesocialmedia.com\/leblogmoto\/2006\/02\/03\/le-touquet-endu\/","url":"https:\/\/blogs.thesocialmedia.com\/leblogmoto\/2006\/02\/03\/le-touquet-endu\/","name":"LE TOUQUET: \"Enduropale\": envers et contre tous. - leblogmoto.com","isPartOf":{"@id":"https:\/\/blogs.thesocialmedia.com\/leblogmoto\/#website"},"primaryImageOfPage":{"@id":"https:\/\/blogs.thesocialmedia.com\/leblogmoto\/2006\/02\/03\/le-touquet-endu\/#primaryimage"},"image":{"@id":"https:\/\/blogs.thesocialmedia.com\/leblogmoto\/2006\/02\/03\/le-touquet-endu\/#primaryimage"},"thumbnailUrl":"http:\/\/www.leblogmoto.com\/images\/3265_1endurodutouquet.jpg","datePublished":"2006-02-03T18:10:00+00:00","dateModified":"2012-07-11T14:15:08+00:00","author":{"@id":"https:\/\/blogs.thesocialmedia.com\/leblogmoto\/#\/schema\/person\/1a1dcfc7cec206573105eb4af91155c2"},"breadcrumb":{"@id":"https:\/\/blogs.thesocialmedia.com\/leblogmoto\/2006\/02\/03\/le-touquet-endu\/#breadcrumb"},"inLanguage":"fr-FR","potentialAction":[{"@type":"ReadAction","target":["https:\/\/blogs.thesocialmedia.com\/leblogmoto\/2006\/02\/03\/le-touquet-endu\/"]}]},{"@type":"ImageObject","inLanguage":"fr-FR","@id":"https:\/\/blogs.thesocialmedia.com\/leblogmoto\/2006\/02\/03\/le-touquet-endu\/#primaryimage","url":"http:\/\/www.leblogmoto.com\/images\/3265_1endurodutouquet.jpg","contentUrl":"http:\/\/www.leblogmoto.com\/images\/3265_1endurodutouquet.jpg"},{"@type":"BreadcrumbList","@id":"https:\/\/blogs.thesocialmedia.com\/leblogmoto\/2006\/02\/03\/le-touquet-endu\/#breadcrumb","itemListElement":[{"@type":"ListItem","position":1,"name":"Accueil","item":"https:\/\/blogs.thesocialmedia.com\/leblogmoto\/"},{"@type":"ListItem","position":2,"name":"LE TOUQUET: \u00ab\u00a0Enduropale\u00a0\u00bb: envers et contre tous."}]},{"@type":"WebSite","@id":"https:\/\/blogs.thesocialmedia.com\/leblogmoto\/#website","url":"https:\/\/blogs.thesocialmedia.com\/leblogmoto\/","name":"leblogmoto","description":"Toute l&#039;actualit\u00e9 des 2 roues","potentialAction":[{"@type":"SearchAction","target":{"@type":"EntryPoint","urlTemplate":"https:\/\/blogs.thesocialmedia.com\/leblogmoto\/?s={search_term_string}"},"query-input":{"@type":"PropertyValueSpecification","valueRequired":true,"valueName":"search_term_string"}}],"inLanguage":"fr-FR"},{"@type":"Person","@id":"https:\/\/blogs.thesocialmedia.com\/leblogmoto\/#\/schema\/person\/1a1dcfc7cec206573105eb4af91155c2","name":"andre leconde","image":{"@type":"ImageObject","inLanguage":"fr-FR","@id":"https:\/\/blogs.thesocialmedia.com\/leblogmoto\/#\/schema\/person\/image\/","url":"https:\/\/secure.gravatar.com\/avatar\/?s=96&d=mm&r=g","contentUrl":"https:\/\/secure.gravatar.com\/avatar\/?s=96&d=mm&r=g","caption":"andre leconde"},"url":"https:\/\/blogs.thesocialmedia.com\/leblogmoto\/author\/andre-leconde\/"}]}},"_links":{"self":[{"href":"https:\/\/blogs.thesocialmedia.com\/leblogmoto\/wp-json\/wp\/v2\/posts\/2078","targetHints":{"allow":["GET"]}}],"collection":[{"href":"https:\/\/blogs.thesocialmedia.com\/leblogmoto\/wp-json\/wp\/v2\/posts"}],"about":[{"href":"https:\/\/blogs.thesocialmedia.com\/leblogmoto\/wp-json\/wp\/v2\/types\/post"}],"author":[{"embeddable":true,"href":"https:\/\/blogs.thesocialmedia.com\/leblogmoto\/wp-json\/wp\/v2\/users\/336"}],"replies":[{"embeddable":true,"href":"https:\/\/blogs.thesocialmedia.com\/leblogmoto\/wp-json\/wp\/v2\/comments?post=2078"}],"version-history":[{"count":2,"href":"https:\/\/blogs.thesocialmedia.com\/leblogmoto\/wp-json\/wp\/v2\/posts\/2078\/revisions"}],"predecessor-version":[{"id":7009,"href":"https:\/\/blogs.thesocialmedia.com\/leblogmoto\/wp-json\/wp\/v2\/posts\/2078\/revisions\/7009"}],"wp:attachment":[{"href":"https:\/\/blogs.thesocialmedia.com\/leblogmoto\/wp-json\/wp\/v2\/media?parent=2078"}],"wp:term":[{"taxonomy":"category","embeddable":true,"href":"https:\/\/blogs.thesocialmedia.com\/leblogmoto\/wp-json\/wp\/v2\/categories?post=2078"},{"taxonomy":"post_tag","embeddable":true,"href":"https:\/\/blogs.thesocialmedia.com\/leblogmoto\/wp-json\/wp\/v2\/tags?post=2078"}],"curies":[{"name":"wp","href":"https:\/\/api.w.org\/{rel}","templated":true}]}}