{"id":2079,"date":"2006-02-03T16:41:17","date_gmt":"2006-02-03T16:41:17","guid":{"rendered":"http:\/\/blogs.thesocialmedia.com\/leblogmoto\/2006\/02\/03\/la-tte-de-lempl\/"},"modified":"2012-07-11T13:21:31","modified_gmt":"2012-07-11T13:21:31","slug":"la-tte-de-lempl","status":"publish","type":"post","link":"https:\/\/blogs.thesocialmedia.com\/leblogmoto\/2006\/02\/03\/la-tte-de-lempl\/","title":{"rendered":"La t\u00eate de l&#8217;emploi."},"content":{"rendered":"<p><a href=\"http:\/\/clabedan.typepad.com\/.shared\/image.html?\/photos\/uncategorized\/20062222835875_03.jpeg\"><img loading=\"lazy\" decoding=\"async\" height=\"272\" alt=\"20062222835875_03\" src=\"http:\/\/www.leblogmoto.com\/images\/20062222835875_03.jpeg\" width=\"250\"  \/><\/a><strong>AGV<\/strong>, la marque attitr\u00e9e du heaume de <a href=\"http:\/\/www.leblogmoto.com\/2005\/09\/motogp_valentin_1.html\">Ma\u00eetre Valentino ROSSI<\/a> a sorti un nouveau mod\u00e8le \u00e0 m\u00eame d&rsquo;agr\u00e9menter sa s\u00e9rie de r\u00e9pliques du chef. <\/p>\n<p>La derni\u00e8re mouture a \u00e9t\u00e9 d\u00e9voil\u00e9e au dernier salon de BRUXELLES. Elabor\u00e9e sur une base de &quot;<strong>Ti-Tech<\/strong>&quot;, elle arbore une d\u00e9co &quot;<strong>Il Laureato<\/strong>&quot; du plus bel effet. Sa production, bien s\u00fbre, est \u00e0 quantit\u00e9 limit\u00e9e.<\/p>\n<p>Disponible du XXS au XXL au tarif de <strong>645<\/strong> euros, ce <a href=\"http:\/\/www.leblogmoto.com\/2005\/10\/mondial_2005_ca.html\">casque<\/a> sera disponible d\u00e9but Mars. Profitez-en, le prochain pourrait \u00eatre plus <a href=\"http:\/\/www.leblogmoto.com\/2005\/11\/valentino_rossi.html\">sobre<\/a>, du style rouge avec un canasson en rut dessus&#8230;<\/p>\n<p>SOURCE et ILLUSTRATION: <a href=\"http:\/\/www.vroom.be\/\">www.vroom.be<\/a><\/p>\n<p>&nbsp; <\/p>\n","protected":false},"excerpt":{"rendered":"<p>AGV, la marque attitr\u00e9e du heaume de Ma\u00eetre Valentino ROSSI a sorti un nouveau mod\u00e8le \u00e0 m\u00eame d&rsquo;agr\u00e9menter sa s\u00e9rie de r\u00e9pliques du chef. La derni\u00e8re mouture a \u00e9t\u00e9 d\u00e9voil\u00e9e au dernier salon de BRUXELLES. Elabor\u00e9e sur une base de &quot;Ti-Tech&quot;, elle arbore une d\u00e9co &quot;Il Laureato&quot; du plus bel effet. Sa production, bien s\u00fbre, [&hellip;]<\/p>\n","protected":false},"author":336,"featured_media":0,"comment_status":"open","ping_status":"open","sticky":false,"template":"","format":"standard","meta":{"footnotes":""},"categories":[17],"tags":[],"class_list":["post-2079","post","type-post","status-publish","format-standard","hentry","category-divers"],"yoast_head":"<!-- This site is optimized with the Yoast SEO plugin v26.0 - https:\/\/yoast.com\/wordpress\/plugins\/seo\/ -->\n<title>La t\u00eate de l&#039;emploi. - leblogmoto.com<\/title>\n<meta name=\"robots\" content=\"index, follow, max-snippet:-1, max-image-preview:large, max-video-preview:-1\" \/>\n<link rel=\"canonical\" href=\"https:\/\/blogs.thesocialmedia.com\/leblogmoto\/2006\/02\/03\/la-tte-de-lempl\/\" \/>\n<meta name=\"twitter:card\" content=\"summary_large_image\" \/>\n<meta name=\"twitter:title\" content=\"La t\u00eate de l&#039;emploi. - leblogmoto.com\" \/>\n<meta name=\"twitter:description\" content=\"AGV, la marque attitr\u00e9e du heaume de Ma\u00eetre Valentino ROSSI a sorti un nouveau mod\u00e8le \u00e0 m\u00eame d&rsquo;agr\u00e9menter sa s\u00e9rie de r\u00e9pliques du chef. La derni\u00e8re mouture a \u00e9t\u00e9 d\u00e9voil\u00e9e au dernier salon de BRUXELLES. Elabor\u00e9e sur une base de &quot;Ti-Tech&quot;, elle arbore une d\u00e9co &quot;Il Laureato&quot; du plus bel effet. Sa production, bien s\u00fbre, [&hellip;]\" \/>\n<meta name=\"twitter:image\" content=\"http:\/\/www.leblogmoto.com\/images\/20062222835875_03.jpeg\" \/>\n<meta name=\"twitter:label1\" content=\"\u00c9crit par\" \/>\n\t<meta name=\"twitter:data1\" content=\"andre leconde\" \/>\n\t<meta name=\"twitter:label2\" content=\"Dur\u00e9e de lecture estim\u00e9e\" \/>\n\t<meta name=\"twitter:data2\" content=\"1 minute\" \/>\n<script type=\"application\/ld+json\" class=\"yoast-schema-graph\">{\"@context\":\"https:\/\/schema.org\",\"@graph\":[{\"@type\":\"WebPage\",\"@id\":\"https:\/\/blogs.thesocialmedia.com\/leblogmoto\/2006\/02\/03\/la-tte-de-lempl\/\",\"url\":\"https:\/\/blogs.thesocialmedia.com\/leblogmoto\/2006\/02\/03\/la-tte-de-lempl\/\",\"name\":\"La t\u00eate de l'emploi. - leblogmoto.com\",\"isPartOf\":{\"@id\":\"https:\/\/blogs.thesocialmedia.com\/leblogmoto\/#website\"},\"primaryImageOfPage\":{\"@id\":\"https:\/\/blogs.thesocialmedia.com\/leblogmoto\/2006\/02\/03\/la-tte-de-lempl\/#primaryimage\"},\"image\":{\"@id\":\"https:\/\/blogs.thesocialmedia.com\/leblogmoto\/2006\/02\/03\/la-tte-de-lempl\/#primaryimage\"},\"thumbnailUrl\":\"http:\/\/www.leblogmoto.com\/images\/20062222835875_03.jpeg\",\"datePublished\":\"2006-02-03T16:41:17+00:00\",\"dateModified\":\"2012-07-11T13:21:31+00:00\",\"author\":{\"@id\":\"https:\/\/blogs.thesocialmedia.com\/leblogmoto\/#\/schema\/person\/1a1dcfc7cec206573105eb4af91155c2\"},\"breadcrumb\":{\"@id\":\"https:\/\/blogs.thesocialmedia.com\/leblogmoto\/2006\/02\/03\/la-tte-de-lempl\/#breadcrumb\"},\"inLanguage\":\"fr-FR\",\"potentialAction\":[{\"@type\":\"ReadAction\",\"target\":[\"https:\/\/blogs.thesocialmedia.com\/leblogmoto\/2006\/02\/03\/la-tte-de-lempl\/\"]}]},{\"@type\":\"ImageObject\",\"inLanguage\":\"fr-FR\",\"@id\":\"https:\/\/blogs.thesocialmedia.com\/leblogmoto\/2006\/02\/03\/la-tte-de-lempl\/#primaryimage\",\"url\":\"http:\/\/www.leblogmoto.com\/images\/20062222835875_03.jpeg\",\"contentUrl\":\"http:\/\/www.leblogmoto.com\/images\/20062222835875_03.jpeg\"},{\"@type\":\"BreadcrumbList\",\"@id\":\"https:\/\/blogs.thesocialmedia.com\/leblogmoto\/2006\/02\/03\/la-tte-de-lempl\/#breadcrumb\",\"itemListElement\":[{\"@type\":\"ListItem\",\"position\":1,\"name\":\"Accueil\",\"item\":\"https:\/\/blogs.thesocialmedia.com\/leblogmoto\/\"},{\"@type\":\"ListItem\",\"position\":2,\"name\":\"La t\u00eate de l&#8217;emploi.\"}]},{\"@type\":\"WebSite\",\"@id\":\"https:\/\/blogs.thesocialmedia.com\/leblogmoto\/#website\",\"url\":\"https:\/\/blogs.thesocialmedia.com\/leblogmoto\/\",\"name\":\"leblogmoto\",\"description\":\"Toute l&#039;actualit\u00e9 des 2 roues\",\"potentialAction\":[{\"@type\":\"SearchAction\",\"target\":{\"@type\":\"EntryPoint\",\"urlTemplate\":\"https:\/\/blogs.thesocialmedia.com\/leblogmoto\/?s={search_term_string}\"},\"query-input\":{\"@type\":\"PropertyValueSpecification\",\"valueRequired\":true,\"valueName\":\"search_term_string\"}}],\"inLanguage\":\"fr-FR\"},{\"@type\":\"Person\",\"@id\":\"https:\/\/blogs.thesocialmedia.com\/leblogmoto\/#\/schema\/person\/1a1dcfc7cec206573105eb4af91155c2\",\"name\":\"andre leconde\",\"image\":{\"@type\":\"ImageObject\",\"inLanguage\":\"fr-FR\",\"@id\":\"https:\/\/blogs.thesocialmedia.com\/leblogmoto\/#\/schema\/person\/image\/\",\"url\":\"https:\/\/secure.gravatar.com\/avatar\/?s=96&d=mm&r=g\",\"contentUrl\":\"https:\/\/secure.gravatar.com\/avatar\/?s=96&d=mm&r=g\",\"caption\":\"andre leconde\"},\"url\":\"https:\/\/blogs.thesocialmedia.com\/leblogmoto\/author\/andre-leconde\/\"}]}<\/script>\n<!-- \/ Yoast SEO plugin. -->","yoast_head_json":{"title":"La t\u00eate de l'emploi. - leblogmoto.com","robots":{"index":"index","follow":"follow","max-snippet":"max-snippet:-1","max-image-preview":"max-image-preview:large","max-video-preview":"max-video-preview:-1"},"canonical":"https:\/\/blogs.thesocialmedia.com\/leblogmoto\/2006\/02\/03\/la-tte-de-lempl\/","twitter_card":"summary_large_image","twitter_title":"La t\u00eate de l'emploi. - leblogmoto.com","twitter_description":"AGV, la marque attitr\u00e9e du heaume de Ma\u00eetre Valentino ROSSI a sorti un nouveau mod\u00e8le \u00e0 m\u00eame d&rsquo;agr\u00e9menter sa s\u00e9rie de r\u00e9pliques du chef. La derni\u00e8re mouture a \u00e9t\u00e9 d\u00e9voil\u00e9e au dernier salon de BRUXELLES. Elabor\u00e9e sur une base de &quot;Ti-Tech&quot;, elle arbore une d\u00e9co &quot;Il Laureato&quot; du plus bel effet. Sa production, bien s\u00fbre, [&hellip;]","twitter_image":"http:\/\/www.leblogmoto.com\/images\/20062222835875_03.jpeg","twitter_misc":{"\u00c9crit par":"andre leconde","Dur\u00e9e de lecture estim\u00e9e":"1 minute"},"schema":{"@context":"https:\/\/schema.org","@graph":[{"@type":"WebPage","@id":"https:\/\/blogs.thesocialmedia.com\/leblogmoto\/2006\/02\/03\/la-tte-de-lempl\/","url":"https:\/\/blogs.thesocialmedia.com\/leblogmoto\/2006\/02\/03\/la-tte-de-lempl\/","name":"La t\u00eate de l'emploi. - leblogmoto.com","isPartOf":{"@id":"https:\/\/blogs.thesocialmedia.com\/leblogmoto\/#website"},"primaryImageOfPage":{"@id":"https:\/\/blogs.thesocialmedia.com\/leblogmoto\/2006\/02\/03\/la-tte-de-lempl\/#primaryimage"},"image":{"@id":"https:\/\/blogs.thesocialmedia.com\/leblogmoto\/2006\/02\/03\/la-tte-de-lempl\/#primaryimage"},"thumbnailUrl":"http:\/\/www.leblogmoto.com\/images\/20062222835875_03.jpeg","datePublished":"2006-02-03T16:41:17+00:00","dateModified":"2012-07-11T13:21:31+00:00","author":{"@id":"https:\/\/blogs.thesocialmedia.com\/leblogmoto\/#\/schema\/person\/1a1dcfc7cec206573105eb4af91155c2"},"breadcrumb":{"@id":"https:\/\/blogs.thesocialmedia.com\/leblogmoto\/2006\/02\/03\/la-tte-de-lempl\/#breadcrumb"},"inLanguage":"fr-FR","potentialAction":[{"@type":"ReadAction","target":["https:\/\/blogs.thesocialmedia.com\/leblogmoto\/2006\/02\/03\/la-tte-de-lempl\/"]}]},{"@type":"ImageObject","inLanguage":"fr-FR","@id":"https:\/\/blogs.thesocialmedia.com\/leblogmoto\/2006\/02\/03\/la-tte-de-lempl\/#primaryimage","url":"http:\/\/www.leblogmoto.com\/images\/20062222835875_03.jpeg","contentUrl":"http:\/\/www.leblogmoto.com\/images\/20062222835875_03.jpeg"},{"@type":"BreadcrumbList","@id":"https:\/\/blogs.thesocialmedia.com\/leblogmoto\/2006\/02\/03\/la-tte-de-lempl\/#breadcrumb","itemListElement":[{"@type":"ListItem","position":1,"name":"Accueil","item":"https:\/\/blogs.thesocialmedia.com\/leblogmoto\/"},{"@type":"ListItem","position":2,"name":"La t\u00eate de l&#8217;emploi."}]},{"@type":"WebSite","@id":"https:\/\/blogs.thesocialmedia.com\/leblogmoto\/#website","url":"https:\/\/blogs.thesocialmedia.com\/leblogmoto\/","name":"leblogmoto","description":"Toute l&#039;actualit\u00e9 des 2 roues","potentialAction":[{"@type":"SearchAction","target":{"@type":"EntryPoint","urlTemplate":"https:\/\/blogs.thesocialmedia.com\/leblogmoto\/?s={search_term_string}"},"query-input":{"@type":"PropertyValueSpecification","valueRequired":true,"valueName":"search_term_string"}}],"inLanguage":"fr-FR"},{"@type":"Person","@id":"https:\/\/blogs.thesocialmedia.com\/leblogmoto\/#\/schema\/person\/1a1dcfc7cec206573105eb4af91155c2","name":"andre leconde","image":{"@type":"ImageObject","inLanguage":"fr-FR","@id":"https:\/\/blogs.thesocialmedia.com\/leblogmoto\/#\/schema\/person\/image\/","url":"https:\/\/secure.gravatar.com\/avatar\/?s=96&d=mm&r=g","contentUrl":"https:\/\/secure.gravatar.com\/avatar\/?s=96&d=mm&r=g","caption":"andre leconde"},"url":"https:\/\/blogs.thesocialmedia.com\/leblogmoto\/author\/andre-leconde\/"}]}},"_links":{"self":[{"href":"https:\/\/blogs.thesocialmedia.com\/leblogmoto\/wp-json\/wp\/v2\/posts\/2079","targetHints":{"allow":["GET"]}}],"collection":[{"href":"https:\/\/blogs.thesocialmedia.com\/leblogmoto\/wp-json\/wp\/v2\/posts"}],"about":[{"href":"https:\/\/blogs.thesocialmedia.com\/leblogmoto\/wp-json\/wp\/v2\/types\/post"}],"author":[{"embeddable":true,"href":"https:\/\/blogs.thesocialmedia.com\/leblogmoto\/wp-json\/wp\/v2\/users\/336"}],"replies":[{"embeddable":true,"href":"https:\/\/blogs.thesocialmedia.com\/leblogmoto\/wp-json\/wp\/v2\/comments?post=2079"}],"version-history":[{"count":1,"href":"https:\/\/blogs.thesocialmedia.com\/leblogmoto\/wp-json\/wp\/v2\/posts\/2079\/revisions"}],"predecessor-version":[{"id":3095,"href":"https:\/\/blogs.thesocialmedia.com\/leblogmoto\/wp-json\/wp\/v2\/posts\/2079\/revisions\/3095"}],"wp:attachment":[{"href":"https:\/\/blogs.thesocialmedia.com\/leblogmoto\/wp-json\/wp\/v2\/media?parent=2079"}],"wp:term":[{"taxonomy":"category","embeddable":true,"href":"https:\/\/blogs.thesocialmedia.com\/leblogmoto\/wp-json\/wp\/v2\/categories?post=2079"},{"taxonomy":"post_tag","embeddable":true,"href":"https:\/\/blogs.thesocialmedia.com\/leblogmoto\/wp-json\/wp\/v2\/tags?post=2079"}],"curies":[{"name":"wp","href":"https:\/\/api.w.org\/{rel}","templated":true}]}}