{"id":2082,"date":"2006-02-01T19:50:00","date_gmt":"2006-02-01T19:50:00","guid":{"rendered":"http:\/\/blogs.thesocialmedia.com\/leblogmoto\/2006\/02\/01\/ceux-qui-lont-f\/"},"modified":"2012-07-11T14:15:05","modified_gmt":"2012-07-11T14:15:05","slug":"ceux-qui-lont-f","status":"publish","type":"post","link":"https:\/\/blogs.thesocialmedia.com\/leblogmoto\/2006\/02\/01\/ceux-qui-lont-f\/","title":{"rendered":"Ceux qui l&rsquo;ont fait."},"content":{"rendered":"<p><a href=\"http:\/\/blogs.thesocialmedia.com\/leblogmoto\/files\/2012\/07\/grahamturnerjohnsurteesjohnsurteesprint.jpg\"><img loading=\"lazy\" decoding=\"async\" height=\"301\" alt=\"Grahamturnerjohnsurteesjohnsurteesprint\" src=\"http:\/\/www.leblogmoto.com\/images\/grahamturnerjohnsurteesjohnsurteesprint.jpg\" width=\"250\"  \/><\/a>C&rsquo;est la mode de cette intersaison. Remise au go\u00fbt du jour par <a href=\"http:\/\/www.leblogauto.com\/2006\/01\/rossi_le_coup_d.html\">ROSSI<\/a>, l&rsquo;id\u00e9e de la migration des champions motos vers la cat\u00e9gorie proclam\u00e9e reine du sport-automobile, soit, la <strong>F.1<\/strong>, semble reprendre du poil de la b\u00eate. Et ce n&rsquo;est pas <a href=\"http:\/\/www.leblogmoto.com\/2006\/01\/biaggi_nira_pas.html\">BIAGGI<\/a> qui nous convaincra du contraire puisque, lui aussi, par d\u00e9pit ou par instinct de survie, il s&rsquo;y est mis .<\/p>\n<p>Dans l&rsquo;Histoire, ils n&rsquo;ont pas \u00e9t\u00e9 nombreux \u00e0 franchir cette passerelle et encore moins \u00e0 pouvoir se targuer de l&rsquo;avoir fait avec succ\u00e8s. En fait, un seul peut donner la le\u00e7on. <strong>John SURTEES<\/strong>&#8230;&nbsp; &nbsp;<\/p>\n<p>Le toujours vert britannique de <strong>71 ans<\/strong>, domine en la mati\u00e8re, en toisant tous ses cadets de circonstance du haut de ses <strong>7 titres<\/strong> mondiaux en moto, et de son <strong>titre supr\u00eame<\/strong> acquis en F.1 en <strong>1964<\/strong> sur&#8230; <strong>FERRARI<\/strong>. A se demander si le f\u00e9ru d&rsquo;histoire et de l\u00e9gende de son sport qu&rsquo;est Valentino ne l&rsquo;a pas finalement pris comme mod\u00e8le. Si c&rsquo;est le cas, attendons nous \u00e0 d&rsquo;autres aventures puisque l&rsquo;insatiable John a m\u00eame construit <strong>ses voitures<\/strong> et <strong>son \u00e9curie<\/strong> de 1970 \u00e0 1978. A ce jour, c&rsquo;est la r\u00e9ussite la plus \u00e9clatante d&rsquo;un passage des deux aux quatre roues, au niveau le plus \u00e9lev\u00e9 des disciplines concern\u00e9es. <a href=\"http:\/\/clabedan.typepad.com\/.shared\/image.html?\/photos\/uncategorized\/060359000hailwood1960brha.jpg\"><img loading=\"lazy\" decoding=\"async\" height=\"294\" alt=\"060359000hailwood1960brha\" src=\"http:\/\/www.leblogmoto.com\/images\/060359000hailwood1960brha.jpg\" width=\"250\"  \/><\/a> <\/p>\n<p>L&rsquo;autre exemple est celui de <strong>Mike HAILWOOD <\/strong>qui, apr\u00e8s <strong>9 titres<\/strong> en moto a t\u00e2t\u00e9 de la F.1 dans le team&#8230; SURTEES. Une 2\u00b0place au GP d&rsquo;Italie de 1972 sera son meilleur r\u00e9sultat, dans une discipline qu&rsquo;il aura fr\u00e9quent\u00e9 de 63 \u00e0 65 et de 71 \u00e0 74. <\/p>\n<p>La particularit\u00e9 de Mike est qu&rsquo;il a fait <strong>deux fois l&rsquo;all\u00e9 et le retour<\/strong>, le temps de remporter quelques titres sur deux roues&#8230;<\/p>\n<p>Dernier exemple enfin, <strong>Johnny CECCOTTO<\/strong>, qui a disput\u00e9 une saison de F.1 en 1983, apr\u00e8s ses <strong>deux titres<\/strong> mondiaux, l&rsquo;un en 350 et l&rsquo;autre en 750, acquis entre 1975 et 1978. Il pousuivra, ensuite, une belle carri\u00e8re en tourisme, faisant notamment le bonheur de BMW.<\/p>\n<p><a href=\"http:\/\/blogs.thesocialmedia.com\/leblogmoto\/files\/2012\/07\/big_mdi206918.jpg\"><img loading=\"lazy\" decoding=\"async\" height=\"186\" alt=\"Big_mdi206918\" src=\"http:\/\/www.leblogmoto.com\/images\/big_mdi206918.jpg\" width=\"250\"  \/><\/a>On le voit, le challenge n&rsquo;est pas \u00e9vident et, avec le temps, il ne s&rsquo;est gu\u00e8re facilit\u00e9. Ceci dit, le point commun qui ressort de cet \u00e9tat des lieux, c&rsquo;est que le mouvement ne s&rsquo;est toujours fait que dans un sens, de la moto vers la monoplace. A croire, que le <a href=\"http:\/\/www.leblogmoto.com\/2005\/10\/schumacher_sess.html\">chemin inverse<\/a> rel\u00e8ve, cette fois, r\u00e9ellement de l&rsquo;impossible&#8230; <\/p>\n<p>SOURCE: L&rsquo;Equipe. <\/p>\n<\/p>\n<p>&nbsp; <\/p>\n","protected":false},"excerpt":{"rendered":"<p>C&rsquo;est la mode de cette intersaison. Remise au go\u00fbt du jour par ROSSI, l&rsquo;id\u00e9e de la migration des champions motos vers la cat\u00e9gorie proclam\u00e9e reine du sport-automobile, soit, la F.1, semble reprendre du poil de la b\u00eate. Et ce n&rsquo;est pas BIAGGI qui nous convaincra du contraire puisque, lui aussi, par d\u00e9pit ou par instinct [&hellip;]<\/p>\n","protected":false},"author":336,"featured_media":0,"comment_status":"open","ping_status":"open","sticky":false,"template":"","format":"standard","meta":{"footnotes":""},"categories":[32],"tags":[],"class_list":["post-2082","post","type-post","status-publish","format-standard","hentry","category-sport-moto"],"yoast_head":"<!-- This site is optimized with the Yoast SEO plugin v26.0 - https:\/\/yoast.com\/wordpress\/plugins\/seo\/ -->\n<title>Ceux qui l&#039;ont fait. - leblogmoto.com<\/title>\n<meta name=\"robots\" content=\"index, follow, max-snippet:-1, max-image-preview:large, max-video-preview:-1\" \/>\n<link rel=\"canonical\" href=\"https:\/\/blogs.thesocialmedia.com\/leblogmoto\/2006\/02\/01\/ceux-qui-lont-f\/\" \/>\n<meta name=\"twitter:card\" content=\"summary_large_image\" \/>\n<meta name=\"twitter:title\" content=\"Ceux qui l&#039;ont fait. - leblogmoto.com\" \/>\n<meta name=\"twitter:description\" content=\"C&rsquo;est la mode de cette intersaison. Remise au go\u00fbt du jour par ROSSI, l&rsquo;id\u00e9e de la migration des champions motos vers la cat\u00e9gorie proclam\u00e9e reine du sport-automobile, soit, la F.1, semble reprendre du poil de la b\u00eate. Et ce n&rsquo;est pas BIAGGI qui nous convaincra du contraire puisque, lui aussi, par d\u00e9pit ou par instinct [&hellip;]\" \/>\n<meta name=\"twitter:image\" content=\"http:\/\/www.leblogmoto.com\/images\/grahamturnerjohnsurteesjohnsurteesprint.jpg\" \/>\n<meta name=\"twitter:label1\" content=\"\u00c9crit par\" \/>\n\t<meta name=\"twitter:data1\" content=\"andre leconde\" \/>\n\t<meta name=\"twitter:label2\" content=\"Dur\u00e9e de lecture estim\u00e9e\" \/>\n\t<meta name=\"twitter:data2\" content=\"2 minutes\" \/>\n<script type=\"application\/ld+json\" class=\"yoast-schema-graph\">{\"@context\":\"https:\/\/schema.org\",\"@graph\":[{\"@type\":\"WebPage\",\"@id\":\"https:\/\/blogs.thesocialmedia.com\/leblogmoto\/2006\/02\/01\/ceux-qui-lont-f\/\",\"url\":\"https:\/\/blogs.thesocialmedia.com\/leblogmoto\/2006\/02\/01\/ceux-qui-lont-f\/\",\"name\":\"Ceux qui l'ont fait. - leblogmoto.com\",\"isPartOf\":{\"@id\":\"https:\/\/blogs.thesocialmedia.com\/leblogmoto\/#website\"},\"primaryImageOfPage\":{\"@id\":\"https:\/\/blogs.thesocialmedia.com\/leblogmoto\/2006\/02\/01\/ceux-qui-lont-f\/#primaryimage\"},\"image\":{\"@id\":\"https:\/\/blogs.thesocialmedia.com\/leblogmoto\/2006\/02\/01\/ceux-qui-lont-f\/#primaryimage\"},\"thumbnailUrl\":\"http:\/\/www.leblogmoto.com\/images\/grahamturnerjohnsurteesjohnsurteesprint.jpg\",\"datePublished\":\"2006-02-01T19:50:00+00:00\",\"dateModified\":\"2012-07-11T14:15:05+00:00\",\"author\":{\"@id\":\"https:\/\/blogs.thesocialmedia.com\/leblogmoto\/#\/schema\/person\/1a1dcfc7cec206573105eb4af91155c2\"},\"breadcrumb\":{\"@id\":\"https:\/\/blogs.thesocialmedia.com\/leblogmoto\/2006\/02\/01\/ceux-qui-lont-f\/#breadcrumb\"},\"inLanguage\":\"fr-FR\",\"potentialAction\":[{\"@type\":\"ReadAction\",\"target\":[\"https:\/\/blogs.thesocialmedia.com\/leblogmoto\/2006\/02\/01\/ceux-qui-lont-f\/\"]}]},{\"@type\":\"ImageObject\",\"inLanguage\":\"fr-FR\",\"@id\":\"https:\/\/blogs.thesocialmedia.com\/leblogmoto\/2006\/02\/01\/ceux-qui-lont-f\/#primaryimage\",\"url\":\"http:\/\/www.leblogmoto.com\/images\/grahamturnerjohnsurteesjohnsurteesprint.jpg\",\"contentUrl\":\"http:\/\/www.leblogmoto.com\/images\/grahamturnerjohnsurteesjohnsurteesprint.jpg\"},{\"@type\":\"BreadcrumbList\",\"@id\":\"https:\/\/blogs.thesocialmedia.com\/leblogmoto\/2006\/02\/01\/ceux-qui-lont-f\/#breadcrumb\",\"itemListElement\":[{\"@type\":\"ListItem\",\"position\":1,\"name\":\"Accueil\",\"item\":\"https:\/\/blogs.thesocialmedia.com\/leblogmoto\/\"},{\"@type\":\"ListItem\",\"position\":2,\"name\":\"Ceux qui l&rsquo;ont fait.\"}]},{\"@type\":\"WebSite\",\"@id\":\"https:\/\/blogs.thesocialmedia.com\/leblogmoto\/#website\",\"url\":\"https:\/\/blogs.thesocialmedia.com\/leblogmoto\/\",\"name\":\"leblogmoto\",\"description\":\"Toute l&#039;actualit\u00e9 des 2 roues\",\"potentialAction\":[{\"@type\":\"SearchAction\",\"target\":{\"@type\":\"EntryPoint\",\"urlTemplate\":\"https:\/\/blogs.thesocialmedia.com\/leblogmoto\/?s={search_term_string}\"},\"query-input\":{\"@type\":\"PropertyValueSpecification\",\"valueRequired\":true,\"valueName\":\"search_term_string\"}}],\"inLanguage\":\"fr-FR\"},{\"@type\":\"Person\",\"@id\":\"https:\/\/blogs.thesocialmedia.com\/leblogmoto\/#\/schema\/person\/1a1dcfc7cec206573105eb4af91155c2\",\"name\":\"andre leconde\",\"image\":{\"@type\":\"ImageObject\",\"inLanguage\":\"fr-FR\",\"@id\":\"https:\/\/blogs.thesocialmedia.com\/leblogmoto\/#\/schema\/person\/image\/\",\"url\":\"https:\/\/secure.gravatar.com\/avatar\/?s=96&d=mm&r=g\",\"contentUrl\":\"https:\/\/secure.gravatar.com\/avatar\/?s=96&d=mm&r=g\",\"caption\":\"andre leconde\"},\"url\":\"https:\/\/blogs.thesocialmedia.com\/leblogmoto\/author\/andre-leconde\/\"}]}<\/script>\n<!-- \/ Yoast SEO plugin. -->","yoast_head_json":{"title":"Ceux qui l'ont fait. - leblogmoto.com","robots":{"index":"index","follow":"follow","max-snippet":"max-snippet:-1","max-image-preview":"max-image-preview:large","max-video-preview":"max-video-preview:-1"},"canonical":"https:\/\/blogs.thesocialmedia.com\/leblogmoto\/2006\/02\/01\/ceux-qui-lont-f\/","twitter_card":"summary_large_image","twitter_title":"Ceux qui l'ont fait. - leblogmoto.com","twitter_description":"C&rsquo;est la mode de cette intersaison. Remise au go\u00fbt du jour par ROSSI, l&rsquo;id\u00e9e de la migration des champions motos vers la cat\u00e9gorie proclam\u00e9e reine du sport-automobile, soit, la F.1, semble reprendre du poil de la b\u00eate. Et ce n&rsquo;est pas BIAGGI qui nous convaincra du contraire puisque, lui aussi, par d\u00e9pit ou par instinct [&hellip;]","twitter_image":"http:\/\/www.leblogmoto.com\/images\/grahamturnerjohnsurteesjohnsurteesprint.jpg","twitter_misc":{"\u00c9crit par":"andre leconde","Dur\u00e9e de lecture estim\u00e9e":"2 minutes"},"schema":{"@context":"https:\/\/schema.org","@graph":[{"@type":"WebPage","@id":"https:\/\/blogs.thesocialmedia.com\/leblogmoto\/2006\/02\/01\/ceux-qui-lont-f\/","url":"https:\/\/blogs.thesocialmedia.com\/leblogmoto\/2006\/02\/01\/ceux-qui-lont-f\/","name":"Ceux qui l'ont fait. - leblogmoto.com","isPartOf":{"@id":"https:\/\/blogs.thesocialmedia.com\/leblogmoto\/#website"},"primaryImageOfPage":{"@id":"https:\/\/blogs.thesocialmedia.com\/leblogmoto\/2006\/02\/01\/ceux-qui-lont-f\/#primaryimage"},"image":{"@id":"https:\/\/blogs.thesocialmedia.com\/leblogmoto\/2006\/02\/01\/ceux-qui-lont-f\/#primaryimage"},"thumbnailUrl":"http:\/\/www.leblogmoto.com\/images\/grahamturnerjohnsurteesjohnsurteesprint.jpg","datePublished":"2006-02-01T19:50:00+00:00","dateModified":"2012-07-11T14:15:05+00:00","author":{"@id":"https:\/\/blogs.thesocialmedia.com\/leblogmoto\/#\/schema\/person\/1a1dcfc7cec206573105eb4af91155c2"},"breadcrumb":{"@id":"https:\/\/blogs.thesocialmedia.com\/leblogmoto\/2006\/02\/01\/ceux-qui-lont-f\/#breadcrumb"},"inLanguage":"fr-FR","potentialAction":[{"@type":"ReadAction","target":["https:\/\/blogs.thesocialmedia.com\/leblogmoto\/2006\/02\/01\/ceux-qui-lont-f\/"]}]},{"@type":"ImageObject","inLanguage":"fr-FR","@id":"https:\/\/blogs.thesocialmedia.com\/leblogmoto\/2006\/02\/01\/ceux-qui-lont-f\/#primaryimage","url":"http:\/\/www.leblogmoto.com\/images\/grahamturnerjohnsurteesjohnsurteesprint.jpg","contentUrl":"http:\/\/www.leblogmoto.com\/images\/grahamturnerjohnsurteesjohnsurteesprint.jpg"},{"@type":"BreadcrumbList","@id":"https:\/\/blogs.thesocialmedia.com\/leblogmoto\/2006\/02\/01\/ceux-qui-lont-f\/#breadcrumb","itemListElement":[{"@type":"ListItem","position":1,"name":"Accueil","item":"https:\/\/blogs.thesocialmedia.com\/leblogmoto\/"},{"@type":"ListItem","position":2,"name":"Ceux qui l&rsquo;ont fait."}]},{"@type":"WebSite","@id":"https:\/\/blogs.thesocialmedia.com\/leblogmoto\/#website","url":"https:\/\/blogs.thesocialmedia.com\/leblogmoto\/","name":"leblogmoto","description":"Toute l&#039;actualit\u00e9 des 2 roues","potentialAction":[{"@type":"SearchAction","target":{"@type":"EntryPoint","urlTemplate":"https:\/\/blogs.thesocialmedia.com\/leblogmoto\/?s={search_term_string}"},"query-input":{"@type":"PropertyValueSpecification","valueRequired":true,"valueName":"search_term_string"}}],"inLanguage":"fr-FR"},{"@type":"Person","@id":"https:\/\/blogs.thesocialmedia.com\/leblogmoto\/#\/schema\/person\/1a1dcfc7cec206573105eb4af91155c2","name":"andre leconde","image":{"@type":"ImageObject","inLanguage":"fr-FR","@id":"https:\/\/blogs.thesocialmedia.com\/leblogmoto\/#\/schema\/person\/image\/","url":"https:\/\/secure.gravatar.com\/avatar\/?s=96&d=mm&r=g","contentUrl":"https:\/\/secure.gravatar.com\/avatar\/?s=96&d=mm&r=g","caption":"andre leconde"},"url":"https:\/\/blogs.thesocialmedia.com\/leblogmoto\/author\/andre-leconde\/"}]}},"_links":{"self":[{"href":"https:\/\/blogs.thesocialmedia.com\/leblogmoto\/wp-json\/wp\/v2\/posts\/2082","targetHints":{"allow":["GET"]}}],"collection":[{"href":"https:\/\/blogs.thesocialmedia.com\/leblogmoto\/wp-json\/wp\/v2\/posts"}],"about":[{"href":"https:\/\/blogs.thesocialmedia.com\/leblogmoto\/wp-json\/wp\/v2\/types\/post"}],"author":[{"embeddable":true,"href":"https:\/\/blogs.thesocialmedia.com\/leblogmoto\/wp-json\/wp\/v2\/users\/336"}],"replies":[{"embeddable":true,"href":"https:\/\/blogs.thesocialmedia.com\/leblogmoto\/wp-json\/wp\/v2\/comments?post=2082"}],"version-history":[{"count":2,"href":"https:\/\/blogs.thesocialmedia.com\/leblogmoto\/wp-json\/wp\/v2\/posts\/2082\/revisions"}],"predecessor-version":[{"id":7006,"href":"https:\/\/blogs.thesocialmedia.com\/leblogmoto\/wp-json\/wp\/v2\/posts\/2082\/revisions\/7006"}],"wp:attachment":[{"href":"https:\/\/blogs.thesocialmedia.com\/leblogmoto\/wp-json\/wp\/v2\/media?parent=2082"}],"wp:term":[{"taxonomy":"category","embeddable":true,"href":"https:\/\/blogs.thesocialmedia.com\/leblogmoto\/wp-json\/wp\/v2\/categories?post=2082"},{"taxonomy":"post_tag","embeddable":true,"href":"https:\/\/blogs.thesocialmedia.com\/leblogmoto\/wp-json\/wp\/v2\/tags?post=2082"}],"curies":[{"name":"wp","href":"https:\/\/api.w.org\/{rel}","templated":true}]}}