{"id":2083,"date":"2006-01-31T15:49:49","date_gmt":"2006-01-31T15:49:49","guid":{"rendered":"http:\/\/blogs.thesocialmedia.com\/leblogmoto\/2006\/01\/31\/biaggi-nira-pas\/"},"modified":"2012-07-11T14:15:02","modified_gmt":"2012-07-11T14:15:02","slug":"biaggi-nira-pas","status":"publish","type":"post","link":"https:\/\/blogs.thesocialmedia.com\/leblogmoto\/2006\/01\/31\/biaggi-nira-pas\/","title":{"rendered":"BIAGGI n&rsquo;ira pas en SBK."},"content":{"rendered":"<p><a href=\"http:\/\/blogs.thesocialmedia.com\/leblogmoto\/files\/2012\/07\/biaggi2_1.jpg\"><img loading=\"lazy\" decoding=\"async\" height=\"187\" alt=\"Biaggi2_1\" src=\"http:\/\/www.leblogmoto.com\/images\/biaggi2_1.jpg\" width=\"250\"  \/><\/a>Si, d\u00e9j\u00e0, <a href=\"http:\/\/www.leblogmoto.com\/2005\/11\/lempereur_maudi.html\">l&rsquo;avenir<\/a> en moto de l&#8217;empereur romain d\u00e9chu de 34 ans s&rsquo;\u00e9tait s\u00e9rieusement <a href=\"http:\/\/www.leblogmoto.com\/2005\/12\/biaggi_epilogue.html\">assombri<\/a>, il vient d\u00e9finitivement de se boucher apr\u00e8s l&rsquo;annonce faite qu&rsquo;il n&rsquo;ira pas, non plus, en <a href=\"http:\/\/www.leblogmoto.com\/2006\/01\/superbike_terre.html\">SBK<\/a>.<\/p>\n<p>Pourtant, la presse italienne l&rsquo;avait vu signer chez <strong>SUZUKI<\/strong> pour une campagne mondiale les semaines pass\u00e9es. Las ! Il s&rsquo;agissait, encore, d&rsquo;une fausse piste, la seule fiable semblant bien \u00eatre une sortie d\u00e9finitive et assez piteuse de la comp\u00e9tition moto&#8230;&nbsp; <\/p>\n<p><a href=\"http:\/\/clabedan.typepad.com\/.shared\/image.html?\/photos\/uncategorized\/biaggi_midland_1.jpg\"><img loading=\"lazy\" decoding=\"async\" height=\"187\" alt=\"Biaggi_midland_1\" src=\"http:\/\/www.leblogmoto.com\/images\/biaggi_midland_1.jpg\" width=\"250\"  \/><\/a>Reste que Max d\u00e9fraie encore la chronique. Apparemment d\u00e9cid\u00e9 \u00e0 embo\u00eeter le pas \u00e0 son compatriote <a href=\"http:\/\/www.leblogmoto.com\/2005\/11\/valentino_rossi.html\">ROSSI<\/a>, il semble bien en pincer pour la F.1. Alors que le &quot;Doctor&quot; tourne pour FERRARI, BIAGGI, lui, fait des tours pour <a href=\"http:\/\/www.leblogauto.com\/2006\/01\/f1_biaggi_en_te.html\">Midland<\/a>. <\/p>\n<p>La semaine \u00e0 venir, il effectuera de nouveaux essais pour cette \u00e9curie \u00e0 SILVERSTONE. Max dit, \u00e0 qui veut l&rsquo;entendre, que si ces derniers s&rsquo;av\u00e9raient concluants, il quitterait la moto pour l&rsquo;auto. Certes&#8230; Mais, apparemment, la moto, elle, semble bien l&rsquo;avoir d\u00e9j\u00e0 quitt\u00e9&#8230; <\/p>\n<p>SOURCE: <a href=\"http:\/\/www.pitstop.com\/\">www.pitstop.com<\/a> <\/p>\n","protected":false},"excerpt":{"rendered":"<p>Si, d\u00e9j\u00e0, l&rsquo;avenir en moto de l&#8217;empereur romain d\u00e9chu de 34 ans s&rsquo;\u00e9tait s\u00e9rieusement assombri, il vient d\u00e9finitivement de se boucher apr\u00e8s l&rsquo;annonce faite qu&rsquo;il n&rsquo;ira pas, non plus, en SBK. Pourtant, la presse italienne l&rsquo;avait vu signer chez SUZUKI pour une campagne mondiale les semaines pass\u00e9es. Las ! Il s&rsquo;agissait, encore, d&rsquo;une fausse piste, [&hellip;]<\/p>\n","protected":false},"author":336,"featured_media":0,"comment_status":"open","ping_status":"open","sticky":false,"template":"","format":"standard","meta":{"footnotes":""},"categories":[32],"tags":[],"class_list":["post-2083","post","type-post","status-publish","format-standard","hentry","category-sport-moto"],"yoast_head":"<!-- This site is optimized with the Yoast SEO plugin v26.0 - https:\/\/yoast.com\/wordpress\/plugins\/seo\/ -->\n<title>BIAGGI n&#039;ira pas en SBK. - leblogmoto.com<\/title>\n<meta name=\"robots\" content=\"index, follow, max-snippet:-1, max-image-preview:large, max-video-preview:-1\" \/>\n<link rel=\"canonical\" href=\"https:\/\/blogs.thesocialmedia.com\/leblogmoto\/2006\/01\/31\/biaggi-nira-pas\/\" \/>\n<meta name=\"twitter:card\" content=\"summary_large_image\" \/>\n<meta name=\"twitter:title\" content=\"BIAGGI n&#039;ira pas en SBK. - leblogmoto.com\" \/>\n<meta name=\"twitter:description\" content=\"Si, d\u00e9j\u00e0, l&rsquo;avenir en moto de l&#8217;empereur romain d\u00e9chu de 34 ans s&rsquo;\u00e9tait s\u00e9rieusement assombri, il vient d\u00e9finitivement de se boucher apr\u00e8s l&rsquo;annonce faite qu&rsquo;il n&rsquo;ira pas, non plus, en SBK. Pourtant, la presse italienne l&rsquo;avait vu signer chez SUZUKI pour une campagne mondiale les semaines pass\u00e9es. Las ! Il s&rsquo;agissait, encore, d&rsquo;une fausse piste, [&hellip;]\" \/>\n<meta name=\"twitter:image\" content=\"http:\/\/www.leblogmoto.com\/images\/biaggi2_1.jpg\" \/>\n<meta name=\"twitter:label1\" content=\"\u00c9crit par\" \/>\n\t<meta name=\"twitter:data1\" content=\"andre leconde\" \/>\n\t<meta name=\"twitter:label2\" content=\"Dur\u00e9e de lecture estim\u00e9e\" \/>\n\t<meta name=\"twitter:data2\" content=\"1 minute\" \/>\n<script type=\"application\/ld+json\" class=\"yoast-schema-graph\">{\"@context\":\"https:\/\/schema.org\",\"@graph\":[{\"@type\":\"WebPage\",\"@id\":\"https:\/\/blogs.thesocialmedia.com\/leblogmoto\/2006\/01\/31\/biaggi-nira-pas\/\",\"url\":\"https:\/\/blogs.thesocialmedia.com\/leblogmoto\/2006\/01\/31\/biaggi-nira-pas\/\",\"name\":\"BIAGGI n'ira pas en SBK. - leblogmoto.com\",\"isPartOf\":{\"@id\":\"https:\/\/blogs.thesocialmedia.com\/leblogmoto\/#website\"},\"primaryImageOfPage\":{\"@id\":\"https:\/\/blogs.thesocialmedia.com\/leblogmoto\/2006\/01\/31\/biaggi-nira-pas\/#primaryimage\"},\"image\":{\"@id\":\"https:\/\/blogs.thesocialmedia.com\/leblogmoto\/2006\/01\/31\/biaggi-nira-pas\/#primaryimage\"},\"thumbnailUrl\":\"http:\/\/www.leblogmoto.com\/images\/biaggi2_1.jpg\",\"datePublished\":\"2006-01-31T15:49:49+00:00\",\"dateModified\":\"2012-07-11T14:15:02+00:00\",\"author\":{\"@id\":\"https:\/\/blogs.thesocialmedia.com\/leblogmoto\/#\/schema\/person\/1a1dcfc7cec206573105eb4af91155c2\"},\"breadcrumb\":{\"@id\":\"https:\/\/blogs.thesocialmedia.com\/leblogmoto\/2006\/01\/31\/biaggi-nira-pas\/#breadcrumb\"},\"inLanguage\":\"fr-FR\",\"potentialAction\":[{\"@type\":\"ReadAction\",\"target\":[\"https:\/\/blogs.thesocialmedia.com\/leblogmoto\/2006\/01\/31\/biaggi-nira-pas\/\"]}]},{\"@type\":\"ImageObject\",\"inLanguage\":\"fr-FR\",\"@id\":\"https:\/\/blogs.thesocialmedia.com\/leblogmoto\/2006\/01\/31\/biaggi-nira-pas\/#primaryimage\",\"url\":\"http:\/\/www.leblogmoto.com\/images\/biaggi2_1.jpg\",\"contentUrl\":\"http:\/\/www.leblogmoto.com\/images\/biaggi2_1.jpg\"},{\"@type\":\"BreadcrumbList\",\"@id\":\"https:\/\/blogs.thesocialmedia.com\/leblogmoto\/2006\/01\/31\/biaggi-nira-pas\/#breadcrumb\",\"itemListElement\":[{\"@type\":\"ListItem\",\"position\":1,\"name\":\"Accueil\",\"item\":\"https:\/\/blogs.thesocialmedia.com\/leblogmoto\/\"},{\"@type\":\"ListItem\",\"position\":2,\"name\":\"BIAGGI n&rsquo;ira pas en SBK.\"}]},{\"@type\":\"WebSite\",\"@id\":\"https:\/\/blogs.thesocialmedia.com\/leblogmoto\/#website\",\"url\":\"https:\/\/blogs.thesocialmedia.com\/leblogmoto\/\",\"name\":\"leblogmoto\",\"description\":\"Toute l&#039;actualit\u00e9 des 2 roues\",\"potentialAction\":[{\"@type\":\"SearchAction\",\"target\":{\"@type\":\"EntryPoint\",\"urlTemplate\":\"https:\/\/blogs.thesocialmedia.com\/leblogmoto\/?s={search_term_string}\"},\"query-input\":{\"@type\":\"PropertyValueSpecification\",\"valueRequired\":true,\"valueName\":\"search_term_string\"}}],\"inLanguage\":\"fr-FR\"},{\"@type\":\"Person\",\"@id\":\"https:\/\/blogs.thesocialmedia.com\/leblogmoto\/#\/schema\/person\/1a1dcfc7cec206573105eb4af91155c2\",\"name\":\"andre leconde\",\"image\":{\"@type\":\"ImageObject\",\"inLanguage\":\"fr-FR\",\"@id\":\"https:\/\/blogs.thesocialmedia.com\/leblogmoto\/#\/schema\/person\/image\/\",\"url\":\"https:\/\/secure.gravatar.com\/avatar\/?s=96&d=mm&r=g\",\"contentUrl\":\"https:\/\/secure.gravatar.com\/avatar\/?s=96&d=mm&r=g\",\"caption\":\"andre leconde\"},\"url\":\"https:\/\/blogs.thesocialmedia.com\/leblogmoto\/author\/andre-leconde\/\"}]}<\/script>\n<!-- \/ Yoast SEO plugin. -->","yoast_head_json":{"title":"BIAGGI n'ira pas en SBK. - leblogmoto.com","robots":{"index":"index","follow":"follow","max-snippet":"max-snippet:-1","max-image-preview":"max-image-preview:large","max-video-preview":"max-video-preview:-1"},"canonical":"https:\/\/blogs.thesocialmedia.com\/leblogmoto\/2006\/01\/31\/biaggi-nira-pas\/","twitter_card":"summary_large_image","twitter_title":"BIAGGI n'ira pas en SBK. - leblogmoto.com","twitter_description":"Si, d\u00e9j\u00e0, l&rsquo;avenir en moto de l&#8217;empereur romain d\u00e9chu de 34 ans s&rsquo;\u00e9tait s\u00e9rieusement assombri, il vient d\u00e9finitivement de se boucher apr\u00e8s l&rsquo;annonce faite qu&rsquo;il n&rsquo;ira pas, non plus, en SBK. Pourtant, la presse italienne l&rsquo;avait vu signer chez SUZUKI pour une campagne mondiale les semaines pass\u00e9es. Las ! Il s&rsquo;agissait, encore, d&rsquo;une fausse piste, [&hellip;]","twitter_image":"http:\/\/www.leblogmoto.com\/images\/biaggi2_1.jpg","twitter_misc":{"\u00c9crit par":"andre leconde","Dur\u00e9e de lecture estim\u00e9e":"1 minute"},"schema":{"@context":"https:\/\/schema.org","@graph":[{"@type":"WebPage","@id":"https:\/\/blogs.thesocialmedia.com\/leblogmoto\/2006\/01\/31\/biaggi-nira-pas\/","url":"https:\/\/blogs.thesocialmedia.com\/leblogmoto\/2006\/01\/31\/biaggi-nira-pas\/","name":"BIAGGI n'ira pas en SBK. - leblogmoto.com","isPartOf":{"@id":"https:\/\/blogs.thesocialmedia.com\/leblogmoto\/#website"},"primaryImageOfPage":{"@id":"https:\/\/blogs.thesocialmedia.com\/leblogmoto\/2006\/01\/31\/biaggi-nira-pas\/#primaryimage"},"image":{"@id":"https:\/\/blogs.thesocialmedia.com\/leblogmoto\/2006\/01\/31\/biaggi-nira-pas\/#primaryimage"},"thumbnailUrl":"http:\/\/www.leblogmoto.com\/images\/biaggi2_1.jpg","datePublished":"2006-01-31T15:49:49+00:00","dateModified":"2012-07-11T14:15:02+00:00","author":{"@id":"https:\/\/blogs.thesocialmedia.com\/leblogmoto\/#\/schema\/person\/1a1dcfc7cec206573105eb4af91155c2"},"breadcrumb":{"@id":"https:\/\/blogs.thesocialmedia.com\/leblogmoto\/2006\/01\/31\/biaggi-nira-pas\/#breadcrumb"},"inLanguage":"fr-FR","potentialAction":[{"@type":"ReadAction","target":["https:\/\/blogs.thesocialmedia.com\/leblogmoto\/2006\/01\/31\/biaggi-nira-pas\/"]}]},{"@type":"ImageObject","inLanguage":"fr-FR","@id":"https:\/\/blogs.thesocialmedia.com\/leblogmoto\/2006\/01\/31\/biaggi-nira-pas\/#primaryimage","url":"http:\/\/www.leblogmoto.com\/images\/biaggi2_1.jpg","contentUrl":"http:\/\/www.leblogmoto.com\/images\/biaggi2_1.jpg"},{"@type":"BreadcrumbList","@id":"https:\/\/blogs.thesocialmedia.com\/leblogmoto\/2006\/01\/31\/biaggi-nira-pas\/#breadcrumb","itemListElement":[{"@type":"ListItem","position":1,"name":"Accueil","item":"https:\/\/blogs.thesocialmedia.com\/leblogmoto\/"},{"@type":"ListItem","position":2,"name":"BIAGGI n&rsquo;ira pas en SBK."}]},{"@type":"WebSite","@id":"https:\/\/blogs.thesocialmedia.com\/leblogmoto\/#website","url":"https:\/\/blogs.thesocialmedia.com\/leblogmoto\/","name":"leblogmoto","description":"Toute l&#039;actualit\u00e9 des 2 roues","potentialAction":[{"@type":"SearchAction","target":{"@type":"EntryPoint","urlTemplate":"https:\/\/blogs.thesocialmedia.com\/leblogmoto\/?s={search_term_string}"},"query-input":{"@type":"PropertyValueSpecification","valueRequired":true,"valueName":"search_term_string"}}],"inLanguage":"fr-FR"},{"@type":"Person","@id":"https:\/\/blogs.thesocialmedia.com\/leblogmoto\/#\/schema\/person\/1a1dcfc7cec206573105eb4af91155c2","name":"andre leconde","image":{"@type":"ImageObject","inLanguage":"fr-FR","@id":"https:\/\/blogs.thesocialmedia.com\/leblogmoto\/#\/schema\/person\/image\/","url":"https:\/\/secure.gravatar.com\/avatar\/?s=96&d=mm&r=g","contentUrl":"https:\/\/secure.gravatar.com\/avatar\/?s=96&d=mm&r=g","caption":"andre leconde"},"url":"https:\/\/blogs.thesocialmedia.com\/leblogmoto\/author\/andre-leconde\/"}]}},"_links":{"self":[{"href":"https:\/\/blogs.thesocialmedia.com\/leblogmoto\/wp-json\/wp\/v2\/posts\/2083","targetHints":{"allow":["GET"]}}],"collection":[{"href":"https:\/\/blogs.thesocialmedia.com\/leblogmoto\/wp-json\/wp\/v2\/posts"}],"about":[{"href":"https:\/\/blogs.thesocialmedia.com\/leblogmoto\/wp-json\/wp\/v2\/types\/post"}],"author":[{"embeddable":true,"href":"https:\/\/blogs.thesocialmedia.com\/leblogmoto\/wp-json\/wp\/v2\/users\/336"}],"replies":[{"embeddable":true,"href":"https:\/\/blogs.thesocialmedia.com\/leblogmoto\/wp-json\/wp\/v2\/comments?post=2083"}],"version-history":[{"count":2,"href":"https:\/\/blogs.thesocialmedia.com\/leblogmoto\/wp-json\/wp\/v2\/posts\/2083\/revisions"}],"predecessor-version":[{"id":7003,"href":"https:\/\/blogs.thesocialmedia.com\/leblogmoto\/wp-json\/wp\/v2\/posts\/2083\/revisions\/7003"}],"wp:attachment":[{"href":"https:\/\/blogs.thesocialmedia.com\/leblogmoto\/wp-json\/wp\/v2\/media?parent=2083"}],"wp:term":[{"taxonomy":"category","embeddable":true,"href":"https:\/\/blogs.thesocialmedia.com\/leblogmoto\/wp-json\/wp\/v2\/categories?post=2083"},{"taxonomy":"post_tag","embeddable":true,"href":"https:\/\/blogs.thesocialmedia.com\/leblogmoto\/wp-json\/wp\/v2\/tags?post=2083"}],"curies":[{"name":"wp","href":"https:\/\/api.w.org\/{rel}","templated":true}]}}