{"id":2085,"date":"2006-01-31T12:35:05","date_gmt":"2006-01-31T12:35:05","guid":{"rendered":"http:\/\/blogs.thesocialmedia.com\/leblogmoto\/2006\/01\/31\/checa-chez-tech\/"},"modified":"2012-07-11T14:14:59","modified_gmt":"2012-07-11T14:14:59","slug":"checa-chez-tech","status":"publish","type":"post","link":"https:\/\/blogs.thesocialmedia.com\/leblogmoto\/2006\/01\/31\/checa-chez-tech\/","title":{"rendered":"CHECA chez Tech&rsquo;3."},"content":{"rendered":"<p><a href=\"http:\/\/blogs.thesocialmedia.com\/leblogmoto\/files\/2012\/07\/checa3.jpg\"><img loading=\"lazy\" decoding=\"async\" height=\"376\" alt=\"Checa3\" src=\"http:\/\/www.leblogmoto.com\/images\/checa3.jpg\" width=\"250\"  \/><\/a>Les deux ont err\u00e9 comme des \u00e2mes en peine durant cette intersaison de MotoGp. <\/p>\n<p>Ainsi, <strong>Herv\u00e9 PONCHARAL<\/strong> a d&rsquo;abord d\u00fb relever le d\u00e9fi colossal de perdurer apr\u00e8s les d\u00e9parts de son sponsor majeur et de son pilote de pointe <strong>ELIAS<\/strong>. <\/p>\n<p>Pari gagn\u00e9 avec la signature de <strong>DUNLOP<\/strong> comme annonceur principal ce qui lui a permis de garder la confiance de YAMAHA. <\/p>\n<p>Ce n&rsquo;\u00e9tait vraiment pas gagn\u00e9 d&rsquo;avance, la preuve par <a href=\"http:\/\/www.leblogmoto.com\/2006\/01\/les_premires_co.html\">PONS<\/a>, qui, lui, a ferm\u00e9 son team, laissant sur le carreau CHECA. <\/p>\n<p>Les destins n&rsquo;avaient plus qu&rsquo;\u00e0 se croiser&#8230;&nbsp; &nbsp; <\/p>\n<p>L&rsquo;espagnol s&rsquo;est vu revenir comme <a href=\"http:\/\/www.leblogmoto.com\/2006\/01\/kawasaki_garde_.html\">essayeur<\/a> chez DUCATI apr\u00e8s avoir lorgn\u00e9 furtivement vers le <a href=\"http:\/\/www.leblogmoto.com\/2005\/12\/barros_en_super.html\">refuge<\/a> SBK. Mais le guidon d&rsquo;une <strong>M.1<\/strong> \u00e9tait libre et quoi de mieux qu&rsquo;une vraie saison comme titulaire dans la cat\u00e9gorie reine.<\/p>\n<p><a href=\"http:\/\/clabedan.typepad.com\/.shared\/image.html?\/photos\/uncategorized\/team11.jpg\"><img loading=\"lazy\" decoding=\"async\" height=\"156\" alt=\"Team11\" src=\"http:\/\/www.leblogmoto.com\/images\/team11.jpg\" width=\"249\"  \/><\/a>Carlos a donc sign\u00e9 chez Tech&rsquo;3. En \u00e0 peine quelques mois il sera pass\u00e9 d&rsquo;une <strong>DUCATI BRIDGESTONE<\/strong> \u00e0 une <strong>HONDA MICHELIN<\/strong> pour, finalement saisir l&rsquo;opportunit\u00e9 d&rsquo;une <strong>YAMAHA DUNLOP<\/strong> aux c\u00f4t\u00e9s d&rsquo;<a href=\"http:\/\/www.leblogmoto.com\/2005\/11\/la_motogp_a_pri.html\">ELLISON<\/a>. Et pour Tech&rsquo;3, c&rsquo;est un pilote d&rsquo;exp\u00e9rience qui arrive, ce qui ne sera pas de trop, vu l&rsquo;ampleur de la t\u00e2che qui les attend. <\/p>\n<p>SOURCE: <a href=\"http:\/\/www.moto.racing-live.com\/\">www.moto.racing-live.com<\/a> <\/p>\n","protected":false},"excerpt":{"rendered":"<p>Les deux ont err\u00e9 comme des \u00e2mes en peine durant cette intersaison de MotoGp. Ainsi, Herv\u00e9 PONCHARAL a d&rsquo;abord d\u00fb relever le d\u00e9fi colossal de perdurer apr\u00e8s les d\u00e9parts de son sponsor majeur et de son pilote de pointe ELIAS. Pari gagn\u00e9 avec la signature de DUNLOP comme annonceur principal ce qui lui a permis [&hellip;]<\/p>\n","protected":false},"author":336,"featured_media":0,"comment_status":"open","ping_status":"open","sticky":false,"template":"","format":"standard","meta":{"footnotes":""},"categories":[22],"tags":[],"class_list":["post-2085","post","type-post","status-publish","format-standard","hentry","category-motogp"],"yoast_head":"<!-- This site is optimized with the Yoast SEO plugin v26.0 - https:\/\/yoast.com\/wordpress\/plugins\/seo\/ -->\n<title>CHECA chez Tech&#039;3. - leblogmoto.com<\/title>\n<meta name=\"robots\" content=\"index, follow, max-snippet:-1, max-image-preview:large, max-video-preview:-1\" \/>\n<link rel=\"canonical\" href=\"https:\/\/blogs.thesocialmedia.com\/leblogmoto\/2006\/01\/31\/checa-chez-tech\/\" \/>\n<meta name=\"twitter:card\" content=\"summary_large_image\" \/>\n<meta name=\"twitter:title\" content=\"CHECA chez Tech&#039;3. - leblogmoto.com\" \/>\n<meta name=\"twitter:description\" content=\"Les deux ont err\u00e9 comme des \u00e2mes en peine durant cette intersaison de MotoGp. Ainsi, Herv\u00e9 PONCHARAL a d&rsquo;abord d\u00fb relever le d\u00e9fi colossal de perdurer apr\u00e8s les d\u00e9parts de son sponsor majeur et de son pilote de pointe ELIAS. Pari gagn\u00e9 avec la signature de DUNLOP comme annonceur principal ce qui lui a permis [&hellip;]\" \/>\n<meta name=\"twitter:image\" content=\"http:\/\/www.leblogmoto.com\/images\/checa3.jpg\" \/>\n<meta name=\"twitter:label1\" content=\"\u00c9crit par\" \/>\n\t<meta name=\"twitter:data1\" content=\"andre leconde\" \/>\n\t<meta name=\"twitter:label2\" content=\"Dur\u00e9e de lecture estim\u00e9e\" \/>\n\t<meta name=\"twitter:data2\" content=\"1 minute\" \/>\n<script type=\"application\/ld+json\" class=\"yoast-schema-graph\">{\"@context\":\"https:\/\/schema.org\",\"@graph\":[{\"@type\":\"WebPage\",\"@id\":\"https:\/\/blogs.thesocialmedia.com\/leblogmoto\/2006\/01\/31\/checa-chez-tech\/\",\"url\":\"https:\/\/blogs.thesocialmedia.com\/leblogmoto\/2006\/01\/31\/checa-chez-tech\/\",\"name\":\"CHECA chez Tech'3. - leblogmoto.com\",\"isPartOf\":{\"@id\":\"https:\/\/blogs.thesocialmedia.com\/leblogmoto\/#website\"},\"primaryImageOfPage\":{\"@id\":\"https:\/\/blogs.thesocialmedia.com\/leblogmoto\/2006\/01\/31\/checa-chez-tech\/#primaryimage\"},\"image\":{\"@id\":\"https:\/\/blogs.thesocialmedia.com\/leblogmoto\/2006\/01\/31\/checa-chez-tech\/#primaryimage\"},\"thumbnailUrl\":\"http:\/\/www.leblogmoto.com\/images\/checa3.jpg\",\"datePublished\":\"2006-01-31T12:35:05+00:00\",\"dateModified\":\"2012-07-11T14:14:59+00:00\",\"author\":{\"@id\":\"https:\/\/blogs.thesocialmedia.com\/leblogmoto\/#\/schema\/person\/1a1dcfc7cec206573105eb4af91155c2\"},\"breadcrumb\":{\"@id\":\"https:\/\/blogs.thesocialmedia.com\/leblogmoto\/2006\/01\/31\/checa-chez-tech\/#breadcrumb\"},\"inLanguage\":\"fr-FR\",\"potentialAction\":[{\"@type\":\"ReadAction\",\"target\":[\"https:\/\/blogs.thesocialmedia.com\/leblogmoto\/2006\/01\/31\/checa-chez-tech\/\"]}]},{\"@type\":\"ImageObject\",\"inLanguage\":\"fr-FR\",\"@id\":\"https:\/\/blogs.thesocialmedia.com\/leblogmoto\/2006\/01\/31\/checa-chez-tech\/#primaryimage\",\"url\":\"http:\/\/www.leblogmoto.com\/images\/checa3.jpg\",\"contentUrl\":\"http:\/\/www.leblogmoto.com\/images\/checa3.jpg\"},{\"@type\":\"BreadcrumbList\",\"@id\":\"https:\/\/blogs.thesocialmedia.com\/leblogmoto\/2006\/01\/31\/checa-chez-tech\/#breadcrumb\",\"itemListElement\":[{\"@type\":\"ListItem\",\"position\":1,\"name\":\"Accueil\",\"item\":\"https:\/\/blogs.thesocialmedia.com\/leblogmoto\/\"},{\"@type\":\"ListItem\",\"position\":2,\"name\":\"CHECA chez Tech&rsquo;3.\"}]},{\"@type\":\"WebSite\",\"@id\":\"https:\/\/blogs.thesocialmedia.com\/leblogmoto\/#website\",\"url\":\"https:\/\/blogs.thesocialmedia.com\/leblogmoto\/\",\"name\":\"leblogmoto\",\"description\":\"Toute l&#039;actualit\u00e9 des 2 roues\",\"potentialAction\":[{\"@type\":\"SearchAction\",\"target\":{\"@type\":\"EntryPoint\",\"urlTemplate\":\"https:\/\/blogs.thesocialmedia.com\/leblogmoto\/?s={search_term_string}\"},\"query-input\":{\"@type\":\"PropertyValueSpecification\",\"valueRequired\":true,\"valueName\":\"search_term_string\"}}],\"inLanguage\":\"fr-FR\"},{\"@type\":\"Person\",\"@id\":\"https:\/\/blogs.thesocialmedia.com\/leblogmoto\/#\/schema\/person\/1a1dcfc7cec206573105eb4af91155c2\",\"name\":\"andre leconde\",\"image\":{\"@type\":\"ImageObject\",\"inLanguage\":\"fr-FR\",\"@id\":\"https:\/\/blogs.thesocialmedia.com\/leblogmoto\/#\/schema\/person\/image\/\",\"url\":\"https:\/\/secure.gravatar.com\/avatar\/?s=96&d=mm&r=g\",\"contentUrl\":\"https:\/\/secure.gravatar.com\/avatar\/?s=96&d=mm&r=g\",\"caption\":\"andre leconde\"},\"url\":\"https:\/\/blogs.thesocialmedia.com\/leblogmoto\/author\/andre-leconde\/\"}]}<\/script>\n<!-- \/ Yoast SEO plugin. -->","yoast_head_json":{"title":"CHECA chez Tech'3. - leblogmoto.com","robots":{"index":"index","follow":"follow","max-snippet":"max-snippet:-1","max-image-preview":"max-image-preview:large","max-video-preview":"max-video-preview:-1"},"canonical":"https:\/\/blogs.thesocialmedia.com\/leblogmoto\/2006\/01\/31\/checa-chez-tech\/","twitter_card":"summary_large_image","twitter_title":"CHECA chez Tech'3. - leblogmoto.com","twitter_description":"Les deux ont err\u00e9 comme des \u00e2mes en peine durant cette intersaison de MotoGp. Ainsi, Herv\u00e9 PONCHARAL a d&rsquo;abord d\u00fb relever le d\u00e9fi colossal de perdurer apr\u00e8s les d\u00e9parts de son sponsor majeur et de son pilote de pointe ELIAS. Pari gagn\u00e9 avec la signature de DUNLOP comme annonceur principal ce qui lui a permis [&hellip;]","twitter_image":"http:\/\/www.leblogmoto.com\/images\/checa3.jpg","twitter_misc":{"\u00c9crit par":"andre leconde","Dur\u00e9e de lecture estim\u00e9e":"1 minute"},"schema":{"@context":"https:\/\/schema.org","@graph":[{"@type":"WebPage","@id":"https:\/\/blogs.thesocialmedia.com\/leblogmoto\/2006\/01\/31\/checa-chez-tech\/","url":"https:\/\/blogs.thesocialmedia.com\/leblogmoto\/2006\/01\/31\/checa-chez-tech\/","name":"CHECA chez Tech'3. - leblogmoto.com","isPartOf":{"@id":"https:\/\/blogs.thesocialmedia.com\/leblogmoto\/#website"},"primaryImageOfPage":{"@id":"https:\/\/blogs.thesocialmedia.com\/leblogmoto\/2006\/01\/31\/checa-chez-tech\/#primaryimage"},"image":{"@id":"https:\/\/blogs.thesocialmedia.com\/leblogmoto\/2006\/01\/31\/checa-chez-tech\/#primaryimage"},"thumbnailUrl":"http:\/\/www.leblogmoto.com\/images\/checa3.jpg","datePublished":"2006-01-31T12:35:05+00:00","dateModified":"2012-07-11T14:14:59+00:00","author":{"@id":"https:\/\/blogs.thesocialmedia.com\/leblogmoto\/#\/schema\/person\/1a1dcfc7cec206573105eb4af91155c2"},"breadcrumb":{"@id":"https:\/\/blogs.thesocialmedia.com\/leblogmoto\/2006\/01\/31\/checa-chez-tech\/#breadcrumb"},"inLanguage":"fr-FR","potentialAction":[{"@type":"ReadAction","target":["https:\/\/blogs.thesocialmedia.com\/leblogmoto\/2006\/01\/31\/checa-chez-tech\/"]}]},{"@type":"ImageObject","inLanguage":"fr-FR","@id":"https:\/\/blogs.thesocialmedia.com\/leblogmoto\/2006\/01\/31\/checa-chez-tech\/#primaryimage","url":"http:\/\/www.leblogmoto.com\/images\/checa3.jpg","contentUrl":"http:\/\/www.leblogmoto.com\/images\/checa3.jpg"},{"@type":"BreadcrumbList","@id":"https:\/\/blogs.thesocialmedia.com\/leblogmoto\/2006\/01\/31\/checa-chez-tech\/#breadcrumb","itemListElement":[{"@type":"ListItem","position":1,"name":"Accueil","item":"https:\/\/blogs.thesocialmedia.com\/leblogmoto\/"},{"@type":"ListItem","position":2,"name":"CHECA chez Tech&rsquo;3."}]},{"@type":"WebSite","@id":"https:\/\/blogs.thesocialmedia.com\/leblogmoto\/#website","url":"https:\/\/blogs.thesocialmedia.com\/leblogmoto\/","name":"leblogmoto","description":"Toute l&#039;actualit\u00e9 des 2 roues","potentialAction":[{"@type":"SearchAction","target":{"@type":"EntryPoint","urlTemplate":"https:\/\/blogs.thesocialmedia.com\/leblogmoto\/?s={search_term_string}"},"query-input":{"@type":"PropertyValueSpecification","valueRequired":true,"valueName":"search_term_string"}}],"inLanguage":"fr-FR"},{"@type":"Person","@id":"https:\/\/blogs.thesocialmedia.com\/leblogmoto\/#\/schema\/person\/1a1dcfc7cec206573105eb4af91155c2","name":"andre leconde","image":{"@type":"ImageObject","inLanguage":"fr-FR","@id":"https:\/\/blogs.thesocialmedia.com\/leblogmoto\/#\/schema\/person\/image\/","url":"https:\/\/secure.gravatar.com\/avatar\/?s=96&d=mm&r=g","contentUrl":"https:\/\/secure.gravatar.com\/avatar\/?s=96&d=mm&r=g","caption":"andre leconde"},"url":"https:\/\/blogs.thesocialmedia.com\/leblogmoto\/author\/andre-leconde\/"}]}},"_links":{"self":[{"href":"https:\/\/blogs.thesocialmedia.com\/leblogmoto\/wp-json\/wp\/v2\/posts\/2085","targetHints":{"allow":["GET"]}}],"collection":[{"href":"https:\/\/blogs.thesocialmedia.com\/leblogmoto\/wp-json\/wp\/v2\/posts"}],"about":[{"href":"https:\/\/blogs.thesocialmedia.com\/leblogmoto\/wp-json\/wp\/v2\/types\/post"}],"author":[{"embeddable":true,"href":"https:\/\/blogs.thesocialmedia.com\/leblogmoto\/wp-json\/wp\/v2\/users\/336"}],"replies":[{"embeddable":true,"href":"https:\/\/blogs.thesocialmedia.com\/leblogmoto\/wp-json\/wp\/v2\/comments?post=2085"}],"version-history":[{"count":2,"href":"https:\/\/blogs.thesocialmedia.com\/leblogmoto\/wp-json\/wp\/v2\/posts\/2085\/revisions"}],"predecessor-version":[{"id":6999,"href":"https:\/\/blogs.thesocialmedia.com\/leblogmoto\/wp-json\/wp\/v2\/posts\/2085\/revisions\/6999"}],"wp:attachment":[{"href":"https:\/\/blogs.thesocialmedia.com\/leblogmoto\/wp-json\/wp\/v2\/media?parent=2085"}],"wp:term":[{"taxonomy":"category","embeddable":true,"href":"https:\/\/blogs.thesocialmedia.com\/leblogmoto\/wp-json\/wp\/v2\/categories?post=2085"},{"taxonomy":"post_tag","embeddable":true,"href":"https:\/\/blogs.thesocialmedia.com\/leblogmoto\/wp-json\/wp\/v2\/tags?post=2085"}],"curies":[{"name":"wp","href":"https:\/\/api.w.org\/{rel}","templated":true}]}}