{"id":2087,"date":"2006-01-30T10:30:36","date_gmt":"2006-01-30T10:30:36","guid":{"rendered":"http:\/\/blogs.thesocialmedia.com\/leblogmoto\/2006\/01\/30\/bmw-exicone-de\/"},"modified":"2012-07-11T13:21:31","modified_gmt":"2012-07-11T13:21:31","slug":"bmw-exicone-de","status":"publish","type":"post","link":"https:\/\/blogs.thesocialmedia.com\/leblogmoto\/2006\/01\/30\/bmw-exicone-de\/","title":{"rendered":"BMW, ex-icone de la police motocycliste ?"},"content":{"rendered":"<p>Le <a href=\"http:\/\/www.leblogmoto.com\/2005\/10\/mondial_2005_ya.html\">Blog Moto<\/a> en avait d\u00e9j\u00e0 parl\u00e9, et j&rsquo;imagine que vous \u00eates d\u00e9j\u00e0 tous au courant, les forces de police et de gendarmerie s&rsquo;approvisionnent dor\u00e9navant chez Yamaha, avec la <a href=\"http:\/\/www.leblogmoto.com\/2005\/07\/yamaha_fjr_1300.html\">FJR 1300<\/a>, et ont donc abandonn\u00e9 la marque qui les identifiait aupr\u00e8s du public, enfin des civils, \u00e0 savoir BMW.<\/p>\n<p><a href=\"http:\/\/clabedan.typepad.com\/.shared\/image.html?\/photos\/uncategorized\/police_top_gun.jpg\"><img loading=\"lazy\" decoding=\"async\"  height=\"173\" width=\"250\" src=\"http:\/\/www.leblogmoto.com\/images\/police_top_gun.jpg\" alt=\"Police_top_gun\" style=\"margin: 0px 5px 5px 0px;float: left\" \/><\/a>BMW, qui propulse des repr\u00e9sentants de diff\u00e9rentes administrations nationales depuis plus d&rsquo;un demi-si\u00e8cle, se voit donc d\u00e9laiss\u00e9 par un de ses plus fid\u00e8les soutiens. Mais ce ph\u00e9nom\u00e8ne n&rsquo;est pas que propre \u00e0 l&rsquo;hexagone : les forces de l&rsquo;ordre belges, britanniques, danoises, hollandaises, abandonnent \u00e9galement la marque \u00e0 l&rsquo;h\u00e9lice.<br \/>Et \u00e0 chaque fois, l&rsquo;adversaire est le m\u00eame : Yamaha !<\/p>\n<p>Sup\u00e9riorit\u00e9 intrins\u00e8que de la machine japonaise ? Meilleur rapport prestations\/prix ? Lobbying intensif ?<br \/> Un article de <a href=\"http:\/\/www.moto-net.com\/p_article.php?RefArticle=994\">moto-net.com<\/a> relaie une autre explication : ce ne serait qu&rsquo;une question de planning, la vieillissante 1150 RT n&rsquo;\u00e9tant plus apte \u00e0 faire face \u00e0 sa concurrente \u00e0 l&rsquo;occasion de l&rsquo;appel d&rsquo;offres, alors que la version &quot;police&quot; de sa rempla\u00e7ante n&rsquo;\u00e9tait pas encore pr\u00eate.<\/p>\n<p>En m\u00eame temps, BMW gagnait cependant d&rsquo;autres march\u00e9s aux <a href=\"http:\/\/www.bmwmotorrad.co.nz\/news\/news_bmwmotorrad_wins_police_contract.aspx\">antipodes<\/a>. Et on peut imaginer que la marque r\u00e9agira d\u00e8s 2008 avec une version aff\u00fbt\u00e9e de sa 1200 RT. <\/p>\n<p>Source : <a href=\"http:\/\/blogs.motorbiker.org\/blogs.nsf\/dx\/12152005105152MWEDKY.htm\">news.motorbiker.org\/<\/a><\/p>\n<p>A voir aussi, un recueil de photos de montures des forces de police du monde entier, fait par <a href=\"http:\/\/membres.lycos.fr\/scawin\/cops.html\">Michel Scaviner<\/a>.<\/p><\/p>\n","protected":false},"excerpt":{"rendered":"<p>Le Blog Moto en avait d\u00e9j\u00e0 parl\u00e9, et j&rsquo;imagine que vous \u00eates d\u00e9j\u00e0 tous au courant, les forces de police et de gendarmerie s&rsquo;approvisionnent dor\u00e9navant chez Yamaha, avec la FJR 1300, et ont donc abandonn\u00e9 la marque qui les identifiait aupr\u00e8s du public, enfin des civils, \u00e0 savoir BMW. BMW, qui propulse des repr\u00e9sentants de [&hellip;]<\/p>\n","protected":false},"author":332,"featured_media":0,"comment_status":"open","ping_status":"open","sticky":false,"template":"","format":"standard","meta":{"footnotes":""},"categories":[7],"tags":[],"class_list":["post-2087","post","type-post","status-publish","format-standard","hentry","category-bmw"],"yoast_head":"<!-- This site is optimized with the Yoast SEO plugin v26.0 - https:\/\/yoast.com\/wordpress\/plugins\/seo\/ -->\n<title>BMW, ex-icone de la police motocycliste ? - leblogmoto.com<\/title>\n<meta name=\"robots\" content=\"index, follow, max-snippet:-1, max-image-preview:large, max-video-preview:-1\" \/>\n<link rel=\"canonical\" href=\"https:\/\/blogs.thesocialmedia.com\/leblogmoto\/2006\/01\/30\/bmw-exicone-de\/\" \/>\n<meta name=\"twitter:card\" content=\"summary_large_image\" \/>\n<meta name=\"twitter:title\" content=\"BMW, ex-icone de la police motocycliste ? - leblogmoto.com\" \/>\n<meta name=\"twitter:description\" content=\"Le Blog Moto en avait d\u00e9j\u00e0 parl\u00e9, et j&rsquo;imagine que vous \u00eates d\u00e9j\u00e0 tous au courant, les forces de police et de gendarmerie s&rsquo;approvisionnent dor\u00e9navant chez Yamaha, avec la FJR 1300, et ont donc abandonn\u00e9 la marque qui les identifiait aupr\u00e8s du public, enfin des civils, \u00e0 savoir BMW. BMW, qui propulse des repr\u00e9sentants de [&hellip;]\" \/>\n<meta name=\"twitter:image\" content=\"http:\/\/www.leblogmoto.com\/images\/police_top_gun.jpg\" \/>\n<meta name=\"twitter:label1\" content=\"\u00c9crit par\" \/>\n\t<meta name=\"twitter:data1\" content=\"eric cabrol\" \/>\n\t<meta name=\"twitter:label2\" content=\"Dur\u00e9e de lecture estim\u00e9e\" \/>\n\t<meta name=\"twitter:data2\" content=\"1 minute\" \/>\n<script type=\"application\/ld+json\" class=\"yoast-schema-graph\">{\"@context\":\"https:\/\/schema.org\",\"@graph\":[{\"@type\":\"WebPage\",\"@id\":\"https:\/\/blogs.thesocialmedia.com\/leblogmoto\/2006\/01\/30\/bmw-exicone-de\/\",\"url\":\"https:\/\/blogs.thesocialmedia.com\/leblogmoto\/2006\/01\/30\/bmw-exicone-de\/\",\"name\":\"BMW, ex-icone de la police motocycliste ? - leblogmoto.com\",\"isPartOf\":{\"@id\":\"https:\/\/blogs.thesocialmedia.com\/leblogmoto\/#website\"},\"primaryImageOfPage\":{\"@id\":\"https:\/\/blogs.thesocialmedia.com\/leblogmoto\/2006\/01\/30\/bmw-exicone-de\/#primaryimage\"},\"image\":{\"@id\":\"https:\/\/blogs.thesocialmedia.com\/leblogmoto\/2006\/01\/30\/bmw-exicone-de\/#primaryimage\"},\"thumbnailUrl\":\"http:\/\/www.leblogmoto.com\/images\/police_top_gun.jpg\",\"datePublished\":\"2006-01-30T10:30:36+00:00\",\"dateModified\":\"2012-07-11T13:21:31+00:00\",\"author\":{\"@id\":\"https:\/\/blogs.thesocialmedia.com\/leblogmoto\/#\/schema\/person\/2d0df6c5d59ff2f74f5d0b431cdcd17d\"},\"breadcrumb\":{\"@id\":\"https:\/\/blogs.thesocialmedia.com\/leblogmoto\/2006\/01\/30\/bmw-exicone-de\/#breadcrumb\"},\"inLanguage\":\"fr-FR\",\"potentialAction\":[{\"@type\":\"ReadAction\",\"target\":[\"https:\/\/blogs.thesocialmedia.com\/leblogmoto\/2006\/01\/30\/bmw-exicone-de\/\"]}]},{\"@type\":\"ImageObject\",\"inLanguage\":\"fr-FR\",\"@id\":\"https:\/\/blogs.thesocialmedia.com\/leblogmoto\/2006\/01\/30\/bmw-exicone-de\/#primaryimage\",\"url\":\"http:\/\/www.leblogmoto.com\/images\/police_top_gun.jpg\",\"contentUrl\":\"http:\/\/www.leblogmoto.com\/images\/police_top_gun.jpg\"},{\"@type\":\"BreadcrumbList\",\"@id\":\"https:\/\/blogs.thesocialmedia.com\/leblogmoto\/2006\/01\/30\/bmw-exicone-de\/#breadcrumb\",\"itemListElement\":[{\"@type\":\"ListItem\",\"position\":1,\"name\":\"Accueil\",\"item\":\"https:\/\/blogs.thesocialmedia.com\/leblogmoto\/\"},{\"@type\":\"ListItem\",\"position\":2,\"name\":\"BMW, ex-icone de la police motocycliste ?\"}]},{\"@type\":\"WebSite\",\"@id\":\"https:\/\/blogs.thesocialmedia.com\/leblogmoto\/#website\",\"url\":\"https:\/\/blogs.thesocialmedia.com\/leblogmoto\/\",\"name\":\"leblogmoto\",\"description\":\"Toute l&#039;actualit\u00e9 des 2 roues\",\"potentialAction\":[{\"@type\":\"SearchAction\",\"target\":{\"@type\":\"EntryPoint\",\"urlTemplate\":\"https:\/\/blogs.thesocialmedia.com\/leblogmoto\/?s={search_term_string}\"},\"query-input\":{\"@type\":\"PropertyValueSpecification\",\"valueRequired\":true,\"valueName\":\"search_term_string\"}}],\"inLanguage\":\"fr-FR\"},{\"@type\":\"Person\",\"@id\":\"https:\/\/blogs.thesocialmedia.com\/leblogmoto\/#\/schema\/person\/2d0df6c5d59ff2f74f5d0b431cdcd17d\",\"name\":\"eric cabrol\",\"image\":{\"@type\":\"ImageObject\",\"inLanguage\":\"fr-FR\",\"@id\":\"https:\/\/blogs.thesocialmedia.com\/leblogmoto\/#\/schema\/person\/image\/\",\"url\":\"https:\/\/secure.gravatar.com\/avatar\/?s=96&d=mm&r=g\",\"contentUrl\":\"https:\/\/secure.gravatar.com\/avatar\/?s=96&d=mm&r=g\",\"caption\":\"eric cabrol\"},\"url\":\"https:\/\/blogs.thesocialmedia.com\/leblogmoto\/author\/eric-cabrol\/\"}]}<\/script>\n<!-- \/ Yoast SEO plugin. -->","yoast_head_json":{"title":"BMW, ex-icone de la police motocycliste ? - leblogmoto.com","robots":{"index":"index","follow":"follow","max-snippet":"max-snippet:-1","max-image-preview":"max-image-preview:large","max-video-preview":"max-video-preview:-1"},"canonical":"https:\/\/blogs.thesocialmedia.com\/leblogmoto\/2006\/01\/30\/bmw-exicone-de\/","twitter_card":"summary_large_image","twitter_title":"BMW, ex-icone de la police motocycliste ? - leblogmoto.com","twitter_description":"Le Blog Moto en avait d\u00e9j\u00e0 parl\u00e9, et j&rsquo;imagine que vous \u00eates d\u00e9j\u00e0 tous au courant, les forces de police et de gendarmerie s&rsquo;approvisionnent dor\u00e9navant chez Yamaha, avec la FJR 1300, et ont donc abandonn\u00e9 la marque qui les identifiait aupr\u00e8s du public, enfin des civils, \u00e0 savoir BMW. BMW, qui propulse des repr\u00e9sentants de [&hellip;]","twitter_image":"http:\/\/www.leblogmoto.com\/images\/police_top_gun.jpg","twitter_misc":{"\u00c9crit par":"eric cabrol","Dur\u00e9e de lecture estim\u00e9e":"1 minute"},"schema":{"@context":"https:\/\/schema.org","@graph":[{"@type":"WebPage","@id":"https:\/\/blogs.thesocialmedia.com\/leblogmoto\/2006\/01\/30\/bmw-exicone-de\/","url":"https:\/\/blogs.thesocialmedia.com\/leblogmoto\/2006\/01\/30\/bmw-exicone-de\/","name":"BMW, ex-icone de la police motocycliste ? - leblogmoto.com","isPartOf":{"@id":"https:\/\/blogs.thesocialmedia.com\/leblogmoto\/#website"},"primaryImageOfPage":{"@id":"https:\/\/blogs.thesocialmedia.com\/leblogmoto\/2006\/01\/30\/bmw-exicone-de\/#primaryimage"},"image":{"@id":"https:\/\/blogs.thesocialmedia.com\/leblogmoto\/2006\/01\/30\/bmw-exicone-de\/#primaryimage"},"thumbnailUrl":"http:\/\/www.leblogmoto.com\/images\/police_top_gun.jpg","datePublished":"2006-01-30T10:30:36+00:00","dateModified":"2012-07-11T13:21:31+00:00","author":{"@id":"https:\/\/blogs.thesocialmedia.com\/leblogmoto\/#\/schema\/person\/2d0df6c5d59ff2f74f5d0b431cdcd17d"},"breadcrumb":{"@id":"https:\/\/blogs.thesocialmedia.com\/leblogmoto\/2006\/01\/30\/bmw-exicone-de\/#breadcrumb"},"inLanguage":"fr-FR","potentialAction":[{"@type":"ReadAction","target":["https:\/\/blogs.thesocialmedia.com\/leblogmoto\/2006\/01\/30\/bmw-exicone-de\/"]}]},{"@type":"ImageObject","inLanguage":"fr-FR","@id":"https:\/\/blogs.thesocialmedia.com\/leblogmoto\/2006\/01\/30\/bmw-exicone-de\/#primaryimage","url":"http:\/\/www.leblogmoto.com\/images\/police_top_gun.jpg","contentUrl":"http:\/\/www.leblogmoto.com\/images\/police_top_gun.jpg"},{"@type":"BreadcrumbList","@id":"https:\/\/blogs.thesocialmedia.com\/leblogmoto\/2006\/01\/30\/bmw-exicone-de\/#breadcrumb","itemListElement":[{"@type":"ListItem","position":1,"name":"Accueil","item":"https:\/\/blogs.thesocialmedia.com\/leblogmoto\/"},{"@type":"ListItem","position":2,"name":"BMW, ex-icone de la police motocycliste ?"}]},{"@type":"WebSite","@id":"https:\/\/blogs.thesocialmedia.com\/leblogmoto\/#website","url":"https:\/\/blogs.thesocialmedia.com\/leblogmoto\/","name":"leblogmoto","description":"Toute l&#039;actualit\u00e9 des 2 roues","potentialAction":[{"@type":"SearchAction","target":{"@type":"EntryPoint","urlTemplate":"https:\/\/blogs.thesocialmedia.com\/leblogmoto\/?s={search_term_string}"},"query-input":{"@type":"PropertyValueSpecification","valueRequired":true,"valueName":"search_term_string"}}],"inLanguage":"fr-FR"},{"@type":"Person","@id":"https:\/\/blogs.thesocialmedia.com\/leblogmoto\/#\/schema\/person\/2d0df6c5d59ff2f74f5d0b431cdcd17d","name":"eric cabrol","image":{"@type":"ImageObject","inLanguage":"fr-FR","@id":"https:\/\/blogs.thesocialmedia.com\/leblogmoto\/#\/schema\/person\/image\/","url":"https:\/\/secure.gravatar.com\/avatar\/?s=96&d=mm&r=g","contentUrl":"https:\/\/secure.gravatar.com\/avatar\/?s=96&d=mm&r=g","caption":"eric cabrol"},"url":"https:\/\/blogs.thesocialmedia.com\/leblogmoto\/author\/eric-cabrol\/"}]}},"_links":{"self":[{"href":"https:\/\/blogs.thesocialmedia.com\/leblogmoto\/wp-json\/wp\/v2\/posts\/2087","targetHints":{"allow":["GET"]}}],"collection":[{"href":"https:\/\/blogs.thesocialmedia.com\/leblogmoto\/wp-json\/wp\/v2\/posts"}],"about":[{"href":"https:\/\/blogs.thesocialmedia.com\/leblogmoto\/wp-json\/wp\/v2\/types\/post"}],"author":[{"embeddable":true,"href":"https:\/\/blogs.thesocialmedia.com\/leblogmoto\/wp-json\/wp\/v2\/users\/332"}],"replies":[{"embeddable":true,"href":"https:\/\/blogs.thesocialmedia.com\/leblogmoto\/wp-json\/wp\/v2\/comments?post=2087"}],"version-history":[{"count":1,"href":"https:\/\/blogs.thesocialmedia.com\/leblogmoto\/wp-json\/wp\/v2\/posts\/2087\/revisions"}],"predecessor-version":[{"id":3088,"href":"https:\/\/blogs.thesocialmedia.com\/leblogmoto\/wp-json\/wp\/v2\/posts\/2087\/revisions\/3088"}],"wp:attachment":[{"href":"https:\/\/blogs.thesocialmedia.com\/leblogmoto\/wp-json\/wp\/v2\/media?parent=2087"}],"wp:term":[{"taxonomy":"category","embeddable":true,"href":"https:\/\/blogs.thesocialmedia.com\/leblogmoto\/wp-json\/wp\/v2\/categories?post=2087"},{"taxonomy":"post_tag","embeddable":true,"href":"https:\/\/blogs.thesocialmedia.com\/leblogmoto\/wp-json\/wp\/v2\/tags?post=2087"}],"curies":[{"name":"wp","href":"https:\/\/api.w.org\/{rel}","templated":true}]}}