{"id":2090,"date":"2006-01-27T22:30:00","date_gmt":"2006-01-27T22:30:00","guid":{"rendered":"http:\/\/blogs.thesocialmedia.com\/leblogmoto\/2006\/01\/27\/sepang-ducati-a\/"},"modified":"2012-07-11T14:14:48","modified_gmt":"2012-07-11T14:14:48","slug":"sepang-ducati-a","status":"publish","type":"post","link":"https:\/\/blogs.thesocialmedia.com\/leblogmoto\/2006\/01\/27\/sepang-ducati-a\/","title":{"rendered":"SEPANG: DUCATI annonce la couleur."},"content":{"rendered":"<p><a href=\"http:\/\/blogs.thesocialmedia.com\/leblogmoto\/files\/2012\/07\/3612.jpg\"><img loading=\"lazy\" decoding=\"async\" height=\"257\" alt=\"3612\" src=\"http:\/\/www.leblogmoto.com\/images\/3612.jpg\" width=\"250\"  \/><\/a>La <a href=\"http:\/\/www.leblogmoto.com\/2005\/11\/la_motogp_a_pri.html\">MALAISIE<\/a> a ouvert les hostilit\u00e9s de la saison 2006 de MotoGp. <\/p>\n<p>Apr\u00e8s trois journ\u00e9es d&rsquo;essais ponctu\u00e9es de soleil, de pluie et de conditions mixtes, c&rsquo;est <a href=\"http:\/\/www.leblogmoto.com\/2006\/01\/desmo_gp6_en_ro.html\">DUCATI<\/a> qui a marqu\u00e9 les points psychologiques, en signant les meilleurs temps absolus sur les trois journ\u00e9es. <\/p>\n<p>Si <strong>ROSSI<\/strong>, sous <a href=\"http:\/\/www.leblogmoto.com\/2006\/01\/polmiques_sans_.html\">ses nouvelles couleurs<\/a>, avaient d&rsquo;abord marqu\u00e9 son territoire au premier jour, le second, sous la pluie, puis le troisi\u00e8me, sur le sec, ont \u00e9t\u00e9 la propri\u00e8t\u00e9 des pilotes DUCATI, en t\u00eate desquels, le nouvel arrivant, <strong>GIBERNAU<\/strong>&#8230;&nbsp; &nbsp;&nbsp; &nbsp;<\/p>\n<p><a href=\"http:\/\/clabedan.typepad.com\/.shared\/image.html?\/photos\/uncategorized\/2006012372copia20de20rossi_20060123_o.jpg\"><\/a><a href=\"http:\/\/clabedan.typepad.com\/.shared\/image.html?\/photos\/uncategorized\/244973775441317238.jpg\"><img loading=\"lazy\" decoding=\"async\" height=\"187\" alt=\"244973775441317238\" src=\"http:\/\/www.leblogmoto.com\/images\/244973775441317238.jpg\" width=\"250\"  \/><\/a>Derri\u00e8re les rouges, <strong>MELANDRI<\/strong> suit, talonn\u00e9 par la grosse impression de ces journ\u00e9es, <strong>Dani PEDROSA<\/strong>. M\u00eame si l&rsquo;ib\u00e8re se montre humble en d\u00e9clarant, \u00e0 qui veut l&rsquo;entendre, qu&rsquo;il n&rsquo;est pas encore pr\u00eat, il a marqu\u00e9 les esprits, et d&rsquo;abord celui d&rsquo;HAYDEN, son \u00e9quipier, qu&rsquo;il a bouscul\u00e9.<\/p>\n<p>Satisfaction c\u00f4t\u00e9 <a href=\"http:\/\/www.leblogmoto.com\/2006\/01\/supersport_kawa.html\">KAWA<\/a> avec un <strong>DE PUNIET<\/strong> pugnace, victime d&rsquo;une grosse chute le deuxi\u00e8me jour, mais qui a tenu son rang en alignant des chronos d\u00e9j\u00e0 du niveau de NAKANO.<\/p>\n<p><a href=\"http:\/\/clabedan.typepad.com\/.shared\/image.html?\/photos\/uncategorized\/2006012372copia20de20rossi_20060123_o_1.jpg\"><img loading=\"lazy\" decoding=\"async\" height=\"146\" alt=\"2006012372copia20de20rossi_20060123_o_1\" src=\"http:\/\/www.leblogmoto.com\/images\/2006012372copia20de20rossi_20060123_o_1.jpg\" width=\"250\"  \/><\/a>Pour le reste, le travail ne manquera pas avant la rentr\u00e9e officielle du 10 avril \u00e0 JEREZ. <strong>ROBERTS<\/strong> a rejoint papa avec une KR \u00e9quip\u00e9e en V5 HONDA tandis que <strong>PONCHARAL<\/strong> verrait bien <strong>CHECA<\/strong> rejoindre ELISON dans son team alignant la YAMAHA en <strong>DUNLOP<\/strong>.<\/p>\n<p>La rentr\u00e9e a eu lieu. Elle se poursuivra les semaines prochaines sur diff\u00e9rents circuits. Mais \u00e0 SEPANG, DUCATI et <strong>BRIDGESTONE<\/strong> ont montr\u00e9 qu&rsquo;ils avaient une bonne base pour contester le r\u00e8gne du Doctor.&nbsp; <\/p>\n","protected":false},"excerpt":{"rendered":"<p>La MALAISIE a ouvert les hostilit\u00e9s de la saison 2006 de MotoGp. Apr\u00e8s trois journ\u00e9es d&rsquo;essais ponctu\u00e9es de soleil, de pluie et de conditions mixtes, c&rsquo;est DUCATI qui a marqu\u00e9 les points psychologiques, en signant les meilleurs temps absolus sur les trois journ\u00e9es. Si ROSSI, sous ses nouvelles couleurs, avaient d&rsquo;abord marqu\u00e9 son territoire au [&hellip;]<\/p>\n","protected":false},"author":336,"featured_media":0,"comment_status":"open","ping_status":"open","sticky":false,"template":"","format":"standard","meta":{"footnotes":""},"categories":[22],"tags":[],"class_list":["post-2090","post","type-post","status-publish","format-standard","hentry","category-motogp"],"yoast_head":"<!-- This site is optimized with the Yoast SEO plugin v26.0 - https:\/\/yoast.com\/wordpress\/plugins\/seo\/ -->\n<title>SEPANG: DUCATI annonce la couleur. - leblogmoto.com<\/title>\n<meta name=\"robots\" content=\"index, follow, max-snippet:-1, max-image-preview:large, max-video-preview:-1\" \/>\n<link rel=\"canonical\" href=\"https:\/\/blogs.thesocialmedia.com\/leblogmoto\/2006\/01\/27\/sepang-ducati-a\/\" \/>\n<meta name=\"twitter:card\" content=\"summary_large_image\" \/>\n<meta name=\"twitter:title\" content=\"SEPANG: DUCATI annonce la couleur. - leblogmoto.com\" \/>\n<meta name=\"twitter:description\" content=\"La MALAISIE a ouvert les hostilit\u00e9s de la saison 2006 de MotoGp. Apr\u00e8s trois journ\u00e9es d&rsquo;essais ponctu\u00e9es de soleil, de pluie et de conditions mixtes, c&rsquo;est DUCATI qui a marqu\u00e9 les points psychologiques, en signant les meilleurs temps absolus sur les trois journ\u00e9es. Si ROSSI, sous ses nouvelles couleurs, avaient d&rsquo;abord marqu\u00e9 son territoire au [&hellip;]\" \/>\n<meta name=\"twitter:image\" content=\"http:\/\/www.leblogmoto.com\/images\/3612.jpg\" \/>\n<meta name=\"twitter:label1\" content=\"\u00c9crit par\" \/>\n\t<meta name=\"twitter:data1\" content=\"andre leconde\" \/>\n\t<meta name=\"twitter:label2\" content=\"Dur\u00e9e de lecture estim\u00e9e\" \/>\n\t<meta name=\"twitter:data2\" content=\"1 minute\" \/>\n<script type=\"application\/ld+json\" class=\"yoast-schema-graph\">{\"@context\":\"https:\/\/schema.org\",\"@graph\":[{\"@type\":\"WebPage\",\"@id\":\"https:\/\/blogs.thesocialmedia.com\/leblogmoto\/2006\/01\/27\/sepang-ducati-a\/\",\"url\":\"https:\/\/blogs.thesocialmedia.com\/leblogmoto\/2006\/01\/27\/sepang-ducati-a\/\",\"name\":\"SEPANG: DUCATI annonce la couleur. - leblogmoto.com\",\"isPartOf\":{\"@id\":\"https:\/\/blogs.thesocialmedia.com\/leblogmoto\/#website\"},\"primaryImageOfPage\":{\"@id\":\"https:\/\/blogs.thesocialmedia.com\/leblogmoto\/2006\/01\/27\/sepang-ducati-a\/#primaryimage\"},\"image\":{\"@id\":\"https:\/\/blogs.thesocialmedia.com\/leblogmoto\/2006\/01\/27\/sepang-ducati-a\/#primaryimage\"},\"thumbnailUrl\":\"http:\/\/www.leblogmoto.com\/images\/3612.jpg\",\"datePublished\":\"2006-01-27T22:30:00+00:00\",\"dateModified\":\"2012-07-11T14:14:48+00:00\",\"author\":{\"@id\":\"https:\/\/blogs.thesocialmedia.com\/leblogmoto\/#\/schema\/person\/1a1dcfc7cec206573105eb4af91155c2\"},\"breadcrumb\":{\"@id\":\"https:\/\/blogs.thesocialmedia.com\/leblogmoto\/2006\/01\/27\/sepang-ducati-a\/#breadcrumb\"},\"inLanguage\":\"fr-FR\",\"potentialAction\":[{\"@type\":\"ReadAction\",\"target\":[\"https:\/\/blogs.thesocialmedia.com\/leblogmoto\/2006\/01\/27\/sepang-ducati-a\/\"]}]},{\"@type\":\"ImageObject\",\"inLanguage\":\"fr-FR\",\"@id\":\"https:\/\/blogs.thesocialmedia.com\/leblogmoto\/2006\/01\/27\/sepang-ducati-a\/#primaryimage\",\"url\":\"http:\/\/www.leblogmoto.com\/images\/3612.jpg\",\"contentUrl\":\"http:\/\/www.leblogmoto.com\/images\/3612.jpg\"},{\"@type\":\"BreadcrumbList\",\"@id\":\"https:\/\/blogs.thesocialmedia.com\/leblogmoto\/2006\/01\/27\/sepang-ducati-a\/#breadcrumb\",\"itemListElement\":[{\"@type\":\"ListItem\",\"position\":1,\"name\":\"Accueil\",\"item\":\"https:\/\/blogs.thesocialmedia.com\/leblogmoto\/\"},{\"@type\":\"ListItem\",\"position\":2,\"name\":\"SEPANG: DUCATI annonce la couleur.\"}]},{\"@type\":\"WebSite\",\"@id\":\"https:\/\/blogs.thesocialmedia.com\/leblogmoto\/#website\",\"url\":\"https:\/\/blogs.thesocialmedia.com\/leblogmoto\/\",\"name\":\"leblogmoto\",\"description\":\"Toute l&#039;actualit\u00e9 des 2 roues\",\"potentialAction\":[{\"@type\":\"SearchAction\",\"target\":{\"@type\":\"EntryPoint\",\"urlTemplate\":\"https:\/\/blogs.thesocialmedia.com\/leblogmoto\/?s={search_term_string}\"},\"query-input\":{\"@type\":\"PropertyValueSpecification\",\"valueRequired\":true,\"valueName\":\"search_term_string\"}}],\"inLanguage\":\"fr-FR\"},{\"@type\":\"Person\",\"@id\":\"https:\/\/blogs.thesocialmedia.com\/leblogmoto\/#\/schema\/person\/1a1dcfc7cec206573105eb4af91155c2\",\"name\":\"andre leconde\",\"image\":{\"@type\":\"ImageObject\",\"inLanguage\":\"fr-FR\",\"@id\":\"https:\/\/blogs.thesocialmedia.com\/leblogmoto\/#\/schema\/person\/image\/\",\"url\":\"https:\/\/secure.gravatar.com\/avatar\/?s=96&d=mm&r=g\",\"contentUrl\":\"https:\/\/secure.gravatar.com\/avatar\/?s=96&d=mm&r=g\",\"caption\":\"andre leconde\"},\"url\":\"https:\/\/blogs.thesocialmedia.com\/leblogmoto\/author\/andre-leconde\/\"}]}<\/script>\n<!-- \/ Yoast SEO plugin. -->","yoast_head_json":{"title":"SEPANG: DUCATI annonce la couleur. - leblogmoto.com","robots":{"index":"index","follow":"follow","max-snippet":"max-snippet:-1","max-image-preview":"max-image-preview:large","max-video-preview":"max-video-preview:-1"},"canonical":"https:\/\/blogs.thesocialmedia.com\/leblogmoto\/2006\/01\/27\/sepang-ducati-a\/","twitter_card":"summary_large_image","twitter_title":"SEPANG: DUCATI annonce la couleur. - leblogmoto.com","twitter_description":"La MALAISIE a ouvert les hostilit\u00e9s de la saison 2006 de MotoGp. Apr\u00e8s trois journ\u00e9es d&rsquo;essais ponctu\u00e9es de soleil, de pluie et de conditions mixtes, c&rsquo;est DUCATI qui a marqu\u00e9 les points psychologiques, en signant les meilleurs temps absolus sur les trois journ\u00e9es. Si ROSSI, sous ses nouvelles couleurs, avaient d&rsquo;abord marqu\u00e9 son territoire au [&hellip;]","twitter_image":"http:\/\/www.leblogmoto.com\/images\/3612.jpg","twitter_misc":{"\u00c9crit par":"andre leconde","Dur\u00e9e de lecture estim\u00e9e":"1 minute"},"schema":{"@context":"https:\/\/schema.org","@graph":[{"@type":"WebPage","@id":"https:\/\/blogs.thesocialmedia.com\/leblogmoto\/2006\/01\/27\/sepang-ducati-a\/","url":"https:\/\/blogs.thesocialmedia.com\/leblogmoto\/2006\/01\/27\/sepang-ducati-a\/","name":"SEPANG: DUCATI annonce la couleur. - leblogmoto.com","isPartOf":{"@id":"https:\/\/blogs.thesocialmedia.com\/leblogmoto\/#website"},"primaryImageOfPage":{"@id":"https:\/\/blogs.thesocialmedia.com\/leblogmoto\/2006\/01\/27\/sepang-ducati-a\/#primaryimage"},"image":{"@id":"https:\/\/blogs.thesocialmedia.com\/leblogmoto\/2006\/01\/27\/sepang-ducati-a\/#primaryimage"},"thumbnailUrl":"http:\/\/www.leblogmoto.com\/images\/3612.jpg","datePublished":"2006-01-27T22:30:00+00:00","dateModified":"2012-07-11T14:14:48+00:00","author":{"@id":"https:\/\/blogs.thesocialmedia.com\/leblogmoto\/#\/schema\/person\/1a1dcfc7cec206573105eb4af91155c2"},"breadcrumb":{"@id":"https:\/\/blogs.thesocialmedia.com\/leblogmoto\/2006\/01\/27\/sepang-ducati-a\/#breadcrumb"},"inLanguage":"fr-FR","potentialAction":[{"@type":"ReadAction","target":["https:\/\/blogs.thesocialmedia.com\/leblogmoto\/2006\/01\/27\/sepang-ducati-a\/"]}]},{"@type":"ImageObject","inLanguage":"fr-FR","@id":"https:\/\/blogs.thesocialmedia.com\/leblogmoto\/2006\/01\/27\/sepang-ducati-a\/#primaryimage","url":"http:\/\/www.leblogmoto.com\/images\/3612.jpg","contentUrl":"http:\/\/www.leblogmoto.com\/images\/3612.jpg"},{"@type":"BreadcrumbList","@id":"https:\/\/blogs.thesocialmedia.com\/leblogmoto\/2006\/01\/27\/sepang-ducati-a\/#breadcrumb","itemListElement":[{"@type":"ListItem","position":1,"name":"Accueil","item":"https:\/\/blogs.thesocialmedia.com\/leblogmoto\/"},{"@type":"ListItem","position":2,"name":"SEPANG: DUCATI annonce la couleur."}]},{"@type":"WebSite","@id":"https:\/\/blogs.thesocialmedia.com\/leblogmoto\/#website","url":"https:\/\/blogs.thesocialmedia.com\/leblogmoto\/","name":"leblogmoto","description":"Toute l&#039;actualit\u00e9 des 2 roues","potentialAction":[{"@type":"SearchAction","target":{"@type":"EntryPoint","urlTemplate":"https:\/\/blogs.thesocialmedia.com\/leblogmoto\/?s={search_term_string}"},"query-input":{"@type":"PropertyValueSpecification","valueRequired":true,"valueName":"search_term_string"}}],"inLanguage":"fr-FR"},{"@type":"Person","@id":"https:\/\/blogs.thesocialmedia.com\/leblogmoto\/#\/schema\/person\/1a1dcfc7cec206573105eb4af91155c2","name":"andre leconde","image":{"@type":"ImageObject","inLanguage":"fr-FR","@id":"https:\/\/blogs.thesocialmedia.com\/leblogmoto\/#\/schema\/person\/image\/","url":"https:\/\/secure.gravatar.com\/avatar\/?s=96&d=mm&r=g","contentUrl":"https:\/\/secure.gravatar.com\/avatar\/?s=96&d=mm&r=g","caption":"andre leconde"},"url":"https:\/\/blogs.thesocialmedia.com\/leblogmoto\/author\/andre-leconde\/"}]}},"_links":{"self":[{"href":"https:\/\/blogs.thesocialmedia.com\/leblogmoto\/wp-json\/wp\/v2\/posts\/2090","targetHints":{"allow":["GET"]}}],"collection":[{"href":"https:\/\/blogs.thesocialmedia.com\/leblogmoto\/wp-json\/wp\/v2\/posts"}],"about":[{"href":"https:\/\/blogs.thesocialmedia.com\/leblogmoto\/wp-json\/wp\/v2\/types\/post"}],"author":[{"embeddable":true,"href":"https:\/\/blogs.thesocialmedia.com\/leblogmoto\/wp-json\/wp\/v2\/users\/336"}],"replies":[{"embeddable":true,"href":"https:\/\/blogs.thesocialmedia.com\/leblogmoto\/wp-json\/wp\/v2\/comments?post=2090"}],"version-history":[{"count":2,"href":"https:\/\/blogs.thesocialmedia.com\/leblogmoto\/wp-json\/wp\/v2\/posts\/2090\/revisions"}],"predecessor-version":[{"id":6992,"href":"https:\/\/blogs.thesocialmedia.com\/leblogmoto\/wp-json\/wp\/v2\/posts\/2090\/revisions\/6992"}],"wp:attachment":[{"href":"https:\/\/blogs.thesocialmedia.com\/leblogmoto\/wp-json\/wp\/v2\/media?parent=2090"}],"wp:term":[{"taxonomy":"category","embeddable":true,"href":"https:\/\/blogs.thesocialmedia.com\/leblogmoto\/wp-json\/wp\/v2\/categories?post=2090"},{"taxonomy":"post_tag","embeddable":true,"href":"https:\/\/blogs.thesocialmedia.com\/leblogmoto\/wp-json\/wp\/v2\/tags?post=2090"}],"curies":[{"name":"wp","href":"https:\/\/api.w.org\/{rel}","templated":true}]}}