{"id":2099,"date":"2006-01-18T13:46:00","date_gmt":"2006-01-18T13:46:00","guid":{"rendered":"http:\/\/blogs.thesocialmedia.com\/leblogmoto\/2006\/01\/18\/supersport-kawa\/"},"modified":"2012-07-11T14:14:33","modified_gmt":"2012-07-11T14:14:33","slug":"supersport-kawa","status":"publish","type":"post","link":"https:\/\/blogs.thesocialmedia.com\/leblogmoto\/2006\/01\/18\/supersport-kawa\/","title":{"rendered":"SUPERSPORT: KAWA fait son \u00e9quipe de FRANCE&#8230;"},"content":{"rendered":"<p><a href=\"http:\/\/blogs.thesocialmedia.com\/leblogmoto\/files\/2012\/07\/stephane_chambon_portrait.jpg\"><img loading=\"lazy\" decoding=\"async\" height=\"289\" alt=\"Stephane_chambon_portrait\" src=\"http:\/\/www.leblogmoto.com\/images\/stephane_chambon_portrait.jpg\" width=\"250\"  \/><\/a>Ce sont des bonnes nouvelles qui viennent de nous parvenir du team batave &quot;<strong>Gil&rsquo; Motor Sport<\/strong>&quot;. <\/p>\n<p>Non seulement elles induisent un retour de <a href=\"http:\/\/www.leblogmoto.com\/2006\/01\/coupe_kawa_les_.html\">KAWASAKI<\/a> dans la discipline <a href=\"http:\/\/www.leblogmoto.com\/2005\/09\/supersport_sbas.html\">supersport<\/a>, mais, en plus, elles confirment la confiance que les verts accordent \u00e0 nos pilotes, puisque l&rsquo;aventure 2006 sera partag\u00e9e par <strong>St\u00e9phane CHAMBON<\/strong> et le jeune <strong>Maxime BERGER<\/strong>&#8230;&nbsp; <\/p>\n<p>KAWASAKI s&rsquo;est d\u00e9j\u00e0 essay\u00e9 en Supersport. Les verts s&rsquo;\u00e9taient engag\u00e9s sous leurs couleurs en 2003, en embauchant le champion du monde titr\u00e9 en 2002 <a href=\"http:\/\/www.leblogmoto.com\/2005\/12\/foret_simplante.html\">Fabien FORET<\/a>. La structure de <strong>Christian BOURGEOIS<\/strong> s&rsquo;\u00e9tait ensuite vue retir\u00e9e la confiance d&rsquo;Harald ECKL malgr\u00e8 des prestations plus qu&rsquo;honorables, dont une victoire de Fabien.<\/p>\n<p><a href=\"http:\/\/clabedan.typepad.com\/.shared\/image.html?\/photos\/uncategorized\/berger.jpg\"><img loading=\"lazy\" decoding=\"async\" height=\"374\" alt=\"Berger\" src=\"http:\/\/www.leblogmoto.com\/images\/berger.jpg\" width=\"250\"  \/><\/a>Cette fois, KAWASAKI choisit un cheval de Troie hollandais, la structure &quot;<strong>Gil Motor Sport<\/strong>&quot; qui faisait courir, jusque l\u00e0, St\u00e9phane CHAMBON sur une CBR 600. KAWASAKI assurera le <strong>d\u00e9veloppement<\/strong> moteur, fournira <strong>6 motos<\/strong> et mettra la <strong>main \u00e0 la poche<\/strong> ce qui permet au <strong>champion du monde 99<\/strong> de la discipline d&rsquo;esp\u00e9rer une relance de sa pourtant d\u00e9j\u00e0 riche carri\u00e8re.<\/p>\n<p>Cerise sur le g\u00e2teau, un jeune fran\u00e7ais, Maxime BERGER, 3\u00b0 du dernier championnat europ\u00e9en <strong>Superstock<\/strong> sera de la partie. De quoi se former de la plus belle des fa\u00e7ons.<\/p>\n<p>Chez KAWA, \u00e7a nous fait donc 5 pilotes fran\u00e7ais de premier plan&#8230;&nbsp; <\/p>\n<p>SOURCE: <a href=\"http:\/\/www.motomag.com\/\">www.motomag.com<\/a> <\/p>\n","protected":false},"excerpt":{"rendered":"<p>Ce sont des bonnes nouvelles qui viennent de nous parvenir du team batave &quot;Gil&rsquo; Motor Sport&quot;. Non seulement elles induisent un retour de KAWASAKI dans la discipline supersport, mais, en plus, elles confirment la confiance que les verts accordent \u00e0 nos pilotes, puisque l&rsquo;aventure 2006 sera partag\u00e9e par St\u00e9phane CHAMBON et le jeune Maxime BERGER&#8230;&nbsp; [&hellip;]<\/p>\n","protected":false},"author":336,"featured_media":0,"comment_status":"open","ping_status":"open","sticky":false,"template":"","format":"standard","meta":{"footnotes":""},"categories":[32],"tags":[],"class_list":["post-2099","post","type-post","status-publish","format-standard","hentry","category-sport-moto"],"yoast_head":"<!-- This site is optimized with the Yoast SEO plugin v26.0 - https:\/\/yoast.com\/wordpress\/plugins\/seo\/ -->\n<title>SUPERSPORT: KAWA fait son \u00e9quipe de FRANCE... - leblogmoto.com<\/title>\n<meta name=\"robots\" content=\"index, follow, max-snippet:-1, max-image-preview:large, max-video-preview:-1\" \/>\n<link rel=\"canonical\" href=\"https:\/\/blogs.thesocialmedia.com\/leblogmoto\/2006\/01\/18\/supersport-kawa\/\" \/>\n<meta name=\"twitter:card\" content=\"summary_large_image\" \/>\n<meta name=\"twitter:title\" content=\"SUPERSPORT: KAWA fait son \u00e9quipe de FRANCE... - leblogmoto.com\" \/>\n<meta name=\"twitter:description\" content=\"Ce sont des bonnes nouvelles qui viennent de nous parvenir du team batave &quot;Gil&rsquo; Motor Sport&quot;. Non seulement elles induisent un retour de KAWASAKI dans la discipline supersport, mais, en plus, elles confirment la confiance que les verts accordent \u00e0 nos pilotes, puisque l&rsquo;aventure 2006 sera partag\u00e9e par St\u00e9phane CHAMBON et le jeune Maxime BERGER&#8230;&nbsp; [&hellip;]\" \/>\n<meta name=\"twitter:image\" content=\"http:\/\/www.leblogmoto.com\/images\/stephane_chambon_portrait.jpg\" \/>\n<meta name=\"twitter:label1\" content=\"\u00c9crit par\" \/>\n\t<meta name=\"twitter:data1\" content=\"andre leconde\" \/>\n\t<meta name=\"twitter:label2\" content=\"Dur\u00e9e de lecture estim\u00e9e\" \/>\n\t<meta name=\"twitter:data2\" content=\"1 minute\" \/>\n<script type=\"application\/ld+json\" class=\"yoast-schema-graph\">{\"@context\":\"https:\/\/schema.org\",\"@graph\":[{\"@type\":\"WebPage\",\"@id\":\"https:\/\/blogs.thesocialmedia.com\/leblogmoto\/2006\/01\/18\/supersport-kawa\/\",\"url\":\"https:\/\/blogs.thesocialmedia.com\/leblogmoto\/2006\/01\/18\/supersport-kawa\/\",\"name\":\"SUPERSPORT: KAWA fait son \u00e9quipe de FRANCE... - leblogmoto.com\",\"isPartOf\":{\"@id\":\"https:\/\/blogs.thesocialmedia.com\/leblogmoto\/#website\"},\"primaryImageOfPage\":{\"@id\":\"https:\/\/blogs.thesocialmedia.com\/leblogmoto\/2006\/01\/18\/supersport-kawa\/#primaryimage\"},\"image\":{\"@id\":\"https:\/\/blogs.thesocialmedia.com\/leblogmoto\/2006\/01\/18\/supersport-kawa\/#primaryimage\"},\"thumbnailUrl\":\"http:\/\/www.leblogmoto.com\/images\/stephane_chambon_portrait.jpg\",\"datePublished\":\"2006-01-18T13:46:00+00:00\",\"dateModified\":\"2012-07-11T14:14:33+00:00\",\"author\":{\"@id\":\"https:\/\/blogs.thesocialmedia.com\/leblogmoto\/#\/schema\/person\/1a1dcfc7cec206573105eb4af91155c2\"},\"breadcrumb\":{\"@id\":\"https:\/\/blogs.thesocialmedia.com\/leblogmoto\/2006\/01\/18\/supersport-kawa\/#breadcrumb\"},\"inLanguage\":\"fr-FR\",\"potentialAction\":[{\"@type\":\"ReadAction\",\"target\":[\"https:\/\/blogs.thesocialmedia.com\/leblogmoto\/2006\/01\/18\/supersport-kawa\/\"]}]},{\"@type\":\"ImageObject\",\"inLanguage\":\"fr-FR\",\"@id\":\"https:\/\/blogs.thesocialmedia.com\/leblogmoto\/2006\/01\/18\/supersport-kawa\/#primaryimage\",\"url\":\"http:\/\/www.leblogmoto.com\/images\/stephane_chambon_portrait.jpg\",\"contentUrl\":\"http:\/\/www.leblogmoto.com\/images\/stephane_chambon_portrait.jpg\"},{\"@type\":\"BreadcrumbList\",\"@id\":\"https:\/\/blogs.thesocialmedia.com\/leblogmoto\/2006\/01\/18\/supersport-kawa\/#breadcrumb\",\"itemListElement\":[{\"@type\":\"ListItem\",\"position\":1,\"name\":\"Accueil\",\"item\":\"https:\/\/blogs.thesocialmedia.com\/leblogmoto\/\"},{\"@type\":\"ListItem\",\"position\":2,\"name\":\"SUPERSPORT: KAWA fait son \u00e9quipe de FRANCE&#8230;\"}]},{\"@type\":\"WebSite\",\"@id\":\"https:\/\/blogs.thesocialmedia.com\/leblogmoto\/#website\",\"url\":\"https:\/\/blogs.thesocialmedia.com\/leblogmoto\/\",\"name\":\"leblogmoto\",\"description\":\"Toute l&#039;actualit\u00e9 des 2 roues\",\"potentialAction\":[{\"@type\":\"SearchAction\",\"target\":{\"@type\":\"EntryPoint\",\"urlTemplate\":\"https:\/\/blogs.thesocialmedia.com\/leblogmoto\/?s={search_term_string}\"},\"query-input\":{\"@type\":\"PropertyValueSpecification\",\"valueRequired\":true,\"valueName\":\"search_term_string\"}}],\"inLanguage\":\"fr-FR\"},{\"@type\":\"Person\",\"@id\":\"https:\/\/blogs.thesocialmedia.com\/leblogmoto\/#\/schema\/person\/1a1dcfc7cec206573105eb4af91155c2\",\"name\":\"andre leconde\",\"image\":{\"@type\":\"ImageObject\",\"inLanguage\":\"fr-FR\",\"@id\":\"https:\/\/blogs.thesocialmedia.com\/leblogmoto\/#\/schema\/person\/image\/\",\"url\":\"https:\/\/secure.gravatar.com\/avatar\/?s=96&d=mm&r=g\",\"contentUrl\":\"https:\/\/secure.gravatar.com\/avatar\/?s=96&d=mm&r=g\",\"caption\":\"andre leconde\"},\"url\":\"https:\/\/blogs.thesocialmedia.com\/leblogmoto\/author\/andre-leconde\/\"}]}<\/script>\n<!-- \/ Yoast SEO plugin. -->","yoast_head_json":{"title":"SUPERSPORT: KAWA fait son \u00e9quipe de FRANCE... - leblogmoto.com","robots":{"index":"index","follow":"follow","max-snippet":"max-snippet:-1","max-image-preview":"max-image-preview:large","max-video-preview":"max-video-preview:-1"},"canonical":"https:\/\/blogs.thesocialmedia.com\/leblogmoto\/2006\/01\/18\/supersport-kawa\/","twitter_card":"summary_large_image","twitter_title":"SUPERSPORT: KAWA fait son \u00e9quipe de FRANCE... - leblogmoto.com","twitter_description":"Ce sont des bonnes nouvelles qui viennent de nous parvenir du team batave &quot;Gil&rsquo; Motor Sport&quot;. Non seulement elles induisent un retour de KAWASAKI dans la discipline supersport, mais, en plus, elles confirment la confiance que les verts accordent \u00e0 nos pilotes, puisque l&rsquo;aventure 2006 sera partag\u00e9e par St\u00e9phane CHAMBON et le jeune Maxime BERGER&#8230;&nbsp; [&hellip;]","twitter_image":"http:\/\/www.leblogmoto.com\/images\/stephane_chambon_portrait.jpg","twitter_misc":{"\u00c9crit par":"andre leconde","Dur\u00e9e de lecture estim\u00e9e":"1 minute"},"schema":{"@context":"https:\/\/schema.org","@graph":[{"@type":"WebPage","@id":"https:\/\/blogs.thesocialmedia.com\/leblogmoto\/2006\/01\/18\/supersport-kawa\/","url":"https:\/\/blogs.thesocialmedia.com\/leblogmoto\/2006\/01\/18\/supersport-kawa\/","name":"SUPERSPORT: KAWA fait son \u00e9quipe de FRANCE... - leblogmoto.com","isPartOf":{"@id":"https:\/\/blogs.thesocialmedia.com\/leblogmoto\/#website"},"primaryImageOfPage":{"@id":"https:\/\/blogs.thesocialmedia.com\/leblogmoto\/2006\/01\/18\/supersport-kawa\/#primaryimage"},"image":{"@id":"https:\/\/blogs.thesocialmedia.com\/leblogmoto\/2006\/01\/18\/supersport-kawa\/#primaryimage"},"thumbnailUrl":"http:\/\/www.leblogmoto.com\/images\/stephane_chambon_portrait.jpg","datePublished":"2006-01-18T13:46:00+00:00","dateModified":"2012-07-11T14:14:33+00:00","author":{"@id":"https:\/\/blogs.thesocialmedia.com\/leblogmoto\/#\/schema\/person\/1a1dcfc7cec206573105eb4af91155c2"},"breadcrumb":{"@id":"https:\/\/blogs.thesocialmedia.com\/leblogmoto\/2006\/01\/18\/supersport-kawa\/#breadcrumb"},"inLanguage":"fr-FR","potentialAction":[{"@type":"ReadAction","target":["https:\/\/blogs.thesocialmedia.com\/leblogmoto\/2006\/01\/18\/supersport-kawa\/"]}]},{"@type":"ImageObject","inLanguage":"fr-FR","@id":"https:\/\/blogs.thesocialmedia.com\/leblogmoto\/2006\/01\/18\/supersport-kawa\/#primaryimage","url":"http:\/\/www.leblogmoto.com\/images\/stephane_chambon_portrait.jpg","contentUrl":"http:\/\/www.leblogmoto.com\/images\/stephane_chambon_portrait.jpg"},{"@type":"BreadcrumbList","@id":"https:\/\/blogs.thesocialmedia.com\/leblogmoto\/2006\/01\/18\/supersport-kawa\/#breadcrumb","itemListElement":[{"@type":"ListItem","position":1,"name":"Accueil","item":"https:\/\/blogs.thesocialmedia.com\/leblogmoto\/"},{"@type":"ListItem","position":2,"name":"SUPERSPORT: KAWA fait son \u00e9quipe de FRANCE&#8230;"}]},{"@type":"WebSite","@id":"https:\/\/blogs.thesocialmedia.com\/leblogmoto\/#website","url":"https:\/\/blogs.thesocialmedia.com\/leblogmoto\/","name":"leblogmoto","description":"Toute l&#039;actualit\u00e9 des 2 roues","potentialAction":[{"@type":"SearchAction","target":{"@type":"EntryPoint","urlTemplate":"https:\/\/blogs.thesocialmedia.com\/leblogmoto\/?s={search_term_string}"},"query-input":{"@type":"PropertyValueSpecification","valueRequired":true,"valueName":"search_term_string"}}],"inLanguage":"fr-FR"},{"@type":"Person","@id":"https:\/\/blogs.thesocialmedia.com\/leblogmoto\/#\/schema\/person\/1a1dcfc7cec206573105eb4af91155c2","name":"andre leconde","image":{"@type":"ImageObject","inLanguage":"fr-FR","@id":"https:\/\/blogs.thesocialmedia.com\/leblogmoto\/#\/schema\/person\/image\/","url":"https:\/\/secure.gravatar.com\/avatar\/?s=96&d=mm&r=g","contentUrl":"https:\/\/secure.gravatar.com\/avatar\/?s=96&d=mm&r=g","caption":"andre leconde"},"url":"https:\/\/blogs.thesocialmedia.com\/leblogmoto\/author\/andre-leconde\/"}]}},"_links":{"self":[{"href":"https:\/\/blogs.thesocialmedia.com\/leblogmoto\/wp-json\/wp\/v2\/posts\/2099","targetHints":{"allow":["GET"]}}],"collection":[{"href":"https:\/\/blogs.thesocialmedia.com\/leblogmoto\/wp-json\/wp\/v2\/posts"}],"about":[{"href":"https:\/\/blogs.thesocialmedia.com\/leblogmoto\/wp-json\/wp\/v2\/types\/post"}],"author":[{"embeddable":true,"href":"https:\/\/blogs.thesocialmedia.com\/leblogmoto\/wp-json\/wp\/v2\/users\/336"}],"replies":[{"embeddable":true,"href":"https:\/\/blogs.thesocialmedia.com\/leblogmoto\/wp-json\/wp\/v2\/comments?post=2099"}],"version-history":[{"count":2,"href":"https:\/\/blogs.thesocialmedia.com\/leblogmoto\/wp-json\/wp\/v2\/posts\/2099\/revisions"}],"predecessor-version":[{"id":6979,"href":"https:\/\/blogs.thesocialmedia.com\/leblogmoto\/wp-json\/wp\/v2\/posts\/2099\/revisions\/6979"}],"wp:attachment":[{"href":"https:\/\/blogs.thesocialmedia.com\/leblogmoto\/wp-json\/wp\/v2\/media?parent=2099"}],"wp:term":[{"taxonomy":"category","embeddable":true,"href":"https:\/\/blogs.thesocialmedia.com\/leblogmoto\/wp-json\/wp\/v2\/categories?post=2099"},{"taxonomy":"post_tag","embeddable":true,"href":"https:\/\/blogs.thesocialmedia.com\/leblogmoto\/wp-json\/wp\/v2\/tags?post=2099"}],"curies":[{"name":"wp","href":"https:\/\/api.w.org\/{rel}","templated":true}]}}