{"id":210,"date":"2009-03-26T23:37:27","date_gmt":"2009-03-26T23:37:27","guid":{"rendered":"http:\/\/blogs.thesocialmedia.com\/leblogmoto\/2009\/03\/26\/ou-lon-se-fiche-de-la-symbolique-de-la-couleur-rouge\/"},"modified":"2012-07-11T17:15:01","modified_gmt":"2012-07-11T17:15:01","slug":"ou-lon-se-fiche-de-la-symbolique-de-la-couleur-rouge","status":"publish","type":"post","link":"https:\/\/blogs.thesocialmedia.com\/leblogmoto\/2009\/03\/26\/ou-lon-se-fiche-de-la-symbolique-de-la-couleur-rouge\/","title":{"rendered":"O\u00f9 l&rsquo;on se fiche de la symbolique de la couleur rouge."},"content":{"rendered":"<p><a href=\"http:\/\/blogs.thesocialmedia.com\/leblogmoto\/files\/2012\/07\/6a00d83451b18369e201156f54b0bd970b-popup.png\"><img decoding=\"async\" alt=\"Big_glamourducati1098s02\" class=\"at-xid-6a00d83451b18369e201156f54b0bd970b \" src=\"http:\/\/blogs.thesocialmedia.com\/leblogmoto\/files\/2012\/07\/6a00d83451b18369e201156f54b0bd970b-500wi.jpg\" style=\"width: 470px\" \/><\/a> <\/p>\n<p>J&#039;avais pr\u00e9vu de vous faire un petit speech sur la symbolique de la couleur rouge dans les sports m\u00e9ca, mais aussi en Asie (sens\u00e9e porter chance, bonheur, ou je ne sais quoi en Chine). Mais j&#039;ai rapidement abandonn\u00e9 l&#039;exercice. Car plus que la rencontre entre une latine et une asiatique, c&#039;est surtout un m\u00e9tissage entre une latine et une scandinave que nous avons devant nous, m\u00eame si cela ne saute pas aux yeux. La partie cycle de cette Hypersport fait en effet la&#8230; part belle aux su\u00e9dois d&#039;\u00d6hlins, dans la fourche, mais aussi l&#039;amortisseur de direction, ainsi qu&#039;\u00e0 l&#039;arri\u00e8re entre cadre et monobras. Une 1098 S qui voit sa puissance conserv\u00e9e par rapport \u00e0 la version de base, toujours 160 chevaux. Le tout est mis en sc\u00e8ne et en image par Darren Chang et a \u00e9t\u00e9 rep\u00e9r\u00e9 sur le <a href=\"http:\/\/www.motoblog.it\/post\/17895\/sexy-bikers-litaliana-e-lorientale\">Motoblog<\/a> italien. Les seuls \u00e9l\u00e9ments de couleur rouge que je retirerais volontiers de cette photo, en plus du bustier carmin de la demoiselle \u00e9videmment, ce sont les liser\u00e9s de jante. Pour la jolie asiatique sur la selle, je vous laisse juge. En tout cas voil\u00e0 un peu de changement dans l&#039;accorte escorte ducatiste apr\u00e8s nos <a href=\"http:\/\/www.leblogmoto.com\/2009\/01\/nous-pardonnere.html\">pulpeuses<\/a> amies <a href=\"http:\/\/www.leblogmoto.com\/2009\/02\/jai-du-mal-comp.html\">anglaises<\/a>. <\/p>\n<p><a href=\"http:\/\/clabedan.typepad.com\/.a\/6a00d83451b18369e201156f54b3fc970b-popup\"><img decoding=\"async\" alt=\"Big_glamourducati1098s03\" class=\"at-xid-6a00d83451b18369e201156f54b3fc970b \" src=\"http:\/\/blogs.thesocialmedia.com\/leblogmoto\/files\/2012\/07\/6a00d83451b18369e201156f54b3fc970b-500wi.jpg\" style=\"width: 470px\" \/><\/a> <\/p>\n<p><a href=\"http:\/\/blogs.thesocialmedia.com\/leblogmoto\/files\/2012\/07\/6a00d83451b18369e201156f54b5b6970b-popup.png\"><img decoding=\"async\" alt=\"Big_glamourducati1098s04\" class=\"at-xid-6a00d83451b18369e201156f54b5b6970b \" src=\"http:\/\/blogs.thesocialmedia.com\/leblogmoto\/files\/2012\/07\/6a00d83451b18369e201156f54b5b6970b-500wi.jpg\" style=\"width: 470px\" \/><\/a><\/p>\n<p><a href=\"http:\/\/blogs.thesocialmedia.com\/leblogmoto\/files\/2012\/07\/6a00d83451b18369e201156f54b935970b-popup.png\"><img decoding=\"async\" alt=\"Big_glamourducati1098s05\" class=\"at-xid-6a00d83451b18369e201156f54b935970b \" src=\"http:\/\/blogs.thesocialmedia.com\/leblogmoto\/files\/2012\/07\/6a00d83451b18369e201156f54b935970b-500wi.jpg\" style=\"width: 470px\" \/><\/a> <\/p>\n<p><a href=\"http:\/\/blogs.thesocialmedia.com\/leblogmoto\/files\/2012\/07\/6a00d83451b18369e201156f54bb4b970b-popup.png\"><img decoding=\"async\" alt=\"Big_glamourducati1098s06\" class=\"at-xid-6a00d83451b18369e201156f54bb4b970b \" src=\"http:\/\/blogs.thesocialmedia.com\/leblogmoto\/files\/2012\/07\/6a00d83451b18369e201156f54bb4b970b-500wi.jpg\" style=\"width: 470px\" \/><\/a> <\/p><\/p>\n","protected":false},"excerpt":{"rendered":"<p>J&#039;avais pr\u00e9vu de vous faire un petit speech sur la symbolique de la couleur rouge dans les sports m\u00e9ca, mais aussi en Asie (sens\u00e9e porter chance, bonheur, ou je ne sais quoi en Chine). Mais j&#039;ai rapidement abandonn\u00e9 l&#039;exercice. Car plus que la rencontre entre une latine et une asiatique, c&#039;est surtout un m\u00e9tissage entre [&hellip;]<\/p>\n","protected":false},"author":324,"featured_media":13049,"comment_status":"open","ping_status":"open","sticky":false,"template":"","format":"standard","meta":{"footnotes":""},"categories":[41,46],"tags":[],"class_list":["post-210","post","type-post","status-publish","format-standard","has-post-thumbnail","hentry","category-ducati","category-superbike"],"yoast_head":"<!-- This site is optimized with the Yoast SEO plugin v26.0 - https:\/\/yoast.com\/wordpress\/plugins\/seo\/ -->\n<title>O\u00f9 l&#039;on se fiche de la symbolique de la couleur rouge. - leblogmoto.com<\/title>\n<meta name=\"robots\" content=\"index, follow, max-snippet:-1, max-image-preview:large, max-video-preview:-1\" \/>\n<link rel=\"canonical\" href=\"https:\/\/blogs.thesocialmedia.com\/leblogmoto\/2009\/03\/26\/ou-lon-se-fiche-de-la-symbolique-de-la-couleur-rouge\/\" \/>\n<meta name=\"twitter:card\" content=\"summary_large_image\" \/>\n<meta name=\"twitter:title\" content=\"O\u00f9 l&#039;on se fiche de la symbolique de la couleur rouge. - leblogmoto.com\" \/>\n<meta name=\"twitter:description\" content=\"J&#039;avais pr\u00e9vu de vous faire un petit speech sur la symbolique de la couleur rouge dans les sports m\u00e9ca, mais aussi en Asie (sens\u00e9e porter chance, bonheur, ou je ne sais quoi en Chine). Mais j&#039;ai rapidement abandonn\u00e9 l&#039;exercice. Car plus que la rencontre entre une latine et une asiatique, c&#039;est surtout un m\u00e9tissage entre [&hellip;]\" \/>\n<meta name=\"twitter:image\" content=\"https:\/\/blogs.thesocialmedia.com\/leblogmoto\/files\/2012\/07\/6a00d83451b18369e201156f54b0bd970b-500wi.jpg\" \/>\n<meta name=\"twitter:label1\" content=\"\u00c9crit par\" \/>\n\t<meta name=\"twitter:data1\" content=\"benoit rieu\" \/>\n\t<meta name=\"twitter:label2\" content=\"Dur\u00e9e de lecture estim\u00e9e\" \/>\n\t<meta name=\"twitter:data2\" content=\"1 minute\" \/>\n<script type=\"application\/ld+json\" class=\"yoast-schema-graph\">{\"@context\":\"https:\/\/schema.org\",\"@graph\":[{\"@type\":\"WebPage\",\"@id\":\"https:\/\/blogs.thesocialmedia.com\/leblogmoto\/2009\/03\/26\/ou-lon-se-fiche-de-la-symbolique-de-la-couleur-rouge\/\",\"url\":\"https:\/\/blogs.thesocialmedia.com\/leblogmoto\/2009\/03\/26\/ou-lon-se-fiche-de-la-symbolique-de-la-couleur-rouge\/\",\"name\":\"O\u00f9 l'on se fiche de la symbolique de la couleur rouge. - leblogmoto.com\",\"isPartOf\":{\"@id\":\"https:\/\/blogs.thesocialmedia.com\/leblogmoto\/#website\"},\"primaryImageOfPage\":{\"@id\":\"https:\/\/blogs.thesocialmedia.com\/leblogmoto\/2009\/03\/26\/ou-lon-se-fiche-de-la-symbolique-de-la-couleur-rouge\/#primaryimage\"},\"image\":{\"@id\":\"https:\/\/blogs.thesocialmedia.com\/leblogmoto\/2009\/03\/26\/ou-lon-se-fiche-de-la-symbolique-de-la-couleur-rouge\/#primaryimage\"},\"thumbnailUrl\":\"https:\/\/blogs.thesocialmedia.com\/leblogmoto\/files\/2012\/07\/6a00d83451b18369e201156f54b0bd970b-500wi.jpg\",\"datePublished\":\"2009-03-26T23:37:27+00:00\",\"dateModified\":\"2012-07-11T17:15:01+00:00\",\"author\":{\"@id\":\"https:\/\/blogs.thesocialmedia.com\/leblogmoto\/#\/schema\/person\/18bfe773e5725ed6d24f743da805362a\"},\"breadcrumb\":{\"@id\":\"https:\/\/blogs.thesocialmedia.com\/leblogmoto\/2009\/03\/26\/ou-lon-se-fiche-de-la-symbolique-de-la-couleur-rouge\/#breadcrumb\"},\"inLanguage\":\"fr-FR\",\"potentialAction\":[{\"@type\":\"ReadAction\",\"target\":[\"https:\/\/blogs.thesocialmedia.com\/leblogmoto\/2009\/03\/26\/ou-lon-se-fiche-de-la-symbolique-de-la-couleur-rouge\/\"]}]},{\"@type\":\"ImageObject\",\"inLanguage\":\"fr-FR\",\"@id\":\"https:\/\/blogs.thesocialmedia.com\/leblogmoto\/2009\/03\/26\/ou-lon-se-fiche-de-la-symbolique-de-la-couleur-rouge\/#primaryimage\",\"url\":\"https:\/\/blogs.thesocialmedia.com\/leblogmoto\/files\/2012\/07\/6a00d83451b18369e201156f54b0bd970b-500wi.jpg\",\"contentUrl\":\"https:\/\/blogs.thesocialmedia.com\/leblogmoto\/files\/2012\/07\/6a00d83451b18369e201156f54b0bd970b-500wi.jpg\",\"width\":\"500\",\"height\":\"750\"},{\"@type\":\"BreadcrumbList\",\"@id\":\"https:\/\/blogs.thesocialmedia.com\/leblogmoto\/2009\/03\/26\/ou-lon-se-fiche-de-la-symbolique-de-la-couleur-rouge\/#breadcrumb\",\"itemListElement\":[{\"@type\":\"ListItem\",\"position\":1,\"name\":\"Accueil\",\"item\":\"https:\/\/blogs.thesocialmedia.com\/leblogmoto\/\"},{\"@type\":\"ListItem\",\"position\":2,\"name\":\"O\u00f9 l&rsquo;on se fiche de la symbolique de la couleur rouge.\"}]},{\"@type\":\"WebSite\",\"@id\":\"https:\/\/blogs.thesocialmedia.com\/leblogmoto\/#website\",\"url\":\"https:\/\/blogs.thesocialmedia.com\/leblogmoto\/\",\"name\":\"leblogmoto\",\"description\":\"Toute l&#039;actualit\u00e9 des 2 roues\",\"potentialAction\":[{\"@type\":\"SearchAction\",\"target\":{\"@type\":\"EntryPoint\",\"urlTemplate\":\"https:\/\/blogs.thesocialmedia.com\/leblogmoto\/?s={search_term_string}\"},\"query-input\":{\"@type\":\"PropertyValueSpecification\",\"valueRequired\":true,\"valueName\":\"search_term_string\"}}],\"inLanguage\":\"fr-FR\"},{\"@type\":\"Person\",\"@id\":\"https:\/\/blogs.thesocialmedia.com\/leblogmoto\/#\/schema\/person\/18bfe773e5725ed6d24f743da805362a\",\"name\":\"benoit rieu\",\"image\":{\"@type\":\"ImageObject\",\"inLanguage\":\"fr-FR\",\"@id\":\"https:\/\/blogs.thesocialmedia.com\/leblogmoto\/#\/schema\/person\/image\/\",\"url\":\"https:\/\/secure.gravatar.com\/avatar\/?s=96&d=mm&r=g\",\"contentUrl\":\"https:\/\/secure.gravatar.com\/avatar\/?s=96&d=mm&r=g\",\"caption\":\"benoit rieu\"},\"url\":\"https:\/\/blogs.thesocialmedia.com\/leblogmoto\/author\/benoit-rieu\/\"}]}<\/script>\n<!-- \/ Yoast SEO plugin. -->","yoast_head_json":{"title":"O\u00f9 l'on se fiche de la symbolique de la couleur rouge. - leblogmoto.com","robots":{"index":"index","follow":"follow","max-snippet":"max-snippet:-1","max-image-preview":"max-image-preview:large","max-video-preview":"max-video-preview:-1"},"canonical":"https:\/\/blogs.thesocialmedia.com\/leblogmoto\/2009\/03\/26\/ou-lon-se-fiche-de-la-symbolique-de-la-couleur-rouge\/","twitter_card":"summary_large_image","twitter_title":"O\u00f9 l'on se fiche de la symbolique de la couleur rouge. - leblogmoto.com","twitter_description":"J&#039;avais pr\u00e9vu de vous faire un petit speech sur la symbolique de la couleur rouge dans les sports m\u00e9ca, mais aussi en Asie (sens\u00e9e porter chance, bonheur, ou je ne sais quoi en Chine). Mais j&#039;ai rapidement abandonn\u00e9 l&#039;exercice. Car plus que la rencontre entre une latine et une asiatique, c&#039;est surtout un m\u00e9tissage entre [&hellip;]","twitter_image":"https:\/\/blogs.thesocialmedia.com\/leblogmoto\/files\/2012\/07\/6a00d83451b18369e201156f54b0bd970b-500wi.jpg","twitter_misc":{"\u00c9crit par":"benoit rieu","Dur\u00e9e de lecture estim\u00e9e":"1 minute"},"schema":{"@context":"https:\/\/schema.org","@graph":[{"@type":"WebPage","@id":"https:\/\/blogs.thesocialmedia.com\/leblogmoto\/2009\/03\/26\/ou-lon-se-fiche-de-la-symbolique-de-la-couleur-rouge\/","url":"https:\/\/blogs.thesocialmedia.com\/leblogmoto\/2009\/03\/26\/ou-lon-se-fiche-de-la-symbolique-de-la-couleur-rouge\/","name":"O\u00f9 l'on se fiche de la symbolique de la couleur rouge. - leblogmoto.com","isPartOf":{"@id":"https:\/\/blogs.thesocialmedia.com\/leblogmoto\/#website"},"primaryImageOfPage":{"@id":"https:\/\/blogs.thesocialmedia.com\/leblogmoto\/2009\/03\/26\/ou-lon-se-fiche-de-la-symbolique-de-la-couleur-rouge\/#primaryimage"},"image":{"@id":"https:\/\/blogs.thesocialmedia.com\/leblogmoto\/2009\/03\/26\/ou-lon-se-fiche-de-la-symbolique-de-la-couleur-rouge\/#primaryimage"},"thumbnailUrl":"https:\/\/blogs.thesocialmedia.com\/leblogmoto\/files\/2012\/07\/6a00d83451b18369e201156f54b0bd970b-500wi.jpg","datePublished":"2009-03-26T23:37:27+00:00","dateModified":"2012-07-11T17:15:01+00:00","author":{"@id":"https:\/\/blogs.thesocialmedia.com\/leblogmoto\/#\/schema\/person\/18bfe773e5725ed6d24f743da805362a"},"breadcrumb":{"@id":"https:\/\/blogs.thesocialmedia.com\/leblogmoto\/2009\/03\/26\/ou-lon-se-fiche-de-la-symbolique-de-la-couleur-rouge\/#breadcrumb"},"inLanguage":"fr-FR","potentialAction":[{"@type":"ReadAction","target":["https:\/\/blogs.thesocialmedia.com\/leblogmoto\/2009\/03\/26\/ou-lon-se-fiche-de-la-symbolique-de-la-couleur-rouge\/"]}]},{"@type":"ImageObject","inLanguage":"fr-FR","@id":"https:\/\/blogs.thesocialmedia.com\/leblogmoto\/2009\/03\/26\/ou-lon-se-fiche-de-la-symbolique-de-la-couleur-rouge\/#primaryimage","url":"https:\/\/blogs.thesocialmedia.com\/leblogmoto\/files\/2012\/07\/6a00d83451b18369e201156f54b0bd970b-500wi.jpg","contentUrl":"https:\/\/blogs.thesocialmedia.com\/leblogmoto\/files\/2012\/07\/6a00d83451b18369e201156f54b0bd970b-500wi.jpg","width":"500","height":"750"},{"@type":"BreadcrumbList","@id":"https:\/\/blogs.thesocialmedia.com\/leblogmoto\/2009\/03\/26\/ou-lon-se-fiche-de-la-symbolique-de-la-couleur-rouge\/#breadcrumb","itemListElement":[{"@type":"ListItem","position":1,"name":"Accueil","item":"https:\/\/blogs.thesocialmedia.com\/leblogmoto\/"},{"@type":"ListItem","position":2,"name":"O\u00f9 l&rsquo;on se fiche de la symbolique de la couleur rouge."}]},{"@type":"WebSite","@id":"https:\/\/blogs.thesocialmedia.com\/leblogmoto\/#website","url":"https:\/\/blogs.thesocialmedia.com\/leblogmoto\/","name":"leblogmoto","description":"Toute l&#039;actualit\u00e9 des 2 roues","potentialAction":[{"@type":"SearchAction","target":{"@type":"EntryPoint","urlTemplate":"https:\/\/blogs.thesocialmedia.com\/leblogmoto\/?s={search_term_string}"},"query-input":{"@type":"PropertyValueSpecification","valueRequired":true,"valueName":"search_term_string"}}],"inLanguage":"fr-FR"},{"@type":"Person","@id":"https:\/\/blogs.thesocialmedia.com\/leblogmoto\/#\/schema\/person\/18bfe773e5725ed6d24f743da805362a","name":"benoit rieu","image":{"@type":"ImageObject","inLanguage":"fr-FR","@id":"https:\/\/blogs.thesocialmedia.com\/leblogmoto\/#\/schema\/person\/image\/","url":"https:\/\/secure.gravatar.com\/avatar\/?s=96&d=mm&r=g","contentUrl":"https:\/\/secure.gravatar.com\/avatar\/?s=96&d=mm&r=g","caption":"benoit rieu"},"url":"https:\/\/blogs.thesocialmedia.com\/leblogmoto\/author\/benoit-rieu\/"}]}},"_links":{"self":[{"href":"https:\/\/blogs.thesocialmedia.com\/leblogmoto\/wp-json\/wp\/v2\/posts\/210","targetHints":{"allow":["GET"]}}],"collection":[{"href":"https:\/\/blogs.thesocialmedia.com\/leblogmoto\/wp-json\/wp\/v2\/posts"}],"about":[{"href":"https:\/\/blogs.thesocialmedia.com\/leblogmoto\/wp-json\/wp\/v2\/types\/post"}],"author":[{"embeddable":true,"href":"https:\/\/blogs.thesocialmedia.com\/leblogmoto\/wp-json\/wp\/v2\/users\/324"}],"replies":[{"embeddable":true,"href":"https:\/\/blogs.thesocialmedia.com\/leblogmoto\/wp-json\/wp\/v2\/comments?post=210"}],"version-history":[{"count":2,"href":"https:\/\/blogs.thesocialmedia.com\/leblogmoto\/wp-json\/wp\/v2\/posts\/210\/revisions"}],"predecessor-version":[{"id":13058,"href":"https:\/\/blogs.thesocialmedia.com\/leblogmoto\/wp-json\/wp\/v2\/posts\/210\/revisions\/13058"}],"wp:featuredmedia":[{"embeddable":true,"href":"https:\/\/blogs.thesocialmedia.com\/leblogmoto\/wp-json\/wp\/v2\/media\/13049"}],"wp:attachment":[{"href":"https:\/\/blogs.thesocialmedia.com\/leblogmoto\/wp-json\/wp\/v2\/media?parent=210"}],"wp:term":[{"taxonomy":"category","embeddable":true,"href":"https:\/\/blogs.thesocialmedia.com\/leblogmoto\/wp-json\/wp\/v2\/categories?post=210"},{"taxonomy":"post_tag","embeddable":true,"href":"https:\/\/blogs.thesocialmedia.com\/leblogmoto\/wp-json\/wp\/v2\/tags?post=210"}],"curies":[{"name":"wp","href":"https:\/\/api.w.org\/{rel}","templated":true}]}}