{"id":2101,"date":"2006-01-17T19:25:15","date_gmt":"2006-01-17T19:25:15","guid":{"rendered":"http:\/\/blogs.thesocialmedia.com\/leblogmoto\/2006\/01\/17\/seb-replica-par\/"},"modified":"2012-07-11T13:21:30","modified_gmt":"2012-07-11T13:21:30","slug":"seb-replica-par","status":"publish","type":"post","link":"https:\/\/blogs.thesocialmedia.com\/leblogmoto\/2006\/01\/17\/seb-replica-par\/","title":{"rendered":"Seb&rsquo; Replica: parce-qu&rsquo;il le vaut bien."},"content":{"rendered":"<p><a href=\"http:\/\/clabedan.typepad.com\/.shared\/image.html?\/photos\/uncategorized\/cbrwinwin_gd.jpeg\"><img loading=\"lazy\" decoding=\"async\" height=\"237\" alt=\"Cbrwinwin_gd\" src=\"http:\/\/www.leblogmoto.com\/images\/cbrwinwin_gd.jpeg\" width=\"250\"  \/><\/a>On a les champions que l&rsquo;on m\u00e9rite et, parce qu&rsquo;ils sont champions, ils m\u00e9ritent la <a href=\"http:\/\/www.leblogmoto.com\/2005\/11\/ducati_999_r_fi.html\">reconnaissance<\/a> de l&rsquo;usine \u00e0 qui ils ont permis le sacre, et vice-versa&#8230;<\/p>\n<p>YAMAHA a \u00e9t\u00e9 g\u00e2t\u00e9 par son prodige d\u00e9bauch\u00e9 de chez HONDA et s&rsquo;est d\u00e9j\u00e0 fendu d&rsquo;une <a href=\"http:\/\/www.leblogmoto.com\/2005\/06\/yamaha_yzf_1000.html\">R.1<\/a> et d&rsquo;un <a href=\"http:\/\/www.leblogmoto.com\/2005\/09\/yamaha_500_tmax.html\">T.Max<\/a> \u00e0 kiter aux couleurs de la gloire, maintenant pass\u00e9e, puisque lesdites couleurs ont \u00e9t\u00e9 invit\u00e9es, depuis, \u00e0 <a href=\"http:\/\/www.leblogmoto.com\/2006\/01\/polmiques_sans_.html\">aller voir ailleurs<\/a>. Pour HONDA, ce sera le rappel d&rsquo;un titre mondial en Supersport, arrach\u00e9 par notre <a href=\"http:\/\/www.leblogmoto.com\/2005\/09\/supersport_sbas.html\">S\u00e9bastien CHARPENTIER<\/a>&#8230;<\/p>\n<p>&nbsp; &nbsp;<\/p>\n<p><a href=\"http:\/\/clabedan.typepad.com\/.shared\/image.html?\/photos\/uncategorized\/1a.jpeg\"><img loading=\"lazy\" decoding=\"async\" height=\"164\" alt=\"1a\" src=\"http:\/\/www.leblogmoto.com\/images\/1a.jpeg\" width=\"250\"  \/><\/a>Une <a href=\"http:\/\/www.leblogmoto.com\/2005\/10\/mondial_2005_ho_1.html\">CBR<\/a> <strong>600 RR<\/strong> toute drap\u00e9e des insignes de guerre de celle qui a s\u00e9vi dans la discipline en 2005 vous attend ainsi chez votre concessionnaire depuis peu. <\/p>\n<p>Pas encore de d\u00e9tails sur le site officiel de la marque, notamment pour le tarif. La &quot;<strong>Win Win S\u00e9bastien CHARPENTIER R\u00e9plica<\/strong>&quot; ne sera disponible qu&rsquo;en FRANCE. Dans l&rsquo;absolu, \u00e7a en jette moins qu&rsquo;une &quot;Valentino&quot; du m\u00eame genre, mais celle-ci \u00e0 l&rsquo;avantage de rester d&rsquo;actualit\u00e9 pour 2006. Et puis, S\u00e9bastien, c&rsquo;est notre champion \u00e0 nous, non mais&#8230;&nbsp; &nbsp;<\/p>\n<p>SOURCES: <a href=\"http:\/\/www.moto.honda.fr\">www.moto.honda.fr<\/a> et <a href=\"http:\/\/www.nihonbike.com\">www.nihonbike.com<\/a> &nbsp; &nbsp;&nbsp; <\/p>\n","protected":false},"excerpt":{"rendered":"<p>On a les champions que l&rsquo;on m\u00e9rite et, parce qu&rsquo;ils sont champions, ils m\u00e9ritent la reconnaissance de l&rsquo;usine \u00e0 qui ils ont permis le sacre, et vice-versa&#8230; YAMAHA a \u00e9t\u00e9 g\u00e2t\u00e9 par son prodige d\u00e9bauch\u00e9 de chez HONDA et s&rsquo;est d\u00e9j\u00e0 fendu d&rsquo;une R.1 et d&rsquo;un T.Max \u00e0 kiter aux couleurs de la gloire, maintenant [&hellip;]<\/p>\n","protected":false},"author":336,"featured_media":0,"comment_status":"open","ping_status":"open","sticky":false,"template":"","format":"standard","meta":{"footnotes":""},"categories":[14],"tags":[],"class_list":["post-2101","post","type-post","status-publish","format-standard","hentry","category-honda"],"yoast_head":"<!-- This site is optimized with the Yoast SEO plugin v26.0 - https:\/\/yoast.com\/wordpress\/plugins\/seo\/ -->\n<title>Seb&#039; Replica: parce-qu&#039;il le vaut bien. - leblogmoto.com<\/title>\n<meta name=\"robots\" content=\"index, follow, max-snippet:-1, max-image-preview:large, max-video-preview:-1\" \/>\n<link rel=\"canonical\" href=\"https:\/\/blogs.thesocialmedia.com\/leblogmoto\/2006\/01\/17\/seb-replica-par\/\" \/>\n<meta name=\"twitter:card\" content=\"summary_large_image\" \/>\n<meta name=\"twitter:title\" content=\"Seb&#039; Replica: parce-qu&#039;il le vaut bien. - leblogmoto.com\" \/>\n<meta name=\"twitter:description\" content=\"On a les champions que l&rsquo;on m\u00e9rite et, parce qu&rsquo;ils sont champions, ils m\u00e9ritent la reconnaissance de l&rsquo;usine \u00e0 qui ils ont permis le sacre, et vice-versa&#8230; YAMAHA a \u00e9t\u00e9 g\u00e2t\u00e9 par son prodige d\u00e9bauch\u00e9 de chez HONDA et s&rsquo;est d\u00e9j\u00e0 fendu d&rsquo;une R.1 et d&rsquo;un T.Max \u00e0 kiter aux couleurs de la gloire, maintenant [&hellip;]\" \/>\n<meta name=\"twitter:image\" content=\"http:\/\/www.leblogmoto.com\/images\/cbrwinwin_gd.jpeg\" \/>\n<meta name=\"twitter:label1\" content=\"\u00c9crit par\" \/>\n\t<meta name=\"twitter:data1\" content=\"andre leconde\" \/>\n\t<meta name=\"twitter:label2\" content=\"Dur\u00e9e de lecture estim\u00e9e\" \/>\n\t<meta name=\"twitter:data2\" content=\"1 minute\" \/>\n<script type=\"application\/ld+json\" class=\"yoast-schema-graph\">{\"@context\":\"https:\/\/schema.org\",\"@graph\":[{\"@type\":\"WebPage\",\"@id\":\"https:\/\/blogs.thesocialmedia.com\/leblogmoto\/2006\/01\/17\/seb-replica-par\/\",\"url\":\"https:\/\/blogs.thesocialmedia.com\/leblogmoto\/2006\/01\/17\/seb-replica-par\/\",\"name\":\"Seb' Replica: parce-qu'il le vaut bien. - leblogmoto.com\",\"isPartOf\":{\"@id\":\"https:\/\/blogs.thesocialmedia.com\/leblogmoto\/#website\"},\"primaryImageOfPage\":{\"@id\":\"https:\/\/blogs.thesocialmedia.com\/leblogmoto\/2006\/01\/17\/seb-replica-par\/#primaryimage\"},\"image\":{\"@id\":\"https:\/\/blogs.thesocialmedia.com\/leblogmoto\/2006\/01\/17\/seb-replica-par\/#primaryimage\"},\"thumbnailUrl\":\"http:\/\/www.leblogmoto.com\/images\/cbrwinwin_gd.jpeg\",\"datePublished\":\"2006-01-17T19:25:15+00:00\",\"dateModified\":\"2012-07-11T13:21:30+00:00\",\"author\":{\"@id\":\"https:\/\/blogs.thesocialmedia.com\/leblogmoto\/#\/schema\/person\/1a1dcfc7cec206573105eb4af91155c2\"},\"breadcrumb\":{\"@id\":\"https:\/\/blogs.thesocialmedia.com\/leblogmoto\/2006\/01\/17\/seb-replica-par\/#breadcrumb\"},\"inLanguage\":\"fr-FR\",\"potentialAction\":[{\"@type\":\"ReadAction\",\"target\":[\"https:\/\/blogs.thesocialmedia.com\/leblogmoto\/2006\/01\/17\/seb-replica-par\/\"]}]},{\"@type\":\"ImageObject\",\"inLanguage\":\"fr-FR\",\"@id\":\"https:\/\/blogs.thesocialmedia.com\/leblogmoto\/2006\/01\/17\/seb-replica-par\/#primaryimage\",\"url\":\"http:\/\/www.leblogmoto.com\/images\/cbrwinwin_gd.jpeg\",\"contentUrl\":\"http:\/\/www.leblogmoto.com\/images\/cbrwinwin_gd.jpeg\"},{\"@type\":\"BreadcrumbList\",\"@id\":\"https:\/\/blogs.thesocialmedia.com\/leblogmoto\/2006\/01\/17\/seb-replica-par\/#breadcrumb\",\"itemListElement\":[{\"@type\":\"ListItem\",\"position\":1,\"name\":\"Accueil\",\"item\":\"https:\/\/blogs.thesocialmedia.com\/leblogmoto\/\"},{\"@type\":\"ListItem\",\"position\":2,\"name\":\"Seb&rsquo; Replica: parce-qu&rsquo;il le vaut bien.\"}]},{\"@type\":\"WebSite\",\"@id\":\"https:\/\/blogs.thesocialmedia.com\/leblogmoto\/#website\",\"url\":\"https:\/\/blogs.thesocialmedia.com\/leblogmoto\/\",\"name\":\"leblogmoto\",\"description\":\"Toute l&#039;actualit\u00e9 des 2 roues\",\"potentialAction\":[{\"@type\":\"SearchAction\",\"target\":{\"@type\":\"EntryPoint\",\"urlTemplate\":\"https:\/\/blogs.thesocialmedia.com\/leblogmoto\/?s={search_term_string}\"},\"query-input\":{\"@type\":\"PropertyValueSpecification\",\"valueRequired\":true,\"valueName\":\"search_term_string\"}}],\"inLanguage\":\"fr-FR\"},{\"@type\":\"Person\",\"@id\":\"https:\/\/blogs.thesocialmedia.com\/leblogmoto\/#\/schema\/person\/1a1dcfc7cec206573105eb4af91155c2\",\"name\":\"andre leconde\",\"image\":{\"@type\":\"ImageObject\",\"inLanguage\":\"fr-FR\",\"@id\":\"https:\/\/blogs.thesocialmedia.com\/leblogmoto\/#\/schema\/person\/image\/\",\"url\":\"https:\/\/secure.gravatar.com\/avatar\/?s=96&d=mm&r=g\",\"contentUrl\":\"https:\/\/secure.gravatar.com\/avatar\/?s=96&d=mm&r=g\",\"caption\":\"andre leconde\"},\"url\":\"https:\/\/blogs.thesocialmedia.com\/leblogmoto\/author\/andre-leconde\/\"}]}<\/script>\n<!-- \/ Yoast SEO plugin. -->","yoast_head_json":{"title":"Seb' Replica: parce-qu'il le vaut bien. - leblogmoto.com","robots":{"index":"index","follow":"follow","max-snippet":"max-snippet:-1","max-image-preview":"max-image-preview:large","max-video-preview":"max-video-preview:-1"},"canonical":"https:\/\/blogs.thesocialmedia.com\/leblogmoto\/2006\/01\/17\/seb-replica-par\/","twitter_card":"summary_large_image","twitter_title":"Seb' Replica: parce-qu'il le vaut bien. - leblogmoto.com","twitter_description":"On a les champions que l&rsquo;on m\u00e9rite et, parce qu&rsquo;ils sont champions, ils m\u00e9ritent la reconnaissance de l&rsquo;usine \u00e0 qui ils ont permis le sacre, et vice-versa&#8230; YAMAHA a \u00e9t\u00e9 g\u00e2t\u00e9 par son prodige d\u00e9bauch\u00e9 de chez HONDA et s&rsquo;est d\u00e9j\u00e0 fendu d&rsquo;une R.1 et d&rsquo;un T.Max \u00e0 kiter aux couleurs de la gloire, maintenant [&hellip;]","twitter_image":"http:\/\/www.leblogmoto.com\/images\/cbrwinwin_gd.jpeg","twitter_misc":{"\u00c9crit par":"andre leconde","Dur\u00e9e de lecture estim\u00e9e":"1 minute"},"schema":{"@context":"https:\/\/schema.org","@graph":[{"@type":"WebPage","@id":"https:\/\/blogs.thesocialmedia.com\/leblogmoto\/2006\/01\/17\/seb-replica-par\/","url":"https:\/\/blogs.thesocialmedia.com\/leblogmoto\/2006\/01\/17\/seb-replica-par\/","name":"Seb' Replica: parce-qu'il le vaut bien. - leblogmoto.com","isPartOf":{"@id":"https:\/\/blogs.thesocialmedia.com\/leblogmoto\/#website"},"primaryImageOfPage":{"@id":"https:\/\/blogs.thesocialmedia.com\/leblogmoto\/2006\/01\/17\/seb-replica-par\/#primaryimage"},"image":{"@id":"https:\/\/blogs.thesocialmedia.com\/leblogmoto\/2006\/01\/17\/seb-replica-par\/#primaryimage"},"thumbnailUrl":"http:\/\/www.leblogmoto.com\/images\/cbrwinwin_gd.jpeg","datePublished":"2006-01-17T19:25:15+00:00","dateModified":"2012-07-11T13:21:30+00:00","author":{"@id":"https:\/\/blogs.thesocialmedia.com\/leblogmoto\/#\/schema\/person\/1a1dcfc7cec206573105eb4af91155c2"},"breadcrumb":{"@id":"https:\/\/blogs.thesocialmedia.com\/leblogmoto\/2006\/01\/17\/seb-replica-par\/#breadcrumb"},"inLanguage":"fr-FR","potentialAction":[{"@type":"ReadAction","target":["https:\/\/blogs.thesocialmedia.com\/leblogmoto\/2006\/01\/17\/seb-replica-par\/"]}]},{"@type":"ImageObject","inLanguage":"fr-FR","@id":"https:\/\/blogs.thesocialmedia.com\/leblogmoto\/2006\/01\/17\/seb-replica-par\/#primaryimage","url":"http:\/\/www.leblogmoto.com\/images\/cbrwinwin_gd.jpeg","contentUrl":"http:\/\/www.leblogmoto.com\/images\/cbrwinwin_gd.jpeg"},{"@type":"BreadcrumbList","@id":"https:\/\/blogs.thesocialmedia.com\/leblogmoto\/2006\/01\/17\/seb-replica-par\/#breadcrumb","itemListElement":[{"@type":"ListItem","position":1,"name":"Accueil","item":"https:\/\/blogs.thesocialmedia.com\/leblogmoto\/"},{"@type":"ListItem","position":2,"name":"Seb&rsquo; Replica: parce-qu&rsquo;il le vaut bien."}]},{"@type":"WebSite","@id":"https:\/\/blogs.thesocialmedia.com\/leblogmoto\/#website","url":"https:\/\/blogs.thesocialmedia.com\/leblogmoto\/","name":"leblogmoto","description":"Toute l&#039;actualit\u00e9 des 2 roues","potentialAction":[{"@type":"SearchAction","target":{"@type":"EntryPoint","urlTemplate":"https:\/\/blogs.thesocialmedia.com\/leblogmoto\/?s={search_term_string}"},"query-input":{"@type":"PropertyValueSpecification","valueRequired":true,"valueName":"search_term_string"}}],"inLanguage":"fr-FR"},{"@type":"Person","@id":"https:\/\/blogs.thesocialmedia.com\/leblogmoto\/#\/schema\/person\/1a1dcfc7cec206573105eb4af91155c2","name":"andre leconde","image":{"@type":"ImageObject","inLanguage":"fr-FR","@id":"https:\/\/blogs.thesocialmedia.com\/leblogmoto\/#\/schema\/person\/image\/","url":"https:\/\/secure.gravatar.com\/avatar\/?s=96&d=mm&r=g","contentUrl":"https:\/\/secure.gravatar.com\/avatar\/?s=96&d=mm&r=g","caption":"andre leconde"},"url":"https:\/\/blogs.thesocialmedia.com\/leblogmoto\/author\/andre-leconde\/"}]}},"_links":{"self":[{"href":"https:\/\/blogs.thesocialmedia.com\/leblogmoto\/wp-json\/wp\/v2\/posts\/2101","targetHints":{"allow":["GET"]}}],"collection":[{"href":"https:\/\/blogs.thesocialmedia.com\/leblogmoto\/wp-json\/wp\/v2\/posts"}],"about":[{"href":"https:\/\/blogs.thesocialmedia.com\/leblogmoto\/wp-json\/wp\/v2\/types\/post"}],"author":[{"embeddable":true,"href":"https:\/\/blogs.thesocialmedia.com\/leblogmoto\/wp-json\/wp\/v2\/users\/336"}],"replies":[{"embeddable":true,"href":"https:\/\/blogs.thesocialmedia.com\/leblogmoto\/wp-json\/wp\/v2\/comments?post=2101"}],"version-history":[{"count":1,"href":"https:\/\/blogs.thesocialmedia.com\/leblogmoto\/wp-json\/wp\/v2\/posts\/2101\/revisions"}],"predecessor-version":[{"id":3075,"href":"https:\/\/blogs.thesocialmedia.com\/leblogmoto\/wp-json\/wp\/v2\/posts\/2101\/revisions\/3075"}],"wp:attachment":[{"href":"https:\/\/blogs.thesocialmedia.com\/leblogmoto\/wp-json\/wp\/v2\/media?parent=2101"}],"wp:term":[{"taxonomy":"category","embeddable":true,"href":"https:\/\/blogs.thesocialmedia.com\/leblogmoto\/wp-json\/wp\/v2\/categories?post=2101"},{"taxonomy":"post_tag","embeddable":true,"href":"https:\/\/blogs.thesocialmedia.com\/leblogmoto\/wp-json\/wp\/v2\/tags?post=2101"}],"curies":[{"name":"wp","href":"https:\/\/api.w.org\/{rel}","templated":true}]}}