{"id":2103,"date":"2006-01-16T14:40:00","date_gmt":"2006-01-16T14:40:00","guid":{"rendered":"http:\/\/blogs.thesocialmedia.com\/leblogmoto\/2006\/01\/16\/kawasaki-garde\/"},"modified":"2012-07-11T13:21:30","modified_gmt":"2012-07-11T13:21:30","slug":"kawasaki-garde","status":"publish","type":"post","link":"https:\/\/blogs.thesocialmedia.com\/leblogmoto\/2006\/01\/16\/kawasaki-garde\/","title":{"rendered":"KAWASAKI garde O.J."},"content":{"rendered":"<p><a href=\"http:\/\/www.leblogmoto.com\/2005\/11\/rgis_passe_au_v.html\"><img loading=\"lazy\" decoding=\"async\" height=\"227\" alt=\"Sp4\" src=\"http:\/\/www.leblogmoto.com\/images\/sp4.jpg\" width=\"250\"  \/>KAWASAKI<\/a> est la terre d&rsquo;accueil de nos frenchies. Apr\u00e8s <a href=\"http:\/\/www.leblogmoto.com\/2005\/10\/cocorico_randy_.html\">Randy<\/a>, titularis\u00e9 aux c\u00f4t\u00e9s de <strong>NAKANO<\/strong>, apr\u00e8s <a href=\"http:\/\/www.leblogmoto.com\/2005\/11\/superbike_rgis_.html\">LACONI<\/a> en <strong>SBK<\/strong>, voil\u00e0 que les verts compteront un troisi\u00e8me pilote tricolore dans leurs rangs avec <strong>O.J.<\/strong><\/p>\n<p><a href=\"http:\/\/www.leblogmoto.com\/2005\/09\/olivier_jacque_.html\">Olivier JACQUE<\/a>, notre champion du monde 250 mill\u00e9sime 2000, vient, en effet, d&rsquo;\u00eatre officialis\u00e9 comme pilote d&rsquo;essai pour le team officiel KAWASAKI de MotoGp. Sa convaincante prestation de pigiste au GP de CHINE 2005 o\u00f9, sous la pluie, il avait termin\u00e9 deuxi\u00e8me derri\u00e8re ROSSI n&rsquo;aura donc pas \u00e9t\u00e9 faite pour rien&#8230;&nbsp; <\/p>\n<p><a href=\"http:\/\/clabedan.typepad.com\/.shared\/image.html?\/photos\/uncategorized\/s1.jpg\"><img loading=\"lazy\" decoding=\"async\" height=\"429\" alt=\"S1\" src=\"http:\/\/www.leblogmoto.com\/images\/s1.jpg\" width=\"250\"  \/><\/a>O.J aura la charge d&rsquo;aider \u00e0 l&rsquo;\u00e9volution de la machine qui sera align\u00e9e par KAWASAKI en 2006, tout en pr\u00e9parant 2007 en d\u00e9grossissant la future 800 cm3. A ceci s&rsquo;ajouteront des essais pneus pour <strong>BRIDGESTONE<\/strong>, tout en esp\u00e9rant une wild-card en cours d&rsquo;ann\u00e9e pour l&rsquo;une ou l&rsquo;autre \u00e9preuve du mondial.<\/p>\n<p>Pour cette mission, il sera \u00e9paul\u00e9 par <strong>MATSUDO<\/strong>, lui aussi enr\u00f4l\u00e9 par KAWA.<\/p>\n<p>Ce n&rsquo;est pas une mauvaise affaire pour Olivier dans un contexte o\u00f9 les places sont ch\u00e8res. L&rsquo;opportunit\u00e9 du pilote d&rsquo;essai est d&rsquo;ailleurs regard\u00e9e de pr\u00e8s par <strong>CHECA <\/strong>au profit de <a href=\"http:\/\/www.leblogmoto.com\/2005\/11\/ducati_en_catim.html\">DUCATI<\/a>, l&rsquo;espagnol se retrouvant \u00e0 pied apr\u00e8s le retrait du <a href=\"http:\/\/www.leblogmoto.com\/2006\/01\/les_premires_co.html\">team PONS<\/a>&#8230;&nbsp; &nbsp;<\/p>\n<p>SOURCE: <a href=\"http:\/\/www.motomag.com\/\">www.motomag.com<\/a> <\/p>\n","protected":false},"excerpt":{"rendered":"<p>KAWASAKI est la terre d&rsquo;accueil de nos frenchies. Apr\u00e8s Randy, titularis\u00e9 aux c\u00f4t\u00e9s de NAKANO, apr\u00e8s LACONI en SBK, voil\u00e0 que les verts compteront un troisi\u00e8me pilote tricolore dans leurs rangs avec O.J. Olivier JACQUE, notre champion du monde 250 mill\u00e9sime 2000, vient, en effet, d&rsquo;\u00eatre officialis\u00e9 comme pilote d&rsquo;essai pour le team officiel KAWASAKI [&hellip;]<\/p>\n","protected":false},"author":336,"featured_media":0,"comment_status":"open","ping_status":"open","sticky":false,"template":"","format":"standard","meta":{"footnotes":""},"categories":[22],"tags":[],"class_list":["post-2103","post","type-post","status-publish","format-standard","hentry","category-motogp"],"yoast_head":"<!-- This site is optimized with the Yoast SEO plugin v26.0 - https:\/\/yoast.com\/wordpress\/plugins\/seo\/ -->\n<title>KAWASAKI garde O.J. - leblogmoto.com<\/title>\n<meta name=\"robots\" content=\"index, follow, max-snippet:-1, max-image-preview:large, max-video-preview:-1\" \/>\n<link rel=\"canonical\" href=\"https:\/\/blogs.thesocialmedia.com\/leblogmoto\/2006\/01\/16\/kawasaki-garde\/\" \/>\n<meta name=\"twitter:card\" content=\"summary_large_image\" \/>\n<meta name=\"twitter:title\" content=\"KAWASAKI garde O.J. - leblogmoto.com\" \/>\n<meta name=\"twitter:description\" content=\"KAWASAKI est la terre d&rsquo;accueil de nos frenchies. Apr\u00e8s Randy, titularis\u00e9 aux c\u00f4t\u00e9s de NAKANO, apr\u00e8s LACONI en SBK, voil\u00e0 que les verts compteront un troisi\u00e8me pilote tricolore dans leurs rangs avec O.J. Olivier JACQUE, notre champion du monde 250 mill\u00e9sime 2000, vient, en effet, d&rsquo;\u00eatre officialis\u00e9 comme pilote d&rsquo;essai pour le team officiel KAWASAKI [&hellip;]\" \/>\n<meta name=\"twitter:image\" content=\"http:\/\/www.leblogmoto.com\/images\/sp4.jpg\" \/>\n<meta name=\"twitter:label1\" content=\"\u00c9crit par\" \/>\n\t<meta name=\"twitter:data1\" content=\"andre leconde\" \/>\n\t<meta name=\"twitter:label2\" content=\"Dur\u00e9e de lecture estim\u00e9e\" \/>\n\t<meta name=\"twitter:data2\" content=\"1 minute\" \/>\n<script type=\"application\/ld+json\" class=\"yoast-schema-graph\">{\"@context\":\"https:\/\/schema.org\",\"@graph\":[{\"@type\":\"WebPage\",\"@id\":\"https:\/\/blogs.thesocialmedia.com\/leblogmoto\/2006\/01\/16\/kawasaki-garde\/\",\"url\":\"https:\/\/blogs.thesocialmedia.com\/leblogmoto\/2006\/01\/16\/kawasaki-garde\/\",\"name\":\"KAWASAKI garde O.J. - leblogmoto.com\",\"isPartOf\":{\"@id\":\"https:\/\/blogs.thesocialmedia.com\/leblogmoto\/#website\"},\"primaryImageOfPage\":{\"@id\":\"https:\/\/blogs.thesocialmedia.com\/leblogmoto\/2006\/01\/16\/kawasaki-garde\/#primaryimage\"},\"image\":{\"@id\":\"https:\/\/blogs.thesocialmedia.com\/leblogmoto\/2006\/01\/16\/kawasaki-garde\/#primaryimage\"},\"thumbnailUrl\":\"http:\/\/www.leblogmoto.com\/images\/sp4.jpg\",\"datePublished\":\"2006-01-16T14:40:00+00:00\",\"dateModified\":\"2012-07-11T13:21:30+00:00\",\"author\":{\"@id\":\"https:\/\/blogs.thesocialmedia.com\/leblogmoto\/#\/schema\/person\/1a1dcfc7cec206573105eb4af91155c2\"},\"breadcrumb\":{\"@id\":\"https:\/\/blogs.thesocialmedia.com\/leblogmoto\/2006\/01\/16\/kawasaki-garde\/#breadcrumb\"},\"inLanguage\":\"fr-FR\",\"potentialAction\":[{\"@type\":\"ReadAction\",\"target\":[\"https:\/\/blogs.thesocialmedia.com\/leblogmoto\/2006\/01\/16\/kawasaki-garde\/\"]}]},{\"@type\":\"ImageObject\",\"inLanguage\":\"fr-FR\",\"@id\":\"https:\/\/blogs.thesocialmedia.com\/leblogmoto\/2006\/01\/16\/kawasaki-garde\/#primaryimage\",\"url\":\"http:\/\/www.leblogmoto.com\/images\/sp4.jpg\",\"contentUrl\":\"http:\/\/www.leblogmoto.com\/images\/sp4.jpg\"},{\"@type\":\"BreadcrumbList\",\"@id\":\"https:\/\/blogs.thesocialmedia.com\/leblogmoto\/2006\/01\/16\/kawasaki-garde\/#breadcrumb\",\"itemListElement\":[{\"@type\":\"ListItem\",\"position\":1,\"name\":\"Accueil\",\"item\":\"https:\/\/blogs.thesocialmedia.com\/leblogmoto\/\"},{\"@type\":\"ListItem\",\"position\":2,\"name\":\"KAWASAKI garde O.J.\"}]},{\"@type\":\"WebSite\",\"@id\":\"https:\/\/blogs.thesocialmedia.com\/leblogmoto\/#website\",\"url\":\"https:\/\/blogs.thesocialmedia.com\/leblogmoto\/\",\"name\":\"leblogmoto\",\"description\":\"Toute l&#039;actualit\u00e9 des 2 roues\",\"potentialAction\":[{\"@type\":\"SearchAction\",\"target\":{\"@type\":\"EntryPoint\",\"urlTemplate\":\"https:\/\/blogs.thesocialmedia.com\/leblogmoto\/?s={search_term_string}\"},\"query-input\":{\"@type\":\"PropertyValueSpecification\",\"valueRequired\":true,\"valueName\":\"search_term_string\"}}],\"inLanguage\":\"fr-FR\"},{\"@type\":\"Person\",\"@id\":\"https:\/\/blogs.thesocialmedia.com\/leblogmoto\/#\/schema\/person\/1a1dcfc7cec206573105eb4af91155c2\",\"name\":\"andre leconde\",\"image\":{\"@type\":\"ImageObject\",\"inLanguage\":\"fr-FR\",\"@id\":\"https:\/\/blogs.thesocialmedia.com\/leblogmoto\/#\/schema\/person\/image\/\",\"url\":\"https:\/\/secure.gravatar.com\/avatar\/?s=96&d=mm&r=g\",\"contentUrl\":\"https:\/\/secure.gravatar.com\/avatar\/?s=96&d=mm&r=g\",\"caption\":\"andre leconde\"},\"url\":\"https:\/\/blogs.thesocialmedia.com\/leblogmoto\/author\/andre-leconde\/\"}]}<\/script>\n<!-- \/ Yoast SEO plugin. -->","yoast_head_json":{"title":"KAWASAKI garde O.J. - leblogmoto.com","robots":{"index":"index","follow":"follow","max-snippet":"max-snippet:-1","max-image-preview":"max-image-preview:large","max-video-preview":"max-video-preview:-1"},"canonical":"https:\/\/blogs.thesocialmedia.com\/leblogmoto\/2006\/01\/16\/kawasaki-garde\/","twitter_card":"summary_large_image","twitter_title":"KAWASAKI garde O.J. - leblogmoto.com","twitter_description":"KAWASAKI est la terre d&rsquo;accueil de nos frenchies. Apr\u00e8s Randy, titularis\u00e9 aux c\u00f4t\u00e9s de NAKANO, apr\u00e8s LACONI en SBK, voil\u00e0 que les verts compteront un troisi\u00e8me pilote tricolore dans leurs rangs avec O.J. Olivier JACQUE, notre champion du monde 250 mill\u00e9sime 2000, vient, en effet, d&rsquo;\u00eatre officialis\u00e9 comme pilote d&rsquo;essai pour le team officiel KAWASAKI [&hellip;]","twitter_image":"http:\/\/www.leblogmoto.com\/images\/sp4.jpg","twitter_misc":{"\u00c9crit par":"andre leconde","Dur\u00e9e de lecture estim\u00e9e":"1 minute"},"schema":{"@context":"https:\/\/schema.org","@graph":[{"@type":"WebPage","@id":"https:\/\/blogs.thesocialmedia.com\/leblogmoto\/2006\/01\/16\/kawasaki-garde\/","url":"https:\/\/blogs.thesocialmedia.com\/leblogmoto\/2006\/01\/16\/kawasaki-garde\/","name":"KAWASAKI garde O.J. - leblogmoto.com","isPartOf":{"@id":"https:\/\/blogs.thesocialmedia.com\/leblogmoto\/#website"},"primaryImageOfPage":{"@id":"https:\/\/blogs.thesocialmedia.com\/leblogmoto\/2006\/01\/16\/kawasaki-garde\/#primaryimage"},"image":{"@id":"https:\/\/blogs.thesocialmedia.com\/leblogmoto\/2006\/01\/16\/kawasaki-garde\/#primaryimage"},"thumbnailUrl":"http:\/\/www.leblogmoto.com\/images\/sp4.jpg","datePublished":"2006-01-16T14:40:00+00:00","dateModified":"2012-07-11T13:21:30+00:00","author":{"@id":"https:\/\/blogs.thesocialmedia.com\/leblogmoto\/#\/schema\/person\/1a1dcfc7cec206573105eb4af91155c2"},"breadcrumb":{"@id":"https:\/\/blogs.thesocialmedia.com\/leblogmoto\/2006\/01\/16\/kawasaki-garde\/#breadcrumb"},"inLanguage":"fr-FR","potentialAction":[{"@type":"ReadAction","target":["https:\/\/blogs.thesocialmedia.com\/leblogmoto\/2006\/01\/16\/kawasaki-garde\/"]}]},{"@type":"ImageObject","inLanguage":"fr-FR","@id":"https:\/\/blogs.thesocialmedia.com\/leblogmoto\/2006\/01\/16\/kawasaki-garde\/#primaryimage","url":"http:\/\/www.leblogmoto.com\/images\/sp4.jpg","contentUrl":"http:\/\/www.leblogmoto.com\/images\/sp4.jpg"},{"@type":"BreadcrumbList","@id":"https:\/\/blogs.thesocialmedia.com\/leblogmoto\/2006\/01\/16\/kawasaki-garde\/#breadcrumb","itemListElement":[{"@type":"ListItem","position":1,"name":"Accueil","item":"https:\/\/blogs.thesocialmedia.com\/leblogmoto\/"},{"@type":"ListItem","position":2,"name":"KAWASAKI garde O.J."}]},{"@type":"WebSite","@id":"https:\/\/blogs.thesocialmedia.com\/leblogmoto\/#website","url":"https:\/\/blogs.thesocialmedia.com\/leblogmoto\/","name":"leblogmoto","description":"Toute l&#039;actualit\u00e9 des 2 roues","potentialAction":[{"@type":"SearchAction","target":{"@type":"EntryPoint","urlTemplate":"https:\/\/blogs.thesocialmedia.com\/leblogmoto\/?s={search_term_string}"},"query-input":{"@type":"PropertyValueSpecification","valueRequired":true,"valueName":"search_term_string"}}],"inLanguage":"fr-FR"},{"@type":"Person","@id":"https:\/\/blogs.thesocialmedia.com\/leblogmoto\/#\/schema\/person\/1a1dcfc7cec206573105eb4af91155c2","name":"andre leconde","image":{"@type":"ImageObject","inLanguage":"fr-FR","@id":"https:\/\/blogs.thesocialmedia.com\/leblogmoto\/#\/schema\/person\/image\/","url":"https:\/\/secure.gravatar.com\/avatar\/?s=96&d=mm&r=g","contentUrl":"https:\/\/secure.gravatar.com\/avatar\/?s=96&d=mm&r=g","caption":"andre leconde"},"url":"https:\/\/blogs.thesocialmedia.com\/leblogmoto\/author\/andre-leconde\/"}]}},"_links":{"self":[{"href":"https:\/\/blogs.thesocialmedia.com\/leblogmoto\/wp-json\/wp\/v2\/posts\/2103","targetHints":{"allow":["GET"]}}],"collection":[{"href":"https:\/\/blogs.thesocialmedia.com\/leblogmoto\/wp-json\/wp\/v2\/posts"}],"about":[{"href":"https:\/\/blogs.thesocialmedia.com\/leblogmoto\/wp-json\/wp\/v2\/types\/post"}],"author":[{"embeddable":true,"href":"https:\/\/blogs.thesocialmedia.com\/leblogmoto\/wp-json\/wp\/v2\/users\/336"}],"replies":[{"embeddable":true,"href":"https:\/\/blogs.thesocialmedia.com\/leblogmoto\/wp-json\/wp\/v2\/comments?post=2103"}],"version-history":[{"count":1,"href":"https:\/\/blogs.thesocialmedia.com\/leblogmoto\/wp-json\/wp\/v2\/posts\/2103\/revisions"}],"predecessor-version":[{"id":3073,"href":"https:\/\/blogs.thesocialmedia.com\/leblogmoto\/wp-json\/wp\/v2\/posts\/2103\/revisions\/3073"}],"wp:attachment":[{"href":"https:\/\/blogs.thesocialmedia.com\/leblogmoto\/wp-json\/wp\/v2\/media?parent=2103"}],"wp:term":[{"taxonomy":"category","embeddable":true,"href":"https:\/\/blogs.thesocialmedia.com\/leblogmoto\/wp-json\/wp\/v2\/categories?post=2103"},{"taxonomy":"post_tag","embeddable":true,"href":"https:\/\/blogs.thesocialmedia.com\/leblogmoto\/wp-json\/wp\/v2\/tags?post=2103"}],"curies":[{"name":"wp","href":"https:\/\/api.w.org\/{rel}","templated":true}]}}