{"id":2104,"date":"2006-01-15T13:45:00","date_gmt":"2006-01-15T13:45:00","guid":{"rendered":"http:\/\/blogs.thesocialmedia.com\/leblogmoto\/2006\/01\/15\/post-2-4\/"},"modified":"2012-07-11T13:21:30","modified_gmt":"2012-07-11T13:21:30","slug":"post-2-4","status":"publish","type":"post","link":"https:\/\/blogs.thesocialmedia.com\/leblogmoto\/2006\/01\/15\/post-2-4\/","title":{"rendered":"BIMOTA Delirio: Pas une moto a contrario."},"content":{"rendered":"<p><a href=\"http:\/\/clabedan.typepad.com\/.shared\/image.html?\/photos\/uncategorized\/delirio_2006.jpeg\"><\/a><\/p>\n<p><a href=\"http:\/\/clabedan.typepad.com\/.shared\/image.html?\/photos\/uncategorized\/bimotadelirio.jpeg\"><img loading=\"lazy\" decoding=\"async\" height=\"205\" alt=\"Bimotadelirio\" src=\"http:\/\/www.leblogmoto.com\/images\/bimotadelirio.jpeg\" width=\"250\"  \/><\/a>Vous avez vraiment d\u00e9cid\u00e9 d&rsquo;assumer votre tendance pour <a href=\"http:\/\/www.leblogmoto.com\/2006\/01\/post_1.html\">l&rsquo;exclusivit\u00e9<\/a> ou vous avez, tout simplement, les moyens, et, dans les deux cas, vous \u00eates amoureux des tr\u00e8s belles machines, de celles qui confinent \u00e0 l&rsquo;oeuvre d&rsquo;art. <\/p>\n<p>Vous \u00eates le client type pour <strong>BIMOTA<\/strong> qui a dans son magasin, entre autres bijoux, cette bien nomm\u00e9e <strong>DB6 DELIRIO<\/strong>&#8230;&nbsp; &nbsp; <\/p>\n<p><a href=\"http:\/\/clabedan.typepad.com\/.shared\/image.html?\/photos\/uncategorized\/delirio_2006_3.jpeg\"><img loading=\"lazy\" decoding=\"async\" height=\"333\" alt=\"Delirio_2006_3\" src=\"http:\/\/www.leblogmoto.com\/images\/delirio_2006_3.jpeg\" width=\"250\"  \/><\/a>Plus rien \u00e0 voir ici avec la derni\u00e8re r\u00e9alisation de l&rsquo;exclusif blason qui date de 1995. A la <strong>Mantra DB3<\/strong> succ\u00e8de une intimidante cr\u00e9ature qui darde sur vous un regard martial vous m\u00e9tamorphosant sur l&rsquo;instant en bretteur du bitume. <\/p>\n<p>Ensemble, vous toiserez tout ce qui roule et l&rsquo;apparence n&rsquo;est pas trompeuse: <strong>fourche invers\u00e9e<\/strong> Marzocchi, bras oscillant en tubes d&rsquo;acier, \u00e9triers de freins <strong>radiaux<\/strong>, des mat\u00e9riaux nobles \u00e0 chaque parcelle qui autorisent un poids sur la balance de <strong>170 kgs<\/strong>, soit ce qu&rsquo;il faut pour que le bi-cylindre 1 000 <a href=\"http:\/\/www.leblogmoto.com\/2005\/11\/ducati_hm_10.html\">DUCATI<\/a> de 90 ch catapulte le tout sur un rythme et dans un grondement significatifs et intimidants.<\/p>\n<p><a href=\"http:\/\/clabedan.typepad.com\/.shared\/image.html?\/photos\/uncategorized\/delirio_2006_4.jpeg\"><img loading=\"lazy\" decoding=\"async\" height=\"333\" alt=\"Delirio_2006_4\" src=\"http:\/\/www.leblogmoto.com\/images\/delirio_2006_4.jpeg\" width=\"250\"  \/><\/a>Nonobstant un tarif \u00e0 tomber en pamoison, il faudra s&rsquo;armer de courage pour l&rsquo;obtenir, BIMOTA restant une marque confidentielle. Reste que l&rsquo;<a href=\"http:\/\/www.leblogmoto.com\/2005\/12\/lhomo_motardicu.html\">exclusivit\u00e9<\/a> a du bon. La preuve&#8230;<\/p>\n<p>&nbsp; &nbsp;&nbsp; <\/p>\n<\/p>\n<\/p>\n<\/p>\n<p>SOURCES: <a href=\"http:\/\/www.motoplanete.com\/\">www.motoplanete.com<\/a> et <a href=\"http:\/\/www.s2r.ca\/\">www.s2r.ca<\/a> <\/p>\n<p>&nbsp; &nbsp;&nbsp; &nbsp; <\/p>\n","protected":false},"excerpt":{"rendered":"<p>Vous avez vraiment d\u00e9cid\u00e9 d&rsquo;assumer votre tendance pour l&rsquo;exclusivit\u00e9 ou vous avez, tout simplement, les moyens, et, dans les deux cas, vous \u00eates amoureux des tr\u00e8s belles machines, de celles qui confinent \u00e0 l&rsquo;oeuvre d&rsquo;art. Vous \u00eates le client type pour BIMOTA qui a dans son magasin, entre autres bijoux, cette bien nomm\u00e9e DB6 DELIRIO&#8230;&nbsp; [&hellip;]<\/p>\n","protected":false},"author":336,"featured_media":0,"comment_status":"open","ping_status":"open","sticky":false,"template":"","format":"standard","meta":{"footnotes":""},"categories":[1],"tags":[],"class_list":["post-2104","post","type-post","status-publish","format-standard","hentry","category-uncategorized"],"yoast_head":"<!-- This site is optimized with the Yoast SEO plugin v26.0 - https:\/\/yoast.com\/wordpress\/plugins\/seo\/ -->\n<title>BIMOTA Delirio: Pas une moto a contrario. - leblogmoto.com<\/title>\n<meta name=\"robots\" content=\"index, follow, max-snippet:-1, max-image-preview:large, max-video-preview:-1\" \/>\n<link rel=\"canonical\" href=\"https:\/\/blogs.thesocialmedia.com\/leblogmoto\/2006\/01\/15\/post-2-4\/\" \/>\n<meta name=\"twitter:card\" content=\"summary_large_image\" \/>\n<meta name=\"twitter:title\" content=\"BIMOTA Delirio: Pas une moto a contrario. - leblogmoto.com\" \/>\n<meta name=\"twitter:description\" content=\"Vous avez vraiment d\u00e9cid\u00e9 d&rsquo;assumer votre tendance pour l&rsquo;exclusivit\u00e9 ou vous avez, tout simplement, les moyens, et, dans les deux cas, vous \u00eates amoureux des tr\u00e8s belles machines, de celles qui confinent \u00e0 l&rsquo;oeuvre d&rsquo;art. Vous \u00eates le client type pour BIMOTA qui a dans son magasin, entre autres bijoux, cette bien nomm\u00e9e DB6 DELIRIO&#8230;&nbsp; [&hellip;]\" \/>\n<meta name=\"twitter:image\" content=\"http:\/\/www.leblogmoto.com\/images\/bimotadelirio.jpeg\" \/>\n<meta name=\"twitter:label1\" content=\"\u00c9crit par\" \/>\n\t<meta name=\"twitter:data1\" content=\"andre leconde\" \/>\n\t<meta name=\"twitter:label2\" content=\"Dur\u00e9e de lecture estim\u00e9e\" \/>\n\t<meta name=\"twitter:data2\" content=\"1 minute\" \/>\n<script type=\"application\/ld+json\" class=\"yoast-schema-graph\">{\"@context\":\"https:\/\/schema.org\",\"@graph\":[{\"@type\":\"WebPage\",\"@id\":\"https:\/\/blogs.thesocialmedia.com\/leblogmoto\/2006\/01\/15\/post-2-4\/\",\"url\":\"https:\/\/blogs.thesocialmedia.com\/leblogmoto\/2006\/01\/15\/post-2-4\/\",\"name\":\"BIMOTA Delirio: Pas une moto a contrario. - leblogmoto.com\",\"isPartOf\":{\"@id\":\"https:\/\/blogs.thesocialmedia.com\/leblogmoto\/#website\"},\"primaryImageOfPage\":{\"@id\":\"https:\/\/blogs.thesocialmedia.com\/leblogmoto\/2006\/01\/15\/post-2-4\/#primaryimage\"},\"image\":{\"@id\":\"https:\/\/blogs.thesocialmedia.com\/leblogmoto\/2006\/01\/15\/post-2-4\/#primaryimage\"},\"thumbnailUrl\":\"http:\/\/www.leblogmoto.com\/images\/bimotadelirio.jpeg\",\"datePublished\":\"2006-01-15T13:45:00+00:00\",\"dateModified\":\"2012-07-11T13:21:30+00:00\",\"author\":{\"@id\":\"https:\/\/blogs.thesocialmedia.com\/leblogmoto\/#\/schema\/person\/1a1dcfc7cec206573105eb4af91155c2\"},\"breadcrumb\":{\"@id\":\"https:\/\/blogs.thesocialmedia.com\/leblogmoto\/2006\/01\/15\/post-2-4\/#breadcrumb\"},\"inLanguage\":\"fr-FR\",\"potentialAction\":[{\"@type\":\"ReadAction\",\"target\":[\"https:\/\/blogs.thesocialmedia.com\/leblogmoto\/2006\/01\/15\/post-2-4\/\"]}]},{\"@type\":\"ImageObject\",\"inLanguage\":\"fr-FR\",\"@id\":\"https:\/\/blogs.thesocialmedia.com\/leblogmoto\/2006\/01\/15\/post-2-4\/#primaryimage\",\"url\":\"http:\/\/www.leblogmoto.com\/images\/bimotadelirio.jpeg\",\"contentUrl\":\"http:\/\/www.leblogmoto.com\/images\/bimotadelirio.jpeg\"},{\"@type\":\"BreadcrumbList\",\"@id\":\"https:\/\/blogs.thesocialmedia.com\/leblogmoto\/2006\/01\/15\/post-2-4\/#breadcrumb\",\"itemListElement\":[{\"@type\":\"ListItem\",\"position\":1,\"name\":\"Accueil\",\"item\":\"https:\/\/blogs.thesocialmedia.com\/leblogmoto\/\"},{\"@type\":\"ListItem\",\"position\":2,\"name\":\"BIMOTA Delirio: Pas une moto a contrario.\"}]},{\"@type\":\"WebSite\",\"@id\":\"https:\/\/blogs.thesocialmedia.com\/leblogmoto\/#website\",\"url\":\"https:\/\/blogs.thesocialmedia.com\/leblogmoto\/\",\"name\":\"leblogmoto\",\"description\":\"Toute l&#039;actualit\u00e9 des 2 roues\",\"potentialAction\":[{\"@type\":\"SearchAction\",\"target\":{\"@type\":\"EntryPoint\",\"urlTemplate\":\"https:\/\/blogs.thesocialmedia.com\/leblogmoto\/?s={search_term_string}\"},\"query-input\":{\"@type\":\"PropertyValueSpecification\",\"valueRequired\":true,\"valueName\":\"search_term_string\"}}],\"inLanguage\":\"fr-FR\"},{\"@type\":\"Person\",\"@id\":\"https:\/\/blogs.thesocialmedia.com\/leblogmoto\/#\/schema\/person\/1a1dcfc7cec206573105eb4af91155c2\",\"name\":\"andre leconde\",\"image\":{\"@type\":\"ImageObject\",\"inLanguage\":\"fr-FR\",\"@id\":\"https:\/\/blogs.thesocialmedia.com\/leblogmoto\/#\/schema\/person\/image\/\",\"url\":\"https:\/\/secure.gravatar.com\/avatar\/?s=96&d=mm&r=g\",\"contentUrl\":\"https:\/\/secure.gravatar.com\/avatar\/?s=96&d=mm&r=g\",\"caption\":\"andre leconde\"},\"url\":\"https:\/\/blogs.thesocialmedia.com\/leblogmoto\/author\/andre-leconde\/\"}]}<\/script>\n<!-- \/ Yoast SEO plugin. -->","yoast_head_json":{"title":"BIMOTA Delirio: Pas une moto a contrario. - leblogmoto.com","robots":{"index":"index","follow":"follow","max-snippet":"max-snippet:-1","max-image-preview":"max-image-preview:large","max-video-preview":"max-video-preview:-1"},"canonical":"https:\/\/blogs.thesocialmedia.com\/leblogmoto\/2006\/01\/15\/post-2-4\/","twitter_card":"summary_large_image","twitter_title":"BIMOTA Delirio: Pas une moto a contrario. - leblogmoto.com","twitter_description":"Vous avez vraiment d\u00e9cid\u00e9 d&rsquo;assumer votre tendance pour l&rsquo;exclusivit\u00e9 ou vous avez, tout simplement, les moyens, et, dans les deux cas, vous \u00eates amoureux des tr\u00e8s belles machines, de celles qui confinent \u00e0 l&rsquo;oeuvre d&rsquo;art. Vous \u00eates le client type pour BIMOTA qui a dans son magasin, entre autres bijoux, cette bien nomm\u00e9e DB6 DELIRIO&#8230;&nbsp; [&hellip;]","twitter_image":"http:\/\/www.leblogmoto.com\/images\/bimotadelirio.jpeg","twitter_misc":{"\u00c9crit par":"andre leconde","Dur\u00e9e de lecture estim\u00e9e":"1 minute"},"schema":{"@context":"https:\/\/schema.org","@graph":[{"@type":"WebPage","@id":"https:\/\/blogs.thesocialmedia.com\/leblogmoto\/2006\/01\/15\/post-2-4\/","url":"https:\/\/blogs.thesocialmedia.com\/leblogmoto\/2006\/01\/15\/post-2-4\/","name":"BIMOTA Delirio: Pas une moto a contrario. - leblogmoto.com","isPartOf":{"@id":"https:\/\/blogs.thesocialmedia.com\/leblogmoto\/#website"},"primaryImageOfPage":{"@id":"https:\/\/blogs.thesocialmedia.com\/leblogmoto\/2006\/01\/15\/post-2-4\/#primaryimage"},"image":{"@id":"https:\/\/blogs.thesocialmedia.com\/leblogmoto\/2006\/01\/15\/post-2-4\/#primaryimage"},"thumbnailUrl":"http:\/\/www.leblogmoto.com\/images\/bimotadelirio.jpeg","datePublished":"2006-01-15T13:45:00+00:00","dateModified":"2012-07-11T13:21:30+00:00","author":{"@id":"https:\/\/blogs.thesocialmedia.com\/leblogmoto\/#\/schema\/person\/1a1dcfc7cec206573105eb4af91155c2"},"breadcrumb":{"@id":"https:\/\/blogs.thesocialmedia.com\/leblogmoto\/2006\/01\/15\/post-2-4\/#breadcrumb"},"inLanguage":"fr-FR","potentialAction":[{"@type":"ReadAction","target":["https:\/\/blogs.thesocialmedia.com\/leblogmoto\/2006\/01\/15\/post-2-4\/"]}]},{"@type":"ImageObject","inLanguage":"fr-FR","@id":"https:\/\/blogs.thesocialmedia.com\/leblogmoto\/2006\/01\/15\/post-2-4\/#primaryimage","url":"http:\/\/www.leblogmoto.com\/images\/bimotadelirio.jpeg","contentUrl":"http:\/\/www.leblogmoto.com\/images\/bimotadelirio.jpeg"},{"@type":"BreadcrumbList","@id":"https:\/\/blogs.thesocialmedia.com\/leblogmoto\/2006\/01\/15\/post-2-4\/#breadcrumb","itemListElement":[{"@type":"ListItem","position":1,"name":"Accueil","item":"https:\/\/blogs.thesocialmedia.com\/leblogmoto\/"},{"@type":"ListItem","position":2,"name":"BIMOTA Delirio: Pas une moto a contrario."}]},{"@type":"WebSite","@id":"https:\/\/blogs.thesocialmedia.com\/leblogmoto\/#website","url":"https:\/\/blogs.thesocialmedia.com\/leblogmoto\/","name":"leblogmoto","description":"Toute l&#039;actualit\u00e9 des 2 roues","potentialAction":[{"@type":"SearchAction","target":{"@type":"EntryPoint","urlTemplate":"https:\/\/blogs.thesocialmedia.com\/leblogmoto\/?s={search_term_string}"},"query-input":{"@type":"PropertyValueSpecification","valueRequired":true,"valueName":"search_term_string"}}],"inLanguage":"fr-FR"},{"@type":"Person","@id":"https:\/\/blogs.thesocialmedia.com\/leblogmoto\/#\/schema\/person\/1a1dcfc7cec206573105eb4af91155c2","name":"andre leconde","image":{"@type":"ImageObject","inLanguage":"fr-FR","@id":"https:\/\/blogs.thesocialmedia.com\/leblogmoto\/#\/schema\/person\/image\/","url":"https:\/\/secure.gravatar.com\/avatar\/?s=96&d=mm&r=g","contentUrl":"https:\/\/secure.gravatar.com\/avatar\/?s=96&d=mm&r=g","caption":"andre leconde"},"url":"https:\/\/blogs.thesocialmedia.com\/leblogmoto\/author\/andre-leconde\/"}]}},"_links":{"self":[{"href":"https:\/\/blogs.thesocialmedia.com\/leblogmoto\/wp-json\/wp\/v2\/posts\/2104","targetHints":{"allow":["GET"]}}],"collection":[{"href":"https:\/\/blogs.thesocialmedia.com\/leblogmoto\/wp-json\/wp\/v2\/posts"}],"about":[{"href":"https:\/\/blogs.thesocialmedia.com\/leblogmoto\/wp-json\/wp\/v2\/types\/post"}],"author":[{"embeddable":true,"href":"https:\/\/blogs.thesocialmedia.com\/leblogmoto\/wp-json\/wp\/v2\/users\/336"}],"replies":[{"embeddable":true,"href":"https:\/\/blogs.thesocialmedia.com\/leblogmoto\/wp-json\/wp\/v2\/comments?post=2104"}],"version-history":[{"count":1,"href":"https:\/\/blogs.thesocialmedia.com\/leblogmoto\/wp-json\/wp\/v2\/posts\/2104\/revisions"}],"predecessor-version":[{"id":3072,"href":"https:\/\/blogs.thesocialmedia.com\/leblogmoto\/wp-json\/wp\/v2\/posts\/2104\/revisions\/3072"}],"wp:attachment":[{"href":"https:\/\/blogs.thesocialmedia.com\/leblogmoto\/wp-json\/wp\/v2\/media?parent=2104"}],"wp:term":[{"taxonomy":"category","embeddable":true,"href":"https:\/\/blogs.thesocialmedia.com\/leblogmoto\/wp-json\/wp\/v2\/categories?post=2104"},{"taxonomy":"post_tag","embeddable":true,"href":"https:\/\/blogs.thesocialmedia.com\/leblogmoto\/wp-json\/wp\/v2\/tags?post=2104"}],"curies":[{"name":"wp","href":"https:\/\/api.w.org\/{rel}","templated":true}]}}