{"id":2105,"date":"2006-01-15T11:32:00","date_gmt":"2006-01-15T11:32:00","guid":{"rendered":"http:\/\/blogs.thesocialmedia.com\/leblogmoto\/2006\/01\/15\/lultime-tape-du\/"},"modified":"2012-07-11T14:14:27","modified_gmt":"2012-07-11T14:14:27","slug":"lultime-tape-du","status":"publish","type":"post","link":"https:\/\/blogs.thesocialmedia.com\/leblogmoto\/2006\/01\/15\/lultime-tape-du\/","title":{"rendered":"DAKAR: La victorieuse fin de COMA."},"content":{"rendered":"<p><a href=\"http:\/\/blogs.thesocialmedia.com\/leblogmoto\/files\/2012\/07\/coma2.jpg\"><img loading=\"lazy\" decoding=\"async\" height=\"355\" alt=\"Coma2\" src=\"http:\/\/www.leblogmoto.com\/images\/coma2.jpg\" width=\"250\"  \/><\/a>L&rsquo;ultime \u00e9tape du DAKAR 2006 qui devait \u00eatre, comme de tradition, un feu d&rsquo;artifice sera, cette fois, un p\u00e9tard mouill\u00e9. <\/p>\n<p>La semaine maudite qui vient de conna\u00eetre cette \u00e9dition aura eu raison des vell\u00e9it\u00e9s de f\u00eate de la caravane qui, dans ce contexte lourd, n&rsquo;est pas m\u00e9contente d&rsquo;en finir.<\/p>\n<p>Reste qu&rsquo;il y eu un vainqueur, et un beau, en la personne de <strong>Marc COMA<\/strong> qui, sur sa KTM du team REPSOL, a bien jou\u00e9 le coup, celui d&rsquo;avoir su faire la synth\u00e8se entre v\u00e9locit\u00e9 et r\u00e9gularit\u00e9. Pas une seule \u00e9tape remport\u00e9e, mais une grande victoire \u00e0 l&rsquo;arriv\u00e9e, devant un <strong>DESPRES<\/strong> tr\u00e9s t\u00f4t <a href=\"http:\/\/blogs.thesocialmedia.com\/leblogmoto\/files\/2012\/07\/dakar.html_1.png\">bless\u00e9<\/a> puis qui, hier, s&rsquo;est <a href=\"http:\/\/www.leblogmoto.com\/2006\/01\/dakar_fretigne_.html\">\u00e9gar\u00e9<\/a>&#8230;&nbsp; <\/p>\n<p><a href=\"http:\/\/clabedan.typepad.com\/.shared\/image.html?\/photos\/uncategorized\/andy.jpg\"><img loading=\"lazy\" decoding=\"async\" height=\"377\" alt=\"Andy\" src=\"http:\/\/www.leblogmoto.com\/images\/andy.jpg\" width=\"250\"  \/><\/a>C&rsquo;est l&rsquo;italien <a href=\"http:\/\/www.leblogmoto.com\/2006\/01\/dakar_sala_dans.html\">SALA<\/a> qui compl\u00e8te le podium tandis que le classement production est enlev\u00e9 par <a href=\"http:\/\/www.leblogmoto.com\/2006\/01\/dakar_duclos_fa.html\">DUCLOS<\/a>, bon 7\u00b0 au g\u00e9n\u00e9ral. <strong>VAN BERGEIJK<\/strong> a r\u00e9ussi a gagner son pari de finir ce DAKAR avec son antique <a href=\"http:\/\/www.leblogmoto.com\/2006\/01\/500_xt_la_matri.html\">500 XT<\/a>. 93\u00b0 et dernier certes, mais il est l\u00e0.<\/p>\n<p>Celui qui ne l&rsquo;est pas, c&rsquo;est, bien-s\u00fbr, <a href=\"http:\/\/www.leblogmoto.com\/2006\/01\/dakar_la_fauche.html\">Andy CALDECOTT<\/a>. Malgr\u00e8 les limitations <a href=\"http:\/\/www.leblogmoto.com\/2005\/12\/dakar_les_rgles.html\">r\u00e9glementaires<\/a> impos\u00e9es par l&rsquo;organisation, la faucheuse a r\u00e9clam\u00e9 sa d\u00eeme aux motards et c&rsquo;est l&rsquo;australien qui l&rsquo;a pay\u00e9e. La course reste la course, soit un sport dangereux. <\/p>\n","protected":false},"excerpt":{"rendered":"<p>L&rsquo;ultime \u00e9tape du DAKAR 2006 qui devait \u00eatre, comme de tradition, un feu d&rsquo;artifice sera, cette fois, un p\u00e9tard mouill\u00e9. La semaine maudite qui vient de conna\u00eetre cette \u00e9dition aura eu raison des vell\u00e9it\u00e9s de f\u00eate de la caravane qui, dans ce contexte lourd, n&rsquo;est pas m\u00e9contente d&rsquo;en finir. Reste qu&rsquo;il y eu un vainqueur, [&hellip;]<\/p>\n","protected":false},"author":336,"featured_media":0,"comment_status":"open","ping_status":"open","sticky":false,"template":"","format":"standard","meta":{"footnotes":""},"categories":[32],"tags":[],"class_list":["post-2105","post","type-post","status-publish","format-standard","hentry","category-sport-moto"],"yoast_head":"<!-- This site is optimized with the Yoast SEO plugin v26.0 - https:\/\/yoast.com\/wordpress\/plugins\/seo\/ -->\n<title>DAKAR: La victorieuse fin de COMA. - leblogmoto.com<\/title>\n<meta name=\"robots\" content=\"index, follow, max-snippet:-1, max-image-preview:large, max-video-preview:-1\" \/>\n<link rel=\"canonical\" href=\"https:\/\/blogs.thesocialmedia.com\/leblogmoto\/2006\/01\/15\/lultime-tape-du\/\" \/>\n<meta name=\"twitter:card\" content=\"summary_large_image\" \/>\n<meta name=\"twitter:title\" content=\"DAKAR: La victorieuse fin de COMA. - leblogmoto.com\" \/>\n<meta name=\"twitter:description\" content=\"L&rsquo;ultime \u00e9tape du DAKAR 2006 qui devait \u00eatre, comme de tradition, un feu d&rsquo;artifice sera, cette fois, un p\u00e9tard mouill\u00e9. La semaine maudite qui vient de conna\u00eetre cette \u00e9dition aura eu raison des vell\u00e9it\u00e9s de f\u00eate de la caravane qui, dans ce contexte lourd, n&rsquo;est pas m\u00e9contente d&rsquo;en finir. Reste qu&rsquo;il y eu un vainqueur, [&hellip;]\" \/>\n<meta name=\"twitter:image\" content=\"http:\/\/www.leblogmoto.com\/images\/coma2.jpg\" \/>\n<meta name=\"twitter:label1\" content=\"\u00c9crit par\" \/>\n\t<meta name=\"twitter:data1\" content=\"andre leconde\" \/>\n\t<meta name=\"twitter:label2\" content=\"Dur\u00e9e de lecture estim\u00e9e\" \/>\n\t<meta name=\"twitter:data2\" content=\"1 minute\" \/>\n<script type=\"application\/ld+json\" class=\"yoast-schema-graph\">{\"@context\":\"https:\/\/schema.org\",\"@graph\":[{\"@type\":\"WebPage\",\"@id\":\"https:\/\/blogs.thesocialmedia.com\/leblogmoto\/2006\/01\/15\/lultime-tape-du\/\",\"url\":\"https:\/\/blogs.thesocialmedia.com\/leblogmoto\/2006\/01\/15\/lultime-tape-du\/\",\"name\":\"DAKAR: La victorieuse fin de COMA. - leblogmoto.com\",\"isPartOf\":{\"@id\":\"https:\/\/blogs.thesocialmedia.com\/leblogmoto\/#website\"},\"primaryImageOfPage\":{\"@id\":\"https:\/\/blogs.thesocialmedia.com\/leblogmoto\/2006\/01\/15\/lultime-tape-du\/#primaryimage\"},\"image\":{\"@id\":\"https:\/\/blogs.thesocialmedia.com\/leblogmoto\/2006\/01\/15\/lultime-tape-du\/#primaryimage\"},\"thumbnailUrl\":\"http:\/\/www.leblogmoto.com\/images\/coma2.jpg\",\"datePublished\":\"2006-01-15T11:32:00+00:00\",\"dateModified\":\"2012-07-11T14:14:27+00:00\",\"author\":{\"@id\":\"https:\/\/blogs.thesocialmedia.com\/leblogmoto\/#\/schema\/person\/1a1dcfc7cec206573105eb4af91155c2\"},\"breadcrumb\":{\"@id\":\"https:\/\/blogs.thesocialmedia.com\/leblogmoto\/2006\/01\/15\/lultime-tape-du\/#breadcrumb\"},\"inLanguage\":\"fr-FR\",\"potentialAction\":[{\"@type\":\"ReadAction\",\"target\":[\"https:\/\/blogs.thesocialmedia.com\/leblogmoto\/2006\/01\/15\/lultime-tape-du\/\"]}]},{\"@type\":\"ImageObject\",\"inLanguage\":\"fr-FR\",\"@id\":\"https:\/\/blogs.thesocialmedia.com\/leblogmoto\/2006\/01\/15\/lultime-tape-du\/#primaryimage\",\"url\":\"http:\/\/www.leblogmoto.com\/images\/coma2.jpg\",\"contentUrl\":\"http:\/\/www.leblogmoto.com\/images\/coma2.jpg\"},{\"@type\":\"BreadcrumbList\",\"@id\":\"https:\/\/blogs.thesocialmedia.com\/leblogmoto\/2006\/01\/15\/lultime-tape-du\/#breadcrumb\",\"itemListElement\":[{\"@type\":\"ListItem\",\"position\":1,\"name\":\"Accueil\",\"item\":\"https:\/\/blogs.thesocialmedia.com\/leblogmoto\/\"},{\"@type\":\"ListItem\",\"position\":2,\"name\":\"DAKAR: La victorieuse fin de COMA.\"}]},{\"@type\":\"WebSite\",\"@id\":\"https:\/\/blogs.thesocialmedia.com\/leblogmoto\/#website\",\"url\":\"https:\/\/blogs.thesocialmedia.com\/leblogmoto\/\",\"name\":\"leblogmoto\",\"description\":\"Toute l&#039;actualit\u00e9 des 2 roues\",\"potentialAction\":[{\"@type\":\"SearchAction\",\"target\":{\"@type\":\"EntryPoint\",\"urlTemplate\":\"https:\/\/blogs.thesocialmedia.com\/leblogmoto\/?s={search_term_string}\"},\"query-input\":{\"@type\":\"PropertyValueSpecification\",\"valueRequired\":true,\"valueName\":\"search_term_string\"}}],\"inLanguage\":\"fr-FR\"},{\"@type\":\"Person\",\"@id\":\"https:\/\/blogs.thesocialmedia.com\/leblogmoto\/#\/schema\/person\/1a1dcfc7cec206573105eb4af91155c2\",\"name\":\"andre leconde\",\"image\":{\"@type\":\"ImageObject\",\"inLanguage\":\"fr-FR\",\"@id\":\"https:\/\/blogs.thesocialmedia.com\/leblogmoto\/#\/schema\/person\/image\/\",\"url\":\"https:\/\/secure.gravatar.com\/avatar\/?s=96&d=mm&r=g\",\"contentUrl\":\"https:\/\/secure.gravatar.com\/avatar\/?s=96&d=mm&r=g\",\"caption\":\"andre leconde\"},\"url\":\"https:\/\/blogs.thesocialmedia.com\/leblogmoto\/author\/andre-leconde\/\"}]}<\/script>\n<!-- \/ Yoast SEO plugin. -->","yoast_head_json":{"title":"DAKAR: La victorieuse fin de COMA. - leblogmoto.com","robots":{"index":"index","follow":"follow","max-snippet":"max-snippet:-1","max-image-preview":"max-image-preview:large","max-video-preview":"max-video-preview:-1"},"canonical":"https:\/\/blogs.thesocialmedia.com\/leblogmoto\/2006\/01\/15\/lultime-tape-du\/","twitter_card":"summary_large_image","twitter_title":"DAKAR: La victorieuse fin de COMA. - leblogmoto.com","twitter_description":"L&rsquo;ultime \u00e9tape du DAKAR 2006 qui devait \u00eatre, comme de tradition, un feu d&rsquo;artifice sera, cette fois, un p\u00e9tard mouill\u00e9. La semaine maudite qui vient de conna\u00eetre cette \u00e9dition aura eu raison des vell\u00e9it\u00e9s de f\u00eate de la caravane qui, dans ce contexte lourd, n&rsquo;est pas m\u00e9contente d&rsquo;en finir. Reste qu&rsquo;il y eu un vainqueur, [&hellip;]","twitter_image":"http:\/\/www.leblogmoto.com\/images\/coma2.jpg","twitter_misc":{"\u00c9crit par":"andre leconde","Dur\u00e9e de lecture estim\u00e9e":"1 minute"},"schema":{"@context":"https:\/\/schema.org","@graph":[{"@type":"WebPage","@id":"https:\/\/blogs.thesocialmedia.com\/leblogmoto\/2006\/01\/15\/lultime-tape-du\/","url":"https:\/\/blogs.thesocialmedia.com\/leblogmoto\/2006\/01\/15\/lultime-tape-du\/","name":"DAKAR: La victorieuse fin de COMA. - leblogmoto.com","isPartOf":{"@id":"https:\/\/blogs.thesocialmedia.com\/leblogmoto\/#website"},"primaryImageOfPage":{"@id":"https:\/\/blogs.thesocialmedia.com\/leblogmoto\/2006\/01\/15\/lultime-tape-du\/#primaryimage"},"image":{"@id":"https:\/\/blogs.thesocialmedia.com\/leblogmoto\/2006\/01\/15\/lultime-tape-du\/#primaryimage"},"thumbnailUrl":"http:\/\/www.leblogmoto.com\/images\/coma2.jpg","datePublished":"2006-01-15T11:32:00+00:00","dateModified":"2012-07-11T14:14:27+00:00","author":{"@id":"https:\/\/blogs.thesocialmedia.com\/leblogmoto\/#\/schema\/person\/1a1dcfc7cec206573105eb4af91155c2"},"breadcrumb":{"@id":"https:\/\/blogs.thesocialmedia.com\/leblogmoto\/2006\/01\/15\/lultime-tape-du\/#breadcrumb"},"inLanguage":"fr-FR","potentialAction":[{"@type":"ReadAction","target":["https:\/\/blogs.thesocialmedia.com\/leblogmoto\/2006\/01\/15\/lultime-tape-du\/"]}]},{"@type":"ImageObject","inLanguage":"fr-FR","@id":"https:\/\/blogs.thesocialmedia.com\/leblogmoto\/2006\/01\/15\/lultime-tape-du\/#primaryimage","url":"http:\/\/www.leblogmoto.com\/images\/coma2.jpg","contentUrl":"http:\/\/www.leblogmoto.com\/images\/coma2.jpg"},{"@type":"BreadcrumbList","@id":"https:\/\/blogs.thesocialmedia.com\/leblogmoto\/2006\/01\/15\/lultime-tape-du\/#breadcrumb","itemListElement":[{"@type":"ListItem","position":1,"name":"Accueil","item":"https:\/\/blogs.thesocialmedia.com\/leblogmoto\/"},{"@type":"ListItem","position":2,"name":"DAKAR: La victorieuse fin de COMA."}]},{"@type":"WebSite","@id":"https:\/\/blogs.thesocialmedia.com\/leblogmoto\/#website","url":"https:\/\/blogs.thesocialmedia.com\/leblogmoto\/","name":"leblogmoto","description":"Toute l&#039;actualit\u00e9 des 2 roues","potentialAction":[{"@type":"SearchAction","target":{"@type":"EntryPoint","urlTemplate":"https:\/\/blogs.thesocialmedia.com\/leblogmoto\/?s={search_term_string}"},"query-input":{"@type":"PropertyValueSpecification","valueRequired":true,"valueName":"search_term_string"}}],"inLanguage":"fr-FR"},{"@type":"Person","@id":"https:\/\/blogs.thesocialmedia.com\/leblogmoto\/#\/schema\/person\/1a1dcfc7cec206573105eb4af91155c2","name":"andre leconde","image":{"@type":"ImageObject","inLanguage":"fr-FR","@id":"https:\/\/blogs.thesocialmedia.com\/leblogmoto\/#\/schema\/person\/image\/","url":"https:\/\/secure.gravatar.com\/avatar\/?s=96&d=mm&r=g","contentUrl":"https:\/\/secure.gravatar.com\/avatar\/?s=96&d=mm&r=g","caption":"andre leconde"},"url":"https:\/\/blogs.thesocialmedia.com\/leblogmoto\/author\/andre-leconde\/"}]}},"_links":{"self":[{"href":"https:\/\/blogs.thesocialmedia.com\/leblogmoto\/wp-json\/wp\/v2\/posts\/2105","targetHints":{"allow":["GET"]}}],"collection":[{"href":"https:\/\/blogs.thesocialmedia.com\/leblogmoto\/wp-json\/wp\/v2\/posts"}],"about":[{"href":"https:\/\/blogs.thesocialmedia.com\/leblogmoto\/wp-json\/wp\/v2\/types\/post"}],"author":[{"embeddable":true,"href":"https:\/\/blogs.thesocialmedia.com\/leblogmoto\/wp-json\/wp\/v2\/users\/336"}],"replies":[{"embeddable":true,"href":"https:\/\/blogs.thesocialmedia.com\/leblogmoto\/wp-json\/wp\/v2\/comments?post=2105"}],"version-history":[{"count":2,"href":"https:\/\/blogs.thesocialmedia.com\/leblogmoto\/wp-json\/wp\/v2\/posts\/2105\/revisions"}],"predecessor-version":[{"id":6973,"href":"https:\/\/blogs.thesocialmedia.com\/leblogmoto\/wp-json\/wp\/v2\/posts\/2105\/revisions\/6973"}],"wp:attachment":[{"href":"https:\/\/blogs.thesocialmedia.com\/leblogmoto\/wp-json\/wp\/v2\/media?parent=2105"}],"wp:term":[{"taxonomy":"category","embeddable":true,"href":"https:\/\/blogs.thesocialmedia.com\/leblogmoto\/wp-json\/wp\/v2\/categories?post=2105"},{"taxonomy":"post_tag","embeddable":true,"href":"https:\/\/blogs.thesocialmedia.com\/leblogmoto\/wp-json\/wp\/v2\/tags?post=2105"}],"curies":[{"name":"wp","href":"https:\/\/api.w.org\/{rel}","templated":true}]}}