{"id":2108,"date":"2006-01-14T17:35:00","date_gmt":"2006-01-14T17:35:00","guid":{"rendered":"http:\/\/blogs.thesocialmedia.com\/leblogmoto\/2006\/01\/14\/post-7\/"},"modified":"2012-07-11T14:14:25","modified_gmt":"2012-07-11T14:14:25","slug":"post-7","status":"publish","type":"post","link":"https:\/\/blogs.thesocialmedia.com\/leblogmoto\/2006\/01\/14\/post-7\/","title":{"rendered":"PETIT \u00e9tait Grand."},"content":{"rendered":"<p><a href=\"http:\/\/blogs.thesocialmedia.com\/leblogmoto\/files\/2012\/07\/petit650z.jpg\"><img loading=\"lazy\" decoding=\"async\" height=\"157\" alt=\"Petit650z\" src=\"http:\/\/www.leblogmoto.com\/images\/petit650z.jpg\" width=\"249\"  \/><\/a>Une figure de la <a href=\"http:\/\/www.leblogmoto.com\/2005\/12\/la_symphonie_do.html\">moto fran\u00e7aise<\/a> nous a quitt\u00e9 en ce d\u00e9but d&rsquo;ann\u00e9e.<\/p>\n<p><strong>G\u00e9rard PETIT<\/strong> est parti laissant derri\u00e8re lui des pans entiers de l&rsquo;Histoire de la comp\u00e9tition au plus haut niveau. Bon pilote lui m\u00eame, le vainqueur de la <a href=\"http:\/\/www.leblogmoto.com\/2005\/12\/la_coupe_kawa_d.html\">coupe KAWASAKI<\/a> 1979 s&rsquo;\u00e9tait ensuite lanc\u00e9 dans l&rsquo;aventure des Teams avec Scrab puis avec <strong>Olivier LIEGEOIS<\/strong>. <\/p>\n<p>Avec ces derniers il assista aux plus belles heures de la <strong>125<\/strong> mondiale avec des pilotes tels qu&rsquo;Arnaud VINCENT ou AZUMA, et des marques comme HONDA et, derni\u00e8rement, <a href=\"http:\/\/www.leblogmoto.com\/2005\/11\/malaguti_madiso.html\">MALAGUTTI<\/a>. <\/p>\n<p>Bon sang ne saurait mentir, il s&rsquo;occupa aussi de son neveu Fred et de son fils, toujours en 125. Cette 125, qui, \u00e0 pr\u00e9sent, est un peu orpheline.&nbsp; &nbsp;&nbsp; <\/p>\n<p>SOURCE: <a href=\"http:\/\/www.bike70.com\">www.bike70.com<\/a> <\/p>\n","protected":false},"excerpt":{"rendered":"<p>Une figure de la moto fran\u00e7aise nous a quitt\u00e9 en ce d\u00e9but d&rsquo;ann\u00e9e. G\u00e9rard PETIT est parti laissant derri\u00e8re lui des pans entiers de l&rsquo;Histoire de la comp\u00e9tition au plus haut niveau. Bon pilote lui m\u00eame, le vainqueur de la coupe KAWASAKI 1979 s&rsquo;\u00e9tait ensuite lanc\u00e9 dans l&rsquo;aventure des Teams avec Scrab puis avec Olivier [&hellip;]<\/p>\n","protected":false},"author":336,"featured_media":0,"comment_status":"open","ping_status":"open","sticky":false,"template":"","format":"standard","meta":{"footnotes":""},"categories":[17],"tags":[],"class_list":["post-2108","post","type-post","status-publish","format-standard","hentry","category-divers"],"yoast_head":"<!-- This site is optimized with the Yoast SEO plugin v26.0 - https:\/\/yoast.com\/wordpress\/plugins\/seo\/ -->\n<title>PETIT \u00e9tait Grand. - leblogmoto.com<\/title>\n<meta name=\"robots\" content=\"index, follow, max-snippet:-1, max-image-preview:large, max-video-preview:-1\" \/>\n<link rel=\"canonical\" href=\"https:\/\/blogs.thesocialmedia.com\/leblogmoto\/2006\/01\/14\/post-7\/\" \/>\n<meta name=\"twitter:card\" content=\"summary_large_image\" \/>\n<meta name=\"twitter:title\" content=\"PETIT \u00e9tait Grand. - leblogmoto.com\" \/>\n<meta name=\"twitter:description\" content=\"Une figure de la moto fran\u00e7aise nous a quitt\u00e9 en ce d\u00e9but d&rsquo;ann\u00e9e. G\u00e9rard PETIT est parti laissant derri\u00e8re lui des pans entiers de l&rsquo;Histoire de la comp\u00e9tition au plus haut niveau. Bon pilote lui m\u00eame, le vainqueur de la coupe KAWASAKI 1979 s&rsquo;\u00e9tait ensuite lanc\u00e9 dans l&rsquo;aventure des Teams avec Scrab puis avec Olivier [&hellip;]\" \/>\n<meta name=\"twitter:image\" content=\"http:\/\/www.leblogmoto.com\/images\/petit650z.jpg\" \/>\n<meta name=\"twitter:label1\" content=\"\u00c9crit par\" \/>\n\t<meta name=\"twitter:data1\" content=\"andre leconde\" \/>\n\t<meta name=\"twitter:label2\" content=\"Dur\u00e9e de lecture estim\u00e9e\" \/>\n\t<meta name=\"twitter:data2\" content=\"1 minute\" \/>\n<script type=\"application\/ld+json\" class=\"yoast-schema-graph\">{\"@context\":\"https:\/\/schema.org\",\"@graph\":[{\"@type\":\"WebPage\",\"@id\":\"https:\/\/blogs.thesocialmedia.com\/leblogmoto\/2006\/01\/14\/post-7\/\",\"url\":\"https:\/\/blogs.thesocialmedia.com\/leblogmoto\/2006\/01\/14\/post-7\/\",\"name\":\"PETIT \u00e9tait Grand. - leblogmoto.com\",\"isPartOf\":{\"@id\":\"https:\/\/blogs.thesocialmedia.com\/leblogmoto\/#website\"},\"primaryImageOfPage\":{\"@id\":\"https:\/\/blogs.thesocialmedia.com\/leblogmoto\/2006\/01\/14\/post-7\/#primaryimage\"},\"image\":{\"@id\":\"https:\/\/blogs.thesocialmedia.com\/leblogmoto\/2006\/01\/14\/post-7\/#primaryimage\"},\"thumbnailUrl\":\"http:\/\/www.leblogmoto.com\/images\/petit650z.jpg\",\"datePublished\":\"2006-01-14T17:35:00+00:00\",\"dateModified\":\"2012-07-11T14:14:25+00:00\",\"author\":{\"@id\":\"https:\/\/blogs.thesocialmedia.com\/leblogmoto\/#\/schema\/person\/1a1dcfc7cec206573105eb4af91155c2\"},\"breadcrumb\":{\"@id\":\"https:\/\/blogs.thesocialmedia.com\/leblogmoto\/2006\/01\/14\/post-7\/#breadcrumb\"},\"inLanguage\":\"fr-FR\",\"potentialAction\":[{\"@type\":\"ReadAction\",\"target\":[\"https:\/\/blogs.thesocialmedia.com\/leblogmoto\/2006\/01\/14\/post-7\/\"]}]},{\"@type\":\"ImageObject\",\"inLanguage\":\"fr-FR\",\"@id\":\"https:\/\/blogs.thesocialmedia.com\/leblogmoto\/2006\/01\/14\/post-7\/#primaryimage\",\"url\":\"http:\/\/www.leblogmoto.com\/images\/petit650z.jpg\",\"contentUrl\":\"http:\/\/www.leblogmoto.com\/images\/petit650z.jpg\"},{\"@type\":\"BreadcrumbList\",\"@id\":\"https:\/\/blogs.thesocialmedia.com\/leblogmoto\/2006\/01\/14\/post-7\/#breadcrumb\",\"itemListElement\":[{\"@type\":\"ListItem\",\"position\":1,\"name\":\"Accueil\",\"item\":\"https:\/\/blogs.thesocialmedia.com\/leblogmoto\/\"},{\"@type\":\"ListItem\",\"position\":2,\"name\":\"PETIT \u00e9tait Grand.\"}]},{\"@type\":\"WebSite\",\"@id\":\"https:\/\/blogs.thesocialmedia.com\/leblogmoto\/#website\",\"url\":\"https:\/\/blogs.thesocialmedia.com\/leblogmoto\/\",\"name\":\"leblogmoto\",\"description\":\"Toute l&#039;actualit\u00e9 des 2 roues\",\"potentialAction\":[{\"@type\":\"SearchAction\",\"target\":{\"@type\":\"EntryPoint\",\"urlTemplate\":\"https:\/\/blogs.thesocialmedia.com\/leblogmoto\/?s={search_term_string}\"},\"query-input\":{\"@type\":\"PropertyValueSpecification\",\"valueRequired\":true,\"valueName\":\"search_term_string\"}}],\"inLanguage\":\"fr-FR\"},{\"@type\":\"Person\",\"@id\":\"https:\/\/blogs.thesocialmedia.com\/leblogmoto\/#\/schema\/person\/1a1dcfc7cec206573105eb4af91155c2\",\"name\":\"andre leconde\",\"image\":{\"@type\":\"ImageObject\",\"inLanguage\":\"fr-FR\",\"@id\":\"https:\/\/blogs.thesocialmedia.com\/leblogmoto\/#\/schema\/person\/image\/\",\"url\":\"https:\/\/secure.gravatar.com\/avatar\/?s=96&d=mm&r=g\",\"contentUrl\":\"https:\/\/secure.gravatar.com\/avatar\/?s=96&d=mm&r=g\",\"caption\":\"andre leconde\"},\"url\":\"https:\/\/blogs.thesocialmedia.com\/leblogmoto\/author\/andre-leconde\/\"}]}<\/script>\n<!-- \/ Yoast SEO plugin. -->","yoast_head_json":{"title":"PETIT \u00e9tait Grand. - leblogmoto.com","robots":{"index":"index","follow":"follow","max-snippet":"max-snippet:-1","max-image-preview":"max-image-preview:large","max-video-preview":"max-video-preview:-1"},"canonical":"https:\/\/blogs.thesocialmedia.com\/leblogmoto\/2006\/01\/14\/post-7\/","twitter_card":"summary_large_image","twitter_title":"PETIT \u00e9tait Grand. - leblogmoto.com","twitter_description":"Une figure de la moto fran\u00e7aise nous a quitt\u00e9 en ce d\u00e9but d&rsquo;ann\u00e9e. G\u00e9rard PETIT est parti laissant derri\u00e8re lui des pans entiers de l&rsquo;Histoire de la comp\u00e9tition au plus haut niveau. Bon pilote lui m\u00eame, le vainqueur de la coupe KAWASAKI 1979 s&rsquo;\u00e9tait ensuite lanc\u00e9 dans l&rsquo;aventure des Teams avec Scrab puis avec Olivier [&hellip;]","twitter_image":"http:\/\/www.leblogmoto.com\/images\/petit650z.jpg","twitter_misc":{"\u00c9crit par":"andre leconde","Dur\u00e9e de lecture estim\u00e9e":"1 minute"},"schema":{"@context":"https:\/\/schema.org","@graph":[{"@type":"WebPage","@id":"https:\/\/blogs.thesocialmedia.com\/leblogmoto\/2006\/01\/14\/post-7\/","url":"https:\/\/blogs.thesocialmedia.com\/leblogmoto\/2006\/01\/14\/post-7\/","name":"PETIT \u00e9tait Grand. - leblogmoto.com","isPartOf":{"@id":"https:\/\/blogs.thesocialmedia.com\/leblogmoto\/#website"},"primaryImageOfPage":{"@id":"https:\/\/blogs.thesocialmedia.com\/leblogmoto\/2006\/01\/14\/post-7\/#primaryimage"},"image":{"@id":"https:\/\/blogs.thesocialmedia.com\/leblogmoto\/2006\/01\/14\/post-7\/#primaryimage"},"thumbnailUrl":"http:\/\/www.leblogmoto.com\/images\/petit650z.jpg","datePublished":"2006-01-14T17:35:00+00:00","dateModified":"2012-07-11T14:14:25+00:00","author":{"@id":"https:\/\/blogs.thesocialmedia.com\/leblogmoto\/#\/schema\/person\/1a1dcfc7cec206573105eb4af91155c2"},"breadcrumb":{"@id":"https:\/\/blogs.thesocialmedia.com\/leblogmoto\/2006\/01\/14\/post-7\/#breadcrumb"},"inLanguage":"fr-FR","potentialAction":[{"@type":"ReadAction","target":["https:\/\/blogs.thesocialmedia.com\/leblogmoto\/2006\/01\/14\/post-7\/"]}]},{"@type":"ImageObject","inLanguage":"fr-FR","@id":"https:\/\/blogs.thesocialmedia.com\/leblogmoto\/2006\/01\/14\/post-7\/#primaryimage","url":"http:\/\/www.leblogmoto.com\/images\/petit650z.jpg","contentUrl":"http:\/\/www.leblogmoto.com\/images\/petit650z.jpg"},{"@type":"BreadcrumbList","@id":"https:\/\/blogs.thesocialmedia.com\/leblogmoto\/2006\/01\/14\/post-7\/#breadcrumb","itemListElement":[{"@type":"ListItem","position":1,"name":"Accueil","item":"https:\/\/blogs.thesocialmedia.com\/leblogmoto\/"},{"@type":"ListItem","position":2,"name":"PETIT \u00e9tait Grand."}]},{"@type":"WebSite","@id":"https:\/\/blogs.thesocialmedia.com\/leblogmoto\/#website","url":"https:\/\/blogs.thesocialmedia.com\/leblogmoto\/","name":"leblogmoto","description":"Toute l&#039;actualit\u00e9 des 2 roues","potentialAction":[{"@type":"SearchAction","target":{"@type":"EntryPoint","urlTemplate":"https:\/\/blogs.thesocialmedia.com\/leblogmoto\/?s={search_term_string}"},"query-input":{"@type":"PropertyValueSpecification","valueRequired":true,"valueName":"search_term_string"}}],"inLanguage":"fr-FR"},{"@type":"Person","@id":"https:\/\/blogs.thesocialmedia.com\/leblogmoto\/#\/schema\/person\/1a1dcfc7cec206573105eb4af91155c2","name":"andre leconde","image":{"@type":"ImageObject","inLanguage":"fr-FR","@id":"https:\/\/blogs.thesocialmedia.com\/leblogmoto\/#\/schema\/person\/image\/","url":"https:\/\/secure.gravatar.com\/avatar\/?s=96&d=mm&r=g","contentUrl":"https:\/\/secure.gravatar.com\/avatar\/?s=96&d=mm&r=g","caption":"andre leconde"},"url":"https:\/\/blogs.thesocialmedia.com\/leblogmoto\/author\/andre-leconde\/"}]}},"_links":{"self":[{"href":"https:\/\/blogs.thesocialmedia.com\/leblogmoto\/wp-json\/wp\/v2\/posts\/2108","targetHints":{"allow":["GET"]}}],"collection":[{"href":"https:\/\/blogs.thesocialmedia.com\/leblogmoto\/wp-json\/wp\/v2\/posts"}],"about":[{"href":"https:\/\/blogs.thesocialmedia.com\/leblogmoto\/wp-json\/wp\/v2\/types\/post"}],"author":[{"embeddable":true,"href":"https:\/\/blogs.thesocialmedia.com\/leblogmoto\/wp-json\/wp\/v2\/users\/336"}],"replies":[{"embeddable":true,"href":"https:\/\/blogs.thesocialmedia.com\/leblogmoto\/wp-json\/wp\/v2\/comments?post=2108"}],"version-history":[{"count":2,"href":"https:\/\/blogs.thesocialmedia.com\/leblogmoto\/wp-json\/wp\/v2\/posts\/2108\/revisions"}],"predecessor-version":[{"id":6971,"href":"https:\/\/blogs.thesocialmedia.com\/leblogmoto\/wp-json\/wp\/v2\/posts\/2108\/revisions\/6971"}],"wp:attachment":[{"href":"https:\/\/blogs.thesocialmedia.com\/leblogmoto\/wp-json\/wp\/v2\/media?parent=2108"}],"wp:term":[{"taxonomy":"category","embeddable":true,"href":"https:\/\/blogs.thesocialmedia.com\/leblogmoto\/wp-json\/wp\/v2\/categories?post=2108"},{"taxonomy":"post_tag","embeddable":true,"href":"https:\/\/blogs.thesocialmedia.com\/leblogmoto\/wp-json\/wp\/v2\/tags?post=2108"}],"curies":[{"name":"wp","href":"https:\/\/api.w.org\/{rel}","templated":true}]}}