{"id":2109,"date":"2006-01-14T14:05:00","date_gmt":"2006-01-14T14:05:00","guid":{"rendered":"http:\/\/blogs.thesocialmedia.com\/leblogmoto\/2006\/01\/14\/dakar-fretigne\/"},"modified":"2012-07-11T14:14:24","modified_gmt":"2012-07-11T14:14:24","slug":"dakar-fretigne","status":"publish","type":"post","link":"https:\/\/blogs.thesocialmedia.com\/leblogmoto\/2006\/01\/14\/dakar-fretigne\/","title":{"rendered":"DAKAR: FRETIGNE se met au diapason"},"content":{"rendered":"<p><a href=\"http:\/\/blogs.thesocialmedia.com\/leblogmoto\/files\/2012\/07\/fretigne.jpg\"><img loading=\"lazy\" decoding=\"async\" height=\"250\" alt=\"Fretigne\" src=\"http:\/\/www.leblogmoto.com\/images\/fretigne.jpg\" width=\"250\"  \/><\/a>Cette avant-derni\u00e8re \u00e9tape qui amenait les concurrents \u00e0 DAKAR pour le final de demain, a permis \u00e0 <a href=\"http:\/\/www.leblogmoto.com\/2006\/01\/en_avoir_deux_c.html\">YAMAHA<\/a> de remporter une \u00e9tape, privant ainsi KTM du grand chelem. <\/p>\n<p>C&rsquo;est la 2\u00b0victoire d&rsquo;une 450 apr\u00e8s celle de <a href=\"http:\/\/www.leblogmoto.com\/2006\/01\/dakar_duclos_fa.html\">DUCLOS<\/a> au MALI. C&rsquo;est <strong>David FRETIGNE<\/strong> qui a mis fin \u00e0 la s\u00e9rie autrichienne. Pour la marque aux diapasons, il \u00e9tait temps&#8230;<\/p>\n<p><a href=\"http:\/\/clabedan.typepad.com\/.shared\/image.html?\/photos\/uncategorized\/fretigne2.jpg\"><img loading=\"lazy\" decoding=\"async\" height=\"375\" alt=\"Fretigne2\" src=\"http:\/\/www.leblogmoto.com\/images\/fretigne2.jpg\" width=\"250\"  \/><\/a>Ces 254 kms de sp\u00e9ciale ont sans doute sonn\u00e9 le glas des espoirs de <a href=\"http:\/\/www.leblogmoto.com\/2005\/12\/cyril_despres_n.html\">DESPRES <\/a>qui, comme nombre d&rsquo;autres concurrents s&rsquo;est \u00e9gar\u00e9 sur les chemins aux multiples changements de direction. Il a accumul\u00e9 pr\u00e9s de <strong>45&prime; <\/strong>de retard qui s&rsquo;ajoute d\u00e9j\u00e0 \u00e0 son passif, portant cette fois l&rsquo;\u00e9cart \u00e0 <strong>1h13<\/strong>&#8230; En lisse pour la victoire hier soir, le voil\u00e0 heureux d&rsquo;\u00eatre encore simplement deuxi\u00e8me ce soir. <\/p>\n<p>Il ne reste qu&rsquo;une \u00e9tape pour que <strong>COMA<\/strong> soit sacr\u00e9. C&rsquo;est aussi pour l&rsquo;espagnol la derni\u00e8re opportunit\u00e9 de &quot;scratcher&quot; enfin une journ\u00e9e. La r\u00e9gularit\u00e9 a pay\u00e9&#8230;<\/p>\n","protected":false},"excerpt":{"rendered":"<p>Cette avant-derni\u00e8re \u00e9tape qui amenait les concurrents \u00e0 DAKAR pour le final de demain, a permis \u00e0 YAMAHA de remporter une \u00e9tape, privant ainsi KTM du grand chelem. C&rsquo;est la 2\u00b0victoire d&rsquo;une 450 apr\u00e8s celle de DUCLOS au MALI. C&rsquo;est David FRETIGNE qui a mis fin \u00e0 la s\u00e9rie autrichienne. Pour la marque aux diapasons, [&hellip;]<\/p>\n","protected":false},"author":336,"featured_media":0,"comment_status":"open","ping_status":"open","sticky":false,"template":"","format":"standard","meta":{"footnotes":""},"categories":[32],"tags":[],"class_list":["post-2109","post","type-post","status-publish","format-standard","hentry","category-sport-moto"],"yoast_head":"<!-- This site is optimized with the Yoast SEO plugin v26.0 - https:\/\/yoast.com\/wordpress\/plugins\/seo\/ -->\n<title>DAKAR: FRETIGNE se met au diapason - leblogmoto.com<\/title>\n<meta name=\"robots\" content=\"index, follow, max-snippet:-1, max-image-preview:large, max-video-preview:-1\" \/>\n<link rel=\"canonical\" href=\"https:\/\/blogs.thesocialmedia.com\/leblogmoto\/2006\/01\/14\/dakar-fretigne\/\" \/>\n<meta name=\"twitter:card\" content=\"summary_large_image\" \/>\n<meta name=\"twitter:title\" content=\"DAKAR: FRETIGNE se met au diapason - leblogmoto.com\" \/>\n<meta name=\"twitter:description\" content=\"Cette avant-derni\u00e8re \u00e9tape qui amenait les concurrents \u00e0 DAKAR pour le final de demain, a permis \u00e0 YAMAHA de remporter une \u00e9tape, privant ainsi KTM du grand chelem. C&rsquo;est la 2\u00b0victoire d&rsquo;une 450 apr\u00e8s celle de DUCLOS au MALI. C&rsquo;est David FRETIGNE qui a mis fin \u00e0 la s\u00e9rie autrichienne. Pour la marque aux diapasons, [&hellip;]\" \/>\n<meta name=\"twitter:image\" content=\"http:\/\/www.leblogmoto.com\/images\/fretigne.jpg\" \/>\n<meta name=\"twitter:label1\" content=\"\u00c9crit par\" \/>\n\t<meta name=\"twitter:data1\" content=\"andre leconde\" \/>\n\t<meta name=\"twitter:label2\" content=\"Dur\u00e9e de lecture estim\u00e9e\" \/>\n\t<meta name=\"twitter:data2\" content=\"1 minute\" \/>\n<script type=\"application\/ld+json\" class=\"yoast-schema-graph\">{\"@context\":\"https:\/\/schema.org\",\"@graph\":[{\"@type\":\"WebPage\",\"@id\":\"https:\/\/blogs.thesocialmedia.com\/leblogmoto\/2006\/01\/14\/dakar-fretigne\/\",\"url\":\"https:\/\/blogs.thesocialmedia.com\/leblogmoto\/2006\/01\/14\/dakar-fretigne\/\",\"name\":\"DAKAR: FRETIGNE se met au diapason - leblogmoto.com\",\"isPartOf\":{\"@id\":\"https:\/\/blogs.thesocialmedia.com\/leblogmoto\/#website\"},\"primaryImageOfPage\":{\"@id\":\"https:\/\/blogs.thesocialmedia.com\/leblogmoto\/2006\/01\/14\/dakar-fretigne\/#primaryimage\"},\"image\":{\"@id\":\"https:\/\/blogs.thesocialmedia.com\/leblogmoto\/2006\/01\/14\/dakar-fretigne\/#primaryimage\"},\"thumbnailUrl\":\"http:\/\/www.leblogmoto.com\/images\/fretigne.jpg\",\"datePublished\":\"2006-01-14T14:05:00+00:00\",\"dateModified\":\"2012-07-11T14:14:24+00:00\",\"author\":{\"@id\":\"https:\/\/blogs.thesocialmedia.com\/leblogmoto\/#\/schema\/person\/1a1dcfc7cec206573105eb4af91155c2\"},\"breadcrumb\":{\"@id\":\"https:\/\/blogs.thesocialmedia.com\/leblogmoto\/2006\/01\/14\/dakar-fretigne\/#breadcrumb\"},\"inLanguage\":\"fr-FR\",\"potentialAction\":[{\"@type\":\"ReadAction\",\"target\":[\"https:\/\/blogs.thesocialmedia.com\/leblogmoto\/2006\/01\/14\/dakar-fretigne\/\"]}]},{\"@type\":\"ImageObject\",\"inLanguage\":\"fr-FR\",\"@id\":\"https:\/\/blogs.thesocialmedia.com\/leblogmoto\/2006\/01\/14\/dakar-fretigne\/#primaryimage\",\"url\":\"http:\/\/www.leblogmoto.com\/images\/fretigne.jpg\",\"contentUrl\":\"http:\/\/www.leblogmoto.com\/images\/fretigne.jpg\"},{\"@type\":\"BreadcrumbList\",\"@id\":\"https:\/\/blogs.thesocialmedia.com\/leblogmoto\/2006\/01\/14\/dakar-fretigne\/#breadcrumb\",\"itemListElement\":[{\"@type\":\"ListItem\",\"position\":1,\"name\":\"Accueil\",\"item\":\"https:\/\/blogs.thesocialmedia.com\/leblogmoto\/\"},{\"@type\":\"ListItem\",\"position\":2,\"name\":\"DAKAR: FRETIGNE se met au diapason\"}]},{\"@type\":\"WebSite\",\"@id\":\"https:\/\/blogs.thesocialmedia.com\/leblogmoto\/#website\",\"url\":\"https:\/\/blogs.thesocialmedia.com\/leblogmoto\/\",\"name\":\"leblogmoto\",\"description\":\"Toute l&#039;actualit\u00e9 des 2 roues\",\"potentialAction\":[{\"@type\":\"SearchAction\",\"target\":{\"@type\":\"EntryPoint\",\"urlTemplate\":\"https:\/\/blogs.thesocialmedia.com\/leblogmoto\/?s={search_term_string}\"},\"query-input\":{\"@type\":\"PropertyValueSpecification\",\"valueRequired\":true,\"valueName\":\"search_term_string\"}}],\"inLanguage\":\"fr-FR\"},{\"@type\":\"Person\",\"@id\":\"https:\/\/blogs.thesocialmedia.com\/leblogmoto\/#\/schema\/person\/1a1dcfc7cec206573105eb4af91155c2\",\"name\":\"andre leconde\",\"image\":{\"@type\":\"ImageObject\",\"inLanguage\":\"fr-FR\",\"@id\":\"https:\/\/blogs.thesocialmedia.com\/leblogmoto\/#\/schema\/person\/image\/\",\"url\":\"https:\/\/secure.gravatar.com\/avatar\/?s=96&d=mm&r=g\",\"contentUrl\":\"https:\/\/secure.gravatar.com\/avatar\/?s=96&d=mm&r=g\",\"caption\":\"andre leconde\"},\"url\":\"https:\/\/blogs.thesocialmedia.com\/leblogmoto\/author\/andre-leconde\/\"}]}<\/script>\n<!-- \/ Yoast SEO plugin. -->","yoast_head_json":{"title":"DAKAR: FRETIGNE se met au diapason - leblogmoto.com","robots":{"index":"index","follow":"follow","max-snippet":"max-snippet:-1","max-image-preview":"max-image-preview:large","max-video-preview":"max-video-preview:-1"},"canonical":"https:\/\/blogs.thesocialmedia.com\/leblogmoto\/2006\/01\/14\/dakar-fretigne\/","twitter_card":"summary_large_image","twitter_title":"DAKAR: FRETIGNE se met au diapason - leblogmoto.com","twitter_description":"Cette avant-derni\u00e8re \u00e9tape qui amenait les concurrents \u00e0 DAKAR pour le final de demain, a permis \u00e0 YAMAHA de remporter une \u00e9tape, privant ainsi KTM du grand chelem. C&rsquo;est la 2\u00b0victoire d&rsquo;une 450 apr\u00e8s celle de DUCLOS au MALI. C&rsquo;est David FRETIGNE qui a mis fin \u00e0 la s\u00e9rie autrichienne. Pour la marque aux diapasons, [&hellip;]","twitter_image":"http:\/\/www.leblogmoto.com\/images\/fretigne.jpg","twitter_misc":{"\u00c9crit par":"andre leconde","Dur\u00e9e de lecture estim\u00e9e":"1 minute"},"schema":{"@context":"https:\/\/schema.org","@graph":[{"@type":"WebPage","@id":"https:\/\/blogs.thesocialmedia.com\/leblogmoto\/2006\/01\/14\/dakar-fretigne\/","url":"https:\/\/blogs.thesocialmedia.com\/leblogmoto\/2006\/01\/14\/dakar-fretigne\/","name":"DAKAR: FRETIGNE se met au diapason - leblogmoto.com","isPartOf":{"@id":"https:\/\/blogs.thesocialmedia.com\/leblogmoto\/#website"},"primaryImageOfPage":{"@id":"https:\/\/blogs.thesocialmedia.com\/leblogmoto\/2006\/01\/14\/dakar-fretigne\/#primaryimage"},"image":{"@id":"https:\/\/blogs.thesocialmedia.com\/leblogmoto\/2006\/01\/14\/dakar-fretigne\/#primaryimage"},"thumbnailUrl":"http:\/\/www.leblogmoto.com\/images\/fretigne.jpg","datePublished":"2006-01-14T14:05:00+00:00","dateModified":"2012-07-11T14:14:24+00:00","author":{"@id":"https:\/\/blogs.thesocialmedia.com\/leblogmoto\/#\/schema\/person\/1a1dcfc7cec206573105eb4af91155c2"},"breadcrumb":{"@id":"https:\/\/blogs.thesocialmedia.com\/leblogmoto\/2006\/01\/14\/dakar-fretigne\/#breadcrumb"},"inLanguage":"fr-FR","potentialAction":[{"@type":"ReadAction","target":["https:\/\/blogs.thesocialmedia.com\/leblogmoto\/2006\/01\/14\/dakar-fretigne\/"]}]},{"@type":"ImageObject","inLanguage":"fr-FR","@id":"https:\/\/blogs.thesocialmedia.com\/leblogmoto\/2006\/01\/14\/dakar-fretigne\/#primaryimage","url":"http:\/\/www.leblogmoto.com\/images\/fretigne.jpg","contentUrl":"http:\/\/www.leblogmoto.com\/images\/fretigne.jpg"},{"@type":"BreadcrumbList","@id":"https:\/\/blogs.thesocialmedia.com\/leblogmoto\/2006\/01\/14\/dakar-fretigne\/#breadcrumb","itemListElement":[{"@type":"ListItem","position":1,"name":"Accueil","item":"https:\/\/blogs.thesocialmedia.com\/leblogmoto\/"},{"@type":"ListItem","position":2,"name":"DAKAR: FRETIGNE se met au diapason"}]},{"@type":"WebSite","@id":"https:\/\/blogs.thesocialmedia.com\/leblogmoto\/#website","url":"https:\/\/blogs.thesocialmedia.com\/leblogmoto\/","name":"leblogmoto","description":"Toute l&#039;actualit\u00e9 des 2 roues","potentialAction":[{"@type":"SearchAction","target":{"@type":"EntryPoint","urlTemplate":"https:\/\/blogs.thesocialmedia.com\/leblogmoto\/?s={search_term_string}"},"query-input":{"@type":"PropertyValueSpecification","valueRequired":true,"valueName":"search_term_string"}}],"inLanguage":"fr-FR"},{"@type":"Person","@id":"https:\/\/blogs.thesocialmedia.com\/leblogmoto\/#\/schema\/person\/1a1dcfc7cec206573105eb4af91155c2","name":"andre leconde","image":{"@type":"ImageObject","inLanguage":"fr-FR","@id":"https:\/\/blogs.thesocialmedia.com\/leblogmoto\/#\/schema\/person\/image\/","url":"https:\/\/secure.gravatar.com\/avatar\/?s=96&d=mm&r=g","contentUrl":"https:\/\/secure.gravatar.com\/avatar\/?s=96&d=mm&r=g","caption":"andre leconde"},"url":"https:\/\/blogs.thesocialmedia.com\/leblogmoto\/author\/andre-leconde\/"}]}},"_links":{"self":[{"href":"https:\/\/blogs.thesocialmedia.com\/leblogmoto\/wp-json\/wp\/v2\/posts\/2109","targetHints":{"allow":["GET"]}}],"collection":[{"href":"https:\/\/blogs.thesocialmedia.com\/leblogmoto\/wp-json\/wp\/v2\/posts"}],"about":[{"href":"https:\/\/blogs.thesocialmedia.com\/leblogmoto\/wp-json\/wp\/v2\/types\/post"}],"author":[{"embeddable":true,"href":"https:\/\/blogs.thesocialmedia.com\/leblogmoto\/wp-json\/wp\/v2\/users\/336"}],"replies":[{"embeddable":true,"href":"https:\/\/blogs.thesocialmedia.com\/leblogmoto\/wp-json\/wp\/v2\/comments?post=2109"}],"version-history":[{"count":2,"href":"https:\/\/blogs.thesocialmedia.com\/leblogmoto\/wp-json\/wp\/v2\/posts\/2109\/revisions"}],"predecessor-version":[{"id":6969,"href":"https:\/\/blogs.thesocialmedia.com\/leblogmoto\/wp-json\/wp\/v2\/posts\/2109\/revisions\/6969"}],"wp:attachment":[{"href":"https:\/\/blogs.thesocialmedia.com\/leblogmoto\/wp-json\/wp\/v2\/media?parent=2109"}],"wp:term":[{"taxonomy":"category","embeddable":true,"href":"https:\/\/blogs.thesocialmedia.com\/leblogmoto\/wp-json\/wp\/v2\/categories?post=2109"},{"taxonomy":"post_tag","embeddable":true,"href":"https:\/\/blogs.thesocialmedia.com\/leblogmoto\/wp-json\/wp\/v2\/tags?post=2109"}],"curies":[{"name":"wp","href":"https:\/\/api.w.org\/{rel}","templated":true}]}}